{"id":20512,"date":"2016-04-13T22:50:17","date_gmt":"2016-04-13T21:50:17","guid":{"rendered":"http:\/\/www.moda.es\/blog\/?p=20512"},"modified":"2020-04-27T16:29:13","modified_gmt":"2020-04-27T15:29:13","slug":"conoce-la-nueva-linea-de-jason-wu","status":"publish","type":"post","link":"http:\/\/www.moda.es\/blog\/conoce-la-nueva-linea-de-jason-wu\/","title":{"rendered":"Conoce la nueva l\u00ednea de Jason Wu"},"content":{"rendered":"<p>Esta est\u00e1 siendo\u00a0una gran semana para <strong>Jason Wu.<\/strong> En primer lugar, se cas\u00f3 con su socio,<strong> Gustavo Rangel<\/strong> en <strong>M\u00e9xico<\/strong> el pasado fin de semana, y ahora se ha anunciado el lanzamiento de una nueva l\u00ednea de moda, que se situar\u00e1\u00a0bajo su marca ep\u00f3nima, llamada <strong>Grey\u00a0Jason Wu<\/strong>.<\/p>\n<p><a href=\"http:\/\/www.moda.es\/blog\/conoce-la-nueva-linea-de-jason-wu\/captura-de-pantalla-2016-04-13-a-las-23-14-06\/\" rel=\"attachment wp-att-20513\"><img data-attachment-id=\"20513\" data-permalink=\"http:\/\/www.moda.es\/blog\/conoce-la-nueva-linea-de-jason-wu\/captura-de-pantalla-2016-04-13-a-las-23-14-06\/\" data-orig-file=\"https:\/\/i0.wp.com\/www.moda.es\/blog\/wp-content\/uploads\/2016\/04\/Captura-de-pantalla-2016-04-13-a-las-23.14.06.png?fit=306%2C391\" data-orig-size=\"306,391\" data-comments-opened=\"1\" data-image-meta=\"{&quot;aperture&quot;:&quot;0&quot;,&quot;credit&quot;:&quot;&quot;,&quot;camera&quot;:&quot;&quot;,&quot;caption&quot;:&quot;&quot;,&quot;created_timestamp&quot;:&quot;0&quot;,&quot;copyright&quot;:&quot;&quot;,&quot;focal_length&quot;:&quot;0&quot;,&quot;iso&quot;:&quot;0&quot;,&quot;shutter_speed&quot;:&quot;0&quot;,&quot;title&quot;:&quot;&quot;,&quot;orientation&quot;:&quot;0&quot;}\" data-image-title=\"Captura de pantalla 2016-04-13 a las 23.14.06\" data-image-description=\"\" data-image-caption=\"\" data-medium-file=\"https:\/\/i0.wp.com\/www.moda.es\/blog\/wp-content\/uploads\/2016\/04\/Captura-de-pantalla-2016-04-13-a-las-23.14.06.png?fit=235%2C300\" data-large-file=\"https:\/\/i0.wp.com\/www.moda.es\/blog\/wp-content\/uploads\/2016\/04\/Captura-de-pantalla-2016-04-13-a-las-23.14.06.png?fit=306%2C391\" loading=\"lazy\" class=\"aligncenter size-medium wp-image-20513\" src=\"https:\/\/i0.wp.com\/www.moda.es\/blog\/wp-content\/uploads\/2016\/04\/Captura-de-pantalla-2016-04-13-a-las-23.14.06.png?resize=235%2C300\" alt=\"Captura de pantalla 2016-04-13 a las 23.14.06\" width=\"235\" height=\"300\" srcset=\"https:\/\/i0.wp.com\/www.moda.es\/blog\/wp-content\/uploads\/2016\/04\/Captura-de-pantalla-2016-04-13-a-las-23.14.06.png?resize=235%2C300 235w, https:\/\/i0.wp.com\/www.moda.es\/blog\/wp-content\/uploads\/2016\/04\/Captura-de-pantalla-2016-04-13-a-las-23.14.06.png?w=306 306w\" sizes=\"(max-width: 235px) 100vw, 235px\" data-recalc-dims=\"1\" \/><\/a><\/p>\n<p>El dise\u00f1ador\u00a0neoyorquino\u00a0comparti\u00f3 la noticia con sus seguidores en <strong>Instagram<\/strong>\u00a0ayer por la ma\u00f1ana del martes, dici\u00e9ndoles: \u00abPresentamos\u00a0#GREYJasonWu, una nueva marca\u00a0 que he creado que<strong> ha estado en secreto durante los \u00faltimos 12 meses<\/strong> y que estamos muy emocionados de compartir finalmente con todo el mundo, m\u00e1s informaci\u00f3n\u00a0pronto!\u00bb<\/p>\n<p><a href=\"http:\/\/www.moda.es\/blog\/conoce-la-nueva-linea-de-jason-wu\/captura-de-pantalla-2016-04-13-a-las-23-14-26\/\" rel=\"attachment wp-att-20514\"><img data-attachment-id=\"20514\" data-permalink=\"http:\/\/www.moda.es\/blog\/conoce-la-nueva-linea-de-jason-wu\/captura-de-pantalla-2016-04-13-a-las-23-14-26\/\" data-orig-file=\"https:\/\/i0.wp.com\/www.moda.es\/blog\/wp-content\/uploads\/2016\/04\/Captura-de-pantalla-2016-04-13-a-las-23.14.26.png?fit=454%2C493\" data-orig-size=\"454,493\" data-comments-opened=\"1\" data-image-meta=\"{&quot;aperture&quot;:&quot;0&quot;,&quot;credit&quot;:&quot;&quot;,&quot;camera&quot;:&quot;&quot;,&quot;caption&quot;:&quot;&quot;,&quot;created_timestamp&quot;:&quot;0&quot;,&quot;copyright&quot;:&quot;&quot;,&quot;focal_length&quot;:&quot;0&quot;,&quot;iso&quot;:&quot;0&quot;,&quot;shutter_speed&quot;:&quot;0&quot;,&quot;title&quot;:&quot;&quot;,&quot;orientation&quot;:&quot;0&quot;}\" data-image-title=\"Captura de pantalla 2016-04-13 a las 23.14.26\" data-image-description=\"\" data-image-caption=\"\" data-medium-file=\"https:\/\/i0.wp.com\/www.moda.es\/blog\/wp-content\/uploads\/2016\/04\/Captura-de-pantalla-2016-04-13-a-las-23.14.26.png?fit=276%2C300\" data-large-file=\"https:\/\/i0.wp.com\/www.moda.es\/blog\/wp-content\/uploads\/2016\/04\/Captura-de-pantalla-2016-04-13-a-las-23.14.26.png?fit=454%2C493\" loading=\"lazy\" class=\"aligncenter size-medium wp-image-20514\" src=\"https:\/\/i0.wp.com\/www.moda.es\/blog\/wp-content\/uploads\/2016\/04\/Captura-de-pantalla-2016-04-13-a-las-23.14.26.png?resize=276%2C300\" alt=\"Captura de pantalla 2016-04-13 a las 23.14.26\" width=\"276\" height=\"300\" srcset=\"https:\/\/i0.wp.com\/www.moda.es\/blog\/wp-content\/uploads\/2016\/04\/Captura-de-pantalla-2016-04-13-a-las-23.14.26.png?resize=276%2C300 276w, https:\/\/i0.wp.com\/www.moda.es\/blog\/wp-content\/uploads\/2016\/04\/Captura-de-pantalla-2016-04-13-a-las-23.14.26.png?resize=420%2C456 420w, https:\/\/i0.wp.com\/www.moda.es\/blog\/wp-content\/uploads\/2016\/04\/Captura-de-pantalla-2016-04-13-a-las-23.14.26.png?w=454 454w\" sizes=\"(max-width: 276px) 100vw, 276px\" data-recalc-dims=\"1\" \/><\/a><br \/>\nLa nueva l\u00ednea,\u00a0que\u00a0ser\u00e1 algo m\u00e1s econ\u00f3mica\u00a0que\u00a0la l\u00ednea principal del dise\u00f1ador, tiene precios que oscilan <strong>entre los 300 y los 1.400 euros<\/strong>\u00a0y se pondr\u00e1 en marcha\u00a0desde esta misma\u00a0primavera 2016, seg\u00fan ha informado WWD, y estar\u00e1 disponible en tiendas seleccionadas\u00a0a partir de <strong>junio.<\/strong> El dise\u00f1ador dio a sus fans un adelanto de lo que podr\u00e1n\u00a0esperar en la nueva cuenta de Instagram de la marca, compartiendo bocetos y ls claves de su inspiraci\u00f3n:\u00a0\u00abA menudo miro a mis amigos en busca de inspiraci\u00f3n y he creado esta colecci\u00f3n para las mujeres que buscan ropa muy bien hecha y estudiada que tienen un concepto de la <strong>elegancia sin complicaciones<\/strong> que se adapte a su vida cotidiana\u00bb, ha declarado.<\/p>\n<p>En dos meses podremos conocer toda la colecci\u00f3n.<\/p>\n<p>@Jason Wu \/ Instagram<\/p>\n<p>&nbsp;                             <\/p>\n","protected":false},"excerpt":{"rendered":"<p>Esta est\u00e1 siendo\u00a0una gran semana para Jason Wu. En primer lugar, se cas\u00f3 con su socio, Gustavo Rangel en M\u00e9xico el pasado fin de semana, y ahora se ha anunciado el lanzamiento de una nueva l\u00ednea de moda, que se situar\u00e1\u00a0bajo su marca ep\u00f3nima, llamada Grey\u00a0Jason Wu. El dise\u00f1ador\u00a0neoyorquino\u00a0comparti\u00f3 la [&hellip;]<\/p>\n","protected":false},"author":3,"featured_media":20513,"comment_status":"open","ping_status":"open","sticky":false,"template":"","format":"standard","meta":{"jetpack_publicize_message":"","jetpack_is_tweetstorm":false,"jetpack_publicize_feature_enabled":true},"categories":[3,10,11,12,14],"tags":[421],"jetpack_publicize_connections":[],"jetpack_featured_media_url":"https:\/\/i0.wp.com\/www.moda.es\/blog\/wp-content\/uploads\/2016\/04\/Captura-de-pantalla-2016-04-13-a-las-23.14.06.png?fit=306%2C391","jetpack_sharing_enabled":true,"jetpack_shortlink":"https:\/\/wp.me\/p4tJCC-5kQ","jetpack-related-posts":[{"id":22469,"url":"http:\/\/www.moda.es\/blog\/jason-wu-presenta-su-primera-fragancia-femenina\/","url_meta":{"origin":20512,"position":0},"title":"Jason Wu presenta su primera fragancia femenina","date":"agosto 19, 2017","format":false,"excerpt":"Al crecer en Taiw\u00e1n, Jason Wu sol\u00eda recoger jazm\u00edn del jard\u00edn de su vecino. Veinte a\u00f1os m\u00e1s tarde, este olor tan personal forma la base de su primera fragancia, Jason Wu. Creada en colaboraci\u00f3n con el perfumista Frank Voelkl de Firmenich -que es responsable de muchos de los olores m\u00e1s\u2026","rel":"","context":"En \u00abBelleza\u00bb","img":{"alt_text":"","src":"https:\/\/i0.wp.com\/www.moda.es\/blog\/wp-content\/uploads\/2017\/08\/jason-wu-fragrance.jpg?fit=960%2C960&resize=350%2C200","width":350,"height":200},"classes":[]},{"id":12992,"url":"http:\/\/www.moda.es\/blog\/unos-vienen-y-otros-van\/","url_meta":{"origin":20512,"position":1},"title":"Unos vienen y otros van","date":"junio 10, 2013","format":false,"excerpt":"Los vaivenes de la moda son imprevisibles y hoy lo hemos visto. Una partida y una llegada han sido las grandes noticias de hoy. La partida, quiz\u00e1s lo que menos nos ha sorprendido, ha venido de la mano de Mulberry. Emma Hill abandona la marca alegando \"desacuerdos con la administraci\u00f3n\u2026","rel":"","context":"En \u00abAccesorios\u00bb","img":{"alt_text":"","src":"https:\/\/i0.wp.com\/www.moda.es\/blog\/wp-content\/uploads\/2013\/06\/Emma-Hill1.jpg?fit=400%2C655&resize=350%2C200","width":350,"height":200},"classes":[]},{"id":15929,"url":"http:\/\/www.moda.es\/blog\/nuevos-estrenos\/","url_meta":{"origin":20512,"position":2},"title":"Nuevos estrenos&#8230;","date":"febrero 14, 2014","format":false,"excerpt":"Hace unos d\u00edas asist\u00edamos al debut de Stuart Vevers en Coach y hoy toca revisar la primera colecci\u00f3n de Jason Wu para Hugo Boss. En el front row no faltaron todas las amigas del creador que quisieron apoyar su estreno: Diane Kruger, Gwyneth Paltrow (imagen del perfume de la marca)\u2026","rel":"","context":"En \u00abDestacados\u00bb","img":{"alt_text":"","src":"https:\/\/i0.wp.com\/www.moda.es\/blog\/wp-content\/uploads\/2014\/02\/Boss-31.jpg?fit=500%2C727&resize=350%2C200","width":350,"height":200},"classes":[]},{"id":5467,"url":"http:\/\/www.moda.es\/blog\/donde-reside-el-talento-jason-wu\/","url_meta":{"origin":20512,"position":3},"title":"Donde reside el talento: Jason Wu","date":"febrero 9, 2012","format":false,"excerpt":"En 2006, debut\u00f3 con su primera colecci\u00f3n, bajo el nombre de su propia marca, y en tan s\u00f3lo dos a\u00f1os el premio del\u00a0Fashion Group International's Rising Star y fue nominado al galard\u00f3n de la Fundaci\u00f3n de Moda de Vogue. \u00bfSuerte? No, Jason Wu es un talento que ha trabajado mucho\u2026","rel":"","context":"En \u00abDise\u00f1adores\u00bb","img":{"alt_text":"","src":"https:\/\/i0.wp.com\/www.moda.es\/blog\/wp-content\/uploads\/2012\/02\/Vogue-Latin-America_February-2012-600x671-e13288246941481.jpg?fit=447%2C500&resize=350%2C200","width":350,"height":200},"classes":[]},{"id":18387,"url":"http:\/\/www.moda.es\/blog\/diane-kruger-para-jason-wu\/","url_meta":{"origin":20512,"position":4},"title":"Diane Kruger para Jason Wu","date":"octubre 13, 2014","format":false,"excerpt":"La actriz Diane Kruger se ha lanzado por primera vez al dise\u00f1o con la creaci\u00f3n de un bolso de mano en colaboraci\u00f3n con Jason Wu. Y si tenemos en cuenta su impecable sentido de la est\u00e9tica y su constante aparici\u00f3n en las listas de las mejor vestidas de cualquier evento,\u2026","rel":"","context":"En \u00abAccesorios\u00bb","img":{"alt_text":"","src":"https:\/\/i0.wp.com\/www.moda.es\/blog\/wp-content\/uploads\/2014\/10\/jwdb.jpg?fit=650%2C650&resize=350%2C200","width":350,"height":200},"classes":[]},{"id":11569,"url":"http:\/\/www.moda.es\/blog\/life-in-plastic-is-fantastic\/","url_meta":{"origin":20512,"position":5},"title":"Life in plastic is fantastic","date":"marzo 18, 2013","format":false,"excerpt":"Hace un par de semana te contaba el \u00faltimo proyecto de Karl Lagerfeld, su colecci\u00f3n c\u00e1psula para la firma brasile\u00f1a Melissa. Hoy al fin tenemos el resultado final de aquello bocetos, y su campa\u00f1a de presentaci\u00f3n con la chica del momento, Cara Delevingne. No contento con esta colaboraci\u00f3n tan revolucionaria\u2026","rel":"","context":"En \u00abDise\u00f1adores\u00bb","img":{"alt_text":"","src":"https:\/\/i0.wp.com\/www.moda.es\/blog\/wp-content\/uploads\/2013\/03\/Karl-Lagerfeld-para-Melissa-311.jpg?fit=400%2C301&resize=350%2C200","width":350,"height":200},"classes":[]}],"_links":{"self":[{"href":"http:\/\/www.moda.es\/blog\/wp-json\/wp\/v2\/posts\/20512"}],"collection":[{"href":"http:\/\/www.moda.es\/blog\/wp-json\/wp\/v2\/posts"}],"about":[{"href":"http:\/\/www.moda.es\/blog\/wp-json\/wp\/v2\/types\/post"}],"author":[{"embeddable":true,"href":"http:\/\/www.moda.es\/blog\/wp-json\/wp\/v2\/users\/3"}],"replies":[{"embeddable":true,"href":"http:\/\/www.moda.es\/blog\/wp-json\/wp\/v2\/comments?post=20512"}],"version-history":[{"count":7,"href":"http:\/\/www.moda.es\/blog\/wp-json\/wp\/v2\/posts\/20512\/revisions"}],"predecessor-version":[{"id":35954,"href":"http:\/\/www.moda.es\/blog\/wp-json\/wp\/v2\/posts\/20512\/revisions\/35954"}],"wp:featuredmedia":[{"embeddable":true,"href":"http:\/\/www.moda.es\/blog\/wp-json\/wp\/v2\/media\/20513"}],"wp:attachment":[{"href":"http:\/\/www.moda.es\/blog\/wp-json\/wp\/v2\/media?parent=20512"}],"wp:term":[{"taxonomy":"category","embeddable":true,"href":"http:\/\/www.moda.es\/blog\/wp-json\/wp\/v2\/categories?post=20512"},{"taxonomy":"post_tag","embeddable":true,"href":"http:\/\/www.moda.es\/blog\/wp-json\/wp\/v2\/tags?post=20512"}],"curies":[{"name":"wp","href":"https:\/\/api.w.org\/{rel}","templated":true}]}}