{"id":20465,"date":"2016-03-23T00:45:06","date_gmt":"2016-03-22T23:45:06","guid":{"rendered":"http:\/\/www.moda.es\/blog\/?p=20465"},"modified":"2020-04-27T16:30:46","modified_gmt":"2020-04-27T15:30:46","slug":"giorgio-armani-no-volvera-a-usar-pieles","status":"publish","type":"post","link":"http:\/\/www.moda.es\/blog\/giorgio-armani-no-volvera-a-usar-pieles\/","title":{"rendered":"Giorgio Armani no volver\u00e1 a usar pieles"},"content":{"rendered":"<p><strong>Giorgio Armani<\/strong> ha confirmado su intenci\u00f3n de no usar m\u00e1s pieles en ninguna\u00a0de sus colecciones de moda a partir de la temporada<strong> oto\u00f1o \/ invierno<\/strong>\u00a0<strong>2016.<\/strong><\/p>\n<p><a href=\"http:\/\/www.moda.es\/blog\/giorgio-armani-no-volvera-a-usar-pieles\/captura-de-pantalla-2016-03-22-a-las-23-34-40\/\" rel=\"attachment wp-att-20466\"><img data-attachment-id=\"20466\" data-permalink=\"http:\/\/www.moda.es\/blog\/giorgio-armani-no-volvera-a-usar-pieles\/captura-de-pantalla-2016-03-22-a-las-23-34-40\/\" data-orig-file=\"https:\/\/i0.wp.com\/www.moda.es\/blog\/wp-content\/uploads\/2016\/03\/Captura-de-pantalla-2016-03-22-a-las-23.34.40.png?fit=313%2C464\" data-orig-size=\"313,464\" data-comments-opened=\"1\" data-image-meta=\"{&quot;aperture&quot;:&quot;0&quot;,&quot;credit&quot;:&quot;&quot;,&quot;camera&quot;:&quot;&quot;,&quot;caption&quot;:&quot;&quot;,&quot;created_timestamp&quot;:&quot;0&quot;,&quot;copyright&quot;:&quot;&quot;,&quot;focal_length&quot;:&quot;0&quot;,&quot;iso&quot;:&quot;0&quot;,&quot;shutter_speed&quot;:&quot;0&quot;,&quot;title&quot;:&quot;&quot;,&quot;orientation&quot;:&quot;0&quot;}\" data-image-title=\"Captura de pantalla 2016-03-22 a las 23.34.40\" data-image-description=\"\" data-image-caption=\"\" data-medium-file=\"https:\/\/i0.wp.com\/www.moda.es\/blog\/wp-content\/uploads\/2016\/03\/Captura-de-pantalla-2016-03-22-a-las-23.34.40.png?fit=202%2C300\" data-large-file=\"https:\/\/i0.wp.com\/www.moda.es\/blog\/wp-content\/uploads\/2016\/03\/Captura-de-pantalla-2016-03-22-a-las-23.34.40.png?fit=313%2C464\" loading=\"lazy\" class=\"aligncenter size-medium wp-image-20466\" src=\"https:\/\/i0.wp.com\/www.moda.es\/blog\/wp-content\/uploads\/2016\/03\/Captura-de-pantalla-2016-03-22-a-las-23.34.40.png?resize=202%2C300\" alt=\"Captura de pantalla 2016-03-22 a las 23.34.40\" width=\"202\" height=\"300\" srcset=\"https:\/\/i0.wp.com\/www.moda.es\/blog\/wp-content\/uploads\/2016\/03\/Captura-de-pantalla-2016-03-22-a-las-23.34.40.png?resize=202%2C300 202w, https:\/\/i0.wp.com\/www.moda.es\/blog\/wp-content\/uploads\/2016\/03\/Captura-de-pantalla-2016-03-22-a-las-23.34.40.png?w=313 313w\" sizes=\"(max-width: 202px) 100vw, 202px\" data-recalc-dims=\"1\" \/><\/a><\/p>\n<p>\u00abMe complace anunciar que el Grupo Armani ha hecho una apuesta decidida por la <strong>abolici\u00f3n del uso de pieles de animales en sus colecciones<\/strong>\u00ab, dijo Armani en un comunicado. \u00abEl progreso tecnol\u00f3gico realizado en los \u00faltimos a\u00f1os nos permite tener a nuestra disposici\u00f3n <strong>alternativas v\u00e1lidas<\/strong> que hacen que el uso de pr\u00e1cticas crueles sea innecesario, ya que se refiere a los animales. Siguiendo el proceso llevado a cabo hace mucho tiempo, mi compa\u00f1\u00eda ahora est\u00e1 dando un gran paso adelante, lo que refleja nuestra atenci\u00f3n a los temas cr\u00edticos de la protecci\u00f3n y el cuidado del medio ambiente y los animales \u00ab.<br \/>\nLos anuncios sobre la decisi\u00f3n de\u00a0<strong>Respect for Animals<\/strong> y\u00a0 <strong>Humane Society\u00a0<\/strong>esta ma\u00f1ana precedi\u00f3 al anuncio oficial de la marca en s\u00ed, que emiti\u00f3 un comunicado esta tarde. La marca dice que se han comprometido a la nueva pol\u00edtica en sus colecciones <strong>Giorgio Armani, Armani Priv\u00e9<\/strong>, y <strong>Emporio Armani<\/strong> despu\u00e9s de trabajar con\u00a0<strong>Fur<\/strong> <strong>Free Alliancee<\/strong> que comprende m\u00e1s de 40 organizaciones de protecci\u00f3n animal\u00a0y que han apostado por\u00a0poner fin al comercio de pieles.<br \/>\n\u00abEl anuncio libre de pieles de Armani deja claro que los dise\u00f1adores y los consumidores pueden tener libertad creativa y lujo sin apoyar la crueldad animal\u00bb, dijo<strong> Joh Vinding<\/strong>, presidente de la Fur Free Alliance, esta ma\u00f1ana. \u00abEl\u00a0se\u00f1or\u00a0Armani ha sido un creador de tendencias en el mundo de la moda desde hace d\u00e9cadas y este \u00faltimo anuncio es una prueba de que la compasi\u00f3n y la innovaci\u00f3n son el futuro de la moda.\u00bb<\/p>\n<p>&nbsp;<\/p>\n<p>&nbsp;<\/p>\n<p>\u00a9Vogue UK                             <\/p>\n","protected":false},"excerpt":{"rendered":"<p>Giorgio Armani ha confirmado su intenci\u00f3n de no usar m\u00e1s pieles en ninguna\u00a0de sus colecciones de moda a partir de la temporada oto\u00f1o \/ invierno\u00a02016. \u00abMe complace anunciar que el Grupo Armani ha hecho una apuesta decidida por la abolici\u00f3n del uso de pieles de animales en sus colecciones\u00ab, dijo [&hellip;]<\/p>\n","protected":false},"author":3,"featured_media":20466,"comment_status":"open","ping_status":"open","sticky":false,"template":"","format":"standard","meta":{"jetpack_publicize_message":"","jetpack_is_tweetstorm":false,"jetpack_publicize_feature_enabled":true},"categories":[3,11],"tags":[],"jetpack_publicize_connections":[],"jetpack_featured_media_url":"https:\/\/i0.wp.com\/www.moda.es\/blog\/wp-content\/uploads\/2016\/03\/Captura-de-pantalla-2016-03-22-a-las-23.34.40.png?fit=313%2C464","jetpack_sharing_enabled":true,"jetpack_shortlink":"https:\/\/wp.me\/p4tJCC-5k5","jetpack-related-posts":[{"id":22632,"url":"http:\/\/www.moda.es\/blog\/gucci-se-declara-en-contra-de-las-pieles\/","url_meta":{"origin":20465,"position":0},"title":"Gucci se declara en contra de las pieles","date":"octubre 15, 2017","format":false,"excerpt":"Sujeta tus mocasines de Gucci forrados de piel (si a\u00fan los tienes): la marca de lujo italiana es la \u00faltima compa\u00f1\u00eda que anuncia el compromiso de no usar pieles. El CEO de Gucci, Marco Bizarri, hizo el anuncio durante la Kering Talk 2017 en The London College of Fashion, y\u2026","rel":"","context":"En \u00abActualidad\u00bb","img":{"alt_text":"","src":"https:\/\/i0.wp.com\/www.moda.es\/blog\/wp-content\/uploads\/2017\/10\/gucci.jpg?fit=640%2C961&resize=350%2C200","width":350,"height":200},"classes":[]},{"id":22212,"url":"http:\/\/www.moda.es\/blog\/armani-busca-equipo\/","url_meta":{"origin":20465,"position":1},"title":"Armani busca equipo","date":"junio 7, 2017","format":false,"excerpt":"Giorgio Armani\u00a0ha anunciado que se ha asociado con el BFC para lanzar un concurso para encontrar el talento de moda m\u00e1s brillante que ohaya el Reino Unido, y\u00a0crear una colecci\u00f3n c\u00e1psula para su l\u00ednea Primavera \/ Verano 2018 de Emporio Armani. Se invita a los estudiantes que asisten a las\u2026","rel":"","context":"En \u00abActualidad\u00bb","img":{"alt_text":"","src":"https:\/\/i0.wp.com\/www.moda.es\/blog\/wp-content\/uploads\/2017\/06\/Captura-de-pantalla-2017-06-07-a-las-23.00.36.png?fit=358%2C480&resize=350%2C200","width":350,"height":200},"classes":[]},{"id":22208,"url":"http:\/\/www.moda.es\/blog\/la-conciencia-eco-de-yoox-net-a-porter\/","url_meta":{"origin":20465,"position":2},"title":"La conciencia eco de Yoox Net-A-Porter","date":"junio 6, 2017","format":false,"excerpt":"El Grupo Yoox Net-a-Porter -conocido como YNAP desde la fusi\u00f3n en 2015- ha anunciado que ya no vender\u00e1 pieles en ninguna de sus plataformas de comercio electr\u00f3nico, incluyendo Net-A-Porter, Porter, The Outnet y Yoox . \"El grupo inici\u00f3 su camino hacia la creaci\u00f3n de un futuro sostenible en 2009 con\u2026","rel":"","context":"En \u00abActualidad\u00bb","img":{"alt_text":"","src":"https:\/\/i0.wp.com\/www.moda.es\/blog\/wp-content\/uploads\/2017\/06\/Captura-de-pantalla-2017-06-06-a-las-23.26.36.png?fit=364%2C549&resize=350%2C200","width":350,"height":200},"classes":[]},{"id":20907,"url":"http:\/\/www.moda.es\/blog\/armani-se-muda-a-paris\/","url_meta":{"origin":20465,"position":3},"title":"Armani se muda a Par\u00eds&#8230;","date":"julio 29, 2016","format":false,"excerpt":"O al menos lo har\u00e1 su pr\u00f3ximo desfile. Giorgio Armani ha decidido mover el desfile de\u00a0la colecci\u00f3n de\u00a0Emporio Armani\u00a0primavera - \u00a0verano 2017\u00a0a Par\u00eds este mes de octubre, en lugar de desfilar en Mil\u00e1n, como de costumbre. El legendario dise\u00f1ador italiano se dice que ha tomado la decisi\u00f3n de este traslado\u2026","rel":"","context":"En \u00abActualidad\u00bb","img":{"alt_text":"","src":"https:\/\/i0.wp.com\/www.moda.es\/blog\/wp-content\/uploads\/2016\/07\/Captura-de-pantalla-2016-07-29-a-las-11.22.49.png?fit=700%2C395&resize=350%2C200","width":350,"height":200},"classes":[]},{"id":13524,"url":"http:\/\/www.moda.es\/blog\/giorgio-armani-apuesta-por-stella-jean\/","url_meta":{"origin":20465,"position":4},"title":"Giorgio Armani apuesta por Stella Jean","date":"julio 30, 2013","format":false,"excerpt":"\u00a0 Que Amani en persona seleccione tu marca, alabe tu trabajo y ceda su Teatro Armani para celebrar un desfile de moda con tu colecci\u00f3n, aparte de ser una incre\u00edble inyecci\u00f3n de felicidad es se\u00f1al de que si algo te sobra, es talento. Giorgio Armani ha pedido a su compatriota\u2026","rel":"","context":"En \u00abActualidad\u00bb","img":{"alt_text":"","src":"https:\/\/i0.wp.com\/www.moda.es\/blog\/wp-content\/uploads\/2013\/07\/Stella-Jean-3.jpg?fit=300%2C450&resize=350%2C200","width":350,"height":200},"classes":[]},{"id":12950,"url":"http:\/\/www.moda.es\/blog\/armani-apoya-a-los-nuevos-disenadores-italianos\/","url_meta":{"origin":20465,"position":5},"title":"Armani apoya a los nuevos dise\u00f1adores italianos","date":"junio 6, 2013","format":false,"excerpt":"\u00a0 \u00a0 Giorgio Armani abrir\u00e1 su pasarela de Mil\u00e1n a los dise\u00f1adores italianos emergentes, empezando durante la Semana de la Moda Masculina de Mil\u00e1n a finales de este mes. El primer dise\u00f1ador que formar\u00e1 parte de la nueva iniciativa de Armani es Andrea Pompilio, que ser\u00e1 un escaparate de su\u2026","rel":"","context":"En \u00abDestacados\u00bb","img":{"alt_text":"","src":"https:\/\/i0.wp.com\/www.moda.es\/blog\/wp-content\/uploads\/2013\/06\/Armani1.jpg?fit=400%2C600&resize=350%2C200","width":350,"height":200},"classes":[]}],"_links":{"self":[{"href":"http:\/\/www.moda.es\/blog\/wp-json\/wp\/v2\/posts\/20465"}],"collection":[{"href":"http:\/\/www.moda.es\/blog\/wp-json\/wp\/v2\/posts"}],"about":[{"href":"http:\/\/www.moda.es\/blog\/wp-json\/wp\/v2\/types\/post"}],"author":[{"embeddable":true,"href":"http:\/\/www.moda.es\/blog\/wp-json\/wp\/v2\/users\/3"}],"replies":[{"embeddable":true,"href":"http:\/\/www.moda.es\/blog\/wp-json\/wp\/v2\/comments?post=20465"}],"version-history":[{"count":7,"href":"http:\/\/www.moda.es\/blog\/wp-json\/wp\/v2\/posts\/20465\/revisions"}],"predecessor-version":[{"id":35964,"href":"http:\/\/www.moda.es\/blog\/wp-json\/wp\/v2\/posts\/20465\/revisions\/35964"}],"wp:featuredmedia":[{"embeddable":true,"href":"http:\/\/www.moda.es\/blog\/wp-json\/wp\/v2\/media\/20466"}],"wp:attachment":[{"href":"http:\/\/www.moda.es\/blog\/wp-json\/wp\/v2\/media?parent=20465"}],"wp:term":[{"taxonomy":"category","embeddable":true,"href":"http:\/\/www.moda.es\/blog\/wp-json\/wp\/v2\/categories?post=20465"},{"taxonomy":"post_tag","embeddable":true,"href":"http:\/\/www.moda.es\/blog\/wp-json\/wp\/v2\/tags?post=20465"}],"curies":[{"name":"wp","href":"https:\/\/api.w.org\/{rel}","templated":true}]}}