{"id":20393,"date":"2016-03-10T00:44:27","date_gmt":"2016-03-09T23:44:27","guid":{"rendered":"http:\/\/www.moda.es\/blog\/?p=20393"},"modified":"2020-04-27T16:32:03","modified_gmt":"2020-04-27T15:32:03","slug":"camille-seydoux-disena-para-roger-vivier","status":"publish","type":"post","link":"http:\/\/www.moda.es\/blog\/camille-seydoux-disena-para-roger-vivier\/","title":{"rendered":"Camille Seydoux dise\u00f1a para Roger Vivier"},"content":{"rendered":"<p>Porque no s\u00f3lo de pan vive el hombre, no s\u00f3lo con celebrities se asocian las marcas de lujo hoy. Qu\u00e9 mejor alternativa que contar tambi\u00e9n con las estilistas de las famosas que, a fin de cuentas, son las que dibujan el look que luego todas queremos copiar.<\/p>\n<p><a href=\"http:\/\/www.moda.es\/blog\/camille-seydoux-disena-para-roger-vivier\/captura-de-pantalla-2016-03-10-a-las-0-23-51\/\" rel=\"attachment wp-att-20394\"><img data-attachment-id=\"20394\" data-permalink=\"http:\/\/www.moda.es\/blog\/camille-seydoux-disena-para-roger-vivier\/captura-de-pantalla-2016-03-10-a-las-0-23-51\/\" data-orig-file=\"https:\/\/i0.wp.com\/www.moda.es\/blog\/wp-content\/uploads\/2016\/03\/Captura-de-pantalla-2016-03-10-a-las-0.23.51.png?fit=476%2C516\" data-orig-size=\"476,516\" data-comments-opened=\"1\" data-image-meta=\"{&quot;aperture&quot;:&quot;0&quot;,&quot;credit&quot;:&quot;&quot;,&quot;camera&quot;:&quot;&quot;,&quot;caption&quot;:&quot;&quot;,&quot;created_timestamp&quot;:&quot;0&quot;,&quot;copyright&quot;:&quot;&quot;,&quot;focal_length&quot;:&quot;0&quot;,&quot;iso&quot;:&quot;0&quot;,&quot;shutter_speed&quot;:&quot;0&quot;,&quot;title&quot;:&quot;&quot;,&quot;orientation&quot;:&quot;0&quot;}\" data-image-title=\"Captura de pantalla 2016-03-10 a las 0.23.51\" data-image-description=\"\" data-image-caption=\"\" data-medium-file=\"https:\/\/i0.wp.com\/www.moda.es\/blog\/wp-content\/uploads\/2016\/03\/Captura-de-pantalla-2016-03-10-a-las-0.23.51.png?fit=277%2C300\" data-large-file=\"https:\/\/i0.wp.com\/www.moda.es\/blog\/wp-content\/uploads\/2016\/03\/Captura-de-pantalla-2016-03-10-a-las-0.23.51.png?fit=476%2C516\" loading=\"lazy\" class=\"aligncenter size-medium wp-image-20394\" src=\"https:\/\/i0.wp.com\/www.moda.es\/blog\/wp-content\/uploads\/2016\/03\/Captura-de-pantalla-2016-03-10-a-las-0.23.51.png?resize=277%2C300\" alt=\"Captura de pantalla 2016-03-10 a las 0.23.51\" width=\"277\" height=\"300\" srcset=\"https:\/\/i0.wp.com\/www.moda.es\/blog\/wp-content\/uploads\/2016\/03\/Captura-de-pantalla-2016-03-10-a-las-0.23.51.png?resize=277%2C300 277w, https:\/\/i0.wp.com\/www.moda.es\/blog\/wp-content\/uploads\/2016\/03\/Captura-de-pantalla-2016-03-10-a-las-0.23.51.png?resize=420%2C455 420w, https:\/\/i0.wp.com\/www.moda.es\/blog\/wp-content\/uploads\/2016\/03\/Captura-de-pantalla-2016-03-10-a-las-0.23.51.png?w=476 476w\" sizes=\"(max-width: 277px) 100vw, 277px\" data-recalc-dims=\"1\" \/><\/a><\/p>\n<p>Y as\u00ed, la \u00faltima en firmar un contrato para una colaboraci\u00f3n ha sido<strong> Camille Seydoux<\/strong>, la herman\u00edsima de <strong>Lea Seydoux<\/strong> que no s\u00f3lo crea sus perfecto estilismos de alfombra roja sinoque tambi\u00e9n ha colaborado con distintos <em>ateliers<\/em> para crear modelos \u00fanicos.<\/p>\n<div data-carousel-extra='{\"blog_id\":1,\"permalink\":\"http:\\\/\\\/www.moda.es\\\/blog\\\/camille-seydoux-disena-para-roger-vivier\\\/\"}' id='gallery-1' class='gallery galleryid-20393 gallery-columns-2 gallery-size-thumbnail'><figure class='gallery-item'>\n\t\t\t<div class='gallery-icon landscape'>\n\t\t\t\t<a href='http:\/\/www.moda.es\/blog\/camille-seydoux-disena-para-roger-vivier\/captura-de-pantalla-2016-03-10-a-las-0-23-08\/'><img width=\"150\" height=\"150\" src=\"https:\/\/i0.wp.com\/www.moda.es\/blog\/wp-content\/uploads\/2016\/03\/Captura-de-pantalla-2016-03-10-a-las-0.23.08.png?resize=150%2C150\" class=\"attachment-thumbnail size-thumbnail\" alt=\"\" loading=\"lazy\" srcset=\"https:\/\/i0.wp.com\/www.moda.es\/blog\/wp-content\/uploads\/2016\/03\/Captura-de-pantalla-2016-03-10-a-las-0.23.08.png?resize=150%2C150 150w, https:\/\/i0.wp.com\/www.moda.es\/blog\/wp-content\/uploads\/2016\/03\/Captura-de-pantalla-2016-03-10-a-las-0.23.08.png?resize=120%2C120 120w, https:\/\/i0.wp.com\/www.moda.es\/blog\/wp-content\/uploads\/2016\/03\/Captura-de-pantalla-2016-03-10-a-las-0.23.08.png?zoom=2&amp;resize=150%2C150 300w, https:\/\/i0.wp.com\/www.moda.es\/blog\/wp-content\/uploads\/2016\/03\/Captura-de-pantalla-2016-03-10-a-las-0.23.08.png?zoom=3&amp;resize=150%2C150 450w\" sizes=\"(max-width: 150px) 100vw, 150px\" data-attachment-id=\"20395\" data-permalink=\"http:\/\/www.moda.es\/blog\/camille-seydoux-disena-para-roger-vivier\/captura-de-pantalla-2016-03-10-a-las-0-23-08\/\" data-orig-file=\"https:\/\/i0.wp.com\/www.moda.es\/blog\/wp-content\/uploads\/2016\/03\/Captura-de-pantalla-2016-03-10-a-las-0.23.08.png?fit=781%2C565\" data-orig-size=\"781,565\" data-comments-opened=\"1\" data-image-meta=\"{&quot;aperture&quot;:&quot;0&quot;,&quot;credit&quot;:&quot;&quot;,&quot;camera&quot;:&quot;&quot;,&quot;caption&quot;:&quot;&quot;,&quot;created_timestamp&quot;:&quot;0&quot;,&quot;copyright&quot;:&quot;&quot;,&quot;focal_length&quot;:&quot;0&quot;,&quot;iso&quot;:&quot;0&quot;,&quot;shutter_speed&quot;:&quot;0&quot;,&quot;title&quot;:&quot;&quot;,&quot;orientation&quot;:&quot;0&quot;}\" data-image-title=\"Captura de pantalla 2016-03-10 a las 0.23.08\" data-image-description=\"\" data-image-caption=\"\" data-medium-file=\"https:\/\/i0.wp.com\/www.moda.es\/blog\/wp-content\/uploads\/2016\/03\/Captura-de-pantalla-2016-03-10-a-las-0.23.08.png?fit=300%2C217\" data-large-file=\"https:\/\/i0.wp.com\/www.moda.es\/blog\/wp-content\/uploads\/2016\/03\/Captura-de-pantalla-2016-03-10-a-las-0.23.08.png?fit=640%2C463\" \/><\/a>\n\t\t\t<\/div><\/figure><figure class='gallery-item'>\n\t\t\t<div class='gallery-icon portrait'>\n\t\t\t\t<a href='http:\/\/www.moda.es\/blog\/camille-seydoux-disena-para-roger-vivier\/captura-de-pantalla-2016-03-10-a-las-0-23-21\/'><img width=\"150\" height=\"150\" src=\"https:\/\/i0.wp.com\/www.moda.es\/blog\/wp-content\/uploads\/2016\/03\/Captura-de-pantalla-2016-03-10-a-las-0.23.21.png?resize=150%2C150\" class=\"attachment-thumbnail size-thumbnail\" alt=\"\" loading=\"lazy\" srcset=\"https:\/\/i0.wp.com\/www.moda.es\/blog\/wp-content\/uploads\/2016\/03\/Captura-de-pantalla-2016-03-10-a-las-0.23.21.png?resize=150%2C150 150w, https:\/\/i0.wp.com\/www.moda.es\/blog\/wp-content\/uploads\/2016\/03\/Captura-de-pantalla-2016-03-10-a-las-0.23.21.png?resize=120%2C120 120w, https:\/\/i0.wp.com\/www.moda.es\/blog\/wp-content\/uploads\/2016\/03\/Captura-de-pantalla-2016-03-10-a-las-0.23.21.png?zoom=2&amp;resize=150%2C150 300w, https:\/\/i0.wp.com\/www.moda.es\/blog\/wp-content\/uploads\/2016\/03\/Captura-de-pantalla-2016-03-10-a-las-0.23.21.png?zoom=3&amp;resize=150%2C150 450w\" sizes=\"(max-width: 150px) 100vw, 150px\" data-attachment-id=\"20396\" data-permalink=\"http:\/\/www.moda.es\/blog\/camille-seydoux-disena-para-roger-vivier\/captura-de-pantalla-2016-03-10-a-las-0-23-21\/\" data-orig-file=\"https:\/\/i0.wp.com\/www.moda.es\/blog\/wp-content\/uploads\/2016\/03\/Captura-de-pantalla-2016-03-10-a-las-0.23.21.png?fit=484%2C543\" data-orig-size=\"484,543\" data-comments-opened=\"1\" data-image-meta=\"{&quot;aperture&quot;:&quot;0&quot;,&quot;credit&quot;:&quot;&quot;,&quot;camera&quot;:&quot;&quot;,&quot;caption&quot;:&quot;&quot;,&quot;created_timestamp&quot;:&quot;0&quot;,&quot;copyright&quot;:&quot;&quot;,&quot;focal_length&quot;:&quot;0&quot;,&quot;iso&quot;:&quot;0&quot;,&quot;shutter_speed&quot;:&quot;0&quot;,&quot;title&quot;:&quot;&quot;,&quot;orientation&quot;:&quot;0&quot;}\" data-image-title=\"Captura de pantalla 2016-03-10 a las 0.23.21\" data-image-description=\"\" data-image-caption=\"\" data-medium-file=\"https:\/\/i0.wp.com\/www.moda.es\/blog\/wp-content\/uploads\/2016\/03\/Captura-de-pantalla-2016-03-10-a-las-0.23.21.png?fit=267%2C300\" data-large-file=\"https:\/\/i0.wp.com\/www.moda.es\/blog\/wp-content\/uploads\/2016\/03\/Captura-de-pantalla-2016-03-10-a-las-0.23.21.png?fit=484%2C543\" \/><\/a>\n\t\t\t<\/div><\/figure>\n\t\t<\/div>\n\n<p>La colecci\u00f3n es una reedici\u00f3n de la ir\u00f3nica l\u00ednea <strong>Prismick,<\/strong> juega con formas geom\u00e9tricas que crean un mosaico sobre cada pieza. En esta ocasi\u00f3n, Camille ha decidido dar su aportaci\u00f3n creando ese mosaico en distintos tonos de denim, y explica el por qu\u00e9:\u00a0\u00abDecidimos que mi colecci\u00f3n se dedicar\u00eda a la l\u00ednea Prismick creada en 2012, que es una de mis favoritas. Comenc\u00e9 a experimentar analizando mi propio bolso Prismick, que es una fusi\u00f3n en degradado de colores negro y gris. Quise trabajar con la idea de las facetas creando diferentes tonos de un mismo color. Busqu\u00e9 en los archivos de la <em>Maison<\/em> y pens\u00e9 en el denim. <strong>Es un tejido que se pule de forma natural. El denim es cl\u00e1sico y moderno, y adem\u00e1s, importante, muy \u00a0resistente<\/strong>.\u00bb<\/p>\n<p><a href=\"http:\/\/www.moda.es\/blog\/camille-seydoux-disena-para-roger-vivier\/captura-de-pantalla-2016-03-10-a-las-0-40-30\/\" rel=\"attachment wp-att-20400\"><img data-attachment-id=\"20400\" data-permalink=\"http:\/\/www.moda.es\/blog\/camille-seydoux-disena-para-roger-vivier\/captura-de-pantalla-2016-03-10-a-las-0-40-30\/\" data-orig-file=\"https:\/\/i0.wp.com\/www.moda.es\/blog\/wp-content\/uploads\/2016\/03\/Captura-de-pantalla-2016-03-10-a-las-0.40.30.png?fit=514%2C781\" data-orig-size=\"514,781\" data-comments-opened=\"1\" data-image-meta=\"{&quot;aperture&quot;:&quot;0&quot;,&quot;credit&quot;:&quot;&quot;,&quot;camera&quot;:&quot;&quot;,&quot;caption&quot;:&quot;&quot;,&quot;created_timestamp&quot;:&quot;0&quot;,&quot;copyright&quot;:&quot;&quot;,&quot;focal_length&quot;:&quot;0&quot;,&quot;iso&quot;:&quot;0&quot;,&quot;shutter_speed&quot;:&quot;0&quot;,&quot;title&quot;:&quot;&quot;,&quot;orientation&quot;:&quot;0&quot;}\" data-image-title=\"Captura de pantalla 2016-03-10 a las 0.40.30\" data-image-description=\"\" data-image-caption=\"\" data-medium-file=\"https:\/\/i0.wp.com\/www.moda.es\/blog\/wp-content\/uploads\/2016\/03\/Captura-de-pantalla-2016-03-10-a-las-0.40.30.png?fit=197%2C300\" data-large-file=\"https:\/\/i0.wp.com\/www.moda.es\/blog\/wp-content\/uploads\/2016\/03\/Captura-de-pantalla-2016-03-10-a-las-0.40.30.png?fit=514%2C781\" loading=\"lazy\" class=\"aligncenter size-medium wp-image-20400\" src=\"https:\/\/i0.wp.com\/www.moda.es\/blog\/wp-content\/uploads\/2016\/03\/Captura-de-pantalla-2016-03-10-a-las-0.40.30.png?resize=197%2C300\" alt=\"Captura de pantalla 2016-03-10 a las 0.40.30\" width=\"197\" height=\"300\" srcset=\"https:\/\/i0.wp.com\/www.moda.es\/blog\/wp-content\/uploads\/2016\/03\/Captura-de-pantalla-2016-03-10-a-las-0.40.30.png?resize=197%2C300 197w, https:\/\/i0.wp.com\/www.moda.es\/blog\/wp-content\/uploads\/2016\/03\/Captura-de-pantalla-2016-03-10-a-las-0.40.30.png?resize=420%2C638 420w, https:\/\/i0.wp.com\/www.moda.es\/blog\/wp-content\/uploads\/2016\/03\/Captura-de-pantalla-2016-03-10-a-las-0.40.30.png?w=514 514w\" sizes=\"(max-width: 197px) 100vw, 197px\" data-recalc-dims=\"1\" \/><\/a><\/p>\n<p>Para celebrar el lanzamiento de esta colecci\u00f3n, la marca celebr\u00f3 un c\u00f3ctel durante la Semana de la Moda de Par\u00eds al que asistieron algunos amigos de la casa como\u00a0<strong>Ines de la Fressange,\u00a0Bruno\u00a0Frisona,<\/strong>\u00a0Director Creativo de\u00a0Roger Vivier,\u00a0Ad\u00e8le Exarchopoulos, la embajadora de\u00a0Schiaparelli &#8211; Farida Kehlfa Seydoux-,\u00a0Lambert Wilson,\u00a0Julie De Libran,\u00a0Virginie Courtin,\u00a0Antonine Peduzzi,\u00a0Marie Ange Casta, modelo y hermana\u00a0de Laetitia Casta,\u00a0Luisa Orsini,\u00a0Elie Top o\u00a0Vincent Dar\u00e9 entre otros. Tampoco se perdi\u00f3 la cita la \u00faltima chica Bond,\u00a0<strong>L\u00e9a Seydoux<\/strong>.<\/p>\n<p><a href=\"http:\/\/www.moda.es\/blog\/camille-seydoux-disena-para-roger-vivier\/captura-de-pantalla-2016-03-10-a-las-0-23-32\/\" rel=\"attachment wp-att-20402\"><img data-attachment-id=\"20402\" data-permalink=\"http:\/\/www.moda.es\/blog\/camille-seydoux-disena-para-roger-vivier\/captura-de-pantalla-2016-03-10-a-las-0-23-32\/\" data-orig-file=\"https:\/\/i0.wp.com\/www.moda.es\/blog\/wp-content\/uploads\/2016\/03\/Captura-de-pantalla-2016-03-10-a-las-0.23.32.png?fit=564%2C586\" data-orig-size=\"564,586\" data-comments-opened=\"1\" data-image-meta=\"{&quot;aperture&quot;:&quot;0&quot;,&quot;credit&quot;:&quot;&quot;,&quot;camera&quot;:&quot;&quot;,&quot;caption&quot;:&quot;&quot;,&quot;created_timestamp&quot;:&quot;0&quot;,&quot;copyright&quot;:&quot;&quot;,&quot;focal_length&quot;:&quot;0&quot;,&quot;iso&quot;:&quot;0&quot;,&quot;shutter_speed&quot;:&quot;0&quot;,&quot;title&quot;:&quot;&quot;,&quot;orientation&quot;:&quot;0&quot;}\" data-image-title=\"Captura de pantalla 2016-03-10 a las 0.23.32\" data-image-description=\"\" data-image-caption=\"\" data-medium-file=\"https:\/\/i0.wp.com\/www.moda.es\/blog\/wp-content\/uploads\/2016\/03\/Captura-de-pantalla-2016-03-10-a-las-0.23.32.png?fit=289%2C300\" data-large-file=\"https:\/\/i0.wp.com\/www.moda.es\/blog\/wp-content\/uploads\/2016\/03\/Captura-de-pantalla-2016-03-10-a-las-0.23.32.png?fit=564%2C586\" loading=\"lazy\" class=\"aligncenter size-medium wp-image-20402\" src=\"https:\/\/i0.wp.com\/www.moda.es\/blog\/wp-content\/uploads\/2016\/03\/Captura-de-pantalla-2016-03-10-a-las-0.23.32.png?resize=289%2C300\" alt=\"Captura de pantalla 2016-03-10 a las 0.23.32\" width=\"289\" height=\"300\" srcset=\"https:\/\/i0.wp.com\/www.moda.es\/blog\/wp-content\/uploads\/2016\/03\/Captura-de-pantalla-2016-03-10-a-las-0.23.32.png?resize=289%2C300 289w, https:\/\/i0.wp.com\/www.moda.es\/blog\/wp-content\/uploads\/2016\/03\/Captura-de-pantalla-2016-03-10-a-las-0.23.32.png?resize=420%2C436 420w, https:\/\/i0.wp.com\/www.moda.es\/blog\/wp-content\/uploads\/2016\/03\/Captura-de-pantalla-2016-03-10-a-las-0.23.32.png?w=564 564w\" sizes=\"(max-width: 289px) 100vw, 289px\" data-recalc-dims=\"1\" \/><\/a><\/p>\n<p>La marca persigue as\u00ed acercarse cada vez m\u00e1s a un p\u00fablico m\u00e1s joven y trendy, y a juzgar por el resultado, \u00a1va a conseguirlo!<\/p>\n<p>No te pierdas la galer\u00eda de invitados.<\/p>\n<div data-carousel-extra='{\"blog_id\":1,\"permalink\":\"http:\\\/\\\/www.moda.es\\\/blog\\\/camille-seydoux-disena-para-roger-vivier\\\/\"}' id='gallery-2' class='gallery galleryid-20393 gallery-columns-3 gallery-size-thumbnail'><figure class='gallery-item'>\n\t\t\t<div class='gallery-icon landscape'>\n\t\t\t\t<a href='http:\/\/www.moda.es\/blog\/camille-seydoux-disena-para-roger-vivier\/captura-de-pantalla-2016-03-10-a-las-0-38-37\/'><img width=\"150\" height=\"150\" src=\"https:\/\/i0.wp.com\/www.moda.es\/blog\/wp-content\/uploads\/2016\/03\/Captura-de-pantalla-2016-03-10-a-las-0.38.37.png?resize=150%2C150\" class=\"attachment-thumbnail size-thumbnail\" alt=\"\" loading=\"lazy\" srcset=\"https:\/\/i0.wp.com\/www.moda.es\/blog\/wp-content\/uploads\/2016\/03\/Captura-de-pantalla-2016-03-10-a-las-0.38.37.png?resize=150%2C150 150w, https:\/\/i0.wp.com\/www.moda.es\/blog\/wp-content\/uploads\/2016\/03\/Captura-de-pantalla-2016-03-10-a-las-0.38.37.png?resize=120%2C120 120w, https:\/\/i0.wp.com\/www.moda.es\/blog\/wp-content\/uploads\/2016\/03\/Captura-de-pantalla-2016-03-10-a-las-0.38.37.png?zoom=2&amp;resize=150%2C150 300w, https:\/\/i0.wp.com\/www.moda.es\/blog\/wp-content\/uploads\/2016\/03\/Captura-de-pantalla-2016-03-10-a-las-0.38.37.png?zoom=3&amp;resize=150%2C150 450w\" sizes=\"(max-width: 150px) 100vw, 150px\" data-attachment-id=\"20403\" data-permalink=\"http:\/\/www.moda.es\/blog\/camille-seydoux-disena-para-roger-vivier\/captura-de-pantalla-2016-03-10-a-las-0-38-37\/\" data-orig-file=\"https:\/\/i0.wp.com\/www.moda.es\/blog\/wp-content\/uploads\/2016\/03\/Captura-de-pantalla-2016-03-10-a-las-0.38.37.png?fit=1135%2C760\" data-orig-size=\"1135,760\" data-comments-opened=\"1\" data-image-meta=\"{&quot;aperture&quot;:&quot;0&quot;,&quot;credit&quot;:&quot;&quot;,&quot;camera&quot;:&quot;&quot;,&quot;caption&quot;:&quot;&quot;,&quot;created_timestamp&quot;:&quot;0&quot;,&quot;copyright&quot;:&quot;&quot;,&quot;focal_length&quot;:&quot;0&quot;,&quot;iso&quot;:&quot;0&quot;,&quot;shutter_speed&quot;:&quot;0&quot;,&quot;title&quot;:&quot;&quot;,&quot;orientation&quot;:&quot;0&quot;}\" data-image-title=\"Captura de pantalla 2016-03-10 a las 0.38.37\" data-image-description=\"\" data-image-caption=\"\" data-medium-file=\"https:\/\/i0.wp.com\/www.moda.es\/blog\/wp-content\/uploads\/2016\/03\/Captura-de-pantalla-2016-03-10-a-las-0.38.37.png?fit=300%2C201\" data-large-file=\"https:\/\/i0.wp.com\/www.moda.es\/blog\/wp-content\/uploads\/2016\/03\/Captura-de-pantalla-2016-03-10-a-las-0.38.37.png?fit=640%2C429\" \/><\/a>\n\t\t\t<\/div><\/figure><figure class='gallery-item'>\n\t\t\t<div class='gallery-icon portrait'>\n\t\t\t\t<a href='http:\/\/www.moda.es\/blog\/camille-seydoux-disena-para-roger-vivier\/captura-de-pantalla-2016-03-10-a-las-0-38-53\/'><img width=\"150\" height=\"150\" src=\"https:\/\/i0.wp.com\/www.moda.es\/blog\/wp-content\/uploads\/2016\/03\/Captura-de-pantalla-2016-03-10-a-las-0.38.53.png?resize=150%2C150\" class=\"attachment-thumbnail size-thumbnail\" alt=\"\" loading=\"lazy\" srcset=\"https:\/\/i0.wp.com\/www.moda.es\/blog\/wp-content\/uploads\/2016\/03\/Captura-de-pantalla-2016-03-10-a-las-0.38.53.png?resize=150%2C150 150w, https:\/\/i0.wp.com\/www.moda.es\/blog\/wp-content\/uploads\/2016\/03\/Captura-de-pantalla-2016-03-10-a-las-0.38.53.png?resize=120%2C120 120w, https:\/\/i0.wp.com\/www.moda.es\/blog\/wp-content\/uploads\/2016\/03\/Captura-de-pantalla-2016-03-10-a-las-0.38.53.png?zoom=2&amp;resize=150%2C150 300w, https:\/\/i0.wp.com\/www.moda.es\/blog\/wp-content\/uploads\/2016\/03\/Captura-de-pantalla-2016-03-10-a-las-0.38.53.png?zoom=3&amp;resize=150%2C150 450w\" sizes=\"(max-width: 150px) 100vw, 150px\" data-attachment-id=\"20404\" data-permalink=\"http:\/\/www.moda.es\/blog\/camille-seydoux-disena-para-roger-vivier\/captura-de-pantalla-2016-03-10-a-las-0-38-53\/\" data-orig-file=\"https:\/\/i0.wp.com\/www.moda.es\/blog\/wp-content\/uploads\/2016\/03\/Captura-de-pantalla-2016-03-10-a-las-0.38.53.png?fit=519%2C777\" data-orig-size=\"519,777\" data-comments-opened=\"1\" data-image-meta=\"{&quot;aperture&quot;:&quot;0&quot;,&quot;credit&quot;:&quot;&quot;,&quot;camera&quot;:&quot;&quot;,&quot;caption&quot;:&quot;&quot;,&quot;created_timestamp&quot;:&quot;0&quot;,&quot;copyright&quot;:&quot;&quot;,&quot;focal_length&quot;:&quot;0&quot;,&quot;iso&quot;:&quot;0&quot;,&quot;shutter_speed&quot;:&quot;0&quot;,&quot;title&quot;:&quot;&quot;,&quot;orientation&quot;:&quot;0&quot;}\" data-image-title=\"Captura de pantalla 2016-03-10 a las 0.38.53\" data-image-description=\"\" data-image-caption=\"\" data-medium-file=\"https:\/\/i0.wp.com\/www.moda.es\/blog\/wp-content\/uploads\/2016\/03\/Captura-de-pantalla-2016-03-10-a-las-0.38.53.png?fit=200%2C300\" data-large-file=\"https:\/\/i0.wp.com\/www.moda.es\/blog\/wp-content\/uploads\/2016\/03\/Captura-de-pantalla-2016-03-10-a-las-0.38.53.png?fit=519%2C777\" \/><\/a>\n\t\t\t<\/div><\/figure><figure class='gallery-item'>\n\t\t\t<div class='gallery-icon landscape'>\n\t\t\t\t<a href='http:\/\/www.moda.es\/blog\/camille-seydoux-disena-para-roger-vivier\/captura-de-pantalla-2016-03-10-a-las-0-39-03\/'><img width=\"150\" height=\"150\" src=\"https:\/\/i0.wp.com\/www.moda.es\/blog\/wp-content\/uploads\/2016\/03\/Captura-de-pantalla-2016-03-10-a-las-0.39.03.png?resize=150%2C150\" class=\"attachment-thumbnail size-thumbnail\" alt=\"\" loading=\"lazy\" srcset=\"https:\/\/i0.wp.com\/www.moda.es\/blog\/wp-content\/uploads\/2016\/03\/Captura-de-pantalla-2016-03-10-a-las-0.39.03.png?resize=150%2C150 150w, https:\/\/i0.wp.com\/www.moda.es\/blog\/wp-content\/uploads\/2016\/03\/Captura-de-pantalla-2016-03-10-a-las-0.39.03.png?resize=120%2C120 120w, https:\/\/i0.wp.com\/www.moda.es\/blog\/wp-content\/uploads\/2016\/03\/Captura-de-pantalla-2016-03-10-a-las-0.39.03.png?zoom=2&amp;resize=150%2C150 300w, https:\/\/i0.wp.com\/www.moda.es\/blog\/wp-content\/uploads\/2016\/03\/Captura-de-pantalla-2016-03-10-a-las-0.39.03.png?zoom=3&amp;resize=150%2C150 450w\" sizes=\"(max-width: 150px) 100vw, 150px\" data-attachment-id=\"20405\" data-permalink=\"http:\/\/www.moda.es\/blog\/camille-seydoux-disena-para-roger-vivier\/captura-de-pantalla-2016-03-10-a-las-0-39-03\/\" data-orig-file=\"https:\/\/i0.wp.com\/www.moda.es\/blog\/wp-content\/uploads\/2016\/03\/Captura-de-pantalla-2016-03-10-a-las-0.39.03.png?fit=1141%2C758\" data-orig-size=\"1141,758\" data-comments-opened=\"1\" data-image-meta=\"{&quot;aperture&quot;:&quot;0&quot;,&quot;credit&quot;:&quot;&quot;,&quot;camera&quot;:&quot;&quot;,&quot;caption&quot;:&quot;&quot;,&quot;created_timestamp&quot;:&quot;0&quot;,&quot;copyright&quot;:&quot;&quot;,&quot;focal_length&quot;:&quot;0&quot;,&quot;iso&quot;:&quot;0&quot;,&quot;shutter_speed&quot;:&quot;0&quot;,&quot;title&quot;:&quot;&quot;,&quot;orientation&quot;:&quot;0&quot;}\" data-image-title=\"Captura de pantalla 2016-03-10 a las 0.39.03\" data-image-description=\"\" data-image-caption=\"\" data-medium-file=\"https:\/\/i0.wp.com\/www.moda.es\/blog\/wp-content\/uploads\/2016\/03\/Captura-de-pantalla-2016-03-10-a-las-0.39.03.png?fit=300%2C199\" data-large-file=\"https:\/\/i0.wp.com\/www.moda.es\/blog\/wp-content\/uploads\/2016\/03\/Captura-de-pantalla-2016-03-10-a-las-0.39.03.png?fit=640%2C425\" \/><\/a>\n\t\t\t<\/div><\/figure><figure class='gallery-item'>\n\t\t\t<div class='gallery-icon landscape'>\n\t\t\t\t<a href='http:\/\/www.moda.es\/blog\/camille-seydoux-disena-para-roger-vivier\/captura-de-pantalla-2016-03-10-a-las-0-39-15\/'><img width=\"150\" height=\"150\" src=\"https:\/\/i0.wp.com\/www.moda.es\/blog\/wp-content\/uploads\/2016\/03\/Captura-de-pantalla-2016-03-10-a-las-0.39.15.png?resize=150%2C150\" class=\"attachment-thumbnail size-thumbnail\" alt=\"\" loading=\"lazy\" srcset=\"https:\/\/i0.wp.com\/www.moda.es\/blog\/wp-content\/uploads\/2016\/03\/Captura-de-pantalla-2016-03-10-a-las-0.39.15.png?resize=150%2C150 150w, https:\/\/i0.wp.com\/www.moda.es\/blog\/wp-content\/uploads\/2016\/03\/Captura-de-pantalla-2016-03-10-a-las-0.39.15.png?resize=120%2C120 120w, https:\/\/i0.wp.com\/www.moda.es\/blog\/wp-content\/uploads\/2016\/03\/Captura-de-pantalla-2016-03-10-a-las-0.39.15.png?zoom=2&amp;resize=150%2C150 300w, https:\/\/i0.wp.com\/www.moda.es\/blog\/wp-content\/uploads\/2016\/03\/Captura-de-pantalla-2016-03-10-a-las-0.39.15.png?zoom=3&amp;resize=150%2C150 450w\" sizes=\"(max-width: 150px) 100vw, 150px\" data-attachment-id=\"20406\" data-permalink=\"http:\/\/www.moda.es\/blog\/camille-seydoux-disena-para-roger-vivier\/captura-de-pantalla-2016-03-10-a-las-0-39-15\/\" data-orig-file=\"https:\/\/i0.wp.com\/www.moda.es\/blog\/wp-content\/uploads\/2016\/03\/Captura-de-pantalla-2016-03-10-a-las-0.39.15.png?fit=1140%2C756\" data-orig-size=\"1140,756\" data-comments-opened=\"1\" data-image-meta=\"{&quot;aperture&quot;:&quot;0&quot;,&quot;credit&quot;:&quot;&quot;,&quot;camera&quot;:&quot;&quot;,&quot;caption&quot;:&quot;&quot;,&quot;created_timestamp&quot;:&quot;0&quot;,&quot;copyright&quot;:&quot;&quot;,&quot;focal_length&quot;:&quot;0&quot;,&quot;iso&quot;:&quot;0&quot;,&quot;shutter_speed&quot;:&quot;0&quot;,&quot;title&quot;:&quot;&quot;,&quot;orientation&quot;:&quot;0&quot;}\" data-image-title=\"Captura de pantalla 2016-03-10 a las 0.39.15\" data-image-description=\"\" data-image-caption=\"\" data-medium-file=\"https:\/\/i0.wp.com\/www.moda.es\/blog\/wp-content\/uploads\/2016\/03\/Captura-de-pantalla-2016-03-10-a-las-0.39.15.png?fit=300%2C199\" data-large-file=\"https:\/\/i0.wp.com\/www.moda.es\/blog\/wp-content\/uploads\/2016\/03\/Captura-de-pantalla-2016-03-10-a-las-0.39.15.png?fit=640%2C424\" \/><\/a>\n\t\t\t<\/div><\/figure><figure class='gallery-item'>\n\t\t\t<div class='gallery-icon portrait'>\n\t\t\t\t<a href='http:\/\/www.moda.es\/blog\/camille-seydoux-disena-para-roger-vivier\/captura-de-pantalla-2016-03-10-a-las-0-39-26\/'><img width=\"150\" height=\"150\" src=\"https:\/\/i0.wp.com\/www.moda.es\/blog\/wp-content\/uploads\/2016\/03\/Captura-de-pantalla-2016-03-10-a-las-0.39.26.png?resize=150%2C150\" class=\"attachment-thumbnail size-thumbnail\" alt=\"\" loading=\"lazy\" srcset=\"https:\/\/i0.wp.com\/www.moda.es\/blog\/wp-content\/uploads\/2016\/03\/Captura-de-pantalla-2016-03-10-a-las-0.39.26.png?resize=150%2C150 150w, https:\/\/i0.wp.com\/www.moda.es\/blog\/wp-content\/uploads\/2016\/03\/Captura-de-pantalla-2016-03-10-a-las-0.39.26.png?resize=120%2C120 120w, https:\/\/i0.wp.com\/www.moda.es\/blog\/wp-content\/uploads\/2016\/03\/Captura-de-pantalla-2016-03-10-a-las-0.39.26.png?zoom=2&amp;resize=150%2C150 300w, https:\/\/i0.wp.com\/www.moda.es\/blog\/wp-content\/uploads\/2016\/03\/Captura-de-pantalla-2016-03-10-a-las-0.39.26.png?zoom=3&amp;resize=150%2C150 450w\" sizes=\"(max-width: 150px) 100vw, 150px\" data-attachment-id=\"20407\" data-permalink=\"http:\/\/www.moda.es\/blog\/camille-seydoux-disena-para-roger-vivier\/captura-de-pantalla-2016-03-10-a-las-0-39-26\/\" data-orig-file=\"https:\/\/i0.wp.com\/www.moda.es\/blog\/wp-content\/uploads\/2016\/03\/Captura-de-pantalla-2016-03-10-a-las-0.39.26.png?fit=517%2C778\" data-orig-size=\"517,778\" data-comments-opened=\"1\" data-image-meta=\"{&quot;aperture&quot;:&quot;0&quot;,&quot;credit&quot;:&quot;&quot;,&quot;camera&quot;:&quot;&quot;,&quot;caption&quot;:&quot;&quot;,&quot;created_timestamp&quot;:&quot;0&quot;,&quot;copyright&quot;:&quot;&quot;,&quot;focal_length&quot;:&quot;0&quot;,&quot;iso&quot;:&quot;0&quot;,&quot;shutter_speed&quot;:&quot;0&quot;,&quot;title&quot;:&quot;&quot;,&quot;orientation&quot;:&quot;0&quot;}\" data-image-title=\"Captura de pantalla 2016-03-10 a las 0.39.26\" data-image-description=\"\" data-image-caption=\"\" data-medium-file=\"https:\/\/i0.wp.com\/www.moda.es\/blog\/wp-content\/uploads\/2016\/03\/Captura-de-pantalla-2016-03-10-a-las-0.39.26.png?fit=199%2C300\" data-large-file=\"https:\/\/i0.wp.com\/www.moda.es\/blog\/wp-content\/uploads\/2016\/03\/Captura-de-pantalla-2016-03-10-a-las-0.39.26.png?fit=517%2C778\" \/><\/a>\n\t\t\t<\/div><\/figure><figure class='gallery-item'>\n\t\t\t<div class='gallery-icon landscape'>\n\t\t\t\t<a href='http:\/\/www.moda.es\/blog\/camille-seydoux-disena-para-roger-vivier\/captura-de-pantalla-2016-03-10-a-las-0-39-42\/'><img width=\"150\" height=\"150\" src=\"https:\/\/i0.wp.com\/www.moda.es\/blog\/wp-content\/uploads\/2016\/03\/Captura-de-pantalla-2016-03-10-a-las-0.39.42.png?resize=150%2C150\" class=\"attachment-thumbnail size-thumbnail\" alt=\"\" loading=\"lazy\" srcset=\"https:\/\/i0.wp.com\/www.moda.es\/blog\/wp-content\/uploads\/2016\/03\/Captura-de-pantalla-2016-03-10-a-las-0.39.42.png?resize=150%2C150 150w, https:\/\/i0.wp.com\/www.moda.es\/blog\/wp-content\/uploads\/2016\/03\/Captura-de-pantalla-2016-03-10-a-las-0.39.42.png?resize=120%2C120 120w, https:\/\/i0.wp.com\/www.moda.es\/blog\/wp-content\/uploads\/2016\/03\/Captura-de-pantalla-2016-03-10-a-las-0.39.42.png?zoom=2&amp;resize=150%2C150 300w, https:\/\/i0.wp.com\/www.moda.es\/blog\/wp-content\/uploads\/2016\/03\/Captura-de-pantalla-2016-03-10-a-las-0.39.42.png?zoom=3&amp;resize=150%2C150 450w\" sizes=\"(max-width: 150px) 100vw, 150px\" data-attachment-id=\"20408\" data-permalink=\"http:\/\/www.moda.es\/blog\/camille-seydoux-disena-para-roger-vivier\/captura-de-pantalla-2016-03-10-a-las-0-39-42\/\" data-orig-file=\"https:\/\/i0.wp.com\/www.moda.es\/blog\/wp-content\/uploads\/2016\/03\/Captura-de-pantalla-2016-03-10-a-las-0.39.42.png?fit=1140%2C760\" data-orig-size=\"1140,760\" data-comments-opened=\"1\" data-image-meta=\"{&quot;aperture&quot;:&quot;0&quot;,&quot;credit&quot;:&quot;&quot;,&quot;camera&quot;:&quot;&quot;,&quot;caption&quot;:&quot;&quot;,&quot;created_timestamp&quot;:&quot;0&quot;,&quot;copyright&quot;:&quot;&quot;,&quot;focal_length&quot;:&quot;0&quot;,&quot;iso&quot;:&quot;0&quot;,&quot;shutter_speed&quot;:&quot;0&quot;,&quot;title&quot;:&quot;&quot;,&quot;orientation&quot;:&quot;0&quot;}\" data-image-title=\"Captura de pantalla 2016-03-10 a las 0.39.42\" data-image-description=\"\" data-image-caption=\"\" data-medium-file=\"https:\/\/i0.wp.com\/www.moda.es\/blog\/wp-content\/uploads\/2016\/03\/Captura-de-pantalla-2016-03-10-a-las-0.39.42.png?fit=300%2C200\" data-large-file=\"https:\/\/i0.wp.com\/www.moda.es\/blog\/wp-content\/uploads\/2016\/03\/Captura-de-pantalla-2016-03-10-a-las-0.39.42.png?fit=640%2C427\" \/><\/a>\n\t\t\t<\/div><\/figure><figure class='gallery-item'>\n\t\t\t<div class='gallery-icon landscape'>\n\t\t\t\t<a href='http:\/\/www.moda.es\/blog\/camille-seydoux-disena-para-roger-vivier\/captura-de-pantalla-2016-03-10-a-las-0-40-02\/'><img width=\"150\" height=\"150\" src=\"https:\/\/i0.wp.com\/www.moda.es\/blog\/wp-content\/uploads\/2016\/03\/Captura-de-pantalla-2016-03-10-a-las-0.40.02.png?resize=150%2C150\" class=\"attachment-thumbnail size-thumbnail\" alt=\"\" loading=\"lazy\" srcset=\"https:\/\/i0.wp.com\/www.moda.es\/blog\/wp-content\/uploads\/2016\/03\/Captura-de-pantalla-2016-03-10-a-las-0.40.02.png?resize=150%2C150 150w, https:\/\/i0.wp.com\/www.moda.es\/blog\/wp-content\/uploads\/2016\/03\/Captura-de-pantalla-2016-03-10-a-las-0.40.02.png?resize=120%2C120 120w, https:\/\/i0.wp.com\/www.moda.es\/blog\/wp-content\/uploads\/2016\/03\/Captura-de-pantalla-2016-03-10-a-las-0.40.02.png?zoom=2&amp;resize=150%2C150 300w, https:\/\/i0.wp.com\/www.moda.es\/blog\/wp-content\/uploads\/2016\/03\/Captura-de-pantalla-2016-03-10-a-las-0.40.02.png?zoom=3&amp;resize=150%2C150 450w\" sizes=\"(max-width: 150px) 100vw, 150px\" data-attachment-id=\"20409\" data-permalink=\"http:\/\/www.moda.es\/blog\/camille-seydoux-disena-para-roger-vivier\/captura-de-pantalla-2016-03-10-a-las-0-40-02\/\" data-orig-file=\"https:\/\/i0.wp.com\/www.moda.es\/blog\/wp-content\/uploads\/2016\/03\/Captura-de-pantalla-2016-03-10-a-las-0.40.02.png?fit=1134%2C759\" data-orig-size=\"1134,759\" data-comments-opened=\"1\" data-image-meta=\"{&quot;aperture&quot;:&quot;0&quot;,&quot;credit&quot;:&quot;&quot;,&quot;camera&quot;:&quot;&quot;,&quot;caption&quot;:&quot;&quot;,&quot;created_timestamp&quot;:&quot;0&quot;,&quot;copyright&quot;:&quot;&quot;,&quot;focal_length&quot;:&quot;0&quot;,&quot;iso&quot;:&quot;0&quot;,&quot;shutter_speed&quot;:&quot;0&quot;,&quot;title&quot;:&quot;&quot;,&quot;orientation&quot;:&quot;0&quot;}\" data-image-title=\"Captura de pantalla 2016-03-10 a las 0.40.02\" data-image-description=\"\" data-image-caption=\"\" data-medium-file=\"https:\/\/i0.wp.com\/www.moda.es\/blog\/wp-content\/uploads\/2016\/03\/Captura-de-pantalla-2016-03-10-a-las-0.40.02.png?fit=300%2C201\" data-large-file=\"https:\/\/i0.wp.com\/www.moda.es\/blog\/wp-content\/uploads\/2016\/03\/Captura-de-pantalla-2016-03-10-a-las-0.40.02.png?fit=640%2C428\" \/><\/a>\n\t\t\t<\/div><\/figure><figure class='gallery-item'>\n\t\t\t<div class='gallery-icon landscape'>\n\t\t\t\t<a href='http:\/\/www.moda.es\/blog\/camille-seydoux-disena-para-roger-vivier\/captura-de-pantalla-2016-03-10-a-las-0-40-17\/'><img width=\"150\" height=\"150\" src=\"https:\/\/i0.wp.com\/www.moda.es\/blog\/wp-content\/uploads\/2016\/03\/Captura-de-pantalla-2016-03-10-a-las-0.40.17.png?resize=150%2C150\" class=\"attachment-thumbnail size-thumbnail\" alt=\"\" loading=\"lazy\" srcset=\"https:\/\/i0.wp.com\/www.moda.es\/blog\/wp-content\/uploads\/2016\/03\/Captura-de-pantalla-2016-03-10-a-las-0.40.17.png?resize=150%2C150 150w, https:\/\/i0.wp.com\/www.moda.es\/blog\/wp-content\/uploads\/2016\/03\/Captura-de-pantalla-2016-03-10-a-las-0.40.17.png?resize=120%2C120 120w, https:\/\/i0.wp.com\/www.moda.es\/blog\/wp-content\/uploads\/2016\/03\/Captura-de-pantalla-2016-03-10-a-las-0.40.17.png?zoom=2&amp;resize=150%2C150 300w, https:\/\/i0.wp.com\/www.moda.es\/blog\/wp-content\/uploads\/2016\/03\/Captura-de-pantalla-2016-03-10-a-las-0.40.17.png?zoom=3&amp;resize=150%2C150 450w\" sizes=\"(max-width: 150px) 100vw, 150px\" data-attachment-id=\"20410\" data-permalink=\"http:\/\/www.moda.es\/blog\/camille-seydoux-disena-para-roger-vivier\/captura-de-pantalla-2016-03-10-a-las-0-40-17\/\" data-orig-file=\"https:\/\/i0.wp.com\/www.moda.es\/blog\/wp-content\/uploads\/2016\/03\/Captura-de-pantalla-2016-03-10-a-las-0.40.17.png?fit=1142%2C759\" data-orig-size=\"1142,759\" data-comments-opened=\"1\" data-image-meta=\"{&quot;aperture&quot;:&quot;0&quot;,&quot;credit&quot;:&quot;&quot;,&quot;camera&quot;:&quot;&quot;,&quot;caption&quot;:&quot;&quot;,&quot;created_timestamp&quot;:&quot;0&quot;,&quot;copyright&quot;:&quot;&quot;,&quot;focal_length&quot;:&quot;0&quot;,&quot;iso&quot;:&quot;0&quot;,&quot;shutter_speed&quot;:&quot;0&quot;,&quot;title&quot;:&quot;&quot;,&quot;orientation&quot;:&quot;0&quot;}\" data-image-title=\"Captura de pantalla 2016-03-10 a las 0.40.17\" data-image-description=\"\" data-image-caption=\"\" data-medium-file=\"https:\/\/i0.wp.com\/www.moda.es\/blog\/wp-content\/uploads\/2016\/03\/Captura-de-pantalla-2016-03-10-a-las-0.40.17.png?fit=300%2C199\" data-large-file=\"https:\/\/i0.wp.com\/www.moda.es\/blog\/wp-content\/uploads\/2016\/03\/Captura-de-pantalla-2016-03-10-a-las-0.40.17.png?fit=640%2C426\" \/><\/a>\n\t\t\t<\/div><\/figure><figure class='gallery-item'>\n\t\t\t<div class='gallery-icon landscape'>\n\t\t\t\t<a href='http:\/\/www.moda.es\/blog\/camille-seydoux-disena-para-roger-vivier\/captura-de-pantalla-2016-03-10-a-las-0-41-05\/'><img width=\"150\" height=\"150\" src=\"https:\/\/i0.wp.com\/www.moda.es\/blog\/wp-content\/uploads\/2016\/03\/Captura-de-pantalla-2016-03-10-a-las-0.41.05.png?resize=150%2C150\" class=\"attachment-thumbnail size-thumbnail\" alt=\"\" loading=\"lazy\" srcset=\"https:\/\/i0.wp.com\/www.moda.es\/blog\/wp-content\/uploads\/2016\/03\/Captura-de-pantalla-2016-03-10-a-las-0.41.05.png?resize=150%2C150 150w, https:\/\/i0.wp.com\/www.moda.es\/blog\/wp-content\/uploads\/2016\/03\/Captura-de-pantalla-2016-03-10-a-las-0.41.05.png?resize=120%2C120 120w, https:\/\/i0.wp.com\/www.moda.es\/blog\/wp-content\/uploads\/2016\/03\/Captura-de-pantalla-2016-03-10-a-las-0.41.05.png?zoom=2&amp;resize=150%2C150 300w, https:\/\/i0.wp.com\/www.moda.es\/blog\/wp-content\/uploads\/2016\/03\/Captura-de-pantalla-2016-03-10-a-las-0.41.05.png?zoom=3&amp;resize=150%2C150 450w\" sizes=\"(max-width: 150px) 100vw, 150px\" data-attachment-id=\"20412\" data-permalink=\"http:\/\/www.moda.es\/blog\/camille-seydoux-disena-para-roger-vivier\/captura-de-pantalla-2016-03-10-a-las-0-41-05\/\" data-orig-file=\"https:\/\/i0.wp.com\/www.moda.es\/blog\/wp-content\/uploads\/2016\/03\/Captura-de-pantalla-2016-03-10-a-las-0.41.05.png?fit=1137%2C758\" data-orig-size=\"1137,758\" data-comments-opened=\"1\" data-image-meta=\"{&quot;aperture&quot;:&quot;0&quot;,&quot;credit&quot;:&quot;&quot;,&quot;camera&quot;:&quot;&quot;,&quot;caption&quot;:&quot;&quot;,&quot;created_timestamp&quot;:&quot;0&quot;,&quot;copyright&quot;:&quot;&quot;,&quot;focal_length&quot;:&quot;0&quot;,&quot;iso&quot;:&quot;0&quot;,&quot;shutter_speed&quot;:&quot;0&quot;,&quot;title&quot;:&quot;&quot;,&quot;orientation&quot;:&quot;0&quot;}\" data-image-title=\"Captura de pantalla 2016-03-10 a las 0.41.05\" data-image-description=\"\" data-image-caption=\"\" data-medium-file=\"https:\/\/i0.wp.com\/www.moda.es\/blog\/wp-content\/uploads\/2016\/03\/Captura-de-pantalla-2016-03-10-a-las-0.41.05.png?fit=300%2C200\" data-large-file=\"https:\/\/i0.wp.com\/www.moda.es\/blog\/wp-content\/uploads\/2016\/03\/Captura-de-pantalla-2016-03-10-a-las-0.41.05.png?fit=640%2C427\" \/><\/a>\n\t\t\t<\/div><\/figure>\n\t\t<\/div>\n\n<p>&nbsp;<\/p>\n<p>\u00a9Roger Vivier                             <\/p>\n","protected":false},"excerpt":{"rendered":"<p>Porque no s\u00f3lo de pan vive el hombre, no s\u00f3lo con celebrities se asocian las marcas de lujo hoy. Qu\u00e9 mejor alternativa que contar tambi\u00e9n con las estilistas de las famosas que, a fin de cuentas, son las que dibujan el look que luego todas queremos copiar. Y as\u00ed, la [&hellip;]<\/p>\n","protected":false},"author":3,"featured_media":20394,"comment_status":"open","ping_status":"open","sticky":false,"template":"","format":"standard","meta":{"jetpack_publicize_message":"","jetpack_is_tweetstorm":false,"jetpack_publicize_feature_enabled":true},"categories":[2,3,10,11,14,17],"tags":[1371,1038,779],"jetpack_publicize_connections":[],"jetpack_featured_media_url":"https:\/\/i0.wp.com\/www.moda.es\/blog\/wp-content\/uploads\/2016\/03\/Captura-de-pantalla-2016-03-10-a-las-0.23.51.png?fit=476%2C516","jetpack_sharing_enabled":true,"jetpack_shortlink":"https:\/\/wp.me\/p4tJCC-5iV","jetpack-related-posts":[{"id":21044,"url":"http:\/\/www.moda.es\/blog\/lea-seydoux-imagen-del-perfume-de-louis-vuitton\/","url_meta":{"origin":20393,"position":0},"title":"L\u00e9a Seydoux imagen del perfume de Louis Vuitton","date":"septiembre 5, 2016","format":false,"excerpt":"A principios de este verano, Louis Vuitton anunci\u00f3 que estaba poniendo de nuevo en funcionamiento el negocio de los perfumes casi un siglo despu\u00e9s de que saliera su \u00faltima fragancia. Al fin, este mes de septiembre,\u00a0la marca al fin lanza su nueva serie de fragancias acompa\u00f1adas de una campa\u00f1a publicitaria\u2026","rel":"","context":"En \u00abActualidad\u00bb","img":{"alt_text":"","src":"https:\/\/i0.wp.com\/www.moda.es\/blog\/wp-content\/uploads\/2016\/09\/Captura-de-pantalla-2016-09-05-a-las-19.49.52.png?fit=510%2C263&resize=350%2C200","width":350,"height":200},"classes":[]},{"id":17912,"url":"http:\/\/www.moda.es\/blog\/el-nuevo-papel-protagonista-de-winona-ryder\/","url_meta":{"origin":20393,"position":1},"title":"El nuevo papel protagonista de Winona Ryder","date":"julio 5, 2014","format":false,"excerpt":"Lleva un tiempo bastante retirada de la escena, pero \u00bfqu\u00e9 mejor manera de reaparecer que a trav\u00e9s de una campa\u00f1a? La \u00faltima campa\u00f1a de moda de Winona Ryder fue el resultado de un per\u00edodo turbulento en su vida. En 2001 fue arrestado por robar 5.500 d\u00f3lares en art\u00edculos de unos\u2026","rel":"","context":"En \u00abActualidad\u00bb","img":{"alt_text":"","src":"https:\/\/i0.wp.com\/www.moda.es\/blog\/wp-content\/uploads\/2014\/07\/wino-embed_2961503a.jpg?fit=650%2C391&resize=350%2C200","width":350,"height":200},"classes":[]},{"id":15796,"url":"http:\/\/www.moda.es\/blog\/miroslava-duma-para-roger-vivier\/","url_meta":{"origin":20393,"position":2},"title":"Miroslava Duma para Roger Vivier","date":"febrero 1, 2014","format":false,"excerpt":"Exc\u00e9ntrica y elegante. Divertida y muy chic. As\u00ed es como definimos el resultado del cat\u00e1logo que protagoniza Miroslava Duma para Roger Vivier. No me puede gustar m\u00e1s el hecho de que al fin se cuente para este tipo de proyectos a una persona discreta, menuda, con esa elegancia especial que\u2026","rel":"","context":"En \u00abAccesorios\u00bb","img":{"alt_text":"","src":"https:\/\/i0.wp.com\/www.moda.es\/blog\/wp-content\/uploads\/2014\/02\/Miroslava-Duma-Vivier-71.jpg?fit=500%2C333&resize=350%2C200","width":350,"height":200},"classes":[]},{"id":4689,"url":"http:\/\/www.moda.es\/blog\/goudemalion-jean-paul-goude-en-todo-su-esplendor\/","url_meta":{"origin":20393,"position":3},"title":"Goudemalion: Jean-Paul Goude en todo su esplendor","date":"diciembre 16, 2011","format":false,"excerpt":"Uno de los m\u00e1s brillantes creadores de im\u00e1genes de nuestro tiempo, creador tambi\u00e9n de un universo propio y \u00fanico que ha definido una \u00e9poca. Jean-Paul Goude es un artista de muchos talentos y, por ello y por su trayectoria estelar, el Museo de Artes Decorativas de Par\u00eds le rinde ahora\u2026","rel":"","context":"En \u00abExposiciones\u00bb","img":{"alt_text":"","src":"https:\/\/i0.wp.com\/www.moda.es\/blog\/wp-content\/uploads\/2011\/12\/179187-e13239974442491.jpg?fit=402%2C500&resize=350%2C200","width":350,"height":200},"classes":[]},{"id":15258,"url":"http:\/\/www.moda.es\/blog\/la-muneca-rusa\/","url_meta":{"origin":20393,"position":4},"title":"La mu\u00f1eca rusa","date":"diciembre 16, 2013","format":false,"excerpt":"Es peque\u00f1a y menuda pero no por ello es d\u00e9bil ni pasa desapercibida. Miroslava Duma, (Mira, para amigos y fans), lleva mucho tiempo reinando en los feudos del street style. Es elegante, adora las mezclas de color, tiene la estructura de una delicada mu\u00f1eca y tiene ese nosequ\u00e9 que la\u2026","rel":"","context":"En \u00abColecciones\u00bb","img":{"alt_text":"","src":"https:\/\/i0.wp.com\/www.moda.es\/blog\/wp-content\/uploads\/2013\/12\/oscar-de-la-renta-21.jpg?fit=500%2C376&resize=350%2C200","width":350,"height":200},"classes":[]},{"id":21024,"url":"http:\/\/www.moda.es\/blog\/tenemos-nuevo-calendario-pirelli\/","url_meta":{"origin":20393,"position":5},"title":"Tenemos nuevo calendario Pirelli","date":"agosto 30, 2016","format":false,"excerpt":"Ya podemos echar el primer vistazo al Calendario Pirelli 2017, y el elenco\u00a0de estrellas de las actrices de Hollywood que se anunci\u00f3 como los pr\u00f3ximos temas. Peter Lindbergh,\u00a0que ya fotografi\u00f3\u00a0el calendario en 1996 y 2002 y es famoso por sus im\u00e1genes de estilo cinematogr\u00e1fico, ha fotografiado a Charlotte Rampling, Uma\u2026","rel":"","context":"En \u00abActualidad\u00bb","img":{"alt_text":"","src":"https:\/\/i0.wp.com\/www.moda.es\/blog\/wp-content\/uploads\/2016\/08\/Captura-de-pantalla-2016-08-30-a-las-22.34.22.png?fit=603%2C449&resize=350%2C200","width":350,"height":200},"classes":[]}],"_links":{"self":[{"href":"http:\/\/www.moda.es\/blog\/wp-json\/wp\/v2\/posts\/20393"}],"collection":[{"href":"http:\/\/www.moda.es\/blog\/wp-json\/wp\/v2\/posts"}],"about":[{"href":"http:\/\/www.moda.es\/blog\/wp-json\/wp\/v2\/types\/post"}],"author":[{"embeddable":true,"href":"http:\/\/www.moda.es\/blog\/wp-json\/wp\/v2\/users\/3"}],"replies":[{"embeddable":true,"href":"http:\/\/www.moda.es\/blog\/wp-json\/wp\/v2\/comments?post=20393"}],"version-history":[{"count":10,"href":"http:\/\/www.moda.es\/blog\/wp-json\/wp\/v2\/posts\/20393\/revisions"}],"predecessor-version":[{"id":35972,"href":"http:\/\/www.moda.es\/blog\/wp-json\/wp\/v2\/posts\/20393\/revisions\/35972"}],"wp:featuredmedia":[{"embeddable":true,"href":"http:\/\/www.moda.es\/blog\/wp-json\/wp\/v2\/media\/20394"}],"wp:attachment":[{"href":"http:\/\/www.moda.es\/blog\/wp-json\/wp\/v2\/media?parent=20393"}],"wp:term":[{"taxonomy":"category","embeddable":true,"href":"http:\/\/www.moda.es\/blog\/wp-json\/wp\/v2\/categories?post=20393"},{"taxonomy":"post_tag","embeddable":true,"href":"http:\/\/www.moda.es\/blog\/wp-json\/wp\/v2\/tags?post=20393"}],"curies":[{"name":"wp","href":"https:\/\/api.w.org\/{rel}","templated":true}]}}