{"id":20214,"date":"2016-01-19T14:24:49","date_gmt":"2016-01-19T13:24:49","guid":{"rendered":"http:\/\/www.moda.es\/blog\/?p=20214"},"modified":"2020-04-27T16:36:14","modified_gmt":"2020-04-27T15:36:14","slug":"el-regreso-de-tamara-mellon","status":"publish","type":"post","link":"http:\/\/www.moda.es\/blog\/el-regreso-de-tamara-mellon\/","title":{"rendered":"El regreso de Tamara Mellon"},"content":{"rendered":"<p>Como se hab\u00eda prometido\u00a0en diciembre, <strong>Tamara Mellon<\/strong> ha resurgido de un per\u00edodo de 60 d\u00edas tras su\u00a0bancarrota, poniendo su marca Tamara Mellon (TMB) de nuevo en el panorama de la moda.<\/p>\n<p>La dise\u00f1adora y empresaria, que alcanz\u00f3 la fama\u00a0en <strong>Jimmy Choo<\/strong> antes de marcharse\u00a0para establecer su propio imperio, ha asegurado tener nuevos inversores que le permiten \u00abhacer la transici\u00f3n a\u00a0nuestro modelo de negocio para centrarnos en la venta directa a los clientes a trav\u00e9s de plataformas online\u00a0y tiendas operadas por la compa\u00f1\u00eda \u00ab, seg\u00fan ha informado WWD.<\/p>\n<p>La renovaci\u00f3n viene despu\u00e9s de que\u00a0Mellon rompiera relaciones con sus anteriores\u00a0inversores: &#8211; David Ross, co fundafor de Carphone Warehouse, Lordor Marland,\u00a0y el jefe de\u00a0ICAP Michael Spencer. Todos ellos hab\u00edan hecho una objeci\u00f3n legal a sus planes \u00abpara tomar el control de su nueva empresa de moda seg\u00fan\u00a0\u00a0las leyes de protecci\u00f3n de bancarrota\u00bb, inform\u00f3 The Daily Telegraph, acus\u00e1ndola de \u00abla mala gesti\u00f3n y el abuso\u00bb de la empresa y \u00abel gasto excesivo y comportamiento err\u00e1tico\u00bb. Un tribunal de Delaware, sin embargo, se puso a su\u00a0favor, alabando su \u00abesp\u00edritu y sacrificio\u00bb a fin de mantener su negocio con vida.<\/p>\n<p>Mellon, por su parte tambi\u00e9n tuvo algunas palabras a sus\u00a0antiguos inversores diciendo que no tienen\u00a0\u00ab<strong>ninguna experiencia en el lujo,\u00a0la moda o las industrias creativas<\/strong>\u00bb y \u00abno distinguen un <em>stiletto<\/em> de un <em>Cornetto\u00bb.<\/em><\/p>\n<p>\u00abEsperamos tener un gran \u00e9xito con la implementaci\u00f3n de un nuevo\u00a0enfoque revitalizado, <strong>acortando el proceso de dise\u00f1o y fabricaci\u00f3n<\/strong>\u00a0para\u00a0ofrecer a los clientes la moda que quieren llevar ahora\u00bb, ha declarado ella misma.<\/p>\n<p>Le deseamos toda la suerte a Tamara Mellon. Si supo hacernos so\u00f1ar con Jimmy Choo, seguir\u00e1 haci\u00e9ndolo ahora.<\/p>\n<p><a href=\"http:\/\/www.moda.es\/blog\/el-regreso-de-tamara-mellon\/captura-de-pantalla-2016-01-19-a-las-13-52-48\/\" rel=\"attachment wp-att-20215\"><img data-attachment-id=\"20215\" data-permalink=\"http:\/\/www.moda.es\/blog\/el-regreso-de-tamara-mellon\/captura-de-pantalla-2016-01-19-a-las-13-52-48\/\" data-orig-file=\"https:\/\/i0.wp.com\/www.moda.es\/blog\/wp-content\/uploads\/2016\/01\/Captura-de-pantalla-2016-01-19-a-las-13.52.48.png?fit=396%2C592\" data-orig-size=\"396,592\" data-comments-opened=\"1\" data-image-meta=\"{&quot;aperture&quot;:&quot;0&quot;,&quot;credit&quot;:&quot;&quot;,&quot;camera&quot;:&quot;&quot;,&quot;caption&quot;:&quot;&quot;,&quot;created_timestamp&quot;:&quot;0&quot;,&quot;copyright&quot;:&quot;&quot;,&quot;focal_length&quot;:&quot;0&quot;,&quot;iso&quot;:&quot;0&quot;,&quot;shutter_speed&quot;:&quot;0&quot;,&quot;title&quot;:&quot;&quot;,&quot;orientation&quot;:&quot;0&quot;}\" data-image-title=\"Captura de pantalla 2016-01-19 a las 13.52.48\" data-image-description=\"\" data-image-caption=\"\" data-medium-file=\"https:\/\/i0.wp.com\/www.moda.es\/blog\/wp-content\/uploads\/2016\/01\/Captura-de-pantalla-2016-01-19-a-las-13.52.48.png?fit=201%2C300\" data-large-file=\"https:\/\/i0.wp.com\/www.moda.es\/blog\/wp-content\/uploads\/2016\/01\/Captura-de-pantalla-2016-01-19-a-las-13.52.48.png?fit=396%2C592\" loading=\"lazy\" class=\"aligncenter size-medium wp-image-20215\" src=\"https:\/\/i0.wp.com\/www.moda.es\/blog\/wp-content\/uploads\/2016\/01\/Captura-de-pantalla-2016-01-19-a-las-13.52.48.png?resize=201%2C300\" alt=\"Captura de pantalla 2016-01-19 a las 13.52.48\" width=\"201\" height=\"300\" srcset=\"https:\/\/i0.wp.com\/www.moda.es\/blog\/wp-content\/uploads\/2016\/01\/Captura-de-pantalla-2016-01-19-a-las-13.52.48.png?resize=201%2C300 201w, https:\/\/i0.wp.com\/www.moda.es\/blog\/wp-content\/uploads\/2016\/01\/Captura-de-pantalla-2016-01-19-a-las-13.52.48.png?w=396 396w\" sizes=\"(max-width: 201px) 100vw, 201px\" data-recalc-dims=\"1\" \/><\/a><\/p>\n<p>\u00a9Vogue UK                             <\/p>\n","protected":false},"excerpt":{"rendered":"<p>Como se hab\u00eda prometido\u00a0en diciembre, Tamara Mellon ha resurgido de un per\u00edodo de 60 d\u00edas tras su\u00a0bancarrota, poniendo su marca Tamara Mellon (TMB) de nuevo en el panorama de la moda. La dise\u00f1adora y empresaria, que alcanz\u00f3 la fama\u00a0en Jimmy Choo antes de marcharse\u00a0para establecer su propio imperio, ha asegurado [&hellip;]<\/p>\n","protected":false},"author":3,"featured_media":20215,"comment_status":"open","ping_status":"open","sticky":false,"template":"","format":"standard","meta":{"jetpack_publicize_message":"","jetpack_is_tweetstorm":false,"jetpack_publicize_feature_enabled":true},"categories":[3,10,11,14],"tags":[438,1341],"jetpack_publicize_connections":[],"jetpack_featured_media_url":"https:\/\/i0.wp.com\/www.moda.es\/blog\/wp-content\/uploads\/2016\/01\/Captura-de-pantalla-2016-01-19-a-las-13.52.48.png?fit=396%2C592","jetpack_sharing_enabled":true,"jetpack_shortlink":"https:\/\/wp.me\/p4tJCC-5g2","jetpack-related-posts":[{"id":21076,"url":"http:\/\/www.moda.es\/blog\/tamara-mellon-contra-jimmy-choo\/","url_meta":{"origin":20214,"position":0},"title":"Tamara Mellon contra Jimmy Choo","date":"septiembre 16, 2016","format":false,"excerpt":"Tamara Mellon\u00a0ha presentado una demanda en contra de Jimmy Choo, la compa\u00f1\u00eda que cofund\u00f3 a mediados de los a\u00f1os noventa. En la demanda civil, que alega que su ex empleador \"se dispuso a castigarla, ayudado de una 'extensi\u00f3n' indefinida de la disposici\u00f3n de no competencia de un a\u00f1o despu\u00e9s de\u2026","rel":"","context":"En \u00abActualidad\u00bb","img":{"alt_text":"","src":"https:\/\/i0.wp.com\/www.moda.es\/blog\/wp-content\/uploads\/2016\/09\/Captura-de-pantalla-2016-09-15-a-las-23.52.39.png?fit=491%2C717&resize=350%2C200","width":350,"height":200},"classes":[]},{"id":14431,"url":"http:\/\/www.moda.es\/blog\/lo-ultimo-de-tamara-mellon-no-son-zapatos\/","url_meta":{"origin":20214,"position":1},"title":"Lo \u00faltimo de Tamara Mellon no son zapatos","date":"octubre 16, 2013","format":false,"excerpt":"\u00a0Tamara Mellon hace tiempo que no es la presidenta de Jimmy Choo... \u00bfPero a qui\u00e9n le importa si est\u00e1 en lo mejor de su carrera? Sin duda es una de las reinas del oto\u00f1o. Acaba de publicar el libro de su autobiograf\u00eda que ha titulado En sus zapatos, y tambi\u00e9n\u2026","rel":"","context":"En \u00abColecciones\u00bb","img":{"alt_text":"","src":"https:\/\/i0.wp.com\/www.moda.es\/blog\/wp-content\/uploads\/2013\/10\/Tamara-Mellon-291.jpg?fit=400%2C607&resize=350%2C200","width":350,"height":200},"classes":[]},{"id":12658,"url":"http:\/\/www.moda.es\/blog\/resumen-de-la-semana-18-de-mayo\/","url_meta":{"origin":20214,"position":2},"title":"Resumen de la semana. 18 de mayo","date":"mayo 18, 2013","format":false,"excerpt":"Puede que esta semana nos hayan arrebatado el buen tiempo, pero lo que no nos han quitado ha sido la moda. \u00bfHas estado atento a todo lo que hemos visto esta semana? Pues no te pierdas el resto de noticias que han ocurrido esta semana. Se rumorea que Tamara Mellon\u2026","rel":"","context":"En \u00abAccesorios\u00bb","img":{"alt_text":"Doutzen Kroes - HM 3","src":"https:\/\/i0.wp.com\/www.moda.es\/blog\/wp-content\/uploads\/2013\/05\/Doutzen-Kroes-HM-3.jpg?resize=350%2C200","width":350,"height":200},"classes":[]},{"id":14401,"url":"http:\/\/www.moda.es\/blog\/resumen-de-la-semana-12-de-octubre\/","url_meta":{"origin":20214,"position":3},"title":"Resumen de la semana. 12 de octubre","date":"octubre 12, 2013","format":false,"excerpt":"\u00a1Lleg\u00f3 el fin de semana del Pilar! Independientemente de que est\u00e9s o no a favor de eesta fiesta felicitamos a todos los zaragozanos que celebran su gran fiesta... Y seguimos hablando de moda... Tamara Mellon, co fundadora de Jimmy Choo, se desmarc\u00f3 ayer en una pol\u00e9mica conferencia celebrada en el\u2026","rel":"","context":"En \u00abActualidad\u00bb","img":{"alt_text":"","src":"https:\/\/i0.wp.com\/www.moda.es\/blog\/wp-content\/uploads\/2013\/10\/Tamara-Mellon1.jpg?fit=500%2C750&resize=350%2C200","width":350,"height":200},"classes":[]},{"id":22370,"url":"http:\/\/www.moda.es\/blog\/michael-kors-comprara-jimmy-choo\/","url_meta":{"origin":20214,"position":4},"title":"Michael Kors comprar\u00e1 Jimmy Choo","date":"julio 25, 2017","format":false,"excerpt":"Michael Kors va a comprar la marca de calzado y accesorios de lujo brit\u00e1nica Jimmy Choo por 900 millones de libras tras una subasta, informa The Guardian. La marca con sede en Estados Unidos ha acordado una suma de 230 libras por acci\u00f3n, y los directores de la junta, que\u2026","rel":"","context":"En \u00abActualidad\u00bb","img":{"alt_text":"","src":"https:\/\/i0.wp.com\/www.moda.es\/blog\/wp-content\/uploads\/2017\/07\/Captura-de-pantalla-2017-07-25-a-las-23.01.18.png?fit=353%2C537&resize=350%2C200","width":350,"height":200},"classes":[]},{"id":14076,"url":"http:\/\/www.moda.es\/blog\/lo-mas-sexy-del-otono\/","url_meta":{"origin":20214,"position":5},"title":"Lo m\u00e1s sexy del oto\u00f1o","date":"septiembre 7, 2013","format":false,"excerpt":"Si cre\u00edas haberlo visto todo en cuanto a perfecci\u00f3n y feminidad est\u00e1s equivocada. Intimissimi estrena campa\u00f1a con la bell\u00edsima modelo serbia Tamara Lazic, una incre\u00edble mujer de pelo casta\u00f1o y ojos verdes a la que quiero parecerme desde ya mismo. Lazic, que ya hab\u00eda participado con la marca como una\u2026","rel":"","context":"En \u00abCampa\u00f1as\u00bb","img":{"alt_text":"","src":"https:\/\/i0.wp.com\/www.moda.es\/blog\/wp-content\/uploads\/2013\/09\/Intimissimi-Tamara-Lazic11.jpg?fit=500%2C333&resize=350%2C200","width":350,"height":200},"classes":[]}],"_links":{"self":[{"href":"http:\/\/www.moda.es\/blog\/wp-json\/wp\/v2\/posts\/20214"}],"collection":[{"href":"http:\/\/www.moda.es\/blog\/wp-json\/wp\/v2\/posts"}],"about":[{"href":"http:\/\/www.moda.es\/blog\/wp-json\/wp\/v2\/types\/post"}],"author":[{"embeddable":true,"href":"http:\/\/www.moda.es\/blog\/wp-json\/wp\/v2\/users\/3"}],"replies":[{"embeddable":true,"href":"http:\/\/www.moda.es\/blog\/wp-json\/wp\/v2\/comments?post=20214"}],"version-history":[{"count":7,"href":"http:\/\/www.moda.es\/blog\/wp-json\/wp\/v2\/posts\/20214\/revisions"}],"predecessor-version":[{"id":35999,"href":"http:\/\/www.moda.es\/blog\/wp-json\/wp\/v2\/posts\/20214\/revisions\/35999"}],"wp:featuredmedia":[{"embeddable":true,"href":"http:\/\/www.moda.es\/blog\/wp-json\/wp\/v2\/media\/20215"}],"wp:attachment":[{"href":"http:\/\/www.moda.es\/blog\/wp-json\/wp\/v2\/media?parent=20214"}],"wp:term":[{"taxonomy":"category","embeddable":true,"href":"http:\/\/www.moda.es\/blog\/wp-json\/wp\/v2\/categories?post=20214"},{"taxonomy":"post_tag","embeddable":true,"href":"http:\/\/www.moda.es\/blog\/wp-json\/wp\/v2\/tags?post=20214"}],"curies":[{"name":"wp","href":"https:\/\/api.w.org\/{rel}","templated":true}]}}