{"id":20163,"date":"2016-01-10T19:26:17","date_gmt":"2016-01-10T18:26:17","guid":{"rendered":"http:\/\/www.moda.es\/blog\/?p=20163"},"modified":"2020-04-27T16:37:10","modified_gmt":"2020-04-27T15:37:10","slug":"adios-andre-courreges","status":"publish","type":"post","link":"http:\/\/www.moda.es\/blog\/adios-andre-courreges\/","title":{"rendered":"Adios Andr\u00e9 Courr\u00e8ges"},"content":{"rendered":"<p>Uno\u00a0de los dise\u00f1adores de moda m\u00e1s influyentes de los locos a\u00f1os sesenta acaba de fallecer a los 92 a\u00f1os \u00a0de edad.<\/p>\n<figure id=\"attachment_20165\" aria-describedby=\"caption-attachment-20165\" style=\"width: 188px\" class=\"wp-caption aligncenter\"><a href=\"http:\/\/www.moda.es\/blog\/adios-andre-courreges\/captura-de-pantalla-2016-01-10-a-las-17-45-46\/\" rel=\"attachment wp-att-20165\"><img data-attachment-id=\"20165\" data-permalink=\"http:\/\/www.moda.es\/blog\/adios-andre-courreges\/captura-de-pantalla-2016-01-10-a-las-17-45-46\/\" data-orig-file=\"https:\/\/i0.wp.com\/www.moda.es\/blog\/wp-content\/uploads\/2016\/01\/Captura-de-pantalla-2016-01-10-a-las-17.45.46.png?fit=409%2C652\" data-orig-size=\"409,652\" data-comments-opened=\"1\" data-image-meta=\"{&quot;aperture&quot;:&quot;0&quot;,&quot;credit&quot;:&quot;&quot;,&quot;camera&quot;:&quot;&quot;,&quot;caption&quot;:&quot;&quot;,&quot;created_timestamp&quot;:&quot;0&quot;,&quot;copyright&quot;:&quot;&quot;,&quot;focal_length&quot;:&quot;0&quot;,&quot;iso&quot;:&quot;0&quot;,&quot;shutter_speed&quot;:&quot;0&quot;,&quot;title&quot;:&quot;&quot;,&quot;orientation&quot;:&quot;0&quot;}\" data-image-title=\"Captura de pantalla 2016-01-10 a las 17.45.46\" data-image-description=\"\" data-image-caption=\"&lt;p&gt;Andr\u00e9 Courr\u00e8ges en 1973&lt;\/p&gt;\n\" data-medium-file=\"https:\/\/i0.wp.com\/www.moda.es\/blog\/wp-content\/uploads\/2016\/01\/Captura-de-pantalla-2016-01-10-a-las-17.45.46.png?fit=188%2C300\" data-large-file=\"https:\/\/i0.wp.com\/www.moda.es\/blog\/wp-content\/uploads\/2016\/01\/Captura-de-pantalla-2016-01-10-a-las-17.45.46.png?fit=409%2C652\" loading=\"lazy\" class=\"size-medium wp-image-20165\" src=\"https:\/\/i0.wp.com\/www.moda.es\/blog\/wp-content\/uploads\/2016\/01\/Captura-de-pantalla-2016-01-10-a-las-17.45.46.png?resize=188%2C300\" alt=\"Andr\u00e9 Courr\u00e8ges en 1973\" width=\"188\" height=\"300\" srcset=\"https:\/\/i0.wp.com\/www.moda.es\/blog\/wp-content\/uploads\/2016\/01\/Captura-de-pantalla-2016-01-10-a-las-17.45.46.png?resize=188%2C300 188w, https:\/\/i0.wp.com\/www.moda.es\/blog\/wp-content\/uploads\/2016\/01\/Captura-de-pantalla-2016-01-10-a-las-17.45.46.png?w=409 409w\" sizes=\"(max-width: 188px) 100vw, 188px\" data-recalc-dims=\"1\" \/><\/a><figcaption id=\"caption-attachment-20165\" class=\"wp-caption-text\">Andr\u00e9 Courr\u00e8ges en 1973<\/figcaption><\/figure>\n<p><strong>Andr\u00e9 Courr\u00e8ges<\/strong> era conocido por sus dise\u00f1os de aire futurista y, en particular, por su colecci\u00f3n <strong>Era Espacial<\/strong> de <strong>1964,<\/strong> que lo convirti\u00f3 en uno de los m\u00e1s emocionantes dise\u00f1adores del momento.<\/p>\n<p>La familia del difunto dise\u00f1ador confirm\u00f3 a la prensa francesa que Courr\u00e8ges falleci\u00f3 en su casa en <strong>Neuilly-sur-Seine<\/strong>, un suburbio al oeste de Par\u00eds, el 7 de enero.<\/p>\n<p>Courr\u00e8ges fue un vanguardista que puso un toque geom\u00e9trico y a menudo extravagante en <em>micro-mini<\/em> faldas y vestidos. Hizo de este estilo joven y descarado su se\u00f1a de identidad, y se hizo famoso\u00a0por sus peque\u00f1os vestidos blancos y trajes de pantal\u00f3n. <strong>Brigitte Bardot, Jackie Kennedy, Fran\u00e7oise Hardy y Romy Schneider<\/strong> fueron algunas de sus\u00a0fans.<\/p>\n<p>&nbsp;<\/p>\n<figure id=\"attachment_20164\" aria-describedby=\"caption-attachment-20164\" style=\"width: 186px\" class=\"wp-caption aligncenter\"><a href=\"http:\/\/www.moda.es\/blog\/adios-andre-courreges\/captura-de-pantalla-2016-01-10-a-las-17-45-57\/\" rel=\"attachment wp-att-20164\"><img data-attachment-id=\"20164\" data-permalink=\"http:\/\/www.moda.es\/blog\/adios-andre-courreges\/captura-de-pantalla-2016-01-10-a-las-17-45-57\/\" data-orig-file=\"https:\/\/i0.wp.com\/www.moda.es\/blog\/wp-content\/uploads\/2016\/01\/Captura-de-pantalla-2016-01-10-a-las-17.45.57.png?fit=366%2C589\" data-orig-size=\"366,589\" data-comments-opened=\"1\" data-image-meta=\"{&quot;aperture&quot;:&quot;0&quot;,&quot;credit&quot;:&quot;&quot;,&quot;camera&quot;:&quot;&quot;,&quot;caption&quot;:&quot;&quot;,&quot;created_timestamp&quot;:&quot;0&quot;,&quot;copyright&quot;:&quot;&quot;,&quot;focal_length&quot;:&quot;0&quot;,&quot;iso&quot;:&quot;0&quot;,&quot;shutter_speed&quot;:&quot;0&quot;,&quot;title&quot;:&quot;&quot;,&quot;orientation&quot;:&quot;0&quot;}\" data-image-title=\"Captura de pantalla 2016-01-10 a las 17.45.57\" data-image-description=\"\" data-image-caption=\"&lt;p&gt;Andr\u00e9 Courr\u00e8ges en 1987&lt;\/p&gt;\n\" data-medium-file=\"https:\/\/i0.wp.com\/www.moda.es\/blog\/wp-content\/uploads\/2016\/01\/Captura-de-pantalla-2016-01-10-a-las-17.45.57.png?fit=186%2C300\" data-large-file=\"https:\/\/i0.wp.com\/www.moda.es\/blog\/wp-content\/uploads\/2016\/01\/Captura-de-pantalla-2016-01-10-a-las-17.45.57.png?fit=366%2C589\" loading=\"lazy\" class=\"size-medium wp-image-20164\" src=\"https:\/\/i0.wp.com\/www.moda.es\/blog\/wp-content\/uploads\/2016\/01\/Captura-de-pantalla-2016-01-10-a-las-17.45.57.png?resize=186%2C300\" alt=\"Andr\u00e9 Courr\u00e8ges en 1987\" width=\"186\" height=\"300\" srcset=\"https:\/\/i0.wp.com\/www.moda.es\/blog\/wp-content\/uploads\/2016\/01\/Captura-de-pantalla-2016-01-10-a-las-17.45.57.png?resize=186%2C300 186w, https:\/\/i0.wp.com\/www.moda.es\/blog\/wp-content\/uploads\/2016\/01\/Captura-de-pantalla-2016-01-10-a-las-17.45.57.png?w=366 366w\" sizes=\"(max-width: 186px) 100vw, 186px\" data-recalc-dims=\"1\" \/><\/a><figcaption id=\"caption-attachment-20164\" class=\"wp-caption-text\">Andr\u00e9 Courr\u00e8ges en 1987<\/figcaption><\/figure>\n<p>De hecho, hay un debate sobre qui\u00e9n invent\u00f3 la minifalda \u00bffue Courr\u00e8ges o fue <strong>Mary Quant<\/strong>? De cualquier manera, ambos dise\u00f1adores marcaron el inicio de\u00a0una nueva forma de vestirse para una generaci\u00f3n ansiosa de cambio.<\/p>\n<p>Pero la carrera Courr\u00e8ges podr\u00eda haber resultado tan diferente. Se form\u00f3 como <strong>ingeniero civil<\/strong> hasta los 25, y luego se dirigi\u00f3 a Par\u00eds, donde se uni\u00f3 a la legendaria casa de moda fundada por <strong>Crist\u00f3bal Balenciaga.<\/strong> Fu cortador de patrones durante<strong> 10 a\u00f1os<\/strong> antes de decidir crear\u00a0su propio sello en <strong>1961.<\/strong><\/p>\n<p><a href=\"http:\/\/www.moda.es\/blog\/adios-andre-courreges\/captura-de-pantalla-2016-01-10-a-las-18-02-24\/\" rel=\"attachment wp-att-20166\"><img data-attachment-id=\"20166\" data-permalink=\"http:\/\/www.moda.es\/blog\/adios-andre-courreges\/captura-de-pantalla-2016-01-10-a-las-18-02-24\/\" data-orig-file=\"https:\/\/i0.wp.com\/www.moda.es\/blog\/wp-content\/uploads\/2016\/01\/Captura-de-pantalla-2016-01-10-a-las-18.02.24.png?fit=444%2C443\" data-orig-size=\"444,443\" data-comments-opened=\"1\" data-image-meta=\"{&quot;aperture&quot;:&quot;0&quot;,&quot;credit&quot;:&quot;&quot;,&quot;camera&quot;:&quot;&quot;,&quot;caption&quot;:&quot;&quot;,&quot;created_timestamp&quot;:&quot;0&quot;,&quot;copyright&quot;:&quot;&quot;,&quot;focal_length&quot;:&quot;0&quot;,&quot;iso&quot;:&quot;0&quot;,&quot;shutter_speed&quot;:&quot;0&quot;,&quot;title&quot;:&quot;&quot;,&quot;orientation&quot;:&quot;0&quot;}\" data-image-title=\"Captura de pantalla 2016-01-10 a las 18.02.24\" data-image-description=\"\" data-image-caption=\"\" data-medium-file=\"https:\/\/i0.wp.com\/www.moda.es\/blog\/wp-content\/uploads\/2016\/01\/Captura-de-pantalla-2016-01-10-a-las-18.02.24.png?fit=300%2C300\" data-large-file=\"https:\/\/i0.wp.com\/www.moda.es\/blog\/wp-content\/uploads\/2016\/01\/Captura-de-pantalla-2016-01-10-a-las-18.02.24.png?fit=444%2C443\" loading=\"lazy\" class=\"aligncenter size-medium wp-image-20166\" src=\"https:\/\/i0.wp.com\/www.moda.es\/blog\/wp-content\/uploads\/2016\/01\/Captura-de-pantalla-2016-01-10-a-las-18.02.24.png?resize=300%2C300\" alt=\"Captura de pantalla 2016-01-10 a las 18.02.24\" width=\"300\" height=\"300\" srcset=\"https:\/\/i0.wp.com\/www.moda.es\/blog\/wp-content\/uploads\/2016\/01\/Captura-de-pantalla-2016-01-10-a-las-18.02.24.png?resize=300%2C300 300w, https:\/\/i0.wp.com\/www.moda.es\/blog\/wp-content\/uploads\/2016\/01\/Captura-de-pantalla-2016-01-10-a-las-18.02.24.png?resize=150%2C150 150w, https:\/\/i0.wp.com\/www.moda.es\/blog\/wp-content\/uploads\/2016\/01\/Captura-de-pantalla-2016-01-10-a-las-18.02.24.png?resize=420%2C419 420w, https:\/\/i0.wp.com\/www.moda.es\/blog\/wp-content\/uploads\/2016\/01\/Captura-de-pantalla-2016-01-10-a-las-18.02.24.png?resize=120%2C120 120w, https:\/\/i0.wp.com\/www.moda.es\/blog\/wp-content\/uploads\/2016\/01\/Captura-de-pantalla-2016-01-10-a-las-18.02.24.png?w=444 444w\" sizes=\"(max-width: 300px) 100vw, 300px\" data-recalc-dims=\"1\" \/><\/a><\/p>\n<p>Sus colecciones siempre hicieron\u00a0marcadas\u00a0referencias a la arquitectura y la tecnolog\u00eda, seg\u00fan \u00e9l mismo afirmaba: \u00abSi mi mente\u00a0pasara a ser una mujer,me gustar\u00eda hacer un vestido. Pero a veces un vestido no es capaz de comunicar todas las emociones que deseo transmitir. As\u00ed que trato de expresar mis ideas a trav\u00e9s de otros medios, como la <strong>arquitectura<\/strong>\u00ab. Nacido en los Pirineos, Courr\u00e8ges cre\u00f3 un atelier futurista en su ciudad natal de Pau, que fue renovado hace tres a\u00f1os y se utiliza para la producci\u00f3n de prototipos de la etiqueta.<br \/>\nAunque Courr\u00e8ges se retir\u00f3 en <strong>1994,<\/strong> la marca ha existido desde entonces con <strong>perfumes<\/strong> a trav\u00e9s de acuerdos de licencia. El brazo de alta costura de la empresa se puso en marcha en <strong>2014,<\/strong> con dos j\u00f3venes franceses,<strong> Arnaud Vaillant y S\u00e9bastien Meyer<\/strong> en el tim\u00f3n.<\/p>\n<p>\u00a9Fashion Telegraph                             <\/p>\n","protected":false},"excerpt":{"rendered":"<p>Uno\u00a0de los dise\u00f1adores de moda m\u00e1s influyentes de los locos a\u00f1os sesenta acaba de fallecer a los 92 a\u00f1os \u00a0de edad. Andr\u00e9 Courr\u00e8ges era conocido por sus dise\u00f1os de aire futurista y, en particular, por su colecci\u00f3n Era Espacial de 1964, que lo convirti\u00f3 en uno de los m\u00e1s emocionantes [&hellip;]<\/p>\n","protected":false},"author":3,"featured_media":20164,"comment_status":"open","ping_status":"open","sticky":false,"template":"","format":"standard","meta":{"jetpack_publicize_message":"","jetpack_is_tweetstorm":false,"jetpack_publicize_feature_enabled":true},"categories":[3,11,12],"tags":[1335,1336,1337],"jetpack_publicize_connections":[],"jetpack_featured_media_url":"https:\/\/i0.wp.com\/www.moda.es\/blog\/wp-content\/uploads\/2016\/01\/Captura-de-pantalla-2016-01-10-a-las-17.45.57.png?fit=366%2C589","jetpack_sharing_enabled":true,"jetpack_shortlink":"https:\/\/wp.me\/p4tJCC-5fd","jetpack-related-posts":[{"id":22338,"url":"http:\/\/www.moda.es\/blog\/el-adios-de-los-directores-creativos-de-courreges\/","url_meta":{"origin":20163,"position":0},"title":"El adios de los directores creativos de Courr\u00e8ges","date":"julio 20, 2017","format":false,"excerpt":"Los dos directores creativos de Courr\u00e8ges, S\u00e9bastien Meyer y Arnaud Vaillant, han abandonado sus funciones en la casa de moda francesa, a la que se les encarg\u00f3 resucitar hace dos a\u00f1os. Su salida llega tras la presentaci\u00f3n de la colecci\u00f3n oto\u00f1o - invierno 2017 en la Semana de la Moda\u2026","rel":"","context":"En \u00abActualidad\u00bb","img":{"alt_text":"","src":"https:\/\/i0.wp.com\/www.moda.es\/blog\/wp-content\/uploads\/2017\/07\/Captura-de-pantalla-2017-07-20-a-las-23.22.19.png?fit=523%2C343&resize=350%2C200","width":350,"height":200},"classes":[]},{"id":12271,"url":"http:\/\/www.moda.es\/blog\/courreges-mas-actual-que-nunca\/","url_meta":{"origin":20163,"position":1},"title":"Courr\u00e8ges, m\u00e1s actual que nunca","date":"mayo 2, 2013","format":false,"excerpt":"Los a\u00f1os 60. La m\u00fasica, los colores, la locura y la liberaci\u00f3n de la mujer. La preciada minifalda y ese estilo que hac\u00eda que las mujeres se sintieran vivas... En aquella \u00e9poca, nombres como Twiggy o Courreges revolucionaron la est\u00e9tica y la moda y hoy, esas ideas vuelven a estar\u2026","rel":"","context":"En \u00abColecciones\u00bb","img":{"alt_text":"","src":"https:\/\/i0.wp.com\/www.moda.es\/blog\/wp-content\/uploads\/2013\/05\/Courreges1.jpg?fit=500%2C750&resize=350%2C200","width":350,"height":200},"classes":[]},{"id":19985,"url":"http:\/\/www.moda.es\/blog\/descubre-la-coleccion-de-carven-para-la-redoute\/","url_meta":{"origin":20163,"position":2},"title":"Descubre la colecci\u00f3n de Carven para La Redoute","date":"noviembre 16, 2015","format":false,"excerpt":"Carven ha colaborado con La Redoute en la creaci\u00f3n de una colecci\u00f3n c\u00e1psula que saldr\u00e1 a la venta en enero de 2016. La colecci\u00f3n, que ser\u00e1 dise\u00f1ada por el d\u00fao creativo Adrien Caillaudaud y Alexis Marcial, se ha inspirado en los uniformes de las azafatas \u00a0de aviaci\u00f3n que fueron creados\u2026","rel":"","context":"En \u00abColecciones\u00bb","img":{"alt_text":"","src":"https:\/\/i0.wp.com\/www.moda.es\/blog\/wp-content\/uploads\/2015\/11\/Captura-de-pantalla-2015-11-16-a-las-23.00.00.png?fit=559%2C362&resize=350%2C200","width":350,"height":200},"classes":[]},{"id":22133,"url":"http:\/\/www.moda.es\/blog\/chloe-sevigny-vestiaire-collective-y-el-vintage\/","url_meta":{"origin":20163,"position":3},"title":"Chlo\u00eb Sevigny, Vestiaire Collective y el vintage","date":"mayo 15, 2017","format":false,"excerpt":"No hay mayor sensaci\u00f3n que descubrir una pieza rara de moda vintage en eBay. Es como encontrar una aguja de dise\u00f1o en un pajar, especialmente si eres propenso a caer\u00a0en el\u00a0comercio electr\u00f3nico y desplazarte hasta que directamente\u00a0no puedas ver. La actriz e icono de estilo Chlo\u00eb Sevigny lo consigue. Ella\u2026","rel":"","context":"En \u00abActualidad\u00bb","img":{"alt_text":"","src":"https:\/\/i0.wp.com\/www.moda.es\/blog\/wp-content\/uploads\/2017\/05\/Captura-de-pantalla-2017-05-15-a-las-23.56.40.png?fit=648%2C490&resize=350%2C200","width":350,"height":200},"classes":[]},{"id":7524,"url":"http:\/\/www.moda.es\/blog\/el-jardin-secreto-de-stella-mccartney\/","url_meta":{"origin":20163,"position":4},"title":"El jard\u00edn secreto de Stella McCartney","date":"junio 19, 2012","format":false,"excerpt":"Hablando de colecciones resort, esas que saben ocupar bien los hueco entre pasarela y pasarela, no podemos dejar de hablar de la peculiar manera en que unos dise\u00f1adores se desmarcan para presentar sus nuevas propuestas. Un jard\u00edn buc\u00f3lico, lleno de flores, globos, pompas de jab\u00f3n y juegos de feria. \u00bfLas\u2026","rel":"","context":"En \u00abDise\u00f1adores\u00bb","img":{"alt_text":"","src":"https:\/\/i0.wp.com\/www.moda.es\/blog\/wp-content\/uploads\/2012\/06\/stella-mccartney-2013-resort-e13400612383621.jpg?fit=450%2C299&resize=350%2C200","width":350,"height":200},"classes":[]},{"id":1506,"url":"http:\/\/www.moda.es\/blog\/los-disenadores-espanoles-se-atreven-con-kate\/","url_meta":{"origin":20163,"position":5},"title":"Los dise\u00f1adores espa\u00f1oles se atreven con Kate","date":"abril 12, 2011","format":false,"excerpt":"Ya suenan\u00a0cada vez m\u00e1s cerca\u00a0las campanas de boda para el pr\u00edncipe William y Kate Middleton. Desde hace meses son muchos los rumores sobre qui\u00e9n ser\u00e1 el encargado de crear el vestido de la novia. Hace semanas, salt\u00f3 a las revistas de moda y a algunos peri\u00f3dicos que la elegida ser\u00eda\u2026","rel":"","context":"En \u00abDise\u00f1adores\u00bb","img":{"alt_text":"","src":"https:\/\/i0.wp.com\/www.moda.es\/blog\/wp-content\/uploads\/2011\/04\/prince%20william%20kate%20middleton%20official%20portrait%20mario%20testino%202.jpg?fit=430%2C489&resize=350%2C200","width":350,"height":200},"classes":[]}],"_links":{"self":[{"href":"http:\/\/www.moda.es\/blog\/wp-json\/wp\/v2\/posts\/20163"}],"collection":[{"href":"http:\/\/www.moda.es\/blog\/wp-json\/wp\/v2\/posts"}],"about":[{"href":"http:\/\/www.moda.es\/blog\/wp-json\/wp\/v2\/types\/post"}],"author":[{"embeddable":true,"href":"http:\/\/www.moda.es\/blog\/wp-json\/wp\/v2\/users\/3"}],"replies":[{"embeddable":true,"href":"http:\/\/www.moda.es\/blog\/wp-json\/wp\/v2\/comments?post=20163"}],"version-history":[{"count":7,"href":"http:\/\/www.moda.es\/blog\/wp-json\/wp\/v2\/posts\/20163\/revisions"}],"predecessor-version":[{"id":36005,"href":"http:\/\/www.moda.es\/blog\/wp-json\/wp\/v2\/posts\/20163\/revisions\/36005"}],"wp:featuredmedia":[{"embeddable":true,"href":"http:\/\/www.moda.es\/blog\/wp-json\/wp\/v2\/media\/20164"}],"wp:attachment":[{"href":"http:\/\/www.moda.es\/blog\/wp-json\/wp\/v2\/media?parent=20163"}],"wp:term":[{"taxonomy":"category","embeddable":true,"href":"http:\/\/www.moda.es\/blog\/wp-json\/wp\/v2\/categories?post=20163"},{"taxonomy":"post_tag","embeddable":true,"href":"http:\/\/www.moda.es\/blog\/wp-json\/wp\/v2\/tags?post=20163"}],"curies":[{"name":"wp","href":"https:\/\/api.w.org\/{rel}","templated":true}]}}