{"id":20144,"date":"2016-01-04T20:38:59","date_gmt":"2016-01-04T19:38:59","guid":{"rendered":"http:\/\/www.moda.es\/blog\/?p=20144"},"modified":"2020-04-27T16:37:39","modified_gmt":"2020-04-27T15:37:39","slug":"karlie-kloss-nueva-imagen-de-topshop","status":"publish","type":"post","link":"http:\/\/www.moda.es\/blog\/karlie-kloss-nueva-imagen-de-topshop\/","title":{"rendered":"Karlie Kloss nueva imagen de TopShop"},"content":{"rendered":"<p>Es dif\u00edcil creer que <strong>Karlie Kloss<\/strong> y su bonita cara de duende\u00a0lleven ya protagonizando campa\u00f1as\u00a0\u00a0ocho a\u00f1os(todav\u00eda tiene s\u00f3lo <strong>23 a\u00f1os<\/strong> de edad) pero as\u00ed es.<\/p>\n<p><a href=\"http:\/\/www.moda.es\/blog\/karlie-kloss-nueva-imagen-de-topshop\/captura-de-pantalla-2016-01-04-a-las-20-28-54\/\" rel=\"attachment wp-att-20146\"><img data-attachment-id=\"20146\" data-permalink=\"http:\/\/www.moda.es\/blog\/karlie-kloss-nueva-imagen-de-topshop\/captura-de-pantalla-2016-01-04-a-las-20-28-54\/\" data-orig-file=\"https:\/\/i0.wp.com\/www.moda.es\/blog\/wp-content\/uploads\/2016\/01\/Captura-de-pantalla-2016-01-04-a-las-20.28.54.png?fit=435%2C416\" data-orig-size=\"435,416\" data-comments-opened=\"1\" data-image-meta=\"{&quot;aperture&quot;:&quot;0&quot;,&quot;credit&quot;:&quot;&quot;,&quot;camera&quot;:&quot;&quot;,&quot;caption&quot;:&quot;&quot;,&quot;created_timestamp&quot;:&quot;0&quot;,&quot;copyright&quot;:&quot;&quot;,&quot;focal_length&quot;:&quot;0&quot;,&quot;iso&quot;:&quot;0&quot;,&quot;shutter_speed&quot;:&quot;0&quot;,&quot;title&quot;:&quot;&quot;,&quot;orientation&quot;:&quot;0&quot;}\" data-image-title=\"Captura de pantalla 2016-01-04 a las 20.28.54\" data-image-description=\"\" data-image-caption=\"\" data-medium-file=\"https:\/\/i0.wp.com\/www.moda.es\/blog\/wp-content\/uploads\/2016\/01\/Captura-de-pantalla-2016-01-04-a-las-20.28.54.png?fit=300%2C287\" data-large-file=\"https:\/\/i0.wp.com\/www.moda.es\/blog\/wp-content\/uploads\/2016\/01\/Captura-de-pantalla-2016-01-04-a-las-20.28.54.png?fit=435%2C416\" loading=\"lazy\" class=\"aligncenter size-medium wp-image-20146\" src=\"https:\/\/i0.wp.com\/www.moda.es\/blog\/wp-content\/uploads\/2016\/01\/Captura-de-pantalla-2016-01-04-a-las-20.28.54.png?resize=300%2C287\" alt=\"Captura de pantalla 2016-01-04 a las 20.28.54\" width=\"300\" height=\"287\" srcset=\"https:\/\/i0.wp.com\/www.moda.es\/blog\/wp-content\/uploads\/2016\/01\/Captura-de-pantalla-2016-01-04-a-las-20.28.54.png?resize=300%2C287 300w, https:\/\/i0.wp.com\/www.moda.es\/blog\/wp-content\/uploads\/2016\/01\/Captura-de-pantalla-2016-01-04-a-las-20.28.54.png?resize=420%2C402 420w, https:\/\/i0.wp.com\/www.moda.es\/blog\/wp-content\/uploads\/2016\/01\/Captura-de-pantalla-2016-01-04-a-las-20.28.54.png?w=435 435w\" sizes=\"(max-width: 300px) 100vw, 300px\" data-recalc-dims=\"1\" \/><\/a><\/p>\n<p>Su \u00faltima campa\u00f1a la lleva a su punto de partida devolvi\u00e9ndola a una de las primeras marcas con las que\u00a0trabaj\u00f3 en <strong>2008, <\/strong>el gigante brit\u00e1nico\u00a0<strong>Topshop.<\/strong><\/p>\n<p><a href=\"http:\/\/www.moda.es\/blog\/karlie-kloss-nueva-imagen-de-topshop\/captura-de-pantalla-2016-01-04-a-las-20-28-42\/\" rel=\"attachment wp-att-20145\"><img data-attachment-id=\"20145\" data-permalink=\"http:\/\/www.moda.es\/blog\/karlie-kloss-nueva-imagen-de-topshop\/captura-de-pantalla-2016-01-04-a-las-20-28-42\/\" data-orig-file=\"https:\/\/i0.wp.com\/www.moda.es\/blog\/wp-content\/uploads\/2016\/01\/Captura-de-pantalla-2016-01-04-a-las-20.28.42.png?fit=362%2C583\" data-orig-size=\"362,583\" data-comments-opened=\"1\" data-image-meta=\"{&quot;aperture&quot;:&quot;0&quot;,&quot;credit&quot;:&quot;&quot;,&quot;camera&quot;:&quot;&quot;,&quot;caption&quot;:&quot;&quot;,&quot;created_timestamp&quot;:&quot;0&quot;,&quot;copyright&quot;:&quot;&quot;,&quot;focal_length&quot;:&quot;0&quot;,&quot;iso&quot;:&quot;0&quot;,&quot;shutter_speed&quot;:&quot;0&quot;,&quot;title&quot;:&quot;&quot;,&quot;orientation&quot;:&quot;0&quot;}\" data-image-title=\"Captura de pantalla 2016-01-04 a las 20.28.42\" data-image-description=\"\" data-image-caption=\"\" data-medium-file=\"https:\/\/i0.wp.com\/www.moda.es\/blog\/wp-content\/uploads\/2016\/01\/Captura-de-pantalla-2016-01-04-a-las-20.28.42.png?fit=186%2C300\" data-large-file=\"https:\/\/i0.wp.com\/www.moda.es\/blog\/wp-content\/uploads\/2016\/01\/Captura-de-pantalla-2016-01-04-a-las-20.28.42.png?fit=362%2C583\" loading=\"lazy\" class=\"aligncenter size-medium wp-image-20145\" src=\"https:\/\/i0.wp.com\/www.moda.es\/blog\/wp-content\/uploads\/2016\/01\/Captura-de-pantalla-2016-01-04-a-las-20.28.42.png?resize=186%2C300\" alt=\"Captura de pantalla 2016-01-04 a las 20.28.42\" width=\"186\" height=\"300\" srcset=\"https:\/\/i0.wp.com\/www.moda.es\/blog\/wp-content\/uploads\/2016\/01\/Captura-de-pantalla-2016-01-04-a-las-20.28.42.png?resize=186%2C300 186w, https:\/\/i0.wp.com\/www.moda.es\/blog\/wp-content\/uploads\/2016\/01\/Captura-de-pantalla-2016-01-04-a-las-20.28.42.png?w=362 362w\" sizes=\"(max-width: 186px) 100vw, 186px\" data-recalc-dims=\"1\" \/><\/a><\/p>\n<p>En aquel\u00a0entonces comparti\u00f3 plano con otra de nuestras favoritas que tambi\u00e9n daba sus primeros pasos, <strong>Jourdan Dunn<\/strong>, pero esta vez ella es la \u00fanica protagonista de la campa\u00f1a\u00a0de <strong>primavera \/ verano 2016<\/strong>.<\/p>\n<p><a href=\"http:\/\/www.moda.es\/blog\/karlie-kloss-nueva-imagen-de-topshop\/captura-de-pantalla-2016-01-04-a-las-20-28-33\/\" rel=\"attachment wp-att-20147\"><img data-attachment-id=\"20147\" data-permalink=\"http:\/\/www.moda.es\/blog\/karlie-kloss-nueva-imagen-de-topshop\/captura-de-pantalla-2016-01-04-a-las-20-28-33\/\" data-orig-file=\"https:\/\/i0.wp.com\/www.moda.es\/blog\/wp-content\/uploads\/2016\/01\/Captura-de-pantalla-2016-01-04-a-las-20.28.33.png?fit=287%2C462\" data-orig-size=\"287,462\" data-comments-opened=\"1\" data-image-meta=\"{&quot;aperture&quot;:&quot;0&quot;,&quot;credit&quot;:&quot;&quot;,&quot;camera&quot;:&quot;&quot;,&quot;caption&quot;:&quot;&quot;,&quot;created_timestamp&quot;:&quot;0&quot;,&quot;copyright&quot;:&quot;&quot;,&quot;focal_length&quot;:&quot;0&quot;,&quot;iso&quot;:&quot;0&quot;,&quot;shutter_speed&quot;:&quot;0&quot;,&quot;title&quot;:&quot;&quot;,&quot;orientation&quot;:&quot;0&quot;}\" data-image-title=\"Captura de pantalla 2016-01-04 a las 20.28.33\" data-image-description=\"\" data-image-caption=\"\" data-medium-file=\"https:\/\/i0.wp.com\/www.moda.es\/blog\/wp-content\/uploads\/2016\/01\/Captura-de-pantalla-2016-01-04-a-las-20.28.33.png?fit=186%2C300\" data-large-file=\"https:\/\/i0.wp.com\/www.moda.es\/blog\/wp-content\/uploads\/2016\/01\/Captura-de-pantalla-2016-01-04-a-las-20.28.33.png?fit=287%2C462\" loading=\"lazy\" class=\"aligncenter size-medium wp-image-20147\" src=\"https:\/\/i0.wp.com\/www.moda.es\/blog\/wp-content\/uploads\/2016\/01\/Captura-de-pantalla-2016-01-04-a-las-20.28.33.png?resize=186%2C300\" alt=\"Captura de pantalla 2016-01-04 a las 20.28.33\" width=\"186\" height=\"300\" srcset=\"https:\/\/i0.wp.com\/www.moda.es\/blog\/wp-content\/uploads\/2016\/01\/Captura-de-pantalla-2016-01-04-a-las-20.28.33.png?resize=186%2C300 186w, https:\/\/i0.wp.com\/www.moda.es\/blog\/wp-content\/uploads\/2016\/01\/Captura-de-pantalla-2016-01-04-a-las-20.28.33.png?w=287 287w\" sizes=\"(max-width: 186px) 100vw, 186px\" data-recalc-dims=\"1\" \/><\/a><\/p>\n<p>\u00abEs emocionante tener Karlie de nuevo, ocho a\u00f1os despu\u00e9s de su primer trabajo de modelo y primera campa\u00f1a de Topshop junto Jourdan Dunn,\u00bb ha afirmado<strong>\u00a0Kate Phelan<\/strong>, directora creativo de Topshop. \u00abElla es la \u00faltima chica Topshop, es super moderna, es\u00a0una figura de la moda de renombre mundial, empresaria, emprendedora\u00a0y fil\u00e1ntropa y ser\u00e1 admirada por nuestros clientes a nivel mundial a trav\u00e9s de sus muchos talentos.\u00bb<\/p>\n<p><a href=\"http:\/\/www.moda.es\/blog\/karlie-kloss-nueva-imagen-de-topshop\/captura-de-pantalla-2016-01-04-a-las-20-29-01\/\" rel=\"attachment wp-att-20148\"><img data-attachment-id=\"20148\" data-permalink=\"http:\/\/www.moda.es\/blog\/karlie-kloss-nueva-imagen-de-topshop\/captura-de-pantalla-2016-01-04-a-las-20-29-01\/\" data-orig-file=\"https:\/\/i0.wp.com\/www.moda.es\/blog\/wp-content\/uploads\/2016\/01\/Captura-de-pantalla-2016-01-04-a-las-20.29.01.png?fit=288%2C464\" data-orig-size=\"288,464\" data-comments-opened=\"1\" data-image-meta=\"{&quot;aperture&quot;:&quot;0&quot;,&quot;credit&quot;:&quot;&quot;,&quot;camera&quot;:&quot;&quot;,&quot;caption&quot;:&quot;&quot;,&quot;created_timestamp&quot;:&quot;0&quot;,&quot;copyright&quot;:&quot;&quot;,&quot;focal_length&quot;:&quot;0&quot;,&quot;iso&quot;:&quot;0&quot;,&quot;shutter_speed&quot;:&quot;0&quot;,&quot;title&quot;:&quot;&quot;,&quot;orientation&quot;:&quot;0&quot;}\" data-image-title=\"Captura de pantalla 2016-01-04 a las 20.29.01\" data-image-description=\"\" data-image-caption=\"\" data-medium-file=\"https:\/\/i0.wp.com\/www.moda.es\/blog\/wp-content\/uploads\/2016\/01\/Captura-de-pantalla-2016-01-04-a-las-20.29.01.png?fit=186%2C300\" data-large-file=\"https:\/\/i0.wp.com\/www.moda.es\/blog\/wp-content\/uploads\/2016\/01\/Captura-de-pantalla-2016-01-04-a-las-20.29.01.png?fit=288%2C464\" loading=\"lazy\" class=\"aligncenter size-medium wp-image-20148\" src=\"https:\/\/i0.wp.com\/www.moda.es\/blog\/wp-content\/uploads\/2016\/01\/Captura-de-pantalla-2016-01-04-a-las-20.29.01.png?resize=186%2C300\" alt=\"Captura de pantalla 2016-01-04 a las 20.29.01\" width=\"186\" height=\"300\" srcset=\"https:\/\/i0.wp.com\/www.moda.es\/blog\/wp-content\/uploads\/2016\/01\/Captura-de-pantalla-2016-01-04-a-las-20.29.01.png?resize=186%2C300 186w, https:\/\/i0.wp.com\/www.moda.es\/blog\/wp-content\/uploads\/2016\/01\/Captura-de-pantalla-2016-01-04-a-las-20.29.01.png?w=288 288w\" sizes=\"(max-width: 186px) 100vw, 186px\" data-recalc-dims=\"1\" \/><\/a><\/p>\n<p>As\u00ed que, aunque es posible que todav\u00eda est\u00e9s concentrada\u00a0en el vestuario de invierno vale la pena dar un poco de espacio en nuestra\u00a0cabeza a la lista de deseos de la pr\u00f3xima temporada\u00a0tambi\u00e9n. La nueva colecci\u00f3n que combina prendas sporty con otras muy sexis nos lo van a poner f\u00e1cil.<\/p>\n<p>\u00a9Fashion Telegraph                             <\/p>\n","protected":false},"excerpt":{"rendered":"<p>Es dif\u00edcil creer que Karlie Kloss y su bonita cara de duende\u00a0lleven ya protagonizando campa\u00f1as\u00a0\u00a0ocho a\u00f1os(todav\u00eda tiene s\u00f3lo 23 a\u00f1os de edad) pero as\u00ed es. Su \u00faltima campa\u00f1a la lleva a su punto de partida devolvi\u00e9ndola a una de las primeras marcas con las que\u00a0trabaj\u00f3 en 2008, el gigante brit\u00e1nico\u00a0Topshop. [&hellip;]<\/p>\n","protected":false},"author":3,"featured_media":20145,"comment_status":"open","ping_status":"open","sticky":false,"template":"","format":"standard","meta":{"jetpack_publicize_message":"","jetpack_is_tweetstorm":false,"jetpack_publicize_feature_enabled":true},"categories":[8,11,14,17],"tags":[452,466,897],"jetpack_publicize_connections":[],"jetpack_featured_media_url":"https:\/\/i0.wp.com\/www.moda.es\/blog\/wp-content\/uploads\/2016\/01\/Captura-de-pantalla-2016-01-04-a-las-20.28.42.png?fit=362%2C583","jetpack_sharing_enabled":true,"jetpack_shortlink":"https:\/\/wp.me\/p4tJCC-5eU","jetpack-related-posts":[{"id":19509,"url":"http:\/\/www.moda.es\/blog\/karlie-kloss-nueva-chica-versace\/","url_meta":{"origin":20144,"position":0},"title":"Karlie Kloss, nueva chica Versace","date":"junio 16, 2015","format":false,"excerpt":"Karlie Kloss sigue explorando nuevas campa\u00f1as ahora como imagen de la nueva temporada oto\u00f1o - invierno 2015 de Versace. Despu\u00e9s de anunciar que no renovar\u00e1 su contrato con Victoria's Secret, la modelo ha optado por alistarse en las filas de las grandes marcas de siempre. La modelo comparti\u00f3 el escenario\u2026","rel":"","context":"En \u00abActualidad\u00bb","img":{"alt_text":"","src":"https:\/\/i0.wp.com\/www.moda.es\/blog\/wp-content\/uploads\/2015\/06\/versace.jpg?fit=650%2C867&resize=350%2C200","width":350,"height":200},"classes":[]},{"id":18067,"url":"http:\/\/www.moda.es\/blog\/karlie-kloss-imagen-de-coco-noir-chanel\/","url_meta":{"origin":20144,"position":1},"title":"Karlie Kloss, imagen de Coco Noir Chanel","date":"agosto 13, 2014","format":false,"excerpt":"Lejos de conformarse con ser uno de los fichajes m\u00e1s deseados de las pasarelas, el cuerpo y cara de \u00e1ngel (de Victoria's Secret) de Karlie Kloss que ya figura en el n\u00famero siete de la lista de las cincuenta mejores modelos del mundo, quiere ponerse al frente de las principales\u2026","rel":"","context":"En \u00abCampa\u00f1as\u00bb","img":{"alt_text":"","src":"https:\/\/i0.wp.com\/www.moda.es\/blog\/wp-content\/uploads\/2014\/08\/chanel.jpg?fit=650%2C452&resize=350%2C200","width":350,"height":200},"classes":[]},{"id":20745,"url":"http:\/\/www.moda.es\/blog\/karlie-kloss-nueva-imagen-de-swarovski\/","url_meta":{"origin":20144,"position":2},"title":"Karlie Kloss, nueva imagen de Swarovski","date":"junio 6, 2016","format":false,"excerpt":"\u00bfUn relevo generacional? O quiz\u00e1s la simple necesidad de seguir sorprendiendo a los fans de la marca. Swarovski ha presentado su nueva campa\u00f1a para la colecci\u00f3n oto\u00f1o - invierno 2016, y la nueva imagen de la casa es Karlie Kloss. Recogiendo el testigo de Miranda Kerr, que ha actuado como\u2026","rel":"","context":"En \u00abAccesorios\u00bb","img":{"alt_text":"","src":"https:\/\/i0.wp.com\/www.moda.es\/blog\/wp-content\/uploads\/2016\/06\/Captura-de-pantalla-2016-06-06-a-las-23.09.40.png?fit=626%2C486&resize=350%2C200","width":350,"height":200},"classes":[]},{"id":13078,"url":"http:\/\/www.moda.es\/blog\/karlie-kloss-nueva-chica-jean-paul-gaultier\/","url_meta":{"origin":20144,"position":3},"title":"Karlie Kloss, nueva chica Jean Paul Gaultier","date":"junio 20, 2013","format":false,"excerpt":"Aunque el fot\u00f3grafo, artista, foto - ensayista y director de videos musicales St\u00e9phane Sednaoui es conocido por ser muy polifac\u00e9tico, su fotograf\u00eda de moda no es exactamente lo que le hizo famoso. Al no haber disparado ninguna campa\u00f1a publicitaria de moda notable desde la de Etro para la Primavera de\u2026","rel":"","context":"En \u00abCampa\u00f1as\u00bb","img":{"alt_text":"","src":"https:\/\/i0.wp.com\/www.moda.es\/blog\/wp-content\/uploads\/2013\/06\/JPGKarlie-Kloss1.jpg?fit=400%2C519&resize=350%2C200","width":350,"height":200},"classes":[]},{"id":22505,"url":"http:\/\/www.moda.es\/blog\/karlie-kloss-vuelve-a-la-pasarela-de-victorias-secret-tras-dos-anos\/","url_meta":{"origin":20144,"position":4},"title":"Karlie Kloss vuelve a la pasarela de Victoria&#8217;s Secret tras dos a\u00f1os","date":"septiembre 4, 2017","format":false,"excerpt":"Karlie Kloss est\u00e1 rompiendo su descanso de modelado para regresar al famoso desfile de Victoria's Secret de este a\u00f1o. La modelo anunci\u00f3 la noticia en Instagram ayer con una bonita imagen del backstage del desfile de moda de 2014. \"Nos vemos en Shanghai @VictoriasSecret \ud83d\ude07\ud83d\udc97\", escribi\u00f3 en el pie de\u2026","rel":"","context":"En \u00abDestacados\u00bb","img":{"alt_text":"","src":"https:\/\/i0.wp.com\/www.moda.es\/blog\/wp-content\/uploads\/2017\/09\/Captura-de-pantalla-2017-09-04-a-las-23.02.50.png?fit=675%2C343&resize=350%2C200","width":350,"height":200},"classes":[]},{"id":19629,"url":"http:\/\/www.moda.es\/blog\/karlie-kloss-ahora-blogger\/","url_meta":{"origin":20144,"position":5},"title":"Karlie Kloss, ahora blogger","date":"julio 23, 2015","format":false,"excerpt":"Por si Karlie Kloss no era ya suficientemente perfecta en todo, ha decidido iniciarse como video blogger para que literalmente nos enganchemos a ella. La modelo, estudiante, fil\u00e1ntropa, cocinera, empresaria e imagen de distintas marcas lanz\u00f3 su propio canal en YouTube ayer, ofreciendo una visi\u00f3n de su vida loca y\u2026","rel":"","context":"En \u00abActualidad\u00bb","img":{"alt_text":"","src":"https:\/\/i0.wp.com\/www.moda.es\/blog\/wp-content\/uploads\/2015\/07\/Captura-de-pantalla-2015-07-23-a-las-22.33.12.png?fit=316%2C480&resize=350%2C200","width":350,"height":200},"classes":[]}],"_links":{"self":[{"href":"http:\/\/www.moda.es\/blog\/wp-json\/wp\/v2\/posts\/20144"}],"collection":[{"href":"http:\/\/www.moda.es\/blog\/wp-json\/wp\/v2\/posts"}],"about":[{"href":"http:\/\/www.moda.es\/blog\/wp-json\/wp\/v2\/types\/post"}],"author":[{"embeddable":true,"href":"http:\/\/www.moda.es\/blog\/wp-json\/wp\/v2\/users\/3"}],"replies":[{"embeddable":true,"href":"http:\/\/www.moda.es\/blog\/wp-json\/wp\/v2\/comments?post=20144"}],"version-history":[{"count":7,"href":"http:\/\/www.moda.es\/blog\/wp-json\/wp\/v2\/posts\/20144\/revisions"}],"predecessor-version":[{"id":36008,"href":"http:\/\/www.moda.es\/blog\/wp-json\/wp\/v2\/posts\/20144\/revisions\/36008"}],"wp:featuredmedia":[{"embeddable":true,"href":"http:\/\/www.moda.es\/blog\/wp-json\/wp\/v2\/media\/20145"}],"wp:attachment":[{"href":"http:\/\/www.moda.es\/blog\/wp-json\/wp\/v2\/media?parent=20144"}],"wp:term":[{"taxonomy":"category","embeddable":true,"href":"http:\/\/www.moda.es\/blog\/wp-json\/wp\/v2\/categories?post=20144"},{"taxonomy":"post_tag","embeddable":true,"href":"http:\/\/www.moda.es\/blog\/wp-json\/wp\/v2\/tags?post=20144"}],"curies":[{"name":"wp","href":"https:\/\/api.w.org\/{rel}","templated":true}]}}