{"id":20140,"date":"2016-01-01T22:27:06","date_gmt":"2016-01-01T21:27:06","guid":{"rendered":"http:\/\/www.moda.es\/blog\/?p=20140"},"modified":"2020-04-27T16:37:49","modified_gmt":"2020-04-27T15:37:49","slug":"2016-acaba-de-empezar","status":"publish","type":"post","link":"http:\/\/www.moda.es\/blog\/2016-acaba-de-empezar\/","title":{"rendered":"2016 acaba de empezar&#8230;"},"content":{"rendered":"<p>Y aunque no podemos predecir el futuro ya tenemos en vista varios proyectos que parecen garantizar que \u00a0va a ser un a\u00f1o muy interesante para la moda.<\/p>\n<p><strong>Beyonc\u00e9 y Topshop van a interpretar juntos la ropa deportiva<\/strong><\/p>\n<p>Han estado m\u00e1s de un a\u00f1o de preparaci\u00f3n y la colecci\u00f3n\u00a0promete\u00a0que merecer\u00e1 la\u00a0pena la espera. Est\u00e1 previsto que llegue a las tiendas en <strong>abril<\/strong> con gran ceremonia (se\u00a0trata de Beyonc\u00e9 despu\u00e9s de todo).<\/p>\n<p><a href=\"http:\/\/www.moda.es\/blog\/2016-acaba-de-empezar\/captura-de-pantalla-2016-01-01-a-las-22-08-09\/\" rel=\"attachment wp-att-20141\"><img data-attachment-id=\"20141\" data-permalink=\"http:\/\/www.moda.es\/blog\/2016-acaba-de-empezar\/captura-de-pantalla-2016-01-01-a-las-22-08-09\/\" data-orig-file=\"https:\/\/i0.wp.com\/www.moda.es\/blog\/wp-content\/uploads\/2016\/01\/Captura-de-pantalla-2016-01-01-a-las-22.08.09.png?fit=618%2C612\" data-orig-size=\"618,612\" data-comments-opened=\"1\" data-image-meta=\"{&quot;aperture&quot;:&quot;0&quot;,&quot;credit&quot;:&quot;&quot;,&quot;camera&quot;:&quot;&quot;,&quot;caption&quot;:&quot;&quot;,&quot;created_timestamp&quot;:&quot;0&quot;,&quot;copyright&quot;:&quot;&quot;,&quot;focal_length&quot;:&quot;0&quot;,&quot;iso&quot;:&quot;0&quot;,&quot;shutter_speed&quot;:&quot;0&quot;,&quot;title&quot;:&quot;&quot;,&quot;orientation&quot;:&quot;0&quot;}\" data-image-title=\"Captura de pantalla 2016-01-01 a las 22.08.09\" data-image-description=\"\" data-image-caption=\"\" data-medium-file=\"https:\/\/i0.wp.com\/www.moda.es\/blog\/wp-content\/uploads\/2016\/01\/Captura-de-pantalla-2016-01-01-a-las-22.08.09.png?fit=300%2C297\" data-large-file=\"https:\/\/i0.wp.com\/www.moda.es\/blog\/wp-content\/uploads\/2016\/01\/Captura-de-pantalla-2016-01-01-a-las-22.08.09.png?fit=618%2C612\" loading=\"lazy\" class=\"aligncenter size-medium wp-image-20141\" src=\"https:\/\/i0.wp.com\/www.moda.es\/blog\/wp-content\/uploads\/2016\/01\/Captura-de-pantalla-2016-01-01-a-las-22.08.09.png?resize=300%2C297\" alt=\"Captura de pantalla 2016-01-01 a las 22.08.09\" width=\"300\" height=\"297\" srcset=\"https:\/\/i0.wp.com\/www.moda.es\/blog\/wp-content\/uploads\/2016\/01\/Captura-de-pantalla-2016-01-01-a-las-22.08.09.png?resize=300%2C297 300w, https:\/\/i0.wp.com\/www.moda.es\/blog\/wp-content\/uploads\/2016\/01\/Captura-de-pantalla-2016-01-01-a-las-22.08.09.png?resize=150%2C150 150w, https:\/\/i0.wp.com\/www.moda.es\/blog\/wp-content\/uploads\/2016\/01\/Captura-de-pantalla-2016-01-01-a-las-22.08.09.png?resize=420%2C416 420w, https:\/\/i0.wp.com\/www.moda.es\/blog\/wp-content\/uploads\/2016\/01\/Captura-de-pantalla-2016-01-01-a-las-22.08.09.png?resize=120%2C120 120w, https:\/\/i0.wp.com\/www.moda.es\/blog\/wp-content\/uploads\/2016\/01\/Captura-de-pantalla-2016-01-01-a-las-22.08.09.png?w=618 618w\" sizes=\"(max-width: 300px) 100vw, 300px\" data-recalc-dims=\"1\" \/><\/a><\/p>\n<p><strong>El debut de Demna Gvasalia en Balenciaga<\/strong><\/p>\n<p>Su contrataci\u00f3n fue una sorpresa, pero el dise\u00f1ador Demna Gvasalia sin duda tiene un gran potencial en su nuevo rol como director creativo de Balenciaga. Todos los ojos estar\u00e1n puestos en su primera colecci\u00f3n, que se mostrar\u00e1 en la Semana de la Moda de Par\u00eds en marzo. \u00bfAsistiremos de nuevo a un gran \u00e9xito dirigido por un talento desconocido como ha hecho <strong>Alessandro Michele<\/strong> en <strong>Gucci?<\/strong> No dudamos que Gvasalia puede. Bajo su liderazgo el a\u00f1o pasado la marca francesa Vetements se convirti\u00f3 en una de ls firmas m\u00e1s deseadas.<\/p>\n<p>Por otro lado, <strong>Lanvin<\/strong> parece que no se decide a anunciar el sustituto de <strong>Alber Elbaz<\/strong> todav\u00eda, pero podemos estar seguros de que los primeros meses de 2016 nos traer\u00e1n respuestas&#8230; Mientras llegan asistiremos al estreno de la pel\u00edcula <strong><em>Zoolander 2<\/em><\/strong>, que 15 a\u00f1os despu\u00e9s ha elegido la Semana de la Moda de Nueva York para su aparici\u00f3n en las pantallas.<\/p>\n<p>\u00a1Feliz a\u00f1o nuevo!<\/p>\n<p>&nbsp;<\/p>\n<p>\u00a9Fashion Telegraph                             <\/p>\n","protected":false},"excerpt":{"rendered":"<p>Y aunque no podemos predecir el futuro ya tenemos en vista varios proyectos que parecen garantizar que \u00a0va a ser un a\u00f1o muy interesante para la moda. Beyonc\u00e9 y Topshop van a interpretar juntos la ropa deportiva Han estado m\u00e1s de un a\u00f1o de preparaci\u00f3n y la colecci\u00f3n\u00a0promete\u00a0que merecer\u00e1 la\u00a0pena [&hellip;]<\/p>\n","protected":false},"author":3,"featured_media":20141,"comment_status":"open","ping_status":"open","sticky":false,"template":"","format":"standard","meta":{"jetpack_publicize_message":"","jetpack_is_tweetstorm":false,"jetpack_publicize_feature_enabled":true},"categories":[3,10,11,12,14],"tags":[56,1166,1296,371,508],"jetpack_publicize_connections":[],"jetpack_featured_media_url":"https:\/\/i0.wp.com\/www.moda.es\/blog\/wp-content\/uploads\/2016\/01\/Captura-de-pantalla-2016-01-01-a-las-22.08.09.png?fit=618%2C612","jetpack_sharing_enabled":true,"jetpack_shortlink":"https:\/\/wp.me\/p4tJCC-5eQ","jetpack-related-posts":[{"id":20538,"url":"http:\/\/www.moda.es\/blog\/balenciaga-anuncia-su-primera-coleccion-masculina\/","url_meta":{"origin":20140,"position":0},"title":"Balenciaga anuncia su primera colecci\u00f3n masculina","date":"abril 21, 2016","format":false,"excerpt":"En Balenciaga\u00a0ya est\u00e1n listos para lanzar la\u00a0primera colecci\u00f3n de ropa masculina de la marca bajo la direcci\u00f3n creativa del nuevo dise\u00f1ador Demna Gvasalia. El \u00a0co-fundador de Vetements, \u00a0que ya crea ropa de hombre por su propia l\u00ednea, ha encabezado la iniciativa, siendo la primera vez en 99 a\u00f1os de historia\u2026","rel":"","context":"En \u00abActualidad\u00bb","img":{"alt_text":"","src":"https:\/\/i0.wp.com\/www.moda.es\/blog\/wp-content\/uploads\/2016\/04\/Captura-de-pantalla-2016-04-21-a-las-23.08.07.png?fit=281%2C436&resize=350%2C200","width":350,"height":200},"classes":[]},{"id":22583,"url":"http:\/\/www.moda.es\/blog\/la-nueva-imagen-de-balenciaga\/","url_meta":{"origin":20140,"position":1},"title":"La nueva imagen de Balenciaga","date":"septiembre 29, 2017","format":false,"excerpt":"Demna Gvasalia ha reformado totalmente la imagen de Balenciaga desde que asumi\u00f3 el liderazgo como director creativo en 2015. Esta misma ma\u00f1ana, la marca dio a conocer lo \u00faltimo que le quedan por hacer a Gvasalia: el cambio del logotipo de la firma. Al igual que Raf Simons en Calvin\u2026","rel":"","context":"En \u00abActualidad\u00bb","img":{"alt_text":"","src":"https:\/\/i0.wp.com\/www.moda.es\/blog\/wp-content\/uploads\/2017\/09\/Captura-de-pantalla-2017-09-29-a-las-19.52.39.png?fit=508%2C307&resize=350%2C200","width":350,"height":200},"classes":[]},{"id":19856,"url":"http:\/\/www.moda.es\/blog\/tenemos-nuevo-fichaje-en-balenciaga\/","url_meta":{"origin":20140,"position":2},"title":"Tenemos nuevo fichaje en Balenciaga","date":"octubre 8, 2015","format":false,"excerpt":"Balenciaga al fin ha anunciado qui\u00e9n ser\u00e1 responsable del \u00e9xito de la casa de moda tras la salida de Alexander Wang:\u00a0Demna Gvasalia. El dise\u00f1ador, nacido en Georgia, es actualmente el director creativo de Vetements, un sello franc\u00e9s formado por un colectivo de cinco dise\u00f1adores an\u00f3nimos y que es en muchos\u2026","rel":"","context":"En \u00abActualidad\u00bb","img":{"alt_text":"","src":"https:\/\/i0.wp.com\/www.moda.es\/blog\/wp-content\/uploads\/2015\/10\/Captura-de-pantalla-2015-10-08-a-las-23.26.09.png?fit=442%2C711&resize=350%2C200","width":350,"height":200},"classes":[]},{"id":22180,"url":"http:\/\/www.moda.es\/blog\/tenemos-nueva-excusa-para-ir-a-londres\/","url_meta":{"origin":20140,"position":3},"title":"Tenemos nueva excusa para ir a Londres","date":"mayo 27, 2017","format":false,"excerpt":"El legado de Crist\u00f3bal Balenciaga en innegable. Como se afirmar\u00eda en la revista Vogue en 1962: \"Casi desde el primer d\u00eda en que lanz\u00f3 su sal\u00f3n en 1937, ha sido aclamado como el gran l\u00edder en moda; lo que Balenciaga hace hoy, otros dise\u00f1adores lo har\u00e1n ma\u00f1ana, o el pr\u00f3ximo\u2026","rel":"","context":"En \u00abActualidad\u00bb","img":{"alt_text":"","src":"https:\/\/i0.wp.com\/www.moda.es\/blog\/wp-content\/uploads\/2017\/05\/Captura-de-pantalla-2017-05-27-a-las-17.39.52.png?fit=334%2C508&resize=350%2C200","width":350,"height":200},"classes":[]},{"id":22058,"url":"http:\/\/www.moda.es\/blog\/balenciaga-y-el-bolso-de-la-polemica\/","url_meta":{"origin":20140,"position":4},"title":"Balenciaga y el bolso de la pol\u00e9mica","date":"abril 23, 2017","format":false,"excerpt":"El desfile de hombre de la colecci\u00f3n primavera - verano\u00a02017\u00a0de Balenciaga ha sorprendido por estar\u00a0\u00a0lleno de enormes bolsas de gran tama\u00f1o en colores vibrantes, un art\u00edculo que se ha desmarcado \u00a0como particularmente familiar. La gran bolsa Arena-Creased-Leather Holdall en color azul cobalto se parece a un elemento b\u00e1sico de nuestra\u2026","rel":"","context":"En \u00abAccesorios\u00bb","img":{"alt_text":"","src":"https:\/\/i0.wp.com\/www.moda.es\/blog\/wp-content\/uploads\/2017\/04\/Captura-de-pantalla-2017-04-23-a-las-16.19.50.png?fit=558%2C405&resize=350%2C200","width":350,"height":200},"classes":[]},{"id":20449,"url":"http:\/\/www.moda.es\/blog\/balenciaga-nuevo-objeto-de-denuncia-por-plagio\/","url_meta":{"origin":20140,"position":5},"title":"Balenciaga, nuevo objeto de denuncia por plagio","date":"marzo 18, 2016","format":false,"excerpt":"La industria de la moda es m\u00e1s r\u00e1pida que la mayor\u00eda en presentar denuncias\u00a0por infracci\u00f3n de los derechos de autor por lo que no ha sido\u00a0una sorpresa que tras el debut de Demna Gvasalia de Balenciaga\u00a0hubiera llamadas desde la comunidad de la moda tailandesa\u00a0alegando que sus enormes bolsas de rayas\u2026","rel":"","context":"En \u00abActualidad\u00bb","img":{"alt_text":"","src":"https:\/\/i0.wp.com\/www.moda.es\/blog\/wp-content\/uploads\/2016\/03\/Captura-de-pantalla-2016-03-17-a-las-23.21.37.png?fit=291%2C435&resize=350%2C200","width":350,"height":200},"classes":[]}],"_links":{"self":[{"href":"http:\/\/www.moda.es\/blog\/wp-json\/wp\/v2\/posts\/20140"}],"collection":[{"href":"http:\/\/www.moda.es\/blog\/wp-json\/wp\/v2\/posts"}],"about":[{"href":"http:\/\/www.moda.es\/blog\/wp-json\/wp\/v2\/types\/post"}],"author":[{"embeddable":true,"href":"http:\/\/www.moda.es\/blog\/wp-json\/wp\/v2\/users\/3"}],"replies":[{"embeddable":true,"href":"http:\/\/www.moda.es\/blog\/wp-json\/wp\/v2\/comments?post=20140"}],"version-history":[{"count":7,"href":"http:\/\/www.moda.es\/blog\/wp-json\/wp\/v2\/posts\/20140\/revisions"}],"predecessor-version":[{"id":36009,"href":"http:\/\/www.moda.es\/blog\/wp-json\/wp\/v2\/posts\/20140\/revisions\/36009"}],"wp:featuredmedia":[{"embeddable":true,"href":"http:\/\/www.moda.es\/blog\/wp-json\/wp\/v2\/media\/20141"}],"wp:attachment":[{"href":"http:\/\/www.moda.es\/blog\/wp-json\/wp\/v2\/media?parent=20140"}],"wp:term":[{"taxonomy":"category","embeddable":true,"href":"http:\/\/www.moda.es\/blog\/wp-json\/wp\/v2\/categories?post=20140"},{"taxonomy":"post_tag","embeddable":true,"href":"http:\/\/www.moda.es\/blog\/wp-json\/wp\/v2\/tags?post=20140"}],"curies":[{"name":"wp","href":"https:\/\/api.w.org\/{rel}","templated":true}]}}