{"id":20075,"date":"2015-12-15T23:58:39","date_gmt":"2015-12-15T22:58:39","guid":{"rendered":"http:\/\/www.moda.es\/blog\/?p=20075"},"modified":"2020-04-27T16:38:50","modified_gmt":"2020-04-27T15:38:50","slug":"tenemos-nuevo-fichaje-en-la-familia-burberry","status":"publish","type":"post","link":"http:\/\/www.moda.es\/blog\/tenemos-nuevo-fichaje-en-la-familia-burberry\/","title":{"rendered":"Tenemos nuevo fichaje en la familia Burberry"},"content":{"rendered":"<p>Y no se trata de uno ni dos nuevos talentos, sino de muchos m\u00e1s.<\/p>\n<p>La marca vuelve a su costumbre de contar con nuevos talentos de la escena brit\u00e1nica para su campa\u00f1a de publicidad y esta vez todos vienen pegando fuerte.<\/p>\n<p><a href=\"http:\/\/www.moda.es\/blog\/tenemos-nuevo-fichaje-en-la-familia-burberry\/captura-de-pantalla-2015-12-15-a-las-23-39-30\/\" rel=\"attachment wp-att-20076\"><img data-attachment-id=\"20076\" data-permalink=\"http:\/\/www.moda.es\/blog\/tenemos-nuevo-fichaje-en-la-familia-burberry\/captura-de-pantalla-2015-12-15-a-las-23-39-30\/\" data-orig-file=\"https:\/\/i0.wp.com\/www.moda.es\/blog\/wp-content\/uploads\/2015\/12\/Captura-de-pantalla-2015-12-15-a-las-23.39.30.png?fit=447%2C576\" data-orig-size=\"447,576\" data-comments-opened=\"1\" data-image-meta=\"{&quot;aperture&quot;:&quot;0&quot;,&quot;credit&quot;:&quot;&quot;,&quot;camera&quot;:&quot;&quot;,&quot;caption&quot;:&quot;&quot;,&quot;created_timestamp&quot;:&quot;0&quot;,&quot;copyright&quot;:&quot;&quot;,&quot;focal_length&quot;:&quot;0&quot;,&quot;iso&quot;:&quot;0&quot;,&quot;shutter_speed&quot;:&quot;0&quot;,&quot;title&quot;:&quot;&quot;,&quot;orientation&quot;:&quot;0&quot;}\" data-image-title=\"Captura de pantalla 2015-12-15 a las 23.39.30\" data-image-description=\"\" data-image-caption=\"\" data-medium-file=\"https:\/\/i0.wp.com\/www.moda.es\/blog\/wp-content\/uploads\/2015\/12\/Captura-de-pantalla-2015-12-15-a-las-23.39.30.png?fit=233%2C300\" data-large-file=\"https:\/\/i0.wp.com\/www.moda.es\/blog\/wp-content\/uploads\/2015\/12\/Captura-de-pantalla-2015-12-15-a-las-23.39.30.png?fit=447%2C576\" loading=\"lazy\" class=\"aligncenter size-medium wp-image-20076\" src=\"https:\/\/i0.wp.com\/www.moda.es\/blog\/wp-content\/uploads\/2015\/12\/Captura-de-pantalla-2015-12-15-a-las-23.39.30.png?resize=233%2C300\" alt=\"Captura de pantalla 2015-12-15 a las 23.39.30\" width=\"233\" height=\"300\" srcset=\"https:\/\/i0.wp.com\/www.moda.es\/blog\/wp-content\/uploads\/2015\/12\/Captura-de-pantalla-2015-12-15-a-las-23.39.30.png?resize=233%2C300 233w, https:\/\/i0.wp.com\/www.moda.es\/blog\/wp-content\/uploads\/2015\/12\/Captura-de-pantalla-2015-12-15-a-las-23.39.30.png?resize=420%2C541 420w, https:\/\/i0.wp.com\/www.moda.es\/blog\/wp-content\/uploads\/2015\/12\/Captura-de-pantalla-2015-12-15-a-las-23.39.30.png?w=447 447w\" sizes=\"(max-width: 233px) 100vw, 233px\" data-recalc-dims=\"1\" \/><\/a><\/p>\n<p>Fotografiada por Mario Testino, las im\u00e1genes al\u00a0hijo de <strong>Pierce Brosnan<\/strong> de 18 a\u00f1os de edad, <strong>Dylan,<\/strong> adem\u00e1s de las modelos (y gemelas) <strong>Ruth<\/strong> y <strong>May<\/strong>\u00a0<strong>Bell, Bella Yentob, Misha Hart<\/strong>, y otros seis afortunados.<\/p>\n<p>La campa\u00f1a se compone de <strong>40<\/strong> <strong>im\u00e1genes<\/strong> que se desvelar\u00e1n por completo el pr\u00f3ximo mes de enero.<\/p>\n<p><a href=\"http:\/\/www.moda.es\/blog\/tenemos-nuevo-fichaje-en-la-familia-burberry\/captura-de-pantalla-2015-12-15-a-las-23-37-36\/\" rel=\"attachment wp-att-20077\"><img data-attachment-id=\"20077\" data-permalink=\"http:\/\/www.moda.es\/blog\/tenemos-nuevo-fichaje-en-la-familia-burberry\/captura-de-pantalla-2015-12-15-a-las-23-37-36\/\" data-orig-file=\"https:\/\/i0.wp.com\/www.moda.es\/blog\/wp-content\/uploads\/2015\/12\/Captura-de-pantalla-2015-12-15-a-las-23.37.36.png?fit=635%2C627\" data-orig-size=\"635,627\" data-comments-opened=\"1\" data-image-meta=\"{&quot;aperture&quot;:&quot;0&quot;,&quot;credit&quot;:&quot;&quot;,&quot;camera&quot;:&quot;&quot;,&quot;caption&quot;:&quot;&quot;,&quot;created_timestamp&quot;:&quot;0&quot;,&quot;copyright&quot;:&quot;&quot;,&quot;focal_length&quot;:&quot;0&quot;,&quot;iso&quot;:&quot;0&quot;,&quot;shutter_speed&quot;:&quot;0&quot;,&quot;title&quot;:&quot;&quot;,&quot;orientation&quot;:&quot;0&quot;}\" data-image-title=\"Captura de pantalla 2015-12-15 a las 23.37.36\" data-image-description=\"\" data-image-caption=\"\" data-medium-file=\"https:\/\/i0.wp.com\/www.moda.es\/blog\/wp-content\/uploads\/2015\/12\/Captura-de-pantalla-2015-12-15-a-las-23.37.36.png?fit=300%2C296\" data-large-file=\"https:\/\/i0.wp.com\/www.moda.es\/blog\/wp-content\/uploads\/2015\/12\/Captura-de-pantalla-2015-12-15-a-las-23.37.36.png?fit=635%2C627\" loading=\"lazy\" class=\"aligncenter size-medium wp-image-20077\" src=\"https:\/\/i0.wp.com\/www.moda.es\/blog\/wp-content\/uploads\/2015\/12\/Captura-de-pantalla-2015-12-15-a-las-23.37.36.png?resize=300%2C296\" alt=\"Captura de pantalla 2015-12-15 a las 23.37.36\" width=\"300\" height=\"296\" srcset=\"https:\/\/i0.wp.com\/www.moda.es\/blog\/wp-content\/uploads\/2015\/12\/Captura-de-pantalla-2015-12-15-a-las-23.37.36.png?resize=300%2C296 300w, https:\/\/i0.wp.com\/www.moda.es\/blog\/wp-content\/uploads\/2015\/12\/Captura-de-pantalla-2015-12-15-a-las-23.37.36.png?resize=420%2C415 420w, https:\/\/i0.wp.com\/www.moda.es\/blog\/wp-content\/uploads\/2015\/12\/Captura-de-pantalla-2015-12-15-a-las-23.37.36.png?w=635 635w\" sizes=\"(max-width: 300px) 100vw, 300px\" data-recalc-dims=\"1\" \/><\/a><\/p>\n<p>Brosnan muestra su encanto de estilo <strong><em>rockstar<\/em><\/strong> con una gabardina cl\u00e1sico y\u00a0el pelo azotado por el viento, una mezcla sin esfuerzo de pulseras de color marr\u00f3n y negro, boxers de rayas y un par de jeans ajustados negros a juego. Mientras tanto, las modelos lucen\u00a0vestidos\u00a0de encaje de la colecci\u00f3n de Burberry Prorsum, \u00a0bufandas de estampado check \u00a0con el estampado de corazones y fibra cebra \u00a0y el \u00faltima accesorio icono\u00a0de la marca: la <strong>Mochila.<\/strong><\/p>\n<p><a href=\"http:\/\/www.moda.es\/blog\/tenemos-nuevo-fichaje-en-la-familia-burberry\/captura-de-pantalla-2015-12-15-a-las-23-38-40\/\" rel=\"attachment wp-att-20078\"><img data-attachment-id=\"20078\" data-permalink=\"http:\/\/www.moda.es\/blog\/tenemos-nuevo-fichaje-en-la-familia-burberry\/captura-de-pantalla-2015-12-15-a-las-23-38-40\/\" data-orig-file=\"https:\/\/i0.wp.com\/www.moda.es\/blog\/wp-content\/uploads\/2015\/12\/Captura-de-pantalla-2015-12-15-a-las-23.38.40.png?fit=446%2C580\" data-orig-size=\"446,580\" data-comments-opened=\"1\" data-image-meta=\"{&quot;aperture&quot;:&quot;0&quot;,&quot;credit&quot;:&quot;&quot;,&quot;camera&quot;:&quot;&quot;,&quot;caption&quot;:&quot;&quot;,&quot;created_timestamp&quot;:&quot;0&quot;,&quot;copyright&quot;:&quot;&quot;,&quot;focal_length&quot;:&quot;0&quot;,&quot;iso&quot;:&quot;0&quot;,&quot;shutter_speed&quot;:&quot;0&quot;,&quot;title&quot;:&quot;&quot;,&quot;orientation&quot;:&quot;0&quot;}\" data-image-title=\"Captura de pantalla 2015-12-15 a las 23.38.40\" data-image-description=\"\" data-image-caption=\"\" data-medium-file=\"https:\/\/i0.wp.com\/www.moda.es\/blog\/wp-content\/uploads\/2015\/12\/Captura-de-pantalla-2015-12-15-a-las-23.38.40.png?fit=231%2C300\" data-large-file=\"https:\/\/i0.wp.com\/www.moda.es\/blog\/wp-content\/uploads\/2015\/12\/Captura-de-pantalla-2015-12-15-a-las-23.38.40.png?fit=446%2C580\" loading=\"lazy\" class=\"aligncenter size-medium wp-image-20078\" src=\"https:\/\/i0.wp.com\/www.moda.es\/blog\/wp-content\/uploads\/2015\/12\/Captura-de-pantalla-2015-12-15-a-las-23.38.40.png?resize=231%2C300\" alt=\"Captura de pantalla 2015-12-15 a las 23.38.40\" width=\"231\" height=\"300\" srcset=\"https:\/\/i0.wp.com\/www.moda.es\/blog\/wp-content\/uploads\/2015\/12\/Captura-de-pantalla-2015-12-15-a-las-23.38.40.png?resize=231%2C300 231w, https:\/\/i0.wp.com\/www.moda.es\/blog\/wp-content\/uploads\/2015\/12\/Captura-de-pantalla-2015-12-15-a-las-23.38.40.png?resize=420%2C546 420w, https:\/\/i0.wp.com\/www.moda.es\/blog\/wp-content\/uploads\/2015\/12\/Captura-de-pantalla-2015-12-15-a-las-23.38.40.png?w=446 446w\" sizes=\"(max-width: 231px) 100vw, 231px\" data-recalc-dims=\"1\" \/><\/a><\/p>\n<p>La campa\u00f1a as\u00ed nos muestra la apuesta m\u00e1s agresiva de la marca en mucho tiempo. Con un look natural sin ning\u00fan tipo de maquillaje, peinados deshechos y cuerpos semidesnudos, Burberry apuesta por una imagen m\u00e1s transgresora que nunca.<\/p>\n<p><a href=\"http:\/\/www.moda.es\/blog\/tenemos-nuevo-fichaje-en-la-familia-burberry\/captura-de-pantalla-2015-12-15-a-las-23-39-20\/\" rel=\"attachment wp-att-20079\"><img data-attachment-id=\"20079\" data-permalink=\"http:\/\/www.moda.es\/blog\/tenemos-nuevo-fichaje-en-la-familia-burberry\/captura-de-pantalla-2015-12-15-a-las-23-39-20\/\" data-orig-file=\"https:\/\/i0.wp.com\/www.moda.es\/blog\/wp-content\/uploads\/2015\/12\/Captura-de-pantalla-2015-12-15-a-las-23.39.20.png?fit=446%2C581\" data-orig-size=\"446,581\" data-comments-opened=\"1\" data-image-meta=\"{&quot;aperture&quot;:&quot;0&quot;,&quot;credit&quot;:&quot;&quot;,&quot;camera&quot;:&quot;&quot;,&quot;caption&quot;:&quot;&quot;,&quot;created_timestamp&quot;:&quot;0&quot;,&quot;copyright&quot;:&quot;&quot;,&quot;focal_length&quot;:&quot;0&quot;,&quot;iso&quot;:&quot;0&quot;,&quot;shutter_speed&quot;:&quot;0&quot;,&quot;title&quot;:&quot;&quot;,&quot;orientation&quot;:&quot;0&quot;}\" data-image-title=\"Captura de pantalla 2015-12-15 a las 23.39.20\" data-image-description=\"\" data-image-caption=\"\" data-medium-file=\"https:\/\/i0.wp.com\/www.moda.es\/blog\/wp-content\/uploads\/2015\/12\/Captura-de-pantalla-2015-12-15-a-las-23.39.20.png?fit=230%2C300\" data-large-file=\"https:\/\/i0.wp.com\/www.moda.es\/blog\/wp-content\/uploads\/2015\/12\/Captura-de-pantalla-2015-12-15-a-las-23.39.20.png?fit=446%2C581\" loading=\"lazy\" class=\"aligncenter size-medium wp-image-20079\" src=\"https:\/\/i0.wp.com\/www.moda.es\/blog\/wp-content\/uploads\/2015\/12\/Captura-de-pantalla-2015-12-15-a-las-23.39.20.png?resize=230%2C300\" alt=\"Captura de pantalla 2015-12-15 a las 23.39.20\" width=\"230\" height=\"300\" srcset=\"https:\/\/i0.wp.com\/www.moda.es\/blog\/wp-content\/uploads\/2015\/12\/Captura-de-pantalla-2015-12-15-a-las-23.39.20.png?resize=230%2C300 230w, https:\/\/i0.wp.com\/www.moda.es\/blog\/wp-content\/uploads\/2015\/12\/Captura-de-pantalla-2015-12-15-a-las-23.39.20.png?resize=420%2C547 420w, https:\/\/i0.wp.com\/www.moda.es\/blog\/wp-content\/uploads\/2015\/12\/Captura-de-pantalla-2015-12-15-a-las-23.39.20.png?w=446 446w\" sizes=\"(max-width: 230px) 100vw, 230px\" data-recalc-dims=\"1\" \/><\/a><\/p>\n<p>No te pierdas el v\u00eddeo<\/p>\n<p>&nbsp;<\/p>\n<div class=\"jetpack-video-wrapper\"><span class=\"embed-youtube\" style=\"text-align:center; display: block;\"><iframe loading=\"lazy\" class=\"youtube-player\" width=\"640\" height=\"360\" src=\"https:\/\/www.youtube.com\/embed\/1KD5f-RzQlM?version=3&#038;rel=1&#038;showsearch=0&#038;showinfo=1&#038;iv_load_policy=1&#038;fs=1&#038;hl=es-ES&#038;autohide=2&#038;wmode=transparent\" allowfullscreen=\"true\" style=\"border:0;\" sandbox=\"allow-scripts allow-same-origin allow-popups allow-presentation\"><\/iframe><\/span><\/div>\n<p>&nbsp;<\/p>\n<p>\u00a9Burberry \/ Mario Testino                             <\/p>\n","protected":false},"excerpt":{"rendered":"<p>Y no se trata de uno ni dos nuevos talentos, sino de muchos m\u00e1s. La marca vuelve a su costumbre de contar con nuevos talentos de la escena brit\u00e1nica para su campa\u00f1a de publicidad y esta vez todos vienen pegando fuerte. Fotografiada por Mario Testino, las im\u00e1genes al\u00a0hijo de Pierce [&hellip;]<\/p>\n","protected":false},"author":3,"featured_media":20076,"comment_status":"open","ping_status":"open","sticky":false,"template":"","format":"standard","meta":{"jetpack_publicize_message":"","jetpack_is_tweetstorm":false,"jetpack_publicize_feature_enabled":true},"categories":[3,8,11,14,15,17],"tags":[148,582],"jetpack_publicize_connections":[],"jetpack_featured_media_url":"https:\/\/i0.wp.com\/www.moda.es\/blog\/wp-content\/uploads\/2015\/12\/Captura-de-pantalla-2015-12-15-a-las-23.39.30.png?fit=447%2C576","jetpack_sharing_enabled":true,"jetpack_shortlink":"https:\/\/wp.me\/p4tJCC-5dN","jetpack-related-posts":[{"id":18049,"url":"http:\/\/www.moda.es\/blog\/la-campana-interactiva-de-burberry\/","url_meta":{"origin":20075,"position":0},"title":"La campa\u00f1a interactiva de Burberry","date":"agosto 9, 2014","format":false,"excerpt":"Porque quedarse en las vallas o en las p\u00e1ginas de las revistas ya est\u00e1 muy visto, Burberry, que lleva tiempo aficionada a presentar sus campa\u00f1as en cap\u00edtulos, ha lanzado una aplicaci\u00f3n para smartphone y tablet a trav\u00e9s de la que los fans de la casa podr\u00e1n interactuar con las im\u00e1genes.\u2026","rel":"","context":"En \u00abCampa\u00f1as\u00bb","img":{"alt_text":"","src":"https:\/\/i0.wp.com\/www.moda.es\/blog\/wp-content\/uploads\/2014\/08\/burberry.jpg?fit=650%2C421&resize=350%2C200","width":350,"height":200},"classes":[]},{"id":18634,"url":"http:\/\/www.moda.es\/blog\/naomi-campbell-y-jourdan-dunn-juntas-para-burberry\/","url_meta":{"origin":20075,"position":1},"title":"Naomi Campbell y Jourdan Dunn, juntas para Burberry","date":"diciembre 16, 2014","format":false,"excerpt":"Burberry, la marca brit\u00e1nica por excelencia, le est\u00e1 cogiendo el gusto \u00faltimamente a fotografiar sus campa\u00f1as por parejas. Este oto\u00f1o se unieron Cara Delevingne y Malaika Firth y recientemente su nueva fragancia My Burberry eleg\u00eda a la ni\u00f1a bonita y a Kate Moss como imagen. En su nueva campa\u00f1a para\u2026","rel":"","context":"En \u00abActualidad\u00bb","img":{"alt_text":"","src":"https:\/\/i0.wp.com\/www.moda.es\/blog\/wp-content\/uploads\/2014\/12\/bbjn3.jpg?fit=650%2C975&resize=350%2C200","width":350,"height":200},"classes":[]},{"id":17866,"url":"http:\/\/www.moda.es\/blog\/las-mejores-campanas-del-proximo-otono-ii\/","url_meta":{"origin":20075,"position":2},"title":"Las mejores campa\u00f1as del pr\u00f3ximo oto\u00f1o (II)","date":"junio 23, 2014","format":false,"excerpt":"Seguimos dando un repaso a las campa\u00f1as que nos har\u00e1n so\u00f1ar la pr\u00f3xima temporada y vemos que los sue\u00f1os son mejores cuando se presentan de dos en dos. Prada es una mezcla de colores sobre grises donde destacan Karl Kolbitz y Mica Arga\u00f1araz. Suave cuero, seda y lana enfrentados al\u2026","rel":"","context":"En \u00abCampa\u00f1as\u00bb","img":{"alt_text":"","src":"https:\/\/i0.wp.com\/www.moda.es\/blog\/wp-content\/uploads\/2014\/06\/Burberry-2.jpg?fit=650%2C433&resize=350%2C200","width":350,"height":200},"classes":[]},{"id":9586,"url":"http:\/\/www.moda.es\/blog\/hoy-en-casa-de-los-beckham\/","url_meta":{"origin":20075,"position":3},"title":"Hoy, en casa de los Beckham&#8230;","date":"diciembre 18, 2012","format":false,"excerpt":"...Nos levant\u00e1bamos con muchas noticias. Por un lado Victoria Beckham, dise\u00f1adora y fashionista por excelencia ha anunciado que estrenar\u00e1 la pr\u00f3xima temporada Primavera - Verano 2013 con su nueva web de venta on line. Con la direcci\u00f3n art\u00edstica de Jonny Lu y Lock Isaac, el sitio web ofrecer\u00e1n contar\u00e1 con\u2026","rel":"","context":"En \u00abActualidad\u00bb","img":{"alt_text":"","src":"https:\/\/i0.wp.com\/www.moda.es\/blog\/wp-content\/uploads\/2012\/12\/vb1.jpg?fit=500%2C250&resize=350%2C200","width":350,"height":200},"classes":[]},{"id":20273,"url":"http:\/\/www.moda.es\/blog\/el-nuevo-fotografo-de-burberry\/","url_meta":{"origin":20075,"position":4},"title":"El nuevo fot\u00f3grafo de Burberry&#8230;","date":"febrero 1, 2016","format":false,"excerpt":"...no es Mario Testino, como manda la tradici\u00f3n, sino Brooklyn Beckham. Despu\u00e9s de que su hermano peque\u00f1o Romeo haya protagonizado ya tres campa\u00f1as de la marca brit\u00e1nica, parece que la varita de Christopher Bailey va a seguir tocando al resto de la familia. Lo anunciaba este fin de semana en\u2026","rel":"","context":"En \u00abActualidad\u00bb","img":{"alt_text":"","src":"https:\/\/i0.wp.com\/www.moda.es\/blog\/wp-content\/uploads\/2016\/02\/Captura-de-pantalla-2016-02-01-a-las-22.49.22.png?fit=929%2C598&resize=350%2C200","width":350,"height":200},"classes":[]},{"id":20997,"url":"http:\/\/www.moda.es\/blog\/por-si-pensabas-que-agosto-era-aburrido\/","url_meta":{"origin":20075,"position":5},"title":"Por si pensabas que agosto era aburrido&#8230;","date":"agosto 18, 2016","format":false,"excerpt":"...Burberry anima un poco la semana soltando otra primicia. Despu\u00e9s de que en febrero la marca brit\u00e1nica sacudiera los cimientos del negocio anunciando los cambios en su calendario de desfiles y la unificaci\u00f3n de sus muestras de hombre y mujer en una sola, vuelven a sorprendernos mostrando una preview de\u2026","rel":"","context":"En \u00abActualidad\u00bb","img":{"alt_text":"","src":"https:\/\/i0.wp.com\/www.moda.es\/blog\/wp-content\/uploads\/2016\/08\/Captura-de-pantalla-2016-08-17-a-las-21.32.07.png?fit=633%2C399&resize=350%2C200","width":350,"height":200},"classes":[]}],"_links":{"self":[{"href":"http:\/\/www.moda.es\/blog\/wp-json\/wp\/v2\/posts\/20075"}],"collection":[{"href":"http:\/\/www.moda.es\/blog\/wp-json\/wp\/v2\/posts"}],"about":[{"href":"http:\/\/www.moda.es\/blog\/wp-json\/wp\/v2\/types\/post"}],"author":[{"embeddable":true,"href":"http:\/\/www.moda.es\/blog\/wp-json\/wp\/v2\/users\/3"}],"replies":[{"embeddable":true,"href":"http:\/\/www.moda.es\/blog\/wp-json\/wp\/v2\/comments?post=20075"}],"version-history":[{"count":7,"href":"http:\/\/www.moda.es\/blog\/wp-json\/wp\/v2\/posts\/20075\/revisions"}],"predecessor-version":[{"id":36015,"href":"http:\/\/www.moda.es\/blog\/wp-json\/wp\/v2\/posts\/20075\/revisions\/36015"}],"wp:featuredmedia":[{"embeddable":true,"href":"http:\/\/www.moda.es\/blog\/wp-json\/wp\/v2\/media\/20076"}],"wp:attachment":[{"href":"http:\/\/www.moda.es\/blog\/wp-json\/wp\/v2\/media?parent=20075"}],"wp:term":[{"taxonomy":"category","embeddable":true,"href":"http:\/\/www.moda.es\/blog\/wp-json\/wp\/v2\/categories?post=20075"},{"taxonomy":"post_tag","embeddable":true,"href":"http:\/\/www.moda.es\/blog\/wp-json\/wp\/v2\/tags?post=20075"}],"curies":[{"name":"wp","href":"https:\/\/api.w.org\/{rel}","templated":true}]}}