{"id":20069,"date":"2015-12-14T23:23:06","date_gmt":"2015-12-14T22:23:06","guid":{"rendered":"http:\/\/www.moda.es\/blog\/?p=20069"},"modified":"2020-04-27T16:38:58","modified_gmt":"2020-04-27T15:38:58","slug":"descubre-la-campana-de-bar-refaeli-para-agent-provocateur","status":"publish","type":"post","link":"http:\/\/www.moda.es\/blog\/descubre-la-campana-de-bar-refaeli-para-agent-provocateur\/","title":{"rendered":"Descubre la campa\u00f1a de Bar Refaeli para Agent Provocateur"},"content":{"rendered":"<p><strong>Bar Refaeli<\/strong> es la nueva imagen, o mejor dicho el cuerpo, de la nueva campa\u00f1a de <strong>Agent Provocateur<\/strong>.<\/p>\n<p><a href=\"http:\/\/www.moda.es\/blog\/descubre-la-campana-de-bar-refaeli-para-agent-provocateur\/captura-de-pantalla-2015-12-14-a-las-22-59-00\/\" rel=\"attachment wp-att-20070\"><img data-attachment-id=\"20070\" data-permalink=\"http:\/\/www.moda.es\/blog\/descubre-la-campana-de-bar-refaeli-para-agent-provocateur\/captura-de-pantalla-2015-12-14-a-las-22-59-00\/\" data-orig-file=\"https:\/\/i0.wp.com\/www.moda.es\/blog\/wp-content\/uploads\/2015\/12\/Captura-de-pantalla-2015-12-14-a-las-22.59.00.png?fit=618%2C385\" data-orig-size=\"618,385\" data-comments-opened=\"1\" data-image-meta=\"{&quot;aperture&quot;:&quot;0&quot;,&quot;credit&quot;:&quot;&quot;,&quot;camera&quot;:&quot;&quot;,&quot;caption&quot;:&quot;&quot;,&quot;created_timestamp&quot;:&quot;0&quot;,&quot;copyright&quot;:&quot;&quot;,&quot;focal_length&quot;:&quot;0&quot;,&quot;iso&quot;:&quot;0&quot;,&quot;shutter_speed&quot;:&quot;0&quot;,&quot;title&quot;:&quot;&quot;,&quot;orientation&quot;:&quot;0&quot;}\" data-image-title=\"Captura de pantalla 2015-12-14 a las 22.59.00\" data-image-description=\"\" data-image-caption=\"\" data-medium-file=\"https:\/\/i0.wp.com\/www.moda.es\/blog\/wp-content\/uploads\/2015\/12\/Captura-de-pantalla-2015-12-14-a-las-22.59.00.png?fit=300%2C187\" data-large-file=\"https:\/\/i0.wp.com\/www.moda.es\/blog\/wp-content\/uploads\/2015\/12\/Captura-de-pantalla-2015-12-14-a-las-22.59.00.png?fit=618%2C385\" loading=\"lazy\" class=\"aligncenter size-medium wp-image-20070\" src=\"https:\/\/i0.wp.com\/www.moda.es\/blog\/wp-content\/uploads\/2015\/12\/Captura-de-pantalla-2015-12-14-a-las-22.59.00.png?resize=300%2C187\" alt=\"Captura de pantalla 2015-12-14 a las 22.59.00\" width=\"300\" height=\"187\" srcset=\"https:\/\/i0.wp.com\/www.moda.es\/blog\/wp-content\/uploads\/2015\/12\/Captura-de-pantalla-2015-12-14-a-las-22.59.00.png?resize=300%2C187 300w, https:\/\/i0.wp.com\/www.moda.es\/blog\/wp-content\/uploads\/2015\/12\/Captura-de-pantalla-2015-12-14-a-las-22.59.00.png?resize=420%2C262 420w, https:\/\/i0.wp.com\/www.moda.es\/blog\/wp-content\/uploads\/2015\/12\/Captura-de-pantalla-2015-12-14-a-las-22.59.00.png?w=618 618w\" sizes=\"(max-width: 300px) 100vw, 300px\" data-recalc-dims=\"1\" \/><\/a><br \/>\nLa modelo de 30 a\u00f1os de edad, est\u00e1 de vuelta haciendo lo que mejor sabe hacer con un granero franc\u00e9s como tel\u00f3n de fondo para mostrar\u00a0la nueva colecci\u00f3n de la marca de\u00a0lencer\u00eda de lujo para la pr\u00f3xima primavera &#8211; verano.<\/p>\n<p><a href=\"http:\/\/www.moda.es\/blog\/descubre-la-campana-de-bar-refaeli-para-agent-provocateur\/captura-de-pantalla-2015-12-14-a-las-22-59-10\/\" rel=\"attachment wp-att-20072\"><img data-attachment-id=\"20072\" data-permalink=\"http:\/\/www.moda.es\/blog\/descubre-la-campana-de-bar-refaeli-para-agent-provocateur\/captura-de-pantalla-2015-12-14-a-las-22-59-10\/\" data-orig-file=\"https:\/\/i0.wp.com\/www.moda.es\/blog\/wp-content\/uploads\/2015\/12\/Captura-de-pantalla-2015-12-14-a-las-22.59.10.png?fit=407%2C655\" data-orig-size=\"407,655\" data-comments-opened=\"1\" data-image-meta=\"{&quot;aperture&quot;:&quot;0&quot;,&quot;credit&quot;:&quot;&quot;,&quot;camera&quot;:&quot;&quot;,&quot;caption&quot;:&quot;&quot;,&quot;created_timestamp&quot;:&quot;0&quot;,&quot;copyright&quot;:&quot;&quot;,&quot;focal_length&quot;:&quot;0&quot;,&quot;iso&quot;:&quot;0&quot;,&quot;shutter_speed&quot;:&quot;0&quot;,&quot;title&quot;:&quot;&quot;,&quot;orientation&quot;:&quot;0&quot;}\" data-image-title=\"Captura de pantalla 2015-12-14 a las 22.59.10\" data-image-description=\"\" data-image-caption=\"\" data-medium-file=\"https:\/\/i0.wp.com\/www.moda.es\/blog\/wp-content\/uploads\/2015\/12\/Captura-de-pantalla-2015-12-14-a-las-22.59.10.png?fit=186%2C300\" data-large-file=\"https:\/\/i0.wp.com\/www.moda.es\/blog\/wp-content\/uploads\/2015\/12\/Captura-de-pantalla-2015-12-14-a-las-22.59.10.png?fit=407%2C655\" loading=\"lazy\" class=\"aligncenter size-medium wp-image-20072\" src=\"https:\/\/i0.wp.com\/www.moda.es\/blog\/wp-content\/uploads\/2015\/12\/Captura-de-pantalla-2015-12-14-a-las-22.59.10.png?resize=186%2C300\" alt=\"Captura de pantalla 2015-12-14 a las 22.59.10\" width=\"186\" height=\"300\" srcset=\"https:\/\/i0.wp.com\/www.moda.es\/blog\/wp-content\/uploads\/2015\/12\/Captura-de-pantalla-2015-12-14-a-las-22.59.10.png?resize=186%2C300 186w, https:\/\/i0.wp.com\/www.moda.es\/blog\/wp-content\/uploads\/2015\/12\/Captura-de-pantalla-2015-12-14-a-las-22.59.10.png?w=407 407w\" sizes=\"(max-width: 186px) 100vw, 186px\" data-recalc-dims=\"1\" \/><\/a><\/p>\n<p>&nbsp;<\/p>\n<p>La directora\u00a0creativa de Agent Provocateur, <strong>Sarah Shotton,<\/strong> describe a la modelo como \u00abnuestra mujer perfecta, una mujer incre\u00edble que rezuma sensualidad, la personalidad y la confianza. Y a\u00f1ade: \u00abella tiene una pel\u00edcula de cine negro, una calidad felina a ella que tiene\u00a0una sinergia brillante con la colecci\u00f3n.\u00bb<\/p>\n<p>Refaeli habl\u00f3 recientemente acerca de su cuerpo\u00a0en una entrevista, y se\u00a0describ\u00eda: \u00abNunca he hecho pasarela porque nunca fui lo suficientemente delgada\u00a0o \u00a0alto. Yo era un tipo de mujer m\u00e1s atractivo para ser modelo de fotograf\u00eda y la de pasarela no son tan sexy\u00bb.<\/p>\n<p><a href=\"http:\/\/www.moda.es\/blog\/descubre-la-campana-de-bar-refaeli-para-agent-provocateur\/captura-de-pantalla-2015-12-14-a-las-22-59-26\/\" rel=\"attachment wp-att-20071\"><img data-attachment-id=\"20071\" data-permalink=\"http:\/\/www.moda.es\/blog\/descubre-la-campana-de-bar-refaeli-para-agent-provocateur\/captura-de-pantalla-2015-12-14-a-las-22-59-26\/\" data-orig-file=\"https:\/\/i0.wp.com\/www.moda.es\/blog\/wp-content\/uploads\/2015\/12\/Captura-de-pantalla-2015-12-14-a-las-22.59.26.png?fit=407%2C650\" data-orig-size=\"407,650\" data-comments-opened=\"1\" data-image-meta=\"{&quot;aperture&quot;:&quot;0&quot;,&quot;credit&quot;:&quot;&quot;,&quot;camera&quot;:&quot;&quot;,&quot;caption&quot;:&quot;&quot;,&quot;created_timestamp&quot;:&quot;0&quot;,&quot;copyright&quot;:&quot;&quot;,&quot;focal_length&quot;:&quot;0&quot;,&quot;iso&quot;:&quot;0&quot;,&quot;shutter_speed&quot;:&quot;0&quot;,&quot;title&quot;:&quot;&quot;,&quot;orientation&quot;:&quot;0&quot;}\" data-image-title=\"Captura de pantalla 2015-12-14 a las 22.59.26\" data-image-description=\"\" data-image-caption=\"\" data-medium-file=\"https:\/\/i0.wp.com\/www.moda.es\/blog\/wp-content\/uploads\/2015\/12\/Captura-de-pantalla-2015-12-14-a-las-22.59.26.png?fit=188%2C300\" data-large-file=\"https:\/\/i0.wp.com\/www.moda.es\/blog\/wp-content\/uploads\/2015\/12\/Captura-de-pantalla-2015-12-14-a-las-22.59.26.png?fit=407%2C650\" loading=\"lazy\" class=\"aligncenter size-medium wp-image-20071\" src=\"https:\/\/i0.wp.com\/www.moda.es\/blog\/wp-content\/uploads\/2015\/12\/Captura-de-pantalla-2015-12-14-a-las-22.59.26.png?resize=188%2C300\" alt=\"Captura de pantalla 2015-12-14 a las 22.59.26\" width=\"188\" height=\"300\" srcset=\"https:\/\/i0.wp.com\/www.moda.es\/blog\/wp-content\/uploads\/2015\/12\/Captura-de-pantalla-2015-12-14-a-las-22.59.26.png?resize=188%2C300 188w, https:\/\/i0.wp.com\/www.moda.es\/blog\/wp-content\/uploads\/2015\/12\/Captura-de-pantalla-2015-12-14-a-las-22.59.26.png?w=407 407w\" sizes=\"(max-width: 188px) 100vw, 188px\" data-recalc-dims=\"1\" \/><\/a><\/p>\n<p>No es la primera vez que la modelo prueba con la lencer\u00eda.\u00a0Anteriormente fue el rostro de <strong>Passionata<\/strong>\u00a0y en <strong>2012<\/strong> lanz\u00f3 su propia l\u00ednea, aunque ya no funciona, <strong>Under.Me<\/strong>.<\/p>\n<p>&nbsp;<\/p>\n<p>\u00a9Fashion Telegraph                             <\/p>\n","protected":false},"excerpt":{"rendered":"<p>Bar Refaeli es la nueva imagen, o mejor dicho el cuerpo, de la nueva campa\u00f1a de Agent Provocateur. La modelo de 30 a\u00f1os de edad, est\u00e1 de vuelta haciendo lo que mejor sabe hacer con un granero franc\u00e9s como tel\u00f3n de fondo para mostrar\u00a0la nueva colecci\u00f3n de la marca de\u00a0lencer\u00eda [&hellip;]<\/p>\n","protected":false},"author":3,"featured_media":20070,"comment_status":"open","ping_status":"open","sticky":false,"template":"","format":"standard","meta":{"jetpack_publicize_message":"","jetpack_is_tweetstorm":false,"jetpack_publicize_feature_enabled":true},"categories":[3,8,11,14],"tags":[50,112],"jetpack_publicize_connections":[],"jetpack_featured_media_url":"https:\/\/i0.wp.com\/www.moda.es\/blog\/wp-content\/uploads\/2015\/12\/Captura-de-pantalla-2015-12-14-a-las-22.59.00.png?fit=618%2C385","jetpack_sharing_enabled":true,"jetpack_shortlink":"https:\/\/wp.me\/p4tJCC-5dH","jetpack-related-posts":[{"id":14012,"url":"http:\/\/www.moda.es\/blog\/controlate-pero-ponte-sexy\/","url_meta":{"origin":20069,"position":0},"title":"Contr\u00f3late&#8230; pero ponte sexy","date":"septiembre 2, 2013","format":false,"excerpt":"Tras el escandaloso cortometraje de Pen\u00e9lope Cruz, su hermana, Miguel \u00c1ngel Silvestre y dem\u00e1s familia, Agent Provocateur vuelve a darnos lecciones de sensualidad, en esta ocasi\u00f3n con su campa\u00f1a oto\u00f1o - invierno 2013. Melissa George, Chloe Hayward y Elettra Wiedemann muestran su poder para seducir con una colecci\u00f3n muy sexy.\u2026","rel":"","context":"En \u00abCampa\u00f1as\u00bb","img":{"alt_text":"","src":"https:\/\/i0.wp.com\/www.moda.es\/blog\/wp-content\/uploads\/2013\/09\/Agent-Provocateur-11.jpg?fit=500%2C306&resize=350%2C200","width":350,"height":200},"classes":[]},{"id":12562,"url":"http:\/\/www.moda.es\/blog\/el-lado-solidario-de-cara-y-marc-jacobs\/","url_meta":{"origin":20069,"position":1},"title":"El lado solidario de Cara y Marc Jacobs","date":"mayo 14, 2013","format":false,"excerpt":"No s\u00f3lo de fiestas, desfiles y nuevas colecciones vive la moda. A veces tambi\u00e9n sacan su lado m\u00e1s amable y comprometido y utilizan su poder para llevar iniciativas interesantes a las conciencias de las fashionistas. Cara\u00a0 Delevingne es la \u00faltima cara fashion (y por la naturaleza de la instant\u00e1nea, el\u2026","rel":"","context":"En \u00abDestacados\u00bb","img":{"alt_text":"","src":"https:\/\/i0.wp.com\/www.moda.es\/blog\/wp-content\/uploads\/2013\/05\/Cara-Delevingne-Marc-Jacobs-11.jpg?fit=500%2C750&resize=350%2C200","width":350,"height":200},"classes":[]},{"id":20194,"url":"http:\/\/www.moda.es\/blog\/charlotte-olympia-y-agent-provocateur-se-unen-en-una-coleccion-capsula\/","url_meta":{"origin":20069,"position":2},"title":"Charlotte Olympia y Agent Provocateur se unen en una colecci\u00f3n c\u00e1psula","date":"enero 14, 2016","format":false,"excerpt":"No podemos pensar en dos marcas m\u00e1s adecuadas para una colaboraci\u00f3n que Charlotte Olympia y la firma\u00a0de lencer\u00eda Agent Provocateur. La fundadora de\u00a0Charlotte Olympia, Charlotte Dellal, es un fan declarada de Agent Provocateur desde hace mucho tiempo y tambi\u00e9n tiene experiencia en el dise\u00f1o de ropa interior, pues experiment\u00f3 con\u2026","rel":"","context":"En \u00abAccesorios\u00bb","img":{"alt_text":"","src":"https:\/\/i0.wp.com\/www.moda.es\/blog\/wp-content\/uploads\/2016\/01\/Captura-de-pantalla-2016-01-13-a-las-23.58.54.png?fit=629%2C394&resize=350%2C200","width":350,"height":200},"classes":[]},{"id":5053,"url":"http:\/\/www.moda.es\/blog\/provocacion-bien-medida\/","url_meta":{"origin":20069,"position":3},"title":"Provocaci\u00f3n bien medida","date":"enero 13, 2012","format":false,"excerpt":"En la ropa interior hay tantas opciones como tipos de mujeres. Existe una lencer\u00eda de lujo que tambi\u00e9n es provocadora, ultra sensual, juguetona. En la etiqueta se lee 'Agent Provocateur', un juego de palabras de lo m\u00e1s sugerente. Esta firma inglesa fue creada en 1994 por el hijo de la\u2026","rel":"","context":"En \u00abFirmas\u00bb","img":{"alt_text":"","src":"https:\/\/i0.wp.com\/www.moda.es\/blog\/wp-content\/uploads\/2012\/01\/agent-provocateur-fw-2011-paz-de-la-huerta-e13264885083001.jpg?fit=500%2C333&resize=350%2C200","width":350,"height":200},"classes":[]},{"id":13590,"url":"http:\/\/www.moda.es\/blog\/agent-provocateur-las-hermanas-cruz-y-la-lenceria\/","url_meta":{"origin":20069,"position":4},"title":"Agent Provocateur, las hermanas Cruz y la lencer\u00eda","date":"agosto 3, 2013","format":false,"excerpt":"La moral, el esc\u00e1ndalo y, por qu\u00e9 no decirlo, ese recurrente sentimiento del pudor que con el que algunas empresas visten su ideario han hecho que el estreno del spot de Agent Provocateur dirigido por Pen\u00e9lope Cruz haya sido retirado de Youtube. De acuerdo, el contenido sexual es evidente y\u2026","rel":"","context":"En \u00abActualidad\u00bb","img":{"alt_text":"","src":"https:\/\/i0.wp.com\/www.moda.es\/blog\/wp-content\/uploads\/2013\/08\/Agent-Provocateur-20.jpg?fit=400%2C219&resize=350%2C200","width":350,"height":200},"classes":[]},{"id":18024,"url":"http:\/\/www.moda.es\/blog\/lo-peor-que-puede-salir-de-algo-muy-bueno\/","url_meta":{"origin":20069,"position":5},"title":"Lo peor que puede salir de algo muy bueno","date":"agosto 5, 2014","format":false,"excerpt":"En un primer momento, la uni\u00f3n entre una gran marca, uno de los modelos m\u00e1s atractivos y respetados, y una actriz de fama internacional parece la garant\u00eda de algo muy bueno, pero no siempre es as\u00ed. Agent Provocateur ha presentado la segunda entrega de su colaboraci\u00f3n con Pen\u00e9lope Cruz y\u2026","rel":"","context":"En \u00abActualidad\u00bb","img":{"alt_text":"","src":"https:\/\/i0.wp.com\/www.moda.es\/blog\/wp-content\/uploads\/2014\/08\/agent123.jpg?fit=650%2C433&resize=350%2C200","width":350,"height":200},"classes":[]}],"_links":{"self":[{"href":"http:\/\/www.moda.es\/blog\/wp-json\/wp\/v2\/posts\/20069"}],"collection":[{"href":"http:\/\/www.moda.es\/blog\/wp-json\/wp\/v2\/posts"}],"about":[{"href":"http:\/\/www.moda.es\/blog\/wp-json\/wp\/v2\/types\/post"}],"author":[{"embeddable":true,"href":"http:\/\/www.moda.es\/blog\/wp-json\/wp\/v2\/users\/3"}],"replies":[{"embeddable":true,"href":"http:\/\/www.moda.es\/blog\/wp-json\/wp\/v2\/comments?post=20069"}],"version-history":[{"count":7,"href":"http:\/\/www.moda.es\/blog\/wp-json\/wp\/v2\/posts\/20069\/revisions"}],"predecessor-version":[{"id":36016,"href":"http:\/\/www.moda.es\/blog\/wp-json\/wp\/v2\/posts\/20069\/revisions\/36016"}],"wp:featuredmedia":[{"embeddable":true,"href":"http:\/\/www.moda.es\/blog\/wp-json\/wp\/v2\/media\/20070"}],"wp:attachment":[{"href":"http:\/\/www.moda.es\/blog\/wp-json\/wp\/v2\/media?parent=20069"}],"wp:term":[{"taxonomy":"category","embeddable":true,"href":"http:\/\/www.moda.es\/blog\/wp-json\/wp\/v2\/categories?post=20069"},{"taxonomy":"post_tag","embeddable":true,"href":"http:\/\/www.moda.es\/blog\/wp-json\/wp\/v2\/tags?post=20069"}],"curies":[{"name":"wp","href":"https:\/\/api.w.org\/{rel}","templated":true}]}}