{"id":20000,"date":"2015-11-22T00:19:19","date_gmt":"2015-11-21T23:19:19","guid":{"rendered":"http:\/\/www.moda.es\/blog\/?p=20000"},"modified":"2020-04-27T16:40:55","modified_gmt":"2020-04-27T15:40:55","slug":"la-pareja-perfecta","status":"publish","type":"post","link":"http:\/\/www.moda.es\/blog\/la-pareja-perfecta\/","title":{"rendered":"La pareja perfecta&#8230;"},"content":{"rendered":"<p>&#8230; la forman esta semana<strong> Salvatore Ferragamo y Edgardo Osorio<\/strong>.<\/p>\n<p><a href=\"https:\/\/i0.wp.com\/www.moda.es\/blog\/wp-content\/uploads\/2015\/11\/Captura-de-pantalla-2015-11-21-a-las-23.52.34.png\"><img data-attachment-id=\"20003\" data-permalink=\"http:\/\/www.moda.es\/blog\/la-pareja-perfecta\/captura-de-pantalla-2015-11-21-a-las-23-52-34\/\" data-orig-file=\"https:\/\/i0.wp.com\/www.moda.es\/blog\/wp-content\/uploads\/2015\/11\/Captura-de-pantalla-2015-11-21-a-las-23.52.34.png?fit=374%2C586\" data-orig-size=\"374,586\" data-comments-opened=\"1\" data-image-meta=\"{&quot;aperture&quot;:&quot;0&quot;,&quot;credit&quot;:&quot;&quot;,&quot;camera&quot;:&quot;&quot;,&quot;caption&quot;:&quot;&quot;,&quot;created_timestamp&quot;:&quot;0&quot;,&quot;copyright&quot;:&quot;&quot;,&quot;focal_length&quot;:&quot;0&quot;,&quot;iso&quot;:&quot;0&quot;,&quot;shutter_speed&quot;:&quot;0&quot;,&quot;title&quot;:&quot;&quot;}\" data-image-title=\"Captura de pantalla 2015-11-21 a las 23.52.34\" data-image-description=\"\" data-image-caption=\"\" data-medium-file=\"https:\/\/i0.wp.com\/www.moda.es\/blog\/wp-content\/uploads\/2015\/11\/Captura-de-pantalla-2015-11-21-a-las-23.52.34.png?fit=191%2C300\" data-large-file=\"https:\/\/i0.wp.com\/www.moda.es\/blog\/wp-content\/uploads\/2015\/11\/Captura-de-pantalla-2015-11-21-a-las-23.52.34.png?fit=374%2C586\" loading=\"lazy\" class=\"aligncenter size-medium wp-image-20003\" alt=\"Captura de pantalla 2015-11-21 a las 23.52.34\" src=\"https:\/\/i0.wp.com\/www.moda.es\/blog\/wp-content\/uploads\/2015\/11\/Captura-de-pantalla-2015-11-21-a-las-23.52.34.png?resize=191%2C300\" width=\"191\" height=\"300\" srcset=\"https:\/\/i0.wp.com\/www.moda.es\/blog\/wp-content\/uploads\/2015\/11\/Captura-de-pantalla-2015-11-21-a-las-23.52.34.png?resize=191%2C300 191w, https:\/\/i0.wp.com\/www.moda.es\/blog\/wp-content\/uploads\/2015\/11\/Captura-de-pantalla-2015-11-21-a-las-23.52.34.png?w=374 374w\" sizes=\"(max-width: 191px) 100vw, 191px\" data-recalc-dims=\"1\" \/><\/a><\/p>\n<p>Las amantes de los zapatos (aunque esto seguramente englobe a todas las mujeres), ya se habr\u00e1n percatado (y seguramente apuntado) a la creciente tendencia de los zapatos elegantemente anudados al tobillo. Y el responsable de esa tendencia ha sido el creador de la joven marca de calzado <strong>Aquazzura.\u00a0<\/strong>\u00bfPero qu\u00e9 hay mejor que un talentoso dise\u00f1ador de zapatos? Obviamente, dos.<\/p>\n<p><a href=\"https:\/\/i0.wp.com\/www.moda.es\/blog\/wp-content\/uploads\/2015\/11\/Captura-de-pantalla-2015-11-21-a-las-23.52.50.png\"><img data-attachment-id=\"20002\" data-permalink=\"http:\/\/www.moda.es\/blog\/la-pareja-perfecta\/captura-de-pantalla-2015-11-21-a-las-23-52-50\/\" data-orig-file=\"https:\/\/i0.wp.com\/www.moda.es\/blog\/wp-content\/uploads\/2015\/11\/Captura-de-pantalla-2015-11-21-a-las-23.52.50.png?fit=468%2C426\" data-orig-size=\"468,426\" data-comments-opened=\"1\" data-image-meta=\"{&quot;aperture&quot;:&quot;0&quot;,&quot;credit&quot;:&quot;&quot;,&quot;camera&quot;:&quot;&quot;,&quot;caption&quot;:&quot;&quot;,&quot;created_timestamp&quot;:&quot;0&quot;,&quot;copyright&quot;:&quot;&quot;,&quot;focal_length&quot;:&quot;0&quot;,&quot;iso&quot;:&quot;0&quot;,&quot;shutter_speed&quot;:&quot;0&quot;,&quot;title&quot;:&quot;&quot;}\" data-image-title=\"Captura de pantalla 2015-11-21 a las 23.52.50\" data-image-description=\"\" data-image-caption=\"\" data-medium-file=\"https:\/\/i0.wp.com\/www.moda.es\/blog\/wp-content\/uploads\/2015\/11\/Captura-de-pantalla-2015-11-21-a-las-23.52.50.png?fit=300%2C273\" data-large-file=\"https:\/\/i0.wp.com\/www.moda.es\/blog\/wp-content\/uploads\/2015\/11\/Captura-de-pantalla-2015-11-21-a-las-23.52.50.png?fit=468%2C426\" loading=\"lazy\" class=\"aligncenter size-medium wp-image-20002\" alt=\"Captura de pantalla 2015-11-21 a las 23.52.50\" src=\"https:\/\/i0.wp.com\/www.moda.es\/blog\/wp-content\/uploads\/2015\/11\/Captura-de-pantalla-2015-11-21-a-las-23.52.50.png?resize=300%2C273\" width=\"300\" height=\"273\" srcset=\"https:\/\/i0.wp.com\/www.moda.es\/blog\/wp-content\/uploads\/2015\/11\/Captura-de-pantalla-2015-11-21-a-las-23.52.50.png?resize=300%2C273 300w, https:\/\/i0.wp.com\/www.moda.es\/blog\/wp-content\/uploads\/2015\/11\/Captura-de-pantalla-2015-11-21-a-las-23.52.50.png?resize=420%2C382 420w, https:\/\/i0.wp.com\/www.moda.es\/blog\/wp-content\/uploads\/2015\/11\/Captura-de-pantalla-2015-11-21-a-las-23.52.50.png?w=468 468w\" sizes=\"(max-width: 300px) 100vw, 300px\" data-recalc-dims=\"1\" \/><\/a><\/p>\n<p>Por eso ambas casas anuncian su alianza para crear una colecci\u00f3n c\u00e1psula de sandalias que ya est\u00e1n en las listas de deseos de toda <em>fashi<\/em><em>onista<\/em> que se precie. De hecho no es la primera vez que escribem su historia juntos.<\/p>\n<p>Curiosamente, tambi\u00e9n es un regreso a casa. Despu\u00e9s de estudiar en el <strong>London College of Fashion<\/strong> y en la <strong>Central Saint Martins<\/strong>, un joven de 19 a\u00f1os de edad, Osorio, se curti\u00f3 en la etiqueta. \u00c9l mismo dice que se siente muy honrado de que hayan querido colaborar con \u00e9l: \u00abEs la primera vez en la historia que usan el nombre de otro dise\u00f1ador, y es genial volver despu\u00e9s de 10 a\u00f1os y ver los archivos con nuevos ojos \u00ab.<\/p>\n<p><a href=\"https:\/\/i0.wp.com\/www.moda.es\/blog\/wp-content\/uploads\/2015\/11\/Captura-de-pantalla-2015-11-21-a-las-23.56.57.png\"><img data-attachment-id=\"20004\" data-permalink=\"http:\/\/www.moda.es\/blog\/la-pareja-perfecta\/captura-de-pantalla-2015-11-21-a-las-23-56-57\/\" data-orig-file=\"https:\/\/i0.wp.com\/www.moda.es\/blog\/wp-content\/uploads\/2015\/11\/Captura-de-pantalla-2015-11-21-a-las-23.56.57.png?fit=447%2C424\" data-orig-size=\"447,424\" data-comments-opened=\"1\" data-image-meta=\"{&quot;aperture&quot;:&quot;0&quot;,&quot;credit&quot;:&quot;&quot;,&quot;camera&quot;:&quot;&quot;,&quot;caption&quot;:&quot;&quot;,&quot;created_timestamp&quot;:&quot;0&quot;,&quot;copyright&quot;:&quot;&quot;,&quot;focal_length&quot;:&quot;0&quot;,&quot;iso&quot;:&quot;0&quot;,&quot;shutter_speed&quot;:&quot;0&quot;,&quot;title&quot;:&quot;&quot;}\" data-image-title=\"Captura de pantalla 2015-11-21 a las 23.56.57\" data-image-description=\"\" data-image-caption=\"\" data-medium-file=\"https:\/\/i0.wp.com\/www.moda.es\/blog\/wp-content\/uploads\/2015\/11\/Captura-de-pantalla-2015-11-21-a-las-23.56.57.png?fit=300%2C284\" data-large-file=\"https:\/\/i0.wp.com\/www.moda.es\/blog\/wp-content\/uploads\/2015\/11\/Captura-de-pantalla-2015-11-21-a-las-23.56.57.png?fit=447%2C424\" loading=\"lazy\" class=\"aligncenter size-medium wp-image-20004\" alt=\"Captura de pantalla 2015-11-21 a las 23.56.57\" src=\"https:\/\/i0.wp.com\/www.moda.es\/blog\/wp-content\/uploads\/2015\/11\/Captura-de-pantalla-2015-11-21-a-las-23.56.57.png?resize=300%2C284\" width=\"300\" height=\"284\" srcset=\"https:\/\/i0.wp.com\/www.moda.es\/blog\/wp-content\/uploads\/2015\/11\/Captura-de-pantalla-2015-11-21-a-las-23.56.57.png?resize=300%2C284 300w, https:\/\/i0.wp.com\/www.moda.es\/blog\/wp-content\/uploads\/2015\/11\/Captura-de-pantalla-2015-11-21-a-las-23.56.57.png?resize=420%2C398 420w, https:\/\/i0.wp.com\/www.moda.es\/blog\/wp-content\/uploads\/2015\/11\/Captura-de-pantalla-2015-11-21-a-las-23.56.57.png?w=447 447w\" sizes=\"(max-width: 300px) 100vw, 300px\" data-recalc-dims=\"1\" \/><\/a><\/p>\n<p>Para esta colecci\u00f3n, el creador ha tomado colores alegres, corcho, lunares, tacones de diferentes alturas y construcciones y sobre todo muchas <strong>cintas<\/strong> que abrazan el tobillo de diferentes maneras para crear una colecci\u00f3n divertida que se remata con sandalias abotinadas en negro que combinan absolutamente con todo.<\/p>\n<p><a href=\"https:\/\/i0.wp.com\/www.moda.es\/blog\/wp-content\/uploads\/2015\/11\/Captura-de-pantalla-2015-11-21-a-las-23.57.16.png\"><img data-attachment-id=\"20005\" data-permalink=\"http:\/\/www.moda.es\/blog\/la-pareja-perfecta\/captura-de-pantalla-2015-11-21-a-las-23-57-16\/\" data-orig-file=\"https:\/\/i0.wp.com\/www.moda.es\/blog\/wp-content\/uploads\/2015\/11\/Captura-de-pantalla-2015-11-21-a-las-23.57.16.png?fit=404%2C289\" data-orig-size=\"404,289\" data-comments-opened=\"1\" data-image-meta=\"{&quot;aperture&quot;:&quot;0&quot;,&quot;credit&quot;:&quot;&quot;,&quot;camera&quot;:&quot;&quot;,&quot;caption&quot;:&quot;&quot;,&quot;created_timestamp&quot;:&quot;0&quot;,&quot;copyright&quot;:&quot;&quot;,&quot;focal_length&quot;:&quot;0&quot;,&quot;iso&quot;:&quot;0&quot;,&quot;shutter_speed&quot;:&quot;0&quot;,&quot;title&quot;:&quot;&quot;}\" data-image-title=\"Captura de pantalla 2015-11-21 a las 23.57.16\" data-image-description=\"\" data-image-caption=\"\" data-medium-file=\"https:\/\/i0.wp.com\/www.moda.es\/blog\/wp-content\/uploads\/2015\/11\/Captura-de-pantalla-2015-11-21-a-las-23.57.16.png?fit=300%2C214\" data-large-file=\"https:\/\/i0.wp.com\/www.moda.es\/blog\/wp-content\/uploads\/2015\/11\/Captura-de-pantalla-2015-11-21-a-las-23.57.16.png?fit=404%2C289\" loading=\"lazy\" class=\"aligncenter size-medium wp-image-20005\" alt=\"Captura de pantalla 2015-11-21 a las 23.57.16\" src=\"https:\/\/i0.wp.com\/www.moda.es\/blog\/wp-content\/uploads\/2015\/11\/Captura-de-pantalla-2015-11-21-a-las-23.57.16.png?resize=300%2C214\" width=\"300\" height=\"214\" srcset=\"https:\/\/i0.wp.com\/www.moda.es\/blog\/wp-content\/uploads\/2015\/11\/Captura-de-pantalla-2015-11-21-a-las-23.57.16.png?resize=300%2C214 300w, https:\/\/i0.wp.com\/www.moda.es\/blog\/wp-content\/uploads\/2015\/11\/Captura-de-pantalla-2015-11-21-a-las-23.57.16.png?w=404 404w\" sizes=\"(max-width: 300px) 100vw, 300px\" data-recalc-dims=\"1\" \/><\/a><\/p>\n<p>La colecci\u00f3n completa estar\u00e1 a la venta \u00a0a partir de este <strong>lunes 23 de noviembre<\/strong> en la web de Ferragamo y en sus boutiques de todo el mundo.<\/p>\n<p><a href=\"https:\/\/i0.wp.com\/www.moda.es\/blog\/wp-content\/uploads\/2015\/11\/Captura-de-pantalla-2015-11-21-a-las-23.56.12.png\"><img data-attachment-id=\"20001\" data-permalink=\"http:\/\/www.moda.es\/blog\/la-pareja-perfecta\/captura-de-pantalla-2015-11-21-a-las-23-56-12\/\" data-orig-file=\"https:\/\/i0.wp.com\/www.moda.es\/blog\/wp-content\/uploads\/2015\/11\/Captura-de-pantalla-2015-11-21-a-las-23.56.12.png?fit=372%2C411\" data-orig-size=\"372,411\" data-comments-opened=\"1\" data-image-meta=\"{&quot;aperture&quot;:&quot;0&quot;,&quot;credit&quot;:&quot;&quot;,&quot;camera&quot;:&quot;&quot;,&quot;caption&quot;:&quot;&quot;,&quot;created_timestamp&quot;:&quot;0&quot;,&quot;copyright&quot;:&quot;&quot;,&quot;focal_length&quot;:&quot;0&quot;,&quot;iso&quot;:&quot;0&quot;,&quot;shutter_speed&quot;:&quot;0&quot;,&quot;title&quot;:&quot;&quot;}\" data-image-title=\"Captura de pantalla 2015-11-21 a las 23.56.12\" data-image-description=\"\" data-image-caption=\"\" data-medium-file=\"https:\/\/i0.wp.com\/www.moda.es\/blog\/wp-content\/uploads\/2015\/11\/Captura-de-pantalla-2015-11-21-a-las-23.56.12.png?fit=271%2C300\" data-large-file=\"https:\/\/i0.wp.com\/www.moda.es\/blog\/wp-content\/uploads\/2015\/11\/Captura-de-pantalla-2015-11-21-a-las-23.56.12.png?fit=372%2C411\" loading=\"lazy\" class=\"aligncenter size-medium wp-image-20001\" alt=\"Captura de pantalla 2015-11-21 a las 23.56.12\" src=\"https:\/\/i0.wp.com\/www.moda.es\/blog\/wp-content\/uploads\/2015\/11\/Captura-de-pantalla-2015-11-21-a-las-23.56.12.png?resize=271%2C300\" width=\"271\" height=\"300\" srcset=\"https:\/\/i0.wp.com\/www.moda.es\/blog\/wp-content\/uploads\/2015\/11\/Captura-de-pantalla-2015-11-21-a-las-23.56.12.png?resize=271%2C300 271w, https:\/\/i0.wp.com\/www.moda.es\/blog\/wp-content\/uploads\/2015\/11\/Captura-de-pantalla-2015-11-21-a-las-23.56.12.png?w=372 372w\" sizes=\"(max-width: 271px) 100vw, 271px\" data-recalc-dims=\"1\" \/><\/a><\/p>\n<p>&nbsp;<\/p>\n<p>\u00a9Fashion Telegraph                            <\/p>\n","protected":false},"excerpt":{"rendered":"<p>&#8230; la forman esta semana Salvatore Ferragamo y Edgardo Osorio. Las amantes de los zapatos (aunque esto seguramente englobe a todas las mujeres), ya se habr\u00e1n percatado (y seguramente apuntado) a la creciente tendencia de los zapatos elegantemente anudados al tobillo. Y el responsable de esa tendencia ha sido el [&hellip;]<\/p>\n","protected":false},"author":3,"featured_media":20001,"comment_status":"open","ping_status":"open","sticky":false,"template":"","format":"standard","meta":{"jetpack_publicize_message":"","jetpack_is_tweetstorm":false,"jetpack_publicize_feature_enabled":true},"categories":[2,11,12,14],"tags":[1317,1047,794],"jetpack_publicize_connections":[],"jetpack_featured_media_url":"https:\/\/i0.wp.com\/www.moda.es\/blog\/wp-content\/uploads\/2015\/11\/Captura-de-pantalla-2015-11-21-a-las-23.56.12.png?fit=372%2C411","jetpack_sharing_enabled":true,"jetpack_shortlink":"https:\/\/wp.me\/p4tJCC-5cA","jetpack-related-posts":[{"id":20442,"url":"http:\/\/www.moda.es\/blog\/edgardo-osorio-contra-las-copias\/","url_meta":{"origin":20000,"position":0},"title":"Edgardo Osorio contra las copias","date":"marzo 16, 2016","format":false,"excerpt":"Al contrario del viejo refr\u00e1n, la imitaci\u00f3n no es la forma m\u00e1s sincera de adulaci\u00f3n seg\u00fan el fundador de Aquazzura, Edgardo Osorio, quien ha afirmado que uno de sus dise\u00f1os m\u00e1s conocidos ha sido v\u00edctima de una infracci\u00f3n de copyright por\u00a0la marca\u00a0de zapatos y bolsos de Ivanka Trump. El zapatero\u2026","rel":"","context":"En \u00abAccesorios\u00bb","img":{"alt_text":"","src":"https:\/\/i0.wp.com\/www.moda.es\/blog\/wp-content\/uploads\/2016\/03\/Captura-de-pantalla-2016-03-16-a-las-23.03.32.png?fit=602%2C695&resize=350%2C200","width":350,"height":200},"classes":[]},{"id":19807,"url":"http:\/\/www.moda.es\/blog\/poppy-delevingne-y-aquazzura\/","url_meta":{"origin":20000,"position":1},"title":"Poppy Delevingne y Aquazzura","date":"septiembre 19, 2015","format":false,"excerpt":"Poppy\u00a0Delevingne ha retomado los recuerdos m\u00e1gicos de su boda marroqu\u00ed y los ha convertido en una colecci\u00f3n de zapatos en colaboraci\u00f3n con Aquazurra. La modelo brit\u00e1nica se ha unido el zapatero colombiano detr\u00e1s de la marca de zapatos, Edgardo Osorio, para dise\u00f1ar una serie de nueve piezas que incluyen los\u2026","rel":"","context":"En \u00abAccesorios\u00bb","img":{"alt_text":"","src":"https:\/\/i0.wp.com\/www.moda.es\/blog\/wp-content\/uploads\/2015\/09\/Captura-de-pantalla-2015-09-19-a-las-1.00.24.png?fit=368%2C589&resize=350%2C200","width":350,"height":200},"classes":[]},{"id":18189,"url":"http:\/\/www.moda.es\/blog\/ya-son-de-verdad\/","url_meta":{"origin":20000,"position":2},"title":"Ya son de verdad&#8230;","date":"septiembre 1, 2014","format":false,"excerpt":"...los zapatos de Olivia Palermo. A mediados de verano vimos algunos bocetos de la colecci\u00f3n c\u00e1psula de Olvia para la firma de calzado Aquazzurra y al fin tenemos la colecci\u00f3n para empezar a escribir nuestra lista de deseos. Los siete modelos de la colecci\u00f3n est\u00e1n ya disponibles para comprar en\u2026","rel":"","context":"En \u00abAccesorios\u00bb","img":{"alt_text":"","src":"https:\/\/i0.wp.com\/www.moda.es\/blog\/wp-content\/uploads\/2014\/09\/Olivia-Palermo-Aquazzura-Shoes.jpg?fit=650%2C650&resize=350%2C200","width":350,"height":200},"classes":[]},{"id":17999,"url":"http:\/\/www.moda.es\/blog\/los-zapatos-de-olivia-palermo\/","url_meta":{"origin":20000,"position":3},"title":"Los zapatos de Olivia Palermo&#8230;","date":"julio 23, 2014","format":false,"excerpt":"...pueden ser tuyos, o para que nos entendamos, los que ver\u00e1n la luz tras su colaboraci\u00f3n con Aquazurra. Mientras esperamos ansiosas a ver el vestido de novia escogido para la ceremonia religiosa de su boda, tenemos las primeras pistas de la colecci\u00f3n c\u00e1psula que ha creado para la marca de\u2026","rel":"","context":"En \u00abActualidad\u00bb","img":{"alt_text":"","src":"https:\/\/i0.wp.com\/www.moda.es\/blog\/wp-content\/uploads\/2014\/07\/Olivia-Palermo.jpg?fit=426%2C639&resize=350%2C200","width":350,"height":200},"classes":[]},{"id":20824,"url":"http:\/\/www.moda.es\/blog\/aquazzura-contra-ivanka-trump\/","url_meta":{"origin":20000,"position":4},"title":"Aquazzura contra Ivanka Trump","date":"junio 25, 2016","format":false,"excerpt":"Aquazzura\u00a0ha presentado una demanda por infracci\u00f3n de derechos de autor contra Ivanka Trump, alegando que la empresaria ha copiado sus dise\u00f1os. Aquazzura ha demandado\u00a0a la etiqueta de Trump por \"reincidencia\" y \"pr\u00e1cticas comerciales enga\u00f1osas\", por haber replicado sus sandalias\u00a0Hettie. En un comunicado emitido por Matthew Burris,\u00a0CFO de Marc Fisher, compa\u00f1\u00eda\u2026","rel":"","context":"En \u00abAccesorios\u00bb","img":{"alt_text":"","src":"https:\/\/i0.wp.com\/www.moda.es\/blog\/wp-content\/uploads\/2016\/06\/Captura-de-pantalla-2016-06-25-a-las-22.38.04.png?fit=633%2C316&resize=350%2C200","width":350,"height":200},"classes":[]},{"id":14727,"url":"http:\/\/www.moda.es\/blog\/el-viaje-de-salvatore-ferragamo\/","url_meta":{"origin":20000,"position":5},"title":"El viaje de Salvatore Ferragamo","date":"noviembre 4, 2013","format":false,"excerpt":"\u00bfAlguna vez te has planteado c\u00f3mo ser\u00eda recorrer el mundo con unos zapatos de Ferragamo? Pues la marca te lo desvela. Salvatore Ferragamo nos ha dado la oportunidad de pasear (y ocasionalmente, correr) a lo largo de las calles de Florencia, Los \u00c1ngeles y Shanghai. Dirigida por el realizador Luca\u2026","rel":"","context":"En \u00abCampa\u00f1as\u00bb","img":{"alt_text":"","src":"https:\/\/i0.wp.com\/www.moda.es\/blog\/wp-content\/uploads\/2013\/11\/salvatore-ferragamo-11.jpg?fit=400%2C300&resize=350%2C200","width":350,"height":200},"classes":[]}],"_links":{"self":[{"href":"http:\/\/www.moda.es\/blog\/wp-json\/wp\/v2\/posts\/20000"}],"collection":[{"href":"http:\/\/www.moda.es\/blog\/wp-json\/wp\/v2\/posts"}],"about":[{"href":"http:\/\/www.moda.es\/blog\/wp-json\/wp\/v2\/types\/post"}],"author":[{"embeddable":true,"href":"http:\/\/www.moda.es\/blog\/wp-json\/wp\/v2\/users\/3"}],"replies":[{"embeddable":true,"href":"http:\/\/www.moda.es\/blog\/wp-json\/wp\/v2\/comments?post=20000"}],"version-history":[{"count":6,"href":"http:\/\/www.moda.es\/blog\/wp-json\/wp\/v2\/posts\/20000\/revisions"}],"predecessor-version":[{"id":36029,"href":"http:\/\/www.moda.es\/blog\/wp-json\/wp\/v2\/posts\/20000\/revisions\/36029"}],"wp:featuredmedia":[{"embeddable":true,"href":"http:\/\/www.moda.es\/blog\/wp-json\/wp\/v2\/media\/20001"}],"wp:attachment":[{"href":"http:\/\/www.moda.es\/blog\/wp-json\/wp\/v2\/media?parent=20000"}],"wp:term":[{"taxonomy":"category","embeddable":true,"href":"http:\/\/www.moda.es\/blog\/wp-json\/wp\/v2\/categories?post=20000"},{"taxonomy":"post_tag","embeddable":true,"href":"http:\/\/www.moda.es\/blog\/wp-json\/wp\/v2\/tags?post=20000"}],"curies":[{"name":"wp","href":"https:\/\/api.w.org\/{rel}","templated":true}]}}