{"id":19997,"date":"2015-11-19T23:01:45","date_gmt":"2015-11-19T22:01:45","guid":{"rendered":"http:\/\/www.moda.es\/blog\/?p=19997"},"modified":"2020-04-27T16:41:04","modified_gmt":"2020-04-27T15:41:04","slug":"las-modelos-menores-ya-estan-protegidas-en-america","status":"publish","type":"post","link":"http:\/\/www.moda.es\/blog\/las-modelos-menores-ya-estan-protegidas-en-america\/","title":{"rendered":"Las modelos menores ya est\u00e1n protegidas en America"},"content":{"rendered":"<p>Las <strong>modelos menores de edad<\/strong> pronto podr\u00e1n obtener una mayor protecci\u00f3n en los Estados Unidos despu\u00e9s de un proyecto de ley que ya est\u00e1 de camino al Congreso. La <strong>Ley de Protecci\u00f3n de Artistas Int\u00e9rpretes Infantiles de 2015<\/strong>, promovida por la diputada de Nueva York\u00a0<strong>Grace Meng<\/strong>\u00a0tratar\u00e1 de \u00ablimitar el n\u00famero de horas que los ni\u00f1os pueden ser empleados como actores, artistas y modelos\u00bb, a <strong>nueve<\/strong> horas por d\u00eda junto con otra lista de estipulaciones.<\/p>\n<p>El proyecto de ley requerir\u00eda que cada modelo infantil tuviera una cuenta de fideicomiso bloqueada en la que al menos el <strong>15 por ciento<\/strong> de sus ingresos podr\u00eda ser depositado antes de que fueran capaces de aceptar el trabajo, e impedir\u00eda el acceso a la cuenta mientras que fueran menores de 18 a\u00f1os. El pago en prendas de ropa \u00a0en el caso de la industria de la moda en lugar de dinero estar\u00eda prohibido. Tambi\u00e9n se incrementar\u00eda la protecci\u00f3n federal para los modelos contra el <strong>acoso sexual<\/strong>.<\/p>\n<p>\u00abTrabajar como modelo infantil o actor puede ser una oportunidad incre\u00edble y ser el camino para un \u00e9xito que dure toda la vida\u00bb, ha declarado Meng \u00a0a The New York Times. \u00abSin embargo, el trabajo puede tener mucho riesgo. Aunque hay un mosaico de leyes estatales dispares, estas regulaciones ofrecen<strong> protecciones inconsistentes<\/strong>. Es por eso que necesitamos una norma nacional.\u00bb<\/p>\n<p>El proyecto de ley es probable tarde un tiempo en aprobarse largo, \u00abpero al menos esto pone de relieve el problema\u00bb, a\u00f1ade Meng. \u00abPero cuando se atrae la atenci\u00f3n de las personas la sociedad se preocupa.\u00bb<\/p>\n<figure id=\"attachment_19998\" aria-describedby=\"caption-attachment-19998\" style=\"width: 199px\" class=\"wp-caption aligncenter\"><a href=\"https:\/\/i0.wp.com\/www.moda.es\/blog\/wp-content\/uploads\/2015\/11\/Captura-de-pantalla-2015-11-19-a-las-22.37.56.png\"><img data-attachment-id=\"19998\" data-permalink=\"http:\/\/www.moda.es\/blog\/las-modelos-menores-ya-estan-protegidas-en-america\/captura-de-pantalla-2015-11-19-a-las-22-37-56\/\" data-orig-file=\"https:\/\/i0.wp.com\/www.moda.es\/blog\/wp-content\/uploads\/2015\/11\/Captura-de-pantalla-2015-11-19-a-las-22.37.56.png?fit=289%2C434\" data-orig-size=\"289,434\" data-comments-opened=\"1\" data-image-meta=\"{&quot;aperture&quot;:&quot;0&quot;,&quot;credit&quot;:&quot;&quot;,&quot;camera&quot;:&quot;&quot;,&quot;caption&quot;:&quot;&quot;,&quot;created_timestamp&quot;:&quot;0&quot;,&quot;copyright&quot;:&quot;&quot;,&quot;focal_length&quot;:&quot;0&quot;,&quot;iso&quot;:&quot;0&quot;,&quot;shutter_speed&quot;:&quot;0&quot;,&quot;title&quot;:&quot;&quot;}\" data-image-title=\"Captura de pantalla 2015-11-19 a las 22.37.56\" data-image-description=\"\" data-image-caption=\"&lt;p&gt;La modelo de 14 a\u00f1os Sofia Mechetner&lt;\/p&gt;\n\" data-medium-file=\"https:\/\/i0.wp.com\/www.moda.es\/blog\/wp-content\/uploads\/2015\/11\/Captura-de-pantalla-2015-11-19-a-las-22.37.56.png?fit=199%2C300\" data-large-file=\"https:\/\/i0.wp.com\/www.moda.es\/blog\/wp-content\/uploads\/2015\/11\/Captura-de-pantalla-2015-11-19-a-las-22.37.56.png?fit=289%2C434\" loading=\"lazy\" class=\"size-medium wp-image-19998\" alt=\"La modelo de 14 a\u00f1os Sofia Mechetner\" src=\"https:\/\/i0.wp.com\/www.moda.es\/blog\/wp-content\/uploads\/2015\/11\/Captura-de-pantalla-2015-11-19-a-las-22.37.56.png?resize=199%2C300\" width=\"199\" height=\"300\" srcset=\"https:\/\/i0.wp.com\/www.moda.es\/blog\/wp-content\/uploads\/2015\/11\/Captura-de-pantalla-2015-11-19-a-las-22.37.56.png?resize=199%2C300 199w, https:\/\/i0.wp.com\/www.moda.es\/blog\/wp-content\/uploads\/2015\/11\/Captura-de-pantalla-2015-11-19-a-las-22.37.56.png?w=289 289w\" sizes=\"(max-width: 199px) 100vw, 199px\" data-recalc-dims=\"1\" \/><\/a><figcaption id=\"caption-attachment-19998\" class=\"wp-caption-text\">La modelo de 14 a\u00f1os Sofia Mechetner<\/figcaption><\/figure>\n<p>&nbsp;<\/p>\n<p>\u00a9Vogue UK                            <\/p>\n","protected":false},"excerpt":{"rendered":"<p>Las modelos menores de edad pronto podr\u00e1n obtener una mayor protecci\u00f3n en los Estados Unidos despu\u00e9s de un proyecto de ley que ya est\u00e1 de camino al Congreso. La Ley de Protecci\u00f3n de Artistas Int\u00e9rpretes Infantiles de 2015, promovida por la diputada de Nueva York\u00a0Grace Meng\u00a0tratar\u00e1 de \u00ablimitar el n\u00famero [&hellip;]<\/p>\n","protected":false},"author":3,"featured_media":19998,"comment_status":"open","ping_status":"open","sticky":false,"template":"","format":"standard","meta":{"jetpack_publicize_message":"","jetpack_is_tweetstorm":false,"jetpack_publicize_feature_enabled":true},"categories":[3,11,17],"tags":[1316],"jetpack_publicize_connections":[],"jetpack_featured_media_url":"https:\/\/i0.wp.com\/www.moda.es\/blog\/wp-content\/uploads\/2015\/11\/Captura-de-pantalla-2015-11-19-a-las-22.37.56.png?fit=289%2C434","jetpack_sharing_enabled":true,"jetpack_shortlink":"https:\/\/wp.me\/p4tJCC-5cx","jetpack-related-posts":[{"id":2232,"url":"http:\/\/www.moda.es\/blog\/una-estatuilla-para-los-artistas-de-la-moda-1\/","url_meta":{"origin":19997,"position":0},"title":"Una estatuilla para los artistas de la moda (1)","date":"junio 9, 2011","format":false,"excerpt":"Hace tres d\u00edas se entregaron los premios CFDA, los m\u00e1s importantes del mundo de la moda. La t\u00f3nica general de su alfombra roja fue sobriedad y buen gusto. En t\u00e9rminos generales, las famosas ya fueran modelos, actrices o celebrities de otra condici\u00f3n, se decantaron por vestidos monocrom\u00e1ticos de l\u00edneas sencillas\u2026","rel":"","context":"En \u00abAlfombra Roja\u00bb","img":{"alt_text":"","src":"https:\/\/i0.wp.com\/www.moda.es\/blog\/wp-content\/uploads\/2011\/06\/alfombra_roja_cfda_fashion_awards_2011_63918657_562x9081.jpg?fit=562%2C908&resize=350%2C200","width":350,"height":200},"classes":[]},{"id":18499,"url":"http:\/\/www.moda.es\/blog\/gwyneth-paltrow-repite-para-max-factor\/","url_meta":{"origin":19997,"position":1},"title":"Gwyneth Paltrow repite para Max Factor&#8230;","date":"noviembre 11, 2014","format":false,"excerpt":"...y resucita el mito de la actriz m\u00e1s sexy de la historia del cine. Gwyneth Paltrow se ha transformado en una moderna Marilyn Monroe para una nueva campa\u00f1a de Max Factor. El proyecto es parte de una colaboraci\u00f3n permanente entre la actriz y la marca de belleza, y en esta\u2026","rel":"","context":"En \u00abActualidad\u00bb","img":{"alt_text":"","src":"https:\/\/i0.wp.com\/www.moda.es\/blog\/wp-content\/uploads\/2014\/11\/gpmf5.jpg?fit=650%2C650&resize=350%2C200","width":350,"height":200},"classes":[]},{"id":18956,"url":"http:\/\/www.moda.es\/blog\/zapatos-con-historia\/","url_meta":{"origin":19997,"position":2},"title":"Zapatos con historia","date":"febrero 17, 2015","format":false,"excerpt":"Las ic\u00f3nicas Desert Boots de Clarks est\u00e1n de aniversario. 65 a\u00f1os de uno de los modelos de calzado m\u00e1s c\u00f3modos y vers\u00e1tiles para el hombre. Para celebrar este cumplea\u00f1os y los 190 a\u00f1os de Clarks, 14 artistas y dise\u00f1adores han reinterpretado eeste modelo en un proyecto llamado Clarks: Rebooted (Reinicia).\u2026","rel":"","context":"En \u00abAccesorios\u00bb","img":{"alt_text":"","src":"https:\/\/i0.wp.com\/www.moda.es\/blog\/wp-content\/uploads\/2015\/02\/clarks4.jpg?fit=650%2C433&resize=350%2C200","width":350,"height":200},"classes":[]},{"id":4912,"url":"http:\/\/www.moda.es\/blog\/camisetas-como-lienzos\/","url_meta":{"origin":19997,"position":3},"title":"Camisetas como lienzos","date":"enero 5, 2012","format":false,"excerpt":"Iniciativa, juventud y originalidad. Estas premisas definen a Lalimitada, una tienda online donde el arte se ha hermanado con la moda para hacer del primero un bien asequible. \u00bfC\u00f3mo? Utilizando las camisetas como lienzos, como si fueran el soporte de una serigraf\u00eda porque, de hecho, cada camiseta lleva el n\u00famero\u2026","rel":"","context":"En \u00abTiendas online\u00bb","img":{"alt_text":"","src":"https:\/\/i0.wp.com\/www.moda.es\/blog\/wp-content\/uploads\/2012\/01\/modelo2_mosca-cojonera_lalimitada1.jpg?fit=400%2C400&resize=350%2C200","width":350,"height":200},"classes":[]},{"id":16115,"url":"http:\/\/www.moda.es\/blog\/el-chic-frances-invade-uniqlo\/","url_meta":{"origin":19997,"position":4},"title":"El chic franc\u00e9s invade Uniqlo","date":"marzo 12, 2014","format":false,"excerpt":"\u00bfPuede combinarse la Alta Costura y la moda low cost? In\u00e9s la Fressange, representante como pocas del chic franc\u00e9s, no tiene dudas. La que fuera musa de Karl Lagerfeld y hoy embajadora de la firma de accesorios de lujo Roger Vivier, ha sido famosa por declarar, sin ning\u00fan pudor, que\u2026","rel":"","context":"En \u00abDestacados\u00bb","img":{"alt_text":"","src":"https:\/\/i0.wp.com\/www.moda.es\/blog\/wp-content\/uploads\/2014\/03\/Ines-de-la-Fressange-21.jpg?fit=500%2C359&resize=350%2C200","width":350,"height":200},"classes":[]},{"id":11260,"url":"http:\/\/www.moda.es\/blog\/burberry-body-tender-la-nueva-fragancia-british\/","url_meta":{"origin":19997,"position":5},"title":"Burberry Body Tender, la nueva fragancia british","date":"marzo 2, 2013","format":false,"excerpt":"Aunque el tiempo no acompa\u00f1e mucho en 20 d\u00edas llega la primavera. Empieza a oler a sol, a aire libre, a terrazas, a desterrar la bufanda, a flores blancas y c\u00edtricos, a Burberry Body Tender. Burberry estrena temporada con el lanzamiento de un perfume muy especial, la declinaci\u00f3n m\u00e1s fresca\u2026","rel":"","context":"En \u00abBelleza\u00bb","img":{"alt_text":"","src":"https:\/\/i0.wp.com\/www.moda.es\/blog\/wp-content\/uploads\/2013\/03\/Burberry-Body-Tender-61.jpg?fit=500%2C354&resize=350%2C200","width":350,"height":200},"classes":[]}],"_links":{"self":[{"href":"http:\/\/www.moda.es\/blog\/wp-json\/wp\/v2\/posts\/19997"}],"collection":[{"href":"http:\/\/www.moda.es\/blog\/wp-json\/wp\/v2\/posts"}],"about":[{"href":"http:\/\/www.moda.es\/blog\/wp-json\/wp\/v2\/types\/post"}],"author":[{"embeddable":true,"href":"http:\/\/www.moda.es\/blog\/wp-json\/wp\/v2\/users\/3"}],"replies":[{"embeddable":true,"href":"http:\/\/www.moda.es\/blog\/wp-json\/wp\/v2\/comments?post=19997"}],"version-history":[{"count":6,"href":"http:\/\/www.moda.es\/blog\/wp-json\/wp\/v2\/posts\/19997\/revisions"}],"predecessor-version":[{"id":36030,"href":"http:\/\/www.moda.es\/blog\/wp-json\/wp\/v2\/posts\/19997\/revisions\/36030"}],"wp:featuredmedia":[{"embeddable":true,"href":"http:\/\/www.moda.es\/blog\/wp-json\/wp\/v2\/media\/19998"}],"wp:attachment":[{"href":"http:\/\/www.moda.es\/blog\/wp-json\/wp\/v2\/media?parent=19997"}],"wp:term":[{"taxonomy":"category","embeddable":true,"href":"http:\/\/www.moda.es\/blog\/wp-json\/wp\/v2\/categories?post=19997"},{"taxonomy":"post_tag","embeddable":true,"href":"http:\/\/www.moda.es\/blog\/wp-json\/wp\/v2\/tags?post=19997"}],"curies":[{"name":"wp","href":"https:\/\/api.w.org\/{rel}","templated":true}]}}