{"id":19991,"date":"2015-11-18T23:23:56","date_gmt":"2015-11-18T22:23:56","guid":{"rendered":"http:\/\/www.moda.es\/blog\/?p=19991"},"modified":"2020-04-27T16:41:14","modified_gmt":"2020-04-27T15:41:14","slug":"la-coleccion-de-las-jenner-para-topshop-ya-esta-aqui","status":"publish","type":"post","link":"http:\/\/www.moda.es\/blog\/la-coleccion-de-las-jenner-para-topshop-ya-esta-aqui\/","title":{"rendered":"La colecci\u00f3n de las Jenner para TopShop ya est\u00e1 aqu\u00ed"},"content":{"rendered":"<p>Si \u00a0te ha extra\u00f1ado no tener noticias de las m\u00e1s peque\u00f1as de la familia <strong>Kardashian-Jenner<\/strong> esta semana, debes saber que han estado muy ocupadas. Las estrellas han estado trabajando en sus dos grandes colaboraciones de moda: <strong>Topshop<\/strong> y la marca australiana, <strong>Forever New<\/strong>.<\/p>\n<p><a href=\"https:\/\/i0.wp.com\/www.moda.es\/blog\/wp-content\/uploads\/2015\/11\/Captura-de-pantalla-2015-11-18-a-las-22.56.29.png\"><img data-attachment-id=\"19993\" data-permalink=\"http:\/\/www.moda.es\/blog\/la-coleccion-de-las-jenner-para-topshop-ya-esta-aqui\/captura-de-pantalla-2015-11-18-a-las-22-56-29\/\" data-orig-file=\"https:\/\/i0.wp.com\/www.moda.es\/blog\/wp-content\/uploads\/2015\/11\/Captura-de-pantalla-2015-11-18-a-las-22.56.29.png?fit=344%2C522\" data-orig-size=\"344,522\" data-comments-opened=\"1\" data-image-meta=\"{&quot;aperture&quot;:&quot;0&quot;,&quot;credit&quot;:&quot;&quot;,&quot;camera&quot;:&quot;&quot;,&quot;caption&quot;:&quot;&quot;,&quot;created_timestamp&quot;:&quot;0&quot;,&quot;copyright&quot;:&quot;&quot;,&quot;focal_length&quot;:&quot;0&quot;,&quot;iso&quot;:&quot;0&quot;,&quot;shutter_speed&quot;:&quot;0&quot;,&quot;title&quot;:&quot;&quot;}\" data-image-title=\"Captura de pantalla 2015-11-18 a las 22.56.29\" data-image-description=\"\" data-image-caption=\"\" data-medium-file=\"https:\/\/i0.wp.com\/www.moda.es\/blog\/wp-content\/uploads\/2015\/11\/Captura-de-pantalla-2015-11-18-a-las-22.56.29.png?fit=197%2C300\" data-large-file=\"https:\/\/i0.wp.com\/www.moda.es\/blog\/wp-content\/uploads\/2015\/11\/Captura-de-pantalla-2015-11-18-a-las-22.56.29.png?fit=344%2C522\" loading=\"lazy\" class=\"aligncenter size-medium wp-image-19993\" alt=\"Captura de pantalla 2015-11-18 a las 22.56.29\" src=\"https:\/\/i0.wp.com\/www.moda.es\/blog\/wp-content\/uploads\/2015\/11\/Captura-de-pantalla-2015-11-18-a-las-22.56.29.png?resize=197%2C300\" width=\"197\" height=\"300\" srcset=\"https:\/\/i0.wp.com\/www.moda.es\/blog\/wp-content\/uploads\/2015\/11\/Captura-de-pantalla-2015-11-18-a-las-22.56.29.png?resize=197%2C300 197w, https:\/\/i0.wp.com\/www.moda.es\/blog\/wp-content\/uploads\/2015\/11\/Captura-de-pantalla-2015-11-18-a-las-22.56.29.png?w=344 344w\" sizes=\"(max-width: 197px) 100vw, 197px\" data-recalc-dims=\"1\" \/><\/a><\/p>\n<p>El verano pasado, Kendall y Kylie lanzaron su primera colecci\u00f3n con Topshop y ahora, despu\u00e9s del gran <strong>\u00e9xito<\/strong> (las piezas agotaron r\u00e1pido),la marca brit\u00e1nica volvi\u00f3 a llamar a las hermanas, una vez m\u00e1s para dise\u00f1ar una <strong>colecci\u00f3n c\u00e1psula de fiesta<\/strong>.<\/p>\n<p><a href=\"https:\/\/i0.wp.com\/www.moda.es\/blog\/wp-content\/uploads\/2015\/11\/Captura-de-pantalla-2015-11-18-a-las-22.56.40.png\"><img data-attachment-id=\"19994\" data-permalink=\"http:\/\/www.moda.es\/blog\/la-coleccion-de-las-jenner-para-topshop-ya-esta-aqui\/captura-de-pantalla-2015-11-18-a-las-22-56-40\/\" data-orig-file=\"https:\/\/i0.wp.com\/www.moda.es\/blog\/wp-content\/uploads\/2015\/11\/Captura-de-pantalla-2015-11-18-a-las-22.56.40.png?fit=344%2C516\" data-orig-size=\"344,516\" data-comments-opened=\"1\" data-image-meta=\"{&quot;aperture&quot;:&quot;0&quot;,&quot;credit&quot;:&quot;&quot;,&quot;camera&quot;:&quot;&quot;,&quot;caption&quot;:&quot;&quot;,&quot;created_timestamp&quot;:&quot;0&quot;,&quot;copyright&quot;:&quot;&quot;,&quot;focal_length&quot;:&quot;0&quot;,&quot;iso&quot;:&quot;0&quot;,&quot;shutter_speed&quot;:&quot;0&quot;,&quot;title&quot;:&quot;&quot;}\" data-image-title=\"Captura de pantalla 2015-11-18 a las 22.56.40\" data-image-description=\"\" data-image-caption=\"\" data-medium-file=\"https:\/\/i0.wp.com\/www.moda.es\/blog\/wp-content\/uploads\/2015\/11\/Captura-de-pantalla-2015-11-18-a-las-22.56.40.png?fit=200%2C300\" data-large-file=\"https:\/\/i0.wp.com\/www.moda.es\/blog\/wp-content\/uploads\/2015\/11\/Captura-de-pantalla-2015-11-18-a-las-22.56.40.png?fit=344%2C516\" loading=\"lazy\" class=\"aligncenter size-medium wp-image-19994\" alt=\"Captura de pantalla 2015-11-18 a las 22.56.40\" src=\"https:\/\/i0.wp.com\/www.moda.es\/blog\/wp-content\/uploads\/2015\/11\/Captura-de-pantalla-2015-11-18-a-las-22.56.40.png?resize=200%2C300\" width=\"200\" height=\"300\" srcset=\"https:\/\/i0.wp.com\/www.moda.es\/blog\/wp-content\/uploads\/2015\/11\/Captura-de-pantalla-2015-11-18-a-las-22.56.40.png?resize=200%2C300 200w, https:\/\/i0.wp.com\/www.moda.es\/blog\/wp-content\/uploads\/2015\/11\/Captura-de-pantalla-2015-11-18-a-las-22.56.40.png?w=344 344w\" sizes=\"(max-width: 200px) 100vw, 200px\" data-recalc-dims=\"1\" \/><\/a><\/p>\n<p>La l\u00ednea de <strong>15 piezas<\/strong>\u00a0 inspirada en sus estilos personales, est\u00e1 llena de diversi\u00f3n: minifaldas met\u00e1licas, coloridos abrigos de piel sint\u00e9tica, tops estructurados y mucho m\u00e1s, para ayudar a cualquier chica a canalizar a la Jenner que llevan en su interior.<\/p>\n<p><a href=\"https:\/\/i0.wp.com\/www.moda.es\/blog\/wp-content\/uploads\/2015\/11\/Captura-de-pantalla-2015-11-18-a-las-22.57.19.png\"><img data-attachment-id=\"19995\" data-permalink=\"http:\/\/www.moda.es\/blog\/la-coleccion-de-las-jenner-para-topshop-ya-esta-aqui\/captura-de-pantalla-2015-11-18-a-las-22-57-19\/\" data-orig-file=\"https:\/\/i0.wp.com\/www.moda.es\/blog\/wp-content\/uploads\/2015\/11\/Captura-de-pantalla-2015-11-18-a-las-22.57.19.png?fit=342%2C517\" data-orig-size=\"342,517\" data-comments-opened=\"1\" data-image-meta=\"{&quot;aperture&quot;:&quot;0&quot;,&quot;credit&quot;:&quot;&quot;,&quot;camera&quot;:&quot;&quot;,&quot;caption&quot;:&quot;&quot;,&quot;created_timestamp&quot;:&quot;0&quot;,&quot;copyright&quot;:&quot;&quot;,&quot;focal_length&quot;:&quot;0&quot;,&quot;iso&quot;:&quot;0&quot;,&quot;shutter_speed&quot;:&quot;0&quot;,&quot;title&quot;:&quot;&quot;}\" data-image-title=\"Captura de pantalla 2015-11-18 a las 22.57.19\" data-image-description=\"\" data-image-caption=\"\" data-medium-file=\"https:\/\/i0.wp.com\/www.moda.es\/blog\/wp-content\/uploads\/2015\/11\/Captura-de-pantalla-2015-11-18-a-las-22.57.19.png?fit=198%2C300\" data-large-file=\"https:\/\/i0.wp.com\/www.moda.es\/blog\/wp-content\/uploads\/2015\/11\/Captura-de-pantalla-2015-11-18-a-las-22.57.19.png?fit=342%2C517\" loading=\"lazy\" class=\"aligncenter size-medium wp-image-19995\" alt=\"Captura de pantalla 2015-11-18 a las 22.57.19\" src=\"https:\/\/i0.wp.com\/www.moda.es\/blog\/wp-content\/uploads\/2015\/11\/Captura-de-pantalla-2015-11-18-a-las-22.57.19.png?resize=198%2C300\" width=\"198\" height=\"300\" srcset=\"https:\/\/i0.wp.com\/www.moda.es\/blog\/wp-content\/uploads\/2015\/11\/Captura-de-pantalla-2015-11-18-a-las-22.57.19.png?resize=198%2C300 198w, https:\/\/i0.wp.com\/www.moda.es\/blog\/wp-content\/uploads\/2015\/11\/Captura-de-pantalla-2015-11-18-a-las-22.57.19.png?w=342 342w\" sizes=\"(max-width: 198px) 100vw, 198px\" data-recalc-dims=\"1\" \/><\/a><\/p>\n<p>\u00abRealmente quer\u00edamos mostrar nuestro estilo personal, pero mezclarlo con un toque de <strong>fiesta,\u00bb <\/strong>han afirmado las hermanas. \u00abHay que tener el vestuario adecuado para cada ocasi\u00f3n. Quer\u00edamos dise\u00f1ar una l\u00ednea especial de piezas que capturan tanto un ambiente elegante como vanguardista \u00ab.<\/p>\n<p>\u00abSiempre hay que a\u00f1adir un <strong>toqur met\u00e1lico<\/strong> y vibrante\u00bb, dijeron. \u00abPuede ser sutil, pero todo lo que <strong>brilla<\/strong> captura el esp\u00edritu de las fiestas. Tambi\u00e9n,los tejidos de <strong>punto<\/strong> son perfectos para la Navidad. Un acogedor su\u00e9ter de gran tama\u00f1o es un acierto definitivo\u00bb.<\/p>\n<p>La colecci\u00f3n de fiesta de Kendall + Kylie, que se vende por $ saldr\u00e1 a la venta el <strong>20 de noviembre<\/strong> en topshop.com<\/p>\n<p>&nbsp;<\/p>\n<p><a href=\"https:\/\/i0.wp.com\/www.moda.es\/blog\/wp-content\/uploads\/2015\/11\/Captura-de-pantalla-2015-11-18-a-las-22.56.15.png\"><img data-attachment-id=\"19992\" data-permalink=\"http:\/\/www.moda.es\/blog\/la-coleccion-de-las-jenner-para-topshop-ya-esta-aqui\/captura-de-pantalla-2015-11-18-a-las-22-56-15\/\" data-orig-file=\"https:\/\/i0.wp.com\/www.moda.es\/blog\/wp-content\/uploads\/2015\/11\/Captura-de-pantalla-2015-11-18-a-las-22.56.15.png?fit=620%2C412\" data-orig-size=\"620,412\" data-comments-opened=\"1\" data-image-meta=\"{&quot;aperture&quot;:&quot;0&quot;,&quot;credit&quot;:&quot;&quot;,&quot;camera&quot;:&quot;&quot;,&quot;caption&quot;:&quot;&quot;,&quot;created_timestamp&quot;:&quot;0&quot;,&quot;copyright&quot;:&quot;&quot;,&quot;focal_length&quot;:&quot;0&quot;,&quot;iso&quot;:&quot;0&quot;,&quot;shutter_speed&quot;:&quot;0&quot;,&quot;title&quot;:&quot;&quot;}\" data-image-title=\"Captura de pantalla 2015-11-18 a las 22.56.15\" data-image-description=\"\" data-image-caption=\"\" data-medium-file=\"https:\/\/i0.wp.com\/www.moda.es\/blog\/wp-content\/uploads\/2015\/11\/Captura-de-pantalla-2015-11-18-a-las-22.56.15.png?fit=300%2C199\" data-large-file=\"https:\/\/i0.wp.com\/www.moda.es\/blog\/wp-content\/uploads\/2015\/11\/Captura-de-pantalla-2015-11-18-a-las-22.56.15.png?fit=620%2C412\" loading=\"lazy\" class=\"aligncenter size-medium wp-image-19992\" alt=\"Captura de pantalla 2015-11-18 a las 22.56.15\" src=\"https:\/\/i0.wp.com\/www.moda.es\/blog\/wp-content\/uploads\/2015\/11\/Captura-de-pantalla-2015-11-18-a-las-22.56.15.png?resize=300%2C199\" width=\"300\" height=\"199\" srcset=\"https:\/\/i0.wp.com\/www.moda.es\/blog\/wp-content\/uploads\/2015\/11\/Captura-de-pantalla-2015-11-18-a-las-22.56.15.png?resize=300%2C199 300w, https:\/\/i0.wp.com\/www.moda.es\/blog\/wp-content\/uploads\/2015\/11\/Captura-de-pantalla-2015-11-18-a-las-22.56.15.png?resize=420%2C279 420w, https:\/\/i0.wp.com\/www.moda.es\/blog\/wp-content\/uploads\/2015\/11\/Captura-de-pantalla-2015-11-18-a-las-22.56.15.png?w=620 620w\" sizes=\"(max-width: 300px) 100vw, 300px\" data-recalc-dims=\"1\" \/><\/a><\/p>\n<p>\u00a9Style News                            <\/p>\n","protected":false},"excerpt":{"rendered":"<p>Si \u00a0te ha extra\u00f1ado no tener noticias de las m\u00e1s peque\u00f1as de la familia Kardashian-Jenner esta semana, debes saber que han estado muy ocupadas. Las estrellas han estado trabajando en sus dos grandes colaboraciones de moda: Topshop y la marca australiana, Forever New. El verano pasado, Kendall y Kylie lanzaron [&hellip;]<\/p>\n","protected":false},"author":3,"featured_media":19992,"comment_status":"open","ping_status":"open","sticky":false,"template":"","format":"standard","meta":{"jetpack_publicize_message":"","jetpack_is_tweetstorm":false,"jetpack_publicize_feature_enabled":true},"categories":[10,11,14,17],"tags":[1315,897],"jetpack_publicize_connections":[],"jetpack_featured_media_url":"https:\/\/i0.wp.com\/www.moda.es\/blog\/wp-content\/uploads\/2015\/11\/Captura-de-pantalla-2015-11-18-a-las-22.56.15.png?fit=620%2C412","jetpack_sharing_enabled":true,"jetpack_shortlink":"https:\/\/wp.me\/p4tJCC-5cr","jetpack-related-posts":[{"id":19445,"url":"http:\/\/www.moda.es\/blog\/descubre-la-coleccion-de-kendall-y-kylie-jenner-para-topshop\/","url_meta":{"origin":19991,"position":0},"title":"Descubre la colecci\u00f3n de Kendall y Kylie Jenner para TopShop","date":"junio 5, 2015","format":false,"excerpt":"TopShop al fin ha desvelado la primera colecci\u00f3n c\u00e1psulta de\u00a0 las hermanas Jenner y no ha decepcionado. A sus 19 y 17 a\u00f1os, Kendall y Kylie nos presentan un colecci\u00f3n inspirada en Los \u00c1ngeles reprsentados en prendas muy frescas y estampados tropicales. Si bien esta no es su primera incursi\u00f3n\u2026","rel":"","context":"En \u00abColecciones\u00bb","img":{"alt_text":"","src":"https:\/\/i0.wp.com\/www.moda.es\/blog\/wp-content\/uploads\/2015\/06\/top5.jpg?fit=650%2C976&resize=350%2C200","width":350,"height":200},"classes":[]},{"id":18856,"url":"http:\/\/www.moda.es\/blog\/kendall-y-kylie-jenner-para-topshop\/","url_meta":{"origin":19991,"position":1},"title":"\u00bfKendall y Kylie Jenner para Topshop?","date":"enero 31, 2015","format":false,"excerpt":"No del todo, pero la conocida marca brit\u00e1nica pronto ser\u00e1 la primera distribuidora brit\u00e1nica de la colaboraci\u00f3n de las hermanas con PacSun que se distribuye en Am\u00e9rica desde 2013. El cotilleo fashion r\u00e1pidamente pens\u00f3 que las dos hermanas del clan Kardashian iban a crear su propia colecci\u00f3n para Topshop. Por\u2026","rel":"","context":"En \u00abActualidad\u00bb","img":{"alt_text":"","src":"https:\/\/i0.wp.com\/www.moda.es\/blog\/wp-content\/uploads\/2015\/01\/kkjts.jpg?fit=650%2C650&resize=350%2C200","width":350,"height":200},"classes":[]},{"id":22638,"url":"http:\/\/www.moda.es\/blog\/kendall-y-kylie-presentaran-una-coleccion-underwear-para-topshop\/","url_meta":{"origin":19991,"position":2},"title":"Kendall y Kylie presentar\u00e1n una colecci\u00f3n underwear para Topshop","date":"octubre 16, 2017","format":false,"excerpt":"Honestamente, Kendall y Kylie Jenner pueden hacerlo todo. La pareja se est\u00e1 incorporando a la lencer\u00eda ahora, y afortunadamente para nosotros, estar\u00e1 disponible en Topshop. Kendall podr\u00eda desfilar en la pasarela de Victoria's Secret este a\u00f1o, pero no faltar\u00e1 ropa interior nueva en su curriculum. Las chicas traen su l\u00ednea\u2026","rel":"","context":"En \u00abActualidad\u00bb","img":{"alt_text":"","src":"https:\/\/i0.wp.com\/www.moda.es\/blog\/wp-content\/uploads\/2017\/10\/kendall.jpg?fit=800%2C1200&resize=350%2C200","width":350,"height":200},"classes":[]},{"id":16132,"url":"http:\/\/www.moda.es\/blog\/descubre-la-coleccion-de-adidas-para-topshop\/","url_meta":{"origin":19991,"position":3},"title":"Descubre la colecci\u00f3n de Adidas para TopShop","date":"marzo 14, 2014","format":false,"excerpt":"TopShop ha presentado su tan esperada colecci\u00f3n en colaboraci\u00f3n con Adidas Originals, y con la reciente obsesi\u00f3n de las firmas de moda de lujo con el deporte\u00a0 gracias a la colaboraci\u00f3n de Riccardo Tisci con Nike y las zapatillas del desfile de Alta Costura de Chanel que tanto han dado\u2026","rel":"","context":"En \u00abAccesorios\u00bb","img":{"alt_text":"","src":"https:\/\/i0.wp.com\/www.moda.es\/blog\/wp-content\/uploads\/2014\/03\/Topshop-X-Adidas-Originals-21.jpg?fit=500%2C750&resize=350%2C200","width":350,"height":200},"classes":[]},{"id":12453,"url":"http:\/\/www.moda.es\/blog\/descubre-la-coleccion-pre-fall-de-topshop-unique\/","url_meta":{"origin":19991,"position":4},"title":"Descubre la colecci\u00f3n Pre-Fall de TopShop Unique","date":"mayo 9, 2013","format":false,"excerpt":"Todav\u00eda no nos hemos puesto el bikini y ya empezamos a pensar en las precolecciones de Oto\u00f1o... Da un poco de v\u00e9rtigo pero \u00bfqu\u00e9 importa? Ese es uno de los encantos de la moda: la capacidad de hacernos so\u00f1ar de forma constante con lo que est\u00e1 por venir. Ante el\u2026","rel":"","context":"En \u00abColecciones\u00bb","img":{"alt_text":"","src":"https:\/\/i0.wp.com\/www.moda.es\/blog\/wp-content\/uploads\/2013\/05\/Top-Shop-Pre-Fall-231.jpg?fit=300%2C450&resize=350%2C200","width":350,"height":200},"classes":[]},{"id":14901,"url":"http:\/\/www.moda.es\/blog\/descubre-lo-ultimo-de-meadham-kirchhoff-para-topshop\/","url_meta":{"origin":19991,"position":5},"title":"Descubre lo \u00faltimo de Meadham Kirchhoff para TopShop","date":"noviembre 19, 2013","format":false,"excerpt":"Meadham Kirchhoff\u00a0 ha presentado su nueva colecci\u00f3n para TopShop, la mayor propuesta hasta la fecha con hasta 80 piezas llenas de color y con caprichosos motivos. La marca con sede en Londres y su d\u00fao de dise\u00f1adores Edward Meadham y Benjamin Kirchhoff, se han inspirado para esta nueva colecci\u00f3n\u00a0 en\u2026","rel":"","context":"En \u00abColecciones\u00bb","img":{"alt_text":"","src":"https:\/\/i0.wp.com\/www.moda.es\/blog\/wp-content\/uploads\/2013\/11\/TopShop-1.jpg?resize=350%2C200","width":350,"height":200},"classes":[]}],"_links":{"self":[{"href":"http:\/\/www.moda.es\/blog\/wp-json\/wp\/v2\/posts\/19991"}],"collection":[{"href":"http:\/\/www.moda.es\/blog\/wp-json\/wp\/v2\/posts"}],"about":[{"href":"http:\/\/www.moda.es\/blog\/wp-json\/wp\/v2\/types\/post"}],"author":[{"embeddable":true,"href":"http:\/\/www.moda.es\/blog\/wp-json\/wp\/v2\/users\/3"}],"replies":[{"embeddable":true,"href":"http:\/\/www.moda.es\/blog\/wp-json\/wp\/v2\/comments?post=19991"}],"version-history":[{"count":6,"href":"http:\/\/www.moda.es\/blog\/wp-json\/wp\/v2\/posts\/19991\/revisions"}],"predecessor-version":[{"id":36031,"href":"http:\/\/www.moda.es\/blog\/wp-json\/wp\/v2\/posts\/19991\/revisions\/36031"}],"wp:featuredmedia":[{"embeddable":true,"href":"http:\/\/www.moda.es\/blog\/wp-json\/wp\/v2\/media\/19992"}],"wp:attachment":[{"href":"http:\/\/www.moda.es\/blog\/wp-json\/wp\/v2\/media?parent=19991"}],"wp:term":[{"taxonomy":"category","embeddable":true,"href":"http:\/\/www.moda.es\/blog\/wp-json\/wp\/v2\/categories?post=19991"},{"taxonomy":"post_tag","embeddable":true,"href":"http:\/\/www.moda.es\/blog\/wp-json\/wp\/v2\/tags?post=19991"}],"curies":[{"name":"wp","href":"https:\/\/api.w.org\/{rel}","templated":true}]}}