{"id":19929,"date":"2015-10-28T23:16:08","date_gmt":"2015-10-28T22:16:08","guid":{"rendered":"http:\/\/www.moda.es\/blog\/?p=19929"},"modified":"2020-04-27T16:43:03","modified_gmt":"2020-04-27T15:43:03","slug":"alber-elbaz-abandona-lanvin","status":"publish","type":"post","link":"http:\/\/www.moda.es\/blog\/alber-elbaz-abandona-lanvin\/","title":{"rendered":"Alber Elbaz abandona Lanvin"},"content":{"rendered":"<p><strong>Alber Elbaz y Lanvin<\/strong> y \u00abhan terminado su colaboraci\u00f3n\u00bb, seg\u00fan ha confirmado un portavoz de la marca esta tarde, poniendo fin a la relaci\u00f3n de <strong>14<\/strong> <strong>a\u00f1os de Elbaz como director creativo de la casa de moda francesa.<\/strong>\u00a0Se espera un anuncio oficial muy pronto.<\/p>\n<p>La partida de Elbaz se dice que es consecuencia de \u00ablos desacuerdos entre el dise\u00f1ador israel\u00ed y la empresa: el propietario Shaw-Lan Wang y el director ejecutivo Michele Huiban\u00bb, informa WWD.<\/p>\n<p>Seg\u00fan los informes, el equipo de dise\u00f1o de Elbaz sehabl\u00f3 de su salida esta ma\u00f1ana, mientras que todos los miembros del personal de la Casa de la moda &#8211; que celebraban su 125 aniversario el a\u00f1o pasado &#8211; fueron llamados a una reuni\u00f3n esta tarde en su sede de Par\u00eds.<\/p>\n<p>Lanvin rindi\u00f3 homenaje a Alber Elbaz esta tarde en su cuenta de <strong>Instagram.<\/strong>\u00a0A principios de este a\u00f1o, se inform\u00f3 de que el due\u00f1o de Lanvin, Wang, estaba buscando vender la casa de moda, aunque nada ha llegado a buen t\u00e9rmino. Elbaz, que fue llamado por Wang en 2001 y posee una participaci\u00f3n en la casa de moda, se dice que se quej\u00f3 de la<strong> falta de estrategia e inversi\u00f3n dirigida,<\/strong> y mala gesti\u00f3n de la imagen de la marca en Asia\u00bb.<\/p>\n<p>Mientras que su pr\u00f3ximo movimiento es <strong>desconocido,<\/strong> la especulaci\u00f3n, sin duda, rodean las nuevas vacantes actualmente vac\u00edo en Dior tras la salida de <strong>Raf Simons<\/strong> la semana pasada, aunque teniendo en cuenta que Elbaz ha hablado abiertamente sobre su deseo de ralentizar el ritmo de la moda en medio de un desarrollo del negocio cada vez m\u00e1s digital, algo totalmente diferente puede estar en el horizonte.<\/p>\n<p>&nbsp;<\/p>\n<p><a href=\"https:\/\/i0.wp.com\/www.moda.es\/blog\/wp-content\/uploads\/2015\/10\/Captura-de-pantalla-2015-10-28-a-las-23.02.19.png\"><img data-attachment-id=\"19930\" data-permalink=\"http:\/\/www.moda.es\/blog\/alber-elbaz-abandona-lanvin\/captura-de-pantalla-2015-10-28-a-las-23-02-19\/\" data-orig-file=\"https:\/\/i0.wp.com\/www.moda.es\/blog\/wp-content\/uploads\/2015\/10\/Captura-de-pantalla-2015-10-28-a-las-23.02.19.png?fit=319%2C482\" data-orig-size=\"319,482\" data-comments-opened=\"1\" data-image-meta=\"{&quot;aperture&quot;:&quot;0&quot;,&quot;credit&quot;:&quot;&quot;,&quot;camera&quot;:&quot;&quot;,&quot;caption&quot;:&quot;&quot;,&quot;created_timestamp&quot;:&quot;0&quot;,&quot;copyright&quot;:&quot;&quot;,&quot;focal_length&quot;:&quot;0&quot;,&quot;iso&quot;:&quot;0&quot;,&quot;shutter_speed&quot;:&quot;0&quot;,&quot;title&quot;:&quot;&quot;}\" data-image-title=\"Captura de pantalla 2015-10-28 a las 23.02.19\" data-image-description=\"\" data-image-caption=\"\" data-medium-file=\"https:\/\/i0.wp.com\/www.moda.es\/blog\/wp-content\/uploads\/2015\/10\/Captura-de-pantalla-2015-10-28-a-las-23.02.19.png?fit=198%2C300\" data-large-file=\"https:\/\/i0.wp.com\/www.moda.es\/blog\/wp-content\/uploads\/2015\/10\/Captura-de-pantalla-2015-10-28-a-las-23.02.19.png?fit=319%2C482\" loading=\"lazy\" class=\"aligncenter size-medium wp-image-19930\" alt=\"Captura de pantalla 2015-10-28 a las 23.02.19\" src=\"https:\/\/i0.wp.com\/www.moda.es\/blog\/wp-content\/uploads\/2015\/10\/Captura-de-pantalla-2015-10-28-a-las-23.02.19.png?resize=198%2C300\" width=\"198\" height=\"300\" srcset=\"https:\/\/i0.wp.com\/www.moda.es\/blog\/wp-content\/uploads\/2015\/10\/Captura-de-pantalla-2015-10-28-a-las-23.02.19.png?resize=198%2C300 198w, https:\/\/i0.wp.com\/www.moda.es\/blog\/wp-content\/uploads\/2015\/10\/Captura-de-pantalla-2015-10-28-a-las-23.02.19.png?w=319 319w\" sizes=\"(max-width: 198px) 100vw, 198px\" data-recalc-dims=\"1\" \/><\/a><\/p>\n<p>\u00a9Vogue UK                            <\/p>\n","protected":false},"excerpt":{"rendered":"<p>Alber Elbaz y Lanvin y \u00abhan terminado su colaboraci\u00f3n\u00bb, seg\u00fan ha confirmado un portavoz de la marca esta tarde, poniendo fin a la relaci\u00f3n de 14 a\u00f1os de Elbaz como director creativo de la casa de moda francesa.\u00a0Se espera un anuncio oficial muy pronto. La partida de Elbaz se dice [&hellip;]<\/p>\n","protected":false},"author":3,"featured_media":19930,"comment_status":"open","ping_status":"open","sticky":false,"template":"","format":"standard","meta":{"jetpack_publicize_message":"","jetpack_is_tweetstorm":false,"jetpack_publicize_feature_enabled":true},"categories":[3,11,12,14],"tags":[56,508],"jetpack_publicize_connections":[],"jetpack_featured_media_url":"https:\/\/i0.wp.com\/www.moda.es\/blog\/wp-content\/uploads\/2015\/10\/Captura-de-pantalla-2015-10-28-a-las-23.02.19.png?fit=319%2C482","jetpack_sharing_enabled":true,"jetpack_shortlink":"https:\/\/wp.me\/p4tJCC-5br","jetpack-related-posts":[{"id":12314,"url":"http:\/\/www.moda.es\/blog\/alber-elbaz-lancome-y-el-maquillaje\/","url_meta":{"origin":19929,"position":0},"title":"Alber Elbaz, Lanc\u00f4me y el maquillaje","date":"mayo 3, 2013","format":false,"excerpt":"En enero se anunci\u00f3 esta colaboraci\u00f3n y hoy ya es una realidad. Empieza a hacer sitio en tu neceser porque en junio se lanzar\u00e1n tus nuevos productos preferidos: el adorado Director Creativo de Lanvin, Alber Elbaz, presentar\u00e1 su edici\u00f3n limitada para Lanc\u00f4me. La colecci\u00f3n, por decisi\u00f3n del propio dise\u00f1ador, se\u2026","rel":"","context":"En \u00abBelleza\u00bb","img":{"alt_text":"","src":"https:\/\/i0.wp.com\/www.moda.es\/blog\/wp-content\/uploads\/2013\/05\/Alber-Elbaz-Lancome-81.jpg?fit=500%2C412&resize=350%2C200","width":350,"height":200},"classes":[]},{"id":10870,"url":"http:\/\/www.moda.es\/blog\/lanvin-celebra-con-minnie-el-20-aniversario-de-disneyland-paris\/","url_meta":{"origin":19929,"position":1},"title":"Lanvin celebra con Minnie el 20 aniversario de Disneyland Par\u00eds","date":"febrero 14, 2013","format":false,"excerpt":"S\u00ed, ya sabemos que el 20 aniversario de Disneyland Par\u00eds fue en 2012, pero tambi\u00e9n sabemos que mientras haya tir\u00f3n hay que aprovecharlo, y eso es lo que est\u00e1n haciendo en el parque. Ante el \u00e9xito obtenido el a\u00f1o pasado y el gran n\u00famero de visitas recibidas para celebrar tan\u2026","rel":"","context":"En \u00abActualidad\u00bb","img":{"alt_text":"","src":"https:\/\/i0.wp.com\/www.moda.es\/blog\/wp-content\/uploads\/2013\/02\/Minnie-Mouse-by-Alber-Elbaz-2.jpg?fit=1200%2C900&resize=350%2C200","width":350,"height":200},"classes":[]},{"id":10205,"url":"http:\/\/www.moda.es\/blog\/grandes-alianzas\/","url_meta":{"origin":19929,"position":2},"title":"Grandes alianzas","date":"enero 15, 2013","format":false,"excerpt":"\u00a0 \u00a0 Por su talento, por su carisma, por su estilo o por su gran simpat\u00eda. Son muchos los motivos por los que Alber Elbaz, Director Creativo de Lanvin, es uno de los dise\u00f1adores m\u00e1s admirados y queridos por el mundo de la moda. Hoy, este amor se ha trasladado\u2026","rel":"","context":"En \u00abBelleza\u00bb","img":{"alt_text":"","src":"https:\/\/i0.wp.com\/www.moda.es\/blog\/wp-content\/uploads\/2013\/01\/Alber-Elbaz1.jpg?fit=500%2C334&resize=350%2C200","width":350,"height":200},"classes":[]},{"id":22298,"url":"http:\/\/www.moda.es\/blog\/bouchra-jarrar-abandona-lanvin\/","url_meta":{"origin":19929,"position":3},"title":"Bouchra Jarrar abandona Lanvin","date":"julio 6, 2017","format":false,"excerpt":"La directora creativa de Lanvin, Bouchra Jarrar, renunci\u00f3 a su puesto en la casa de moda francesa despu\u00e9s de mostrar s\u00f3lo dos colecciones. El dise\u00f1ador y la casa \"han decidido mutuamente poner fin a su colaboraci\u00f3n\", seg\u00fan una declaraci\u00f3n oficial de la marca esta noche. La noticia se suma a\u2026","rel":"","context":"En \u00abDestacados\u00bb","img":{"alt_text":"","src":"https:\/\/i0.wp.com\/www.moda.es\/blog\/wp-content\/uploads\/2017\/07\/Captura-de-pantalla-2017-07-06-a-las-22.59.27.png?fit=362%2C545&resize=350%2C200","width":350,"height":200},"classes":[]},{"id":20422,"url":"http:\/\/www.moda.es\/blog\/bouchra-jarrar-nueva-directora-artistica-de-lanvin\/","url_meta":{"origin":19929,"position":4},"title":"Bouchra Jarrar, nueva directora art\u00edstica de Lanvin","date":"marzo 12, 2016","format":false,"excerpt":"Bouchra Jarrar ha sido nombrada nueva directora art\u00edstica de las colecciones de mujer\u00a0de\u00a0Lanvin. \"Es un gran honor continuar promoviendo el estilo Lanvin, con dise\u00f1os creados en talleres de la compa\u00f1\u00eda por equipos que tienen una pericia extraordinaria. Unirme a Lanvin cumple el deseo de llevar mi creaci\u00f3n a campos m\u00e1s\u2026","rel":"","context":"En \u00abActualidad\u00bb","img":{"alt_text":"","src":"https:\/\/i0.wp.com\/www.moda.es\/blog\/wp-content\/uploads\/2016\/03\/Captura-de-pantalla-2016-03-11-a-las-19.33.33.png?fit=634%2C355&resize=350%2C200","width":350,"height":200},"classes":[]},{"id":13364,"url":"http:\/\/www.moda.es\/blog\/edie-campbell-en-la-ultima-campana-de-lanvin\/","url_meta":{"origin":19929,"position":5},"title":"Todas las caras de Edie Campbell","date":"julio 16, 2013","format":false,"excerpt":"Cuando Alber Elbaz quiso crear una campa\u00f1a que mostrara la diversidad de la colecci\u00f3n de Lanvin para el pr\u00f3ximo Oto\u00f1o - Invierno 2013, podr\u00eda haber desplegado una interminable e imponente lista de top models. La \u00faltima vez que dese\u00f3 mostrar la diversidad, en concreto en su \u00faltima campa\u00f1a oto\u00f1o, reuni\u00f3\u2026","rel":"","context":"En \u00abCampa\u00f1as\u00bb","img":{"alt_text":"","src":"https:\/\/i0.wp.com\/www.moda.es\/blog\/wp-content\/uploads\/2013\/07\/lanvin-2_2.jpg?fit=500%2C327&resize=350%2C200","width":350,"height":200},"classes":[]}],"_links":{"self":[{"href":"http:\/\/www.moda.es\/blog\/wp-json\/wp\/v2\/posts\/19929"}],"collection":[{"href":"http:\/\/www.moda.es\/blog\/wp-json\/wp\/v2\/posts"}],"about":[{"href":"http:\/\/www.moda.es\/blog\/wp-json\/wp\/v2\/types\/post"}],"author":[{"embeddable":true,"href":"http:\/\/www.moda.es\/blog\/wp-json\/wp\/v2\/users\/3"}],"replies":[{"embeddable":true,"href":"http:\/\/www.moda.es\/blog\/wp-json\/wp\/v2\/comments?post=19929"}],"version-history":[{"count":6,"href":"http:\/\/www.moda.es\/blog\/wp-json\/wp\/v2\/posts\/19929\/revisions"}],"predecessor-version":[{"id":36043,"href":"http:\/\/www.moda.es\/blog\/wp-json\/wp\/v2\/posts\/19929\/revisions\/36043"}],"wp:featuredmedia":[{"embeddable":true,"href":"http:\/\/www.moda.es\/blog\/wp-json\/wp\/v2\/media\/19930"}],"wp:attachment":[{"href":"http:\/\/www.moda.es\/blog\/wp-json\/wp\/v2\/media?parent=19929"}],"wp:term":[{"taxonomy":"category","embeddable":true,"href":"http:\/\/www.moda.es\/blog\/wp-json\/wp\/v2\/categories?post=19929"},{"taxonomy":"post_tag","embeddable":true,"href":"http:\/\/www.moda.es\/blog\/wp-json\/wp\/v2\/tags?post=19929"}],"curies":[{"name":"wp","href":"https:\/\/api.w.org\/{rel}","templated":true}]}}