{"id":19925,"date":"2015-10-26T22:30:51","date_gmt":"2015-10-26T21:30:51","guid":{"rendered":"http:\/\/www.moda.es\/blog\/?p=19925"},"modified":"2020-04-27T16:43:12","modified_gmt":"2020-04-27T15:43:12","slug":"los-pleitos-de-christian-louboutin","status":"publish","type":"post","link":"http:\/\/www.moda.es\/blog\/los-pleitos-de-christian-louboutin\/","title":{"rendered":"Los pleitos de Christian Louboutin"},"content":{"rendered":"<p>No nos resulta sorprendente. <strong>Christian Louboutin<\/strong>\u00a0es bien conocido por tomar medidas en\u00e9rgicas para proteger su suela roja de las compa\u00f1\u00edas que quieran imitara, pero la firma francesa de calzado no se queda ah\u00ed. La marca ha comunicado su victoria en varios juicios sobre otros dise\u00f1os patentados durante el a\u00f1o pasado. Entre otros, sus zapatos planos \u00a0con tachuelas y otro adornado con mariposas que ha sido creado con <strong>Disney.<\/strong><\/p>\n<p><a href=\"https:\/\/i0.wp.com\/www.moda.es\/blog\/wp-content\/uploads\/2015\/10\/Captura-de-pantalla-2015-10-26-a-las-22.20.22.png\"><img data-attachment-id=\"19927\" data-permalink=\"http:\/\/www.moda.es\/blog\/los-pleitos-de-christian-louboutin\/captura-de-pantalla-2015-10-26-a-las-22-20-22\/\" data-orig-file=\"https:\/\/i0.wp.com\/www.moda.es\/blog\/wp-content\/uploads\/2015\/10\/Captura-de-pantalla-2015-10-26-a-las-22.20.22.png?fit=564%2C318\" data-orig-size=\"564,318\" data-comments-opened=\"1\" data-image-meta=\"{&quot;aperture&quot;:&quot;0&quot;,&quot;credit&quot;:&quot;&quot;,&quot;camera&quot;:&quot;&quot;,&quot;caption&quot;:&quot;&quot;,&quot;created_timestamp&quot;:&quot;0&quot;,&quot;copyright&quot;:&quot;&quot;,&quot;focal_length&quot;:&quot;0&quot;,&quot;iso&quot;:&quot;0&quot;,&quot;shutter_speed&quot;:&quot;0&quot;,&quot;title&quot;:&quot;&quot;}\" data-image-title=\"Captura de pantalla 2015-10-26 a las 22.20.22\" data-image-description=\"\" data-image-caption=\"\" data-medium-file=\"https:\/\/i0.wp.com\/www.moda.es\/blog\/wp-content\/uploads\/2015\/10\/Captura-de-pantalla-2015-10-26-a-las-22.20.22.png?fit=300%2C169\" data-large-file=\"https:\/\/i0.wp.com\/www.moda.es\/blog\/wp-content\/uploads\/2015\/10\/Captura-de-pantalla-2015-10-26-a-las-22.20.22.png?fit=564%2C318\" loading=\"lazy\" class=\"aligncenter size-medium wp-image-19927\" alt=\"Captura de pantalla 2015-10-26 a las 22.20.22\" src=\"https:\/\/i0.wp.com\/www.moda.es\/blog\/wp-content\/uploads\/2015\/10\/Captura-de-pantalla-2015-10-26-a-las-22.20.22.png?resize=300%2C169\" width=\"300\" height=\"169\" srcset=\"https:\/\/i0.wp.com\/www.moda.es\/blog\/wp-content\/uploads\/2015\/10\/Captura-de-pantalla-2015-10-26-a-las-22.20.22.png?resize=300%2C169 300w, https:\/\/i0.wp.com\/www.moda.es\/blog\/wp-content\/uploads\/2015\/10\/Captura-de-pantalla-2015-10-26-a-las-22.20.22.png?resize=420%2C236 420w, https:\/\/i0.wp.com\/www.moda.es\/blog\/wp-content\/uploads\/2015\/10\/Captura-de-pantalla-2015-10-26-a-las-22.20.22.png?w=564 564w\" sizes=\"(max-width: 300px) 100vw, 300px\" data-recalc-dims=\"1\" \/><\/a><\/p>\n<p>Louboutin ha sido premiado con la protecci\u00f3n de sus botines de cuero con cordones <strong>Azimut,<\/strong>\u00a0los <strong>Manovra 70<\/strong> de cuero tachonado y los salones con tal\u00f3n descubierto en PVC. Tambi\u00e9n los botines con tachuelas <strong>Guerilla<\/strong>\u00a0 con puntera abierta, los botines\u00a0<strong>Gortik<\/strong>, los zapatos de sal\u00f3n de malla y cristal <strong>Body Strass<\/strong> y los mocasines de charol negro <strong>Tassilo<\/strong>\u00a0con p\u00faas, seg\u00fan informa The Fashion Law.<\/p>\n<p>Pero Louboutin no est\u00e1 solo en sus avances legales. <strong>Jimmy Choo<\/strong> tambi\u00e9n ha ido cumulando patentes de dise\u00f1o de su calzado para unos <strong>diez<\/strong> <strong>a\u00f1os<\/strong>. Del mismo modo <strong>Herm\u00e8s, Alexander Wang, YSL, C\u00e9line y Balenciaga<\/strong> tambi\u00e9n han recibido recientemente la potestad de proteger sus dise\u00f1os de calzado.<\/p>\n<p>&nbsp;<\/p>\n<p><a href=\"https:\/\/i0.wp.com\/www.moda.es\/blog\/wp-content\/uploads\/2015\/10\/Captura-de-pantalla-2015-10-26-a-las-22.20.30.png\"><img data-attachment-id=\"19926\" data-permalink=\"http:\/\/www.moda.es\/blog\/los-pleitos-de-christian-louboutin\/captura-de-pantalla-2015-10-26-a-las-22-20-30\/\" data-orig-file=\"https:\/\/i0.wp.com\/www.moda.es\/blog\/wp-content\/uploads\/2015\/10\/Captura-de-pantalla-2015-10-26-a-las-22.20.30.png?fit=577%2C299\" data-orig-size=\"577,299\" data-comments-opened=\"1\" data-image-meta=\"{&quot;aperture&quot;:&quot;0&quot;,&quot;credit&quot;:&quot;&quot;,&quot;camera&quot;:&quot;&quot;,&quot;caption&quot;:&quot;&quot;,&quot;created_timestamp&quot;:&quot;0&quot;,&quot;copyright&quot;:&quot;&quot;,&quot;focal_length&quot;:&quot;0&quot;,&quot;iso&quot;:&quot;0&quot;,&quot;shutter_speed&quot;:&quot;0&quot;,&quot;title&quot;:&quot;&quot;}\" data-image-title=\"Captura de pantalla 2015-10-26 a las 22.20.30\" data-image-description=\"\" data-image-caption=\"\" data-medium-file=\"https:\/\/i0.wp.com\/www.moda.es\/blog\/wp-content\/uploads\/2015\/10\/Captura-de-pantalla-2015-10-26-a-las-22.20.30.png?fit=300%2C155\" data-large-file=\"https:\/\/i0.wp.com\/www.moda.es\/blog\/wp-content\/uploads\/2015\/10\/Captura-de-pantalla-2015-10-26-a-las-22.20.30.png?fit=577%2C299\" loading=\"lazy\" class=\"aligncenter size-medium wp-image-19926\" alt=\"Captura de pantalla 2015-10-26 a las 22.20.30\" src=\"https:\/\/i0.wp.com\/www.moda.es\/blog\/wp-content\/uploads\/2015\/10\/Captura-de-pantalla-2015-10-26-a-las-22.20.30.png?resize=300%2C155\" width=\"300\" height=\"155\" srcset=\"https:\/\/i0.wp.com\/www.moda.es\/blog\/wp-content\/uploads\/2015\/10\/Captura-de-pantalla-2015-10-26-a-las-22.20.30.png?resize=300%2C155 300w, https:\/\/i0.wp.com\/www.moda.es\/blog\/wp-content\/uploads\/2015\/10\/Captura-de-pantalla-2015-10-26-a-las-22.20.30.png?resize=420%2C217 420w, https:\/\/i0.wp.com\/www.moda.es\/blog\/wp-content\/uploads\/2015\/10\/Captura-de-pantalla-2015-10-26-a-las-22.20.30.png?w=577 577w\" sizes=\"(max-width: 300px) 100vw, 300px\" data-recalc-dims=\"1\" \/><\/a><\/p>\n<p>\u00a9Vogue UK                            <\/p>\n","protected":false},"excerpt":{"rendered":"<p>No nos resulta sorprendente. Christian Louboutin\u00a0es bien conocido por tomar medidas en\u00e9rgicas para proteger su suela roja de las compa\u00f1\u00edas que quieran imitara, pero la firma francesa de calzado no se queda ah\u00ed. La marca ha comunicado su victoria en varios juicios sobre otros dise\u00f1os patentados durante el a\u00f1o pasado. [&hellip;]<\/p>\n","protected":false},"author":3,"featured_media":19926,"comment_status":"open","ping_status":"open","sticky":false,"template":"","format":"standard","meta":{"jetpack_publicize_message":"","jetpack_is_tweetstorm":false,"jetpack_publicize_feature_enabled":true},"categories":[2,3,11,12],"tags":[66,108,179,195,387,438,955],"jetpack_publicize_connections":[],"jetpack_featured_media_url":"https:\/\/i0.wp.com\/www.moda.es\/blog\/wp-content\/uploads\/2015\/10\/Captura-de-pantalla-2015-10-26-a-las-22.20.30.png?fit=577%2C299","jetpack_sharing_enabled":true,"jetpack_shortlink":"https:\/\/wp.me\/p4tJCC-5bn","jetpack-related-posts":[{"id":18120,"url":"http:\/\/www.moda.es\/blog\/louboutin-en-nuestras-unas\/","url_meta":{"origin":19925,"position":0},"title":"Louboutin en nuestras u\u00f1as","date":"agosto 25, 2014","format":false,"excerpt":"Porque no s\u00f3lo de lujo viven las marcas de \u00eddem, y se necesitan las licencias para mantener las cifras, Christian Louboutin ha sido la \u00faltima marca que se ha unido al mundo de la cosm\u00e9tica. El cerebro detr\u00e1s de esas suelas rojas divinas, se ha unido a firmas como Tom\u2026","rel":"","context":"En \u00abBelleza\u00bb","img":{"alt_text":"","src":"https:\/\/i0.wp.com\/www.moda.es\/blog\/wp-content\/uploads\/2014\/08\/louboutin1.jpg?fit=650%2C975&resize=350%2C200","width":350,"height":200},"classes":[]},{"id":14409,"url":"http:\/\/www.moda.es\/blog\/nude-cuero-y-accesorios\/","url_meta":{"origin":19925,"position":1},"title":"Nude, cuero y accesorios","date":"octubre 14, 2013","format":false,"excerpt":"\u00bfQu\u00e9 tal ha empeado el lunes? Espero que muy bien. Yo hoy no es que lo vea todo de color de rosa, pero lo veo en nude, que es parecido... Y es que hoy tres noticias de moda se han declinado en este color. Es un comod\u00edn, pega con todo\u2026","rel":"","context":"En \u00abAccesorios\u00bb","img":{"alt_text":"","src":"https:\/\/i0.wp.com\/www.moda.es\/blog\/wp-content\/uploads\/2013\/10\/Loewe.jpg?resize=350%2C200","width":350,"height":200},"classes":[]},{"id":22596,"url":"http:\/\/www.moda.es\/blog\/descubre-la-nueva-colaboracion-de-christian-louboutin\/","url_meta":{"origin":19925,"position":2},"title":"Descubre la nueva colaboraci\u00f3n de Christian Louboutin","date":"octubre 3, 2017","format":false,"excerpt":"Est\u00e1 celebrando 25 a\u00f1os de su firma ep\u00f3nima este a\u00f1o y para celebrarlo, Christian Louboutin prepara su pr\u00f3ximo lanzamiento: una colaboraci\u00f3n con el dise\u00f1ador indio de alta costura, y favorito de Bollywood,\u00a0Sabyasachi Mukherjee. La colecci\u00f3n exclusiva de quince modelos de mujer y cuatro masculinos, ha sido creada con sarees y\u2026","rel":"","context":"En \u00abAccesorios\u00bb","img":{"alt_text":"","src":"https:\/\/i0.wp.com\/www.moda.es\/blog\/wp-content\/uploads\/2017\/10\/lou-5.jpg?fit=810%2C540&resize=350%2C200","width":350,"height":200},"classes":[]},{"id":17989,"url":"http:\/\/www.moda.es\/blog\/naomi-campbell-celebra-la-final-del-mundial\/","url_meta":{"origin":19925,"position":3},"title":"Naomi Campbell celebra la final del Mundial","date":"julio 19, 2014","format":false,"excerpt":"Rankin ha fotografiado a Naomi Campbell por primera vez en la historia. El fot\u00f3grafo y la modelo nunca hab\u00edan trabajado juntos antes a pesar de sus largas carreras en la industria de la moda. Y no ha sido la moda sino el f\u00fatbol lo que les ha unido en una\u2026","rel":"","context":"En \u00abActualidad\u00bb","img":{"alt_text":"","src":"https:\/\/i0.wp.com\/www.moda.es\/blog\/wp-content\/uploads\/2014\/07\/NaomiCambell.jpg?fit=650%2C449&resize=350%2C200","width":350,"height":200},"classes":[]},{"id":10541,"url":"http:\/\/www.moda.es\/blog\/louboutin-se-va-de-pesca\/","url_meta":{"origin":19925,"position":4},"title":"Louboutin se va de pesca","date":"febrero 2, 2013","format":false,"excerpt":"Cruzar las olas en un catamar\u00e1n, bucear, practicar esqu\u00ed acu\u00e1tico... \u00bfYa est\u00e1s pensando en las actividades playeras del pr\u00f3ximo verano? Pues olv\u00eddate de las emociones fuertes, este a\u00f1o practicaremos el sereno, apacible y noble arte de la pesca. Christian Louboutin ha presentado su \u00faltima colecci\u00f3n. Sexies, coquetos, atrevidos, femeninos y\u2026","rel":"","context":"En \u00abAccesorios\u00bb","img":{"alt_text":"","src":"https:\/\/i0.wp.com\/www.moda.es\/blog\/wp-content\/uploads\/2013\/02\/CB.jpg?fit=500%2C300&resize=350%2C200","width":350,"height":200},"classes":[]},{"id":18645,"url":"http:\/\/www.moda.es\/blog\/dita-von-teese-y-louboutin-se-ponen-muy-sexies\/","url_meta":{"origin":19925,"position":5},"title":"Dita von Teese y Louboutin se ponen muy sexies","date":"diciembre 16, 2014","format":false,"excerpt":"Dita Von Teese ha unido fuerzas con Christian Louboutin para lanzar una nueva colecci\u00f3n de lencer\u00eda. Se llamar\u00e1 XXXtian y ser\u00e1 lanzada como parte de la l\u00ednea de ropa interior de inspiraci\u00f3n vintage de la estrella del burlesque, Dita Von Teese Lingerie. Como parte de la colaboraci\u00f3n, Louboutin ha creado\u2026","rel":"","context":"En \u00abActualidad\u00bb","img":{"alt_text":"","src":"https:\/\/i0.wp.com\/www.moda.es\/blog\/wp-content\/uploads\/2014\/12\/ditavonteese2.jpg?fit=650%2C975&resize=350%2C200","width":350,"height":200},"classes":[]}],"_links":{"self":[{"href":"http:\/\/www.moda.es\/blog\/wp-json\/wp\/v2\/posts\/19925"}],"collection":[{"href":"http:\/\/www.moda.es\/blog\/wp-json\/wp\/v2\/posts"}],"about":[{"href":"http:\/\/www.moda.es\/blog\/wp-json\/wp\/v2\/types\/post"}],"author":[{"embeddable":true,"href":"http:\/\/www.moda.es\/blog\/wp-json\/wp\/v2\/users\/3"}],"replies":[{"embeddable":true,"href":"http:\/\/www.moda.es\/blog\/wp-json\/wp\/v2\/comments?post=19925"}],"version-history":[{"count":6,"href":"http:\/\/www.moda.es\/blog\/wp-json\/wp\/v2\/posts\/19925\/revisions"}],"predecessor-version":[{"id":36044,"href":"http:\/\/www.moda.es\/blog\/wp-json\/wp\/v2\/posts\/19925\/revisions\/36044"}],"wp:featuredmedia":[{"embeddable":true,"href":"http:\/\/www.moda.es\/blog\/wp-json\/wp\/v2\/media\/19926"}],"wp:attachment":[{"href":"http:\/\/www.moda.es\/blog\/wp-json\/wp\/v2\/media?parent=19925"}],"wp:term":[{"taxonomy":"category","embeddable":true,"href":"http:\/\/www.moda.es\/blog\/wp-json\/wp\/v2\/categories?post=19925"},{"taxonomy":"post_tag","embeddable":true,"href":"http:\/\/www.moda.es\/blog\/wp-json\/wp\/v2\/tags?post=19925"}],"curies":[{"name":"wp","href":"https:\/\/api.w.org\/{rel}","templated":true}]}}