{"id":19906,"date":"2015-10-20T22:47:39","date_gmt":"2015-10-20T21:47:39","guid":{"rendered":"http:\/\/www.moda.es\/blog\/?p=19906"},"modified":"2020-04-27T16:43:41","modified_gmt":"2020-04-27T15:43:41","slug":"arrepentida-de-haber-comprado-o-no-tenemos-la-solucion","status":"publish","type":"post","link":"http:\/\/www.moda.es\/blog\/arrepentida-de-haber-comprado-o-no-tenemos-la-solucion\/","title":{"rendered":"\u00bfArrepentida de haber comprado o no? Tenemos la soluci\u00f3n"},"content":{"rendered":"<p>La web de reventa en l\u00ednea <strong>Vestiaire Collective<\/strong> est\u00e1 dando una vuelta a su modelo de negocio. Durante el pr\u00f3ximo mes, ha decidido invitar a los usuarios a subir fotos de los art\u00edculos que desear\u00edan haber comprado con la esperanza de conectar con los miembros que tengan ese art\u00edculo y est\u00e9n dispuestos a revenderlos.<\/p>\n<p>Bajo el t\u00edtulo \u00abThe One That Got Away\u00bb (El que se escap\u00f3), se conecta a los aspirantes a compradores con una comunidad de cuatro millones de usuarios a trav\u00e9s de una plataforma similar a <strong>Pinterest<\/strong> que mostrar\u00e1 los art\u00edculos que la gentepersigue. Ya se trate de un par de zapatos, un bolso de dise\u00f1ador o ese accesorio de tendencia, los miembrosque posean art\u00edculos a continuaci\u00f3n, pueden subir sus productos con la esperanza de <strong>conseguir una venta<\/strong>.<\/p>\n<p><a href=\"https:\/\/i0.wp.com\/www.moda.es\/blog\/wp-content\/uploads\/2015\/10\/Captura-de-pantalla-2015-10-20-a-las-23.37.08.png\"><img data-attachment-id=\"19908\" data-permalink=\"http:\/\/www.moda.es\/blog\/arrepentida-de-haber-comprado-o-no-tenemos-la-solucion\/captura-de-pantalla-2015-10-20-a-las-23-37-08\/\" data-orig-file=\"https:\/\/i0.wp.com\/www.moda.es\/blog\/wp-content\/uploads\/2015\/10\/Captura-de-pantalla-2015-10-20-a-las-23.37.08.png?fit=640%2C633\" data-orig-size=\"640,633\" data-comments-opened=\"1\" data-image-meta=\"{&quot;aperture&quot;:&quot;0&quot;,&quot;credit&quot;:&quot;&quot;,&quot;camera&quot;:&quot;&quot;,&quot;caption&quot;:&quot;&quot;,&quot;created_timestamp&quot;:&quot;0&quot;,&quot;copyright&quot;:&quot;&quot;,&quot;focal_length&quot;:&quot;0&quot;,&quot;iso&quot;:&quot;0&quot;,&quot;shutter_speed&quot;:&quot;0&quot;,&quot;title&quot;:&quot;&quot;}\" data-image-title=\"Captura de pantalla 2015-10-20 a las 23.37.08\" data-image-description=\"\" data-image-caption=\"\" data-medium-file=\"https:\/\/i0.wp.com\/www.moda.es\/blog\/wp-content\/uploads\/2015\/10\/Captura-de-pantalla-2015-10-20-a-las-23.37.08.png?fit=300%2C296\" data-large-file=\"https:\/\/i0.wp.com\/www.moda.es\/blog\/wp-content\/uploads\/2015\/10\/Captura-de-pantalla-2015-10-20-a-las-23.37.08.png?fit=640%2C633\" loading=\"lazy\" class=\"aligncenter size-medium wp-image-19908\" alt=\"Captura de pantalla 2015-10-20 a las 23.37.08\" src=\"https:\/\/i0.wp.com\/www.moda.es\/blog\/wp-content\/uploads\/2015\/10\/Captura-de-pantalla-2015-10-20-a-las-23.37.08.png?resize=300%2C296\" width=\"300\" height=\"296\" srcset=\"https:\/\/i0.wp.com\/www.moda.es\/blog\/wp-content\/uploads\/2015\/10\/Captura-de-pantalla-2015-10-20-a-las-23.37.08.png?resize=300%2C296 300w, https:\/\/i0.wp.com\/www.moda.es\/blog\/wp-content\/uploads\/2015\/10\/Captura-de-pantalla-2015-10-20-a-las-23.37.08.png?resize=420%2C415 420w, https:\/\/i0.wp.com\/www.moda.es\/blog\/wp-content\/uploads\/2015\/10\/Captura-de-pantalla-2015-10-20-a-las-23.37.08.png?w=640 640w\" sizes=\"(max-width: 300px) 100vw, 300px\" data-recalc-dims=\"1\" \/><\/a><\/p>\n<p>Fundado en <strong>Par\u00eds<\/strong> en <strong>2009,<\/strong> Vestiaire Collective se ha convertido r\u00e1pidamente en uno de los principales actores en el mercado de la <strong>reventa de lujo.<\/strong> Cada elemento sufre un proceso de confirmaci\u00f3n de su autenticidad antes de ser enviado al comprador realizado por su equipo que cuenta con <strong>ex empleados de muchas marcas de lujo<\/strong>, lo que significa que pueden detectar f\u00e1cilmente los productos falsificados. Cualquiera puede ofrecer art\u00edculos a la venta, una vez que las fotos son aprobados y \u00a0se acuerda un precio. Los miembros de la comunidad pueden entonces hacer ofertas \u00a0hasta que el vendedor est\u00e9 de acuerdo.<\/p>\n<p>The One That Got Away da una vuelta a esta acci\u00f3n de compra-venta. Los usuarios tendr\u00e1n una nueva oportunidad de comprar ese bolso de <strong>Celine<\/strong> o esa chaqueta de <strong>Sandro <\/strong>que desear\u00edan haber comprado y han lamentado no hacerlo desde entonces. Los clientes simplemente deben rellenar \u00a0un<strong> formulario de deseos<\/strong> con los detalles y la imagen de lo que est\u00e1n buscando. Una vez procesada la solicitud aparecer\u00e1 en un tablero donde los miembros de Vestiaire pueden verlo. Cuando un miembro ve una pieza que tiene y est\u00e1 dispuestos a vender pueden seleccionar el bot\u00f3n de &#8216;vender&#8217; y poner su art\u00edculo a la venta.<\/p>\n<p>Este servicio estar\u00e1 disponible desde hoy, 20 de octubre y <strong>hasta el 30 de noviembre<\/strong>.<\/p>\n<p><a href=\"https:\/\/i0.wp.com\/www.moda.es\/blog\/wp-content\/uploads\/2015\/10\/Captura-de-pantalla-2015-10-20-a-las-23.36.59.png\"><img data-attachment-id=\"19907\" data-permalink=\"http:\/\/www.moda.es\/blog\/arrepentida-de-haber-comprado-o-no-tenemos-la-solucion\/captura-de-pantalla-2015-10-20-a-las-23-36-59\/\" data-orig-file=\"https:\/\/i0.wp.com\/www.moda.es\/blog\/wp-content\/uploads\/2015\/10\/Captura-de-pantalla-2015-10-20-a-las-23.36.59.png?fit=637%2C421\" data-orig-size=\"637,421\" data-comments-opened=\"1\" data-image-meta=\"{&quot;aperture&quot;:&quot;0&quot;,&quot;credit&quot;:&quot;&quot;,&quot;camera&quot;:&quot;&quot;,&quot;caption&quot;:&quot;&quot;,&quot;created_timestamp&quot;:&quot;0&quot;,&quot;copyright&quot;:&quot;&quot;,&quot;focal_length&quot;:&quot;0&quot;,&quot;iso&quot;:&quot;0&quot;,&quot;shutter_speed&quot;:&quot;0&quot;,&quot;title&quot;:&quot;&quot;}\" data-image-title=\"Captura de pantalla 2015-10-20 a las 23.36.59\" data-image-description=\"\" data-image-caption=\"\" data-medium-file=\"https:\/\/i0.wp.com\/www.moda.es\/blog\/wp-content\/uploads\/2015\/10\/Captura-de-pantalla-2015-10-20-a-las-23.36.59.png?fit=300%2C198\" data-large-file=\"https:\/\/i0.wp.com\/www.moda.es\/blog\/wp-content\/uploads\/2015\/10\/Captura-de-pantalla-2015-10-20-a-las-23.36.59.png?fit=637%2C421\" loading=\"lazy\" class=\"aligncenter size-medium wp-image-19907\" alt=\"Captura de pantalla 2015-10-20 a las 23.36.59\" src=\"https:\/\/i0.wp.com\/www.moda.es\/blog\/wp-content\/uploads\/2015\/10\/Captura-de-pantalla-2015-10-20-a-las-23.36.59.png?resize=300%2C198\" width=\"300\" height=\"198\" srcset=\"https:\/\/i0.wp.com\/www.moda.es\/blog\/wp-content\/uploads\/2015\/10\/Captura-de-pantalla-2015-10-20-a-las-23.36.59.png?resize=300%2C198 300w, https:\/\/i0.wp.com\/www.moda.es\/blog\/wp-content\/uploads\/2015\/10\/Captura-de-pantalla-2015-10-20-a-las-23.36.59.png?resize=420%2C277 420w, https:\/\/i0.wp.com\/www.moda.es\/blog\/wp-content\/uploads\/2015\/10\/Captura-de-pantalla-2015-10-20-a-las-23.36.59.png?w=637 637w\" sizes=\"(max-width: 300px) 100vw, 300px\" data-recalc-dims=\"1\" \/><\/a><\/p>\n<p>&nbsp;<\/p>\n<p>\u00a9Fashion Telegraph                            <\/p>\n","protected":false},"excerpt":{"rendered":"<p>La web de reventa en l\u00ednea Vestiaire Collective est\u00e1 dando una vuelta a su modelo de negocio. Durante el pr\u00f3ximo mes, ha decidido invitar a los usuarios a subir fotos de los art\u00edculos que desear\u00edan haber comprado con la esperanza de conectar con los miembros que tengan ese art\u00edculo y [&hellip;]<\/p>\n","protected":false},"author":3,"featured_media":19907,"comment_status":"open","ping_status":"open","sticky":false,"template":"","format":"standard","meta":{"jetpack_publicize_message":"","jetpack_is_tweetstorm":false,"jetpack_publicize_feature_enabled":true},"categories":[3,11,29],"tags":[1302],"jetpack_publicize_connections":[],"jetpack_featured_media_url":"https:\/\/i0.wp.com\/www.moda.es\/blog\/wp-content\/uploads\/2015\/10\/Captura-de-pantalla-2015-10-20-a-las-23.36.59.png?fit=637%2C421","jetpack_sharing_enabled":true,"jetpack_shortlink":"https:\/\/wp.me\/p4tJCC-5b4","jetpack-related-posts":[{"id":22133,"url":"http:\/\/www.moda.es\/blog\/chloe-sevigny-vestiaire-collective-y-el-vintage\/","url_meta":{"origin":19906,"position":0},"title":"Chlo\u00eb Sevigny, Vestiaire Collective y el vintage","date":"mayo 15, 2017","format":false,"excerpt":"No hay mayor sensaci\u00f3n que descubrir una pieza rara de moda vintage en eBay. Es como encontrar una aguja de dise\u00f1o en un pajar, especialmente si eres propenso a caer\u00a0en el\u00a0comercio electr\u00f3nico y desplazarte hasta que directamente\u00a0no puedas ver. La actriz e icono de estilo Chlo\u00eb Sevigny lo consigue. Ella\u2026","rel":"","context":"En \u00abActualidad\u00bb","img":{"alt_text":"","src":"https:\/\/i0.wp.com\/www.moda.es\/blog\/wp-content\/uploads\/2017\/05\/Captura-de-pantalla-2017-05-15-a-las-23.56.40.png?fit=648%2C490&resize=350%2C200","width":350,"height":200},"classes":[]},{"id":20045,"url":"http:\/\/www.moda.es\/blog\/los-armarios-de-emma-y-keira-en-venta\/","url_meta":{"origin":19906,"position":1},"title":"Los armarios de Emma y Keira, en venta","date":"diciembre 8, 2015","format":false,"excerpt":"Dos estrellas con dos de los armarios m\u00e1s envidiables del mundo,\u00a0Keira Knightley y Emma Watson, han decidido echarlos abajo en beneficio de una buena causa. Las actrices brit\u00e1nicas han donado ropa y accesorios de sus propios armarios a la asociaci\u00f3n de Vestiaire Collective con Women for Women International, como parte\u2026","rel":"","context":"En \u00abActualidad\u00bb","img":{"alt_text":"","src":"https:\/\/i0.wp.com\/www.moda.es\/blog\/wp-content\/uploads\/2015\/12\/Captura-de-pantalla-2015-12-08-a-las-1.01.53.png?fit=291%2C441&resize=350%2C200","width":350,"height":200},"classes":[]},{"id":22618,"url":"http:\/\/www.moda.es\/blog\/stella-mccartney-va-a-revolucionar-el-mundo-del-lujo\/","url_meta":{"origin":19906,"position":2},"title":"Stella McCartney va a revolucionar el mundo del lujo","date":"octubre 10, 2017","format":false,"excerpt":"La dise\u00f1adora, defensor de la defensa del medio ambiente y de los derechos de los animales por medio de la moda sostenible desde hace tiempo, ha forjado una alianza estrat\u00e9gica con la plataforma de ecommerce The Real Real para promover el uso de la segunda mano. As\u00ed, se dispondr\u00e1n carteles\u2026","rel":"","context":"En \u00abActualidad\u00bb","img":{"alt_text":"","src":"https:\/\/i0.wp.com\/www.moda.es\/blog\/wp-content\/uploads\/2017\/10\/smc.jpg?fit=928%2C523&resize=350%2C200","width":350,"height":200},"classes":[]},{"id":18270,"url":"http:\/\/www.moda.es\/blog\/uniqlo-para-compradoras-arrepentidas\/","url_meta":{"origin":19906,"position":3},"title":"Uniqlo para compradoras arrepentidas","date":"septiembre 10, 2014","format":false,"excerpt":"Todas nos hemos dicho a nosotras mismas en alg\u00fan momento \"si me hubiera comprado aquel (bolso, vestido, sombrero, pantal\u00f3n...) cuando tuve la oportunidad...\" Pues si lo dijiste por alguna de las prendas de la popular colecci\u00f3n de la colaboraci\u00f3n de Jil Sander con Uniqlo entonces se han concedido tus deseos.\u2026","rel":"","context":"En \u00abColecciones\u00bb","img":{"alt_text":"","src":"https:\/\/i0.wp.com\/www.moda.es\/blog\/wp-content\/uploads\/2014\/09\/ujs2.jpg?fit=650%2C799&resize=350%2C200","width":350,"height":200},"classes":[]},{"id":17800,"url":"http:\/\/www.moda.es\/blog\/amantes-de-los-zapatos-tenemos-un-nuevo-capricho\/","url_meta":{"origin":19906,"position":4},"title":"Amantes de los zapatos, tenemos un nuevo capricho","date":"mayo 31, 2014","format":false,"excerpt":"Thakoon ha puesto los pies por delante en su \u00faltimo proyecto y no lo pod\u00eda haber hecho mejor. El dise\u00f1ador ha lanzado su primera colecci\u00f3n de calzado para la pre temporada de oto\u00f1o con un fant\u00e1stico debut de 10 modelos. Thakoon ha mantenido su enfoque en la moda, la comodidad\u2026","rel":"","context":"En \u00abActualidad\u00bb","img":{"alt_text":"","src":"https:\/\/i0.wp.com\/www.moda.es\/blog\/wp-content\/uploads\/2014\/05\/thakoon.jpg?fit=650%2C571&resize=350%2C200","width":350,"height":200},"classes":[]},{"id":19103,"url":"http:\/\/www.moda.es\/blog\/el-regreso-de-quien-nunca-se-fue\/","url_meta":{"origin":19906,"position":5},"title":"El regreso&#8230; de quien nunca se fue","date":"marzo 4, 2015","format":false,"excerpt":"No hace mucho que Jean Paul Gaultier informaba de su gran retirada de su l\u00ednea ready to wear para dedicarse a lo que realmete le divierte, la alta costura. \u00bfMent\u00eda? \u00bfEra una estrategia? Nunca lo sabremos pero hoy mismo ha anunciado el lanzamiento de su primera colecci\u00f3n de pret a\u2026","rel":"","context":"En \u00abActualidad\u00bb","img":{"alt_text":"","src":"https:\/\/i0.wp.com\/www.moda.es\/blog\/wp-content\/uploads\/2015\/03\/jpg.jpg?fit=650%2C975&resize=350%2C200","width":350,"height":200},"classes":[]}],"_links":{"self":[{"href":"http:\/\/www.moda.es\/blog\/wp-json\/wp\/v2\/posts\/19906"}],"collection":[{"href":"http:\/\/www.moda.es\/blog\/wp-json\/wp\/v2\/posts"}],"about":[{"href":"http:\/\/www.moda.es\/blog\/wp-json\/wp\/v2\/types\/post"}],"author":[{"embeddable":true,"href":"http:\/\/www.moda.es\/blog\/wp-json\/wp\/v2\/users\/3"}],"replies":[{"embeddable":true,"href":"http:\/\/www.moda.es\/blog\/wp-json\/wp\/v2\/comments?post=19906"}],"version-history":[{"count":10,"href":"http:\/\/www.moda.es\/blog\/wp-json\/wp\/v2\/posts\/19906\/revisions"}],"predecessor-version":[{"id":36047,"href":"http:\/\/www.moda.es\/blog\/wp-json\/wp\/v2\/posts\/19906\/revisions\/36047"}],"wp:featuredmedia":[{"embeddable":true,"href":"http:\/\/www.moda.es\/blog\/wp-json\/wp\/v2\/media\/19907"}],"wp:attachment":[{"href":"http:\/\/www.moda.es\/blog\/wp-json\/wp\/v2\/media?parent=19906"}],"wp:term":[{"taxonomy":"category","embeddable":true,"href":"http:\/\/www.moda.es\/blog\/wp-json\/wp\/v2\/categories?post=19906"},{"taxonomy":"post_tag","embeddable":true,"href":"http:\/\/www.moda.es\/blog\/wp-json\/wp\/v2\/tags?post=19906"}],"curies":[{"name":"wp","href":"https:\/\/api.w.org\/{rel}","templated":true}]}}