{"id":19878,"date":"2015-10-13T22:59:34","date_gmt":"2015-10-13T21:59:34","guid":{"rendered":"http:\/\/www.moda.es\/blog\/?p=19878"},"modified":"2020-04-27T16:44:27","modified_gmt":"2020-04-27T15:44:27","slug":"rodarte-anuncia-una-colaboracion-con-other-stories","status":"publish","type":"post","link":"http:\/\/www.moda.es\/blog\/rodarte-anuncia-una-colaboracion-con-other-stories\/","title":{"rendered":"Rodarte anuncia una colaboraci\u00f3n con &amp; Other Stories"},"content":{"rendered":"<p><strong>Rodarte<\/strong> se ha asociado con una de nuestras marcas favoritas, <strong>&amp; Other Stories,<\/strong> para crear una nueva colecci\u00f3n c\u00e1psula,\u00a0elevando a\u00fan m\u00e1s el list\u00f3n de las colaboraciones de la marca y difuminando poco a poco la l\u00ednea que separa la alta moda con el \u00ablow cost\u00bb.<\/p>\n<p><a href=\"https:\/\/i0.wp.com\/www.moda.es\/blog\/wp-content\/uploads\/2015\/10\/Captura-de-pantalla-2015-10-13-a-las-23.39.14.png\"><img data-attachment-id=\"19879\" data-permalink=\"http:\/\/www.moda.es\/blog\/rodarte-anuncia-una-colaboracion-con-other-stories\/captura-de-pantalla-2015-10-13-a-las-23-39-14\/\" data-orig-file=\"https:\/\/i0.wp.com\/www.moda.es\/blog\/wp-content\/uploads\/2015\/10\/Captura-de-pantalla-2015-10-13-a-las-23.39.14.png?fit=320%2C481\" data-orig-size=\"320,481\" data-comments-opened=\"1\" data-image-meta=\"{&quot;aperture&quot;:&quot;0&quot;,&quot;credit&quot;:&quot;&quot;,&quot;camera&quot;:&quot;&quot;,&quot;caption&quot;:&quot;&quot;,&quot;created_timestamp&quot;:&quot;0&quot;,&quot;copyright&quot;:&quot;&quot;,&quot;focal_length&quot;:&quot;0&quot;,&quot;iso&quot;:&quot;0&quot;,&quot;shutter_speed&quot;:&quot;0&quot;,&quot;title&quot;:&quot;&quot;}\" data-image-title=\"Captura de pantalla 2015-10-13 a las 23.39.14\" data-image-description=\"\" data-image-caption=\"\" data-medium-file=\"https:\/\/i0.wp.com\/www.moda.es\/blog\/wp-content\/uploads\/2015\/10\/Captura-de-pantalla-2015-10-13-a-las-23.39.14.png?fit=199%2C300\" data-large-file=\"https:\/\/i0.wp.com\/www.moda.es\/blog\/wp-content\/uploads\/2015\/10\/Captura-de-pantalla-2015-10-13-a-las-23.39.14.png?fit=320%2C481\" loading=\"lazy\" class=\"aligncenter size-medium wp-image-19879\" alt=\"Captura de pantalla 2015-10-13 a las 23.39.14\" src=\"https:\/\/i0.wp.com\/www.moda.es\/blog\/wp-content\/uploads\/2015\/10\/Captura-de-pantalla-2015-10-13-a-las-23.39.14.png?resize=199%2C300\" width=\"199\" height=\"300\" srcset=\"https:\/\/i0.wp.com\/www.moda.es\/blog\/wp-content\/uploads\/2015\/10\/Captura-de-pantalla-2015-10-13-a-las-23.39.14.png?resize=199%2C300 199w, https:\/\/i0.wp.com\/www.moda.es\/blog\/wp-content\/uploads\/2015\/10\/Captura-de-pantalla-2015-10-13-a-las-23.39.14.png?w=320 320w\" sizes=\"(max-width: 199px) 100vw, 199px\" data-recalc-dims=\"1\" \/><\/a><\/p>\n<p>La colecci\u00f3n, que aterrizar\u00e1 online y en las tiendas la pr\u00f3xima primavera, se compondr\u00e1 de pr\u00eat-\u00e0-porter, accesorios y zapatos.<\/p>\n<p>\u00abA trav\u00e9s de esta colaboraci\u00f3n especial con &amp; Other Stories, estamos muy contentos de contar la narrativa Rodarte en un nuevo ambiente\u00bb, dijeron en un comunicado las hermanas que se esconden detr\u00e1s de Rodarte, <strong>Laura y Kate Mulleavy<\/strong>. \u00ab&amp; Other Stories tiene <strong>posicionamiento \u00fanico<\/strong> en el panorama de la moda que nos ha permitido crear una colecci\u00f3n muy especial.\u00bb<\/p>\n<p>La pareja, que present\u00f3 su colecci\u00f3n primavera &#8211; verano 2016 \u00a0en <strong>Nueva York<\/strong> el mes pasado, siga los pasos de otros aclamados nombres del fashion business que ya han colaborado con la marca sueca propiedad del Grupo H&amp;M: <strong>Sadie Williams, Vika Gazinskaya y Rachel Antonoff<\/strong> entre otros.<\/p>\n<p><a href=\"https:\/\/i0.wp.com\/www.moda.es\/blog\/wp-content\/uploads\/2015\/10\/Captura-de-pantalla-2015-10-13-a-las-23.39.27.png\"><img data-attachment-id=\"19880\" data-permalink=\"http:\/\/www.moda.es\/blog\/rodarte-anuncia-una-colaboracion-con-other-stories\/captura-de-pantalla-2015-10-13-a-las-23-39-27\/\" data-orig-file=\"https:\/\/i0.wp.com\/www.moda.es\/blog\/wp-content\/uploads\/2015\/10\/Captura-de-pantalla-2015-10-13-a-las-23.39.27.png?fit=661%2C434\" data-orig-size=\"661,434\" data-comments-opened=\"1\" data-image-meta=\"{&quot;aperture&quot;:&quot;0&quot;,&quot;credit&quot;:&quot;&quot;,&quot;camera&quot;:&quot;&quot;,&quot;caption&quot;:&quot;&quot;,&quot;created_timestamp&quot;:&quot;0&quot;,&quot;copyright&quot;:&quot;&quot;,&quot;focal_length&quot;:&quot;0&quot;,&quot;iso&quot;:&quot;0&quot;,&quot;shutter_speed&quot;:&quot;0&quot;,&quot;title&quot;:&quot;&quot;}\" data-image-title=\"Captura de pantalla 2015-10-13 a las 23.39.27\" data-image-description=\"\" data-image-caption=\"\" data-medium-file=\"https:\/\/i0.wp.com\/www.moda.es\/blog\/wp-content\/uploads\/2015\/10\/Captura-de-pantalla-2015-10-13-a-las-23.39.27.png?fit=300%2C196\" data-large-file=\"https:\/\/i0.wp.com\/www.moda.es\/blog\/wp-content\/uploads\/2015\/10\/Captura-de-pantalla-2015-10-13-a-las-23.39.27.png?fit=640%2C420\" loading=\"lazy\" class=\"aligncenter size-medium wp-image-19880\" alt=\"Captura de pantalla 2015-10-13 a las 23.39.27\" src=\"https:\/\/i0.wp.com\/www.moda.es\/blog\/wp-content\/uploads\/2015\/10\/Captura-de-pantalla-2015-10-13-a-las-23.39.27.png?resize=300%2C196\" width=\"300\" height=\"196\" srcset=\"https:\/\/i0.wp.com\/www.moda.es\/blog\/wp-content\/uploads\/2015\/10\/Captura-de-pantalla-2015-10-13-a-las-23.39.27.png?resize=300%2C196 300w, https:\/\/i0.wp.com\/www.moda.es\/blog\/wp-content\/uploads\/2015\/10\/Captura-de-pantalla-2015-10-13-a-las-23.39.27.png?w=661 661w, https:\/\/i0.wp.com\/www.moda.es\/blog\/wp-content\/uploads\/2015\/10\/Captura-de-pantalla-2015-10-13-a-las-23.39.27.png?resize=420%2C275 420w\" sizes=\"(max-width: 300px) 100vw, 300px\" data-recalc-dims=\"1\" \/><\/a><\/p>\n<p>\u00abCon esta colaboraci\u00f3n con Rodarte estamos agregando una nueva perspectiva a nuestra marca y trayendo inspiraci\u00f3n e ideas para animar a todos los estilos personales, o <em>stories\u00bb,<\/em> ha afirmado <strong>Samuel Fernstr\u00f6m<\/strong>, director gerente de &amp; Other Stories.<\/p>\n<p>Realmente tras la colecci\u00f3n de Balmain para H&amp;M, estaremos deseando que llegue la primavera.<\/p>\n<p>\u00a9Vogue UK<\/p>\n<p>&nbsp;                            <\/p>\n","protected":false},"excerpt":{"rendered":"<p>Rodarte se ha asociado con una de nuestras marcas favoritas, &amp; Other Stories, para crear una nueva colecci\u00f3n c\u00e1psula,\u00a0elevando a\u00fan m\u00e1s el list\u00f3n de las colaboraciones de la marca y difuminando poco a poco la l\u00ednea que separa la alta moda con el \u00ablow cost\u00bb. La colecci\u00f3n, que aterrizar\u00e1 online [&hellip;]<\/p>\n","protected":false},"author":3,"featured_media":19879,"comment_status":"open","ping_status":"open","sticky":false,"template":"","format":"standard","meta":{"jetpack_publicize_message":"","jetpack_is_tweetstorm":false,"jetpack_publicize_feature_enabled":true},"categories":[10,11,12,14],"tags":[32,776],"jetpack_publicize_connections":[],"jetpack_featured_media_url":"https:\/\/i0.wp.com\/www.moda.es\/blog\/wp-content\/uploads\/2015\/10\/Captura-de-pantalla-2015-10-13-a-las-23.39.14.png?fit=320%2C481","jetpack_sharing_enabled":true,"jetpack_shortlink":"https:\/\/wp.me\/p4tJCC-5aC","jetpack-related-posts":[{"id":20351,"url":"http:\/\/www.moda.es\/blog\/que-podemos-esperar-de-la-colaboracion-entre-other-stories-y-rodarte\/","url_meta":{"origin":19878,"position":0},"title":"\u00bfQu\u00e9 podemos esperar de la colaboraci\u00f3n entre &amp; Other Stories y Rodarte?","date":"febrero 26, 2016","format":false,"excerpt":"Apenas quedan unas semanas. El pr\u00f3ximo 17 de marzo al fin veremos en las tiendas y online la colecci\u00f3n que las chicas de Rodarte (Laura y\u00a0Kate Mulleavy) han creado para & Other Stories. Las creadoras que han llenado las alfombras rojas con sus et\u00e9reos modelos de los que\u00a0Keira Knightley, Natalie\u2026","rel":"","context":"En \u00abActualidad\u00bb","img":{"alt_text":"","src":"https:\/\/i0.wp.com\/www.moda.es\/blog\/wp-content\/uploads\/2016\/02\/Captura-de-pantalla-2016-02-26-a-las-4.23.42.png?fit=367%2C589&resize=350%2C200","width":350,"height":200},"classes":[]},{"id":21959,"url":"http:\/\/www.moda.es\/blog\/tenemos-las-primeras-pistas-de-la-coleccion-coach-x-rodarte\/","url_meta":{"origin":19878,"position":1},"title":"Tenemos las primeras pistas de la colecci\u00f3n Coach x Rodarte","date":"marzo 29, 2017","format":false,"excerpt":"Ninguna colaboraci\u00f3n nos ha confundido y entusiasmado tanto como el d\u00fao entre Coach y Rodarte: la noticia se dio a principios de este a\u00f1o con detalles escasos m\u00e1s all\u00e1 del hecho de que ambas marcas se hab\u00edan asociado\u00a0y que podr\u00edamos esperar una colecci\u00f3n maravillosa en alg\u00fan momento de esta primavera.\u2026","rel":"","context":"En \u00abActualidad\u00bb","img":{"alt_text":"","src":"https:\/\/i0.wp.com\/www.moda.es\/blog\/wp-content\/uploads\/2017\/03\/Captura-de-pantalla-2017-03-29-a-las-21.23.27.png?fit=458%2C597&resize=350%2C200","width":350,"height":200},"classes":[]},{"id":459,"url":"http:\/\/www.moda.es\/blog\/el-cisne-de-rodarte\/","url_meta":{"origin":19878,"position":2},"title":"El cisne de Rodarte","date":"enero 3, 2011","format":false,"excerpt":"Aguardando a que se estrene el esperado \u00faltimo film de Darren Aronofsky, El cisne negro,\u00a0(previsto en nuestro pa\u00eds para febrero) y atrapada por\u00a0su tr\u00e1iler, nos podemos entretener un poco\u00a0con la\u00a0historia que hay detr\u00e1s del vestuario\u00a0que luce Natalie Portman. Las hermanas Laura y Kate Mulleavy o, en una palabra, Rodarte, han\u00a0puesto\u00a0toda\u2026","rel":"","context":"En \u00abDise\u00f1adores\u00bb","img":{"alt_text":"","src":"https:\/\/i0.wp.com\/www.moda.es\/blog\/wp-content\/uploads\/2011\/01\/natalie11.jpg?fit=400%2C600&resize=350%2C200","width":350,"height":200},"classes":[]},{"id":14003,"url":"http:\/\/www.moda.es\/blog\/rodarte-y-su-fantasia\/","url_meta":{"origin":19878,"position":3},"title":"Rodarte y su fantas\u00eda","date":"septiembre 1, 2013","format":false,"excerpt":"\u00a0 \u00a0 Lo \u00faltimo en grandes colaboraciones fashion viene en forma de corto de 13 minutos. Lo firma Rodarte, lo protagonia Elijah Wood y Sidney Williams y lo dirige Todd Cole. Las dise\u00f1adoras de Rodarte, Kate y Laura Mulleavy, son conocidas por llevar su est\u00e9tica caprichosa m\u00e1s all\u00e1 de la\u2026","rel":"","context":"En \u00abAccesorios\u00bb","img":{"alt_text":"","src":"https:\/\/i0.wp.com\/www.moda.es\/blog\/wp-content\/uploads\/2013\/09\/rodarte1.jpg?fit=500%2C400&resize=350%2C200","width":350,"height":200},"classes":[]},{"id":7285,"url":"http:\/\/www.moda.es\/blog\/rodarte-baila-con-nueva-york\/","url_meta":{"origin":19878,"position":4},"title":"Rodarte baila con Nueva York","date":"mayo 31, 2012","format":false,"excerpt":"La relaci\u00f3n de Rodarte con el ballet no es nada nuevo. Las hermanas Mulleavy crearon hace un par de a\u00f1os el vestuario de Natalie Portman en el film psicol\u00f3gico de Cisne Negro, en parte, ellas fueron responsables de las transformaci\u00f3n de la actriz en el cisne. Ahora su conquista ha\u2026","rel":"","context":"En \u00abFirmas\u00bb","img":{"alt_text":"","src":"https:\/\/i0.wp.com\/www.moda.es\/blog\/wp-content\/uploads\/2012\/05\/tumblr_m42po1CFCW1qgn23wo1_1280-e13384213797851.jpg?fit=500%2C394&resize=350%2C200","width":350,"height":200},"classes":[]},{"id":8330,"url":"http:\/\/www.moda.es\/blog\/don-giovanni-por-rodarte\/","url_meta":{"origin":19878,"position":5},"title":"&#8216;Don Giovanni&#8217; por Rodarte","date":"agosto 17, 2012","format":false,"excerpt":"No podemos negarlo ni esconderlo. Rodarte nos encanta, as\u00ed como todo lo que crea este t\u00e1ndem de hermanas dise\u00f1adoras de imaginaci\u00f3n sin fin. Tras una primera incursi\u00f3n en el dise\u00f1o de vestuario para el cine con 'Cisne Negro' (Darren Aronofsky, 2010), que era a su vez la concepci\u00f3n del vestuario\u2026","rel":"","context":"En \u00abM\u00fasica y Moda\u00bb","img":{"alt_text":"","src":"https:\/\/i0.wp.com\/www.moda.es\/blog\/wp-content\/uploads\/2012\/08\/1337477735314.cached-e13452415807131.jpg?fit=500%2C333&resize=350%2C200","width":350,"height":200},"classes":[]}],"_links":{"self":[{"href":"http:\/\/www.moda.es\/blog\/wp-json\/wp\/v2\/posts\/19878"}],"collection":[{"href":"http:\/\/www.moda.es\/blog\/wp-json\/wp\/v2\/posts"}],"about":[{"href":"http:\/\/www.moda.es\/blog\/wp-json\/wp\/v2\/types\/post"}],"author":[{"embeddable":true,"href":"http:\/\/www.moda.es\/blog\/wp-json\/wp\/v2\/users\/3"}],"replies":[{"embeddable":true,"href":"http:\/\/www.moda.es\/blog\/wp-json\/wp\/v2\/comments?post=19878"}],"version-history":[{"count":6,"href":"http:\/\/www.moda.es\/blog\/wp-json\/wp\/v2\/posts\/19878\/revisions"}],"predecessor-version":[{"id":36052,"href":"http:\/\/www.moda.es\/blog\/wp-json\/wp\/v2\/posts\/19878\/revisions\/36052"}],"wp:featuredmedia":[{"embeddable":true,"href":"http:\/\/www.moda.es\/blog\/wp-json\/wp\/v2\/media\/19879"}],"wp:attachment":[{"href":"http:\/\/www.moda.es\/blog\/wp-json\/wp\/v2\/media?parent=19878"}],"wp:term":[{"taxonomy":"category","embeddable":true,"href":"http:\/\/www.moda.es\/blog\/wp-json\/wp\/v2\/categories?post=19878"},{"taxonomy":"post_tag","embeddable":true,"href":"http:\/\/www.moda.es\/blog\/wp-json\/wp\/v2\/tags?post=19878"}],"curies":[{"name":"wp","href":"https:\/\/api.w.org\/{rel}","templated":true}]}}