{"id":19859,"date":"2015-10-09T21:29:44","date_gmt":"2015-10-09T20:29:44","guid":{"rendered":"http:\/\/www.moda.es\/blog\/?p=19859"},"modified":"2020-04-27T16:44:55","modified_gmt":"2020-04-27T15:44:55","slug":"stella-mccartney-contra-steve-madden","status":"publish","type":"post","link":"http:\/\/www.moda.es\/blog\/stella-mccartney-contra-steve-madden\/","title":{"rendered":"Stella McCartney contra Steve Madden"},"content":{"rendered":"<p>Frente a una audiencia repleta durante el <strong>Vogue Festival<\/strong>, la dise\u00f1adora <strong>Stella McCartney<\/strong> revel\u00f3 que se sent\u00eda muy halagada por haber encontrado varias imitaciones de sus bolsos y brome\u00f3 diciendo que si sus dise\u00f1os eran lo suficientemente deseables para ser copiados, entonces es que definitivamente estaba haciendo algo bien .<\/p>\n<p><a href=\"https:\/\/i0.wp.com\/www.moda.es\/blog\/wp-content\/uploads\/2015\/10\/Captura-de-pantalla-2015-10-09-a-las-21.55.25.png\"><img data-attachment-id=\"19860\" data-permalink=\"http:\/\/www.moda.es\/blog\/stella-mccartney-contra-steve-madden\/captura-de-pantalla-2015-10-09-a-las-21-55-25\/\" data-orig-file=\"https:\/\/i0.wp.com\/www.moda.es\/blog\/wp-content\/uploads\/2015\/10\/Captura-de-pantalla-2015-10-09-a-las-21.55.25.png?fit=365%2C585\" data-orig-size=\"365,585\" data-comments-opened=\"1\" data-image-meta=\"{&quot;aperture&quot;:&quot;0&quot;,&quot;credit&quot;:&quot;&quot;,&quot;camera&quot;:&quot;&quot;,&quot;caption&quot;:&quot;&quot;,&quot;created_timestamp&quot;:&quot;0&quot;,&quot;copyright&quot;:&quot;&quot;,&quot;focal_length&quot;:&quot;0&quot;,&quot;iso&quot;:&quot;0&quot;,&quot;shutter_speed&quot;:&quot;0&quot;,&quot;title&quot;:&quot;&quot;}\" data-image-title=\"Captura de pantalla 2015-10-09 a las 21.55.25\" data-image-description=\"\" data-image-caption=\"\" data-medium-file=\"https:\/\/i0.wp.com\/www.moda.es\/blog\/wp-content\/uploads\/2015\/10\/Captura-de-pantalla-2015-10-09-a-las-21.55.25.png?fit=187%2C300\" data-large-file=\"https:\/\/i0.wp.com\/www.moda.es\/blog\/wp-content\/uploads\/2015\/10\/Captura-de-pantalla-2015-10-09-a-las-21.55.25.png?fit=365%2C585\" loading=\"lazy\" class=\"aligncenter size-medium wp-image-19860\" alt=\"Captura de pantalla 2015-10-09 a las 21.55.25\" src=\"https:\/\/i0.wp.com\/www.moda.es\/blog\/wp-content\/uploads\/2015\/10\/Captura-de-pantalla-2015-10-09-a-las-21.55.25.png?resize=187%2C300\" width=\"187\" height=\"300\" srcset=\"https:\/\/i0.wp.com\/www.moda.es\/blog\/wp-content\/uploads\/2015\/10\/Captura-de-pantalla-2015-10-09-a-las-21.55.25.png?resize=187%2C300 187w, https:\/\/i0.wp.com\/www.moda.es\/blog\/wp-content\/uploads\/2015\/10\/Captura-de-pantalla-2015-10-09-a-las-21.55.25.png?w=365 365w\" sizes=\"(max-width: 187px) 100vw, 187px\" data-recalc-dims=\"1\" \/><\/a><\/p>\n<p>Pero McCartney no es tonta, como muestran los documentos judiciales presentados en Nueva York esta semana, especialmente cuando se trata de una marca de mil millones de d\u00f3lares estafando a uno de sus dise\u00f1os.<\/p>\n<p>Steve Madden es la empresa infractora, a la que McCartney acusan de vender un \u00abuna copia mal hecha de su famoso bolso <strong>Falabella\u00bb<\/strong>.<\/p>\n<figure id=\"attachment_19861\" aria-describedby=\"caption-attachment-19861\" style=\"width: 261px\" class=\"wp-caption aligncenter\"><a href=\"https:\/\/i0.wp.com\/www.moda.es\/blog\/wp-content\/uploads\/2015\/10\/Captura-de-pantalla-2015-10-09-a-las-21.55.50.png\"><img data-attachment-id=\"19861\" data-permalink=\"http:\/\/www.moda.es\/blog\/stella-mccartney-contra-steve-madden\/captura-de-pantalla-2015-10-09-a-las-21-55-50\/\" data-orig-file=\"https:\/\/i0.wp.com\/www.moda.es\/blog\/wp-content\/uploads\/2015\/10\/Captura-de-pantalla-2015-10-09-a-las-21.55.50.png?fit=403%2C462\" data-orig-size=\"403,462\" data-comments-opened=\"1\" data-image-meta=\"{&quot;aperture&quot;:&quot;0&quot;,&quot;credit&quot;:&quot;&quot;,&quot;camera&quot;:&quot;&quot;,&quot;caption&quot;:&quot;&quot;,&quot;created_timestamp&quot;:&quot;0&quot;,&quot;copyright&quot;:&quot;&quot;,&quot;focal_length&quot;:&quot;0&quot;,&quot;iso&quot;:&quot;0&quot;,&quot;shutter_speed&quot;:&quot;0&quot;,&quot;title&quot;:&quot;&quot;}\" data-image-title=\"Captura de pantalla 2015-10-09 a las 21.55.50\" data-image-description=\"\" data-image-caption=\"&lt;p&gt;Bolso Falabella de Stella McCartney&lt;\/p&gt;\n\" data-medium-file=\"https:\/\/i0.wp.com\/www.moda.es\/blog\/wp-content\/uploads\/2015\/10\/Captura-de-pantalla-2015-10-09-a-las-21.55.50.png?fit=261%2C300\" data-large-file=\"https:\/\/i0.wp.com\/www.moda.es\/blog\/wp-content\/uploads\/2015\/10\/Captura-de-pantalla-2015-10-09-a-las-21.55.50.png?fit=403%2C462\" loading=\"lazy\" class=\"size-medium wp-image-19861\" alt=\"Bolso Falabella de Stella McCartney\" src=\"https:\/\/i0.wp.com\/www.moda.es\/blog\/wp-content\/uploads\/2015\/10\/Captura-de-pantalla-2015-10-09-a-las-21.55.50.png?resize=261%2C300\" width=\"261\" height=\"300\" srcset=\"https:\/\/i0.wp.com\/www.moda.es\/blog\/wp-content\/uploads\/2015\/10\/Captura-de-pantalla-2015-10-09-a-las-21.55.50.png?resize=261%2C300 261w, https:\/\/i0.wp.com\/www.moda.es\/blog\/wp-content\/uploads\/2015\/10\/Captura-de-pantalla-2015-10-09-a-las-21.55.50.png?w=403 403w\" sizes=\"(max-width: 261px) 100vw, 261px\" data-recalc-dims=\"1\" \/><\/a><figcaption id=\"caption-attachment-19861\" class=\"wp-caption-text\">Bolso Falabella de Stella McCartney<\/figcaption><\/figure>\n<p>El Falabella de McCartney es<strong> uno de los art\u00edculos m\u00e1s vendidos de la marca<\/strong> y es f\u00e1cilmente identificable gracias a la cadena que rodea toda la estructura. Su \u00e9xito desde su lanzamiento en 2009 ha dado lugar a toda una gama que ofrece desde mochilas acolchadas a bolsos de noche y, como novedad esta temporada, las variedades de <strong>piel sint\u00e9tica<\/strong> en diferentes colores.<\/p>\n<p>Confeccionado en \u00a0una mezcla de nylon, algod\u00f3n y poli\u00e9ster para adherirse a la filosof\u00eda de dise\u00f1o ecol\u00f3gica y vegetariana de McCartney seg\u00fan el cual ning\u00fan producto de origen animal puede usarse en sus creaciones, el Falabella lo han llevado Kate Hudson, Beyonc\u00e9 y Cameron Diaz entre otras.<\/p>\n<figure id=\"attachment_19862\" aria-describedby=\"caption-attachment-19862\" style=\"width: 215px\" class=\"wp-caption aligncenter\"><a href=\"https:\/\/i0.wp.com\/www.moda.es\/blog\/wp-content\/uploads\/2015\/10\/Captura-de-pantalla-2015-10-09-a-las-21.56.01.png\"><img data-attachment-id=\"19862\" data-permalink=\"http:\/\/www.moda.es\/blog\/stella-mccartney-contra-steve-madden\/captura-de-pantalla-2015-10-09-a-las-21-56-01\/\" data-orig-file=\"https:\/\/i0.wp.com\/www.moda.es\/blog\/wp-content\/uploads\/2015\/10\/Captura-de-pantalla-2015-10-09-a-las-21.56.01.png?fit=330%2C459\" data-orig-size=\"330,459\" data-comments-opened=\"1\" data-image-meta=\"{&quot;aperture&quot;:&quot;0&quot;,&quot;credit&quot;:&quot;&quot;,&quot;camera&quot;:&quot;&quot;,&quot;caption&quot;:&quot;&quot;,&quot;created_timestamp&quot;:&quot;0&quot;,&quot;copyright&quot;:&quot;&quot;,&quot;focal_length&quot;:&quot;0&quot;,&quot;iso&quot;:&quot;0&quot;,&quot;shutter_speed&quot;:&quot;0&quot;,&quot;title&quot;:&quot;&quot;}\" data-image-title=\"Captura de pantalla 2015-10-09 a las 21.56.01\" data-image-description=\"\" data-image-caption=\"&lt;p&gt;Bolso BTotally de Steve Madden&lt;\/p&gt;\n\" data-medium-file=\"https:\/\/i0.wp.com\/www.moda.es\/blog\/wp-content\/uploads\/2015\/10\/Captura-de-pantalla-2015-10-09-a-las-21.56.01.png?fit=215%2C300\" data-large-file=\"https:\/\/i0.wp.com\/www.moda.es\/blog\/wp-content\/uploads\/2015\/10\/Captura-de-pantalla-2015-10-09-a-las-21.56.01.png?fit=330%2C459\" loading=\"lazy\" class=\"size-medium wp-image-19862\" alt=\"Bolso BTotally de Steve Madden\" src=\"https:\/\/i0.wp.com\/www.moda.es\/blog\/wp-content\/uploads\/2015\/10\/Captura-de-pantalla-2015-10-09-a-las-21.56.01.png?resize=215%2C300\" width=\"215\" height=\"300\" srcset=\"https:\/\/i0.wp.com\/www.moda.es\/blog\/wp-content\/uploads\/2015\/10\/Captura-de-pantalla-2015-10-09-a-las-21.56.01.png?resize=215%2C300 215w, https:\/\/i0.wp.com\/www.moda.es\/blog\/wp-content\/uploads\/2015\/10\/Captura-de-pantalla-2015-10-09-a-las-21.56.01.png?w=330 330w\" sizes=\"(max-width: 215px) 100vw, 215px\" data-recalc-dims=\"1\" \/><\/a><figcaption id=\"caption-attachment-19862\" class=\"wp-caption-text\">Bolso BTotally de Steve Madden<\/figcaption><\/figure>\n<p>El modelo original Fold Over Falabella se vende a partir de 680 euros, pero <strong>BTotally<\/strong> sorprendentemente similar de Steve Madden est\u00e1 a la venta por 90.<\/p>\n<p>La demanda \u00a0afirma que \u00a0Falabella ha recibido \u00abuna abrumadora atenci\u00f3n de los medios desde su lanzamiento y que el bolso de Steve Madden es pobre y est\u00e1 mal hecho aunque su apariencia est\u00e1 tan cerca de la original que podr\u00eda <strong>empa\u00f1ar la reputaci\u00f3n de Stella McCartney\u00bb.<\/strong><br \/>\n<strong>Los<\/strong> abogados de la dise\u00f1adora est\u00e1n buscando una orden judicial para impedir que Steve Madden contin\u00fae vendiendo BTotally mientras preparan una reclamaci\u00f3n por da\u00f1os.<\/p>\n<p>La verdad es que el parecido entre ambos modelos es innegable. \u00bfT\u00fa qu\u00e9 opinas?<\/p>\n<p>&nbsp;<\/p>\n<p>\u00a9Fashion Telegraph                            <\/p>\n","protected":false},"excerpt":{"rendered":"<p>Frente a una audiencia repleta durante el Vogue Festival, la dise\u00f1adora Stella McCartney revel\u00f3 que se sent\u00eda muy halagada por haber encontrado varias imitaciones de sus bolsos y brome\u00f3 diciendo que si sus dise\u00f1os eran lo suficientemente deseables para ser copiados, entonces es que definitivamente estaba haciendo algo bien . [&hellip;]<\/p>\n","protected":false},"author":3,"featured_media":19860,"comment_status":"open","ping_status":"open","sticky":false,"template":"","format":"standard","meta":{"jetpack_publicize_message":"","jetpack_is_tweetstorm":false,"jetpack_publicize_feature_enabled":true},"categories":[2,3,11,12,14],"tags":[842,845],"jetpack_publicize_connections":[],"jetpack_featured_media_url":"https:\/\/i0.wp.com\/www.moda.es\/blog\/wp-content\/uploads\/2015\/10\/Captura-de-pantalla-2015-10-09-a-las-21.55.25.png?fit=365%2C585","jetpack_sharing_enabled":true,"jetpack_shortlink":"https:\/\/wp.me\/p4tJCC-5aj","jetpack-related-posts":[{"id":19150,"url":"http:\/\/www.moda.es\/blog\/camisetas-por-una-buena-causa\/","url_meta":{"origin":19859,"position":0},"title":"Camisetas por una buena causa","date":"marzo 17, 2015","format":false,"excerpt":"Stella McCartney se ha sumado al dise\u00f1o solidario y en beneficio de War Child ha creado dos camisetas inspiradas en dibujos infantiles. Cuando pensamos en el estudio de dise\u00f1o de un creador imaginamos un moodboard lleno de muestras de tejido, bocetos, fotograf\u00edas y referencias pero nunca pensar\u00edamos en una pared\u2026","rel":"","context":"En \u00abActualidad\u00bb","img":{"alt_text":"","src":"https:\/\/i0.wp.com\/www.moda.es\/blog\/wp-content\/uploads\/2015\/03\/stella.jpg?fit=650%2C799&resize=350%2C200","width":350,"height":200},"classes":[]},{"id":13996,"url":"http:\/\/www.moda.es\/blog\/que-tienen-en-comun-stella-mccartney-y-gwyneth-paltrow\/","url_meta":{"origin":19859,"position":1},"title":"\u00bfQu\u00e9 tienen en com\u00fan Stella McCartney y Gwyneth Paltrow?","date":"agosto 30, 2013","format":false,"excerpt":"...pues tienen en com\u00fan una palabra breve, sonora y misteriosa : Goop. \u00bfUna nueva colecci\u00f3n de ropa deportiva? \u00bfUna l\u00ednea de lencer\u00eda? \u00bfUn manual para aprender a \"domesticar\" a tus hijos? El mundo de la moda se rasca la cabeza y hace c\u00e1balas sobre lo que puede haber unido a\u2026","rel":"","context":"En \u00abActualidad\u00bb","img":{"alt_text":"","src":"https:\/\/i0.wp.com\/www.moda.es\/blog\/wp-content\/uploads\/2013\/08\/stella-y-gwyneth1.jpg?fit=500%2C599&resize=350%2C200","width":350,"height":200},"classes":[]},{"id":9967,"url":"http:\/\/www.moda.es\/blog\/god-save-stella-mccartney\/","url_meta":{"origin":19859,"position":2},"title":"God Save Stella McCartney","date":"enero 2, 2013","format":false,"excerpt":"\u00a0 Los hay con estrella, los hay estrellados y est\u00e1n los que brillan por s\u00ed mismos como tal y ellos mismos son el astro m\u00e1s brillante. Stella McCartney es una de esas personas, por talento, por visi\u00f3n, por aptitud, por derecho adquirido y ahora tambi\u00e9n por reconocimiento. \u00a0 Despu\u00e9s de\u2026","rel":"","context":"En \u00abActualidad\u00bb","img":{"alt_text":"","src":"https:\/\/i0.wp.com\/www.moda.es\/blog\/wp-content\/uploads\/2013\/01\/Stella-McCartney1.jpg?fit=500%2C333&resize=350%2C200","width":350,"height":200},"classes":[]},{"id":19795,"url":"http:\/\/www.moda.es\/blog\/stella-mccartney-y-cara-delevingne-se-unen-contra-el-cancer\/","url_meta":{"origin":19859,"position":3},"title":"Stella McCartney y Cara Delevingne se unen contra el c\u00e1ncer","date":"septiembre 16, 2015","format":false,"excerpt":"La dise\u00f1adora Stella McCartney es una fiel participante del mes del c\u00e1ncer de mama, que se celebra anualmente en octubre, pues la causa\u00a0le coge de cerca pues su madre, Linda McCartney, muri\u00f3 de esa enfermedad en 1998. El a\u00f1o pasado su amiga Kate Moss fue imagen de la campa\u00f1a que\u2026","rel":"","context":"En \u00abActualidad\u00bb","img":{"alt_text":"","src":"https:\/\/i0.wp.com\/www.moda.es\/blog\/wp-content\/uploads\/2015\/09\/Captura-de-pantalla-2015-09-16-a-las-22.37.09.png?fit=529%2C682&resize=350%2C200","width":350,"height":200},"classes":[]},{"id":8472,"url":"http:\/\/www.moda.es\/blog\/la-otra-mccartney\/","url_meta":{"origin":19859,"position":4},"title":"La otra McCartney","date":"agosto 25, 2012","format":false,"excerpt":"Vayamos en orden cronol\u00f3gico. Es hija de Paul, el superviviente m\u00e1s activo de los Beatles, y su mujer Linda, y hermana mayor de la dise\u00f1adora Stella. Dentro de una familia dedicada a las actividades art\u00edsticas, Mary, que ha heredado los dones de su madre, se dedica a la fotograf\u00eda. Nacida\u2026","rel":"","context":"En \u00abFot\u00f3grafos\u00bb","img":{"alt_text":"","src":"https:\/\/i0.wp.com\/www.moda.es\/blog\/wp-content\/uploads\/2012\/08\/Copyright-Mary-McCartney_Cover-Image1.jpg?fit=500%2C333&resize=350%2C200","width":350,"height":200},"classes":[]},{"id":20320,"url":"http:\/\/www.moda.es\/blog\/stella-mccartney-tiene-nuevos-planes\/","url_meta":{"origin":19859,"position":5},"title":"Stella McCartney tiene nuevos planes&#8230;","date":"febrero 17, 2016","format":false,"excerpt":"Despu\u00e9s de haber\u00a0conquistado el mercado de ropa de mujer, Stella McCartney ha fijado su mirada en el mundo de la moda masculina seg\u00fan se ha informado\u00a0esta ma\u00f1ana. La dise\u00f1adora londinense ha anunciado el lanzamiento\u00a0de su primera colecci\u00f3n masculina para la temporada primavera \/ verano 2017 en junio, seg\u00fan informa hoy\u2026","rel":"","context":"En \u00abActualidad\u00bb","img":{"alt_text":"","src":"https:\/\/i0.wp.com\/www.moda.es\/blog\/wp-content\/uploads\/2016\/02\/Captura-de-pantalla-2016-02-16-a-las-23.59.41.png?fit=292%2C432&resize=350%2C200","width":350,"height":200},"classes":[]}],"_links":{"self":[{"href":"http:\/\/www.moda.es\/blog\/wp-json\/wp\/v2\/posts\/19859"}],"collection":[{"href":"http:\/\/www.moda.es\/blog\/wp-json\/wp\/v2\/posts"}],"about":[{"href":"http:\/\/www.moda.es\/blog\/wp-json\/wp\/v2\/types\/post"}],"author":[{"embeddable":true,"href":"http:\/\/www.moda.es\/blog\/wp-json\/wp\/v2\/users\/3"}],"replies":[{"embeddable":true,"href":"http:\/\/www.moda.es\/blog\/wp-json\/wp\/v2\/comments?post=19859"}],"version-history":[{"count":6,"href":"http:\/\/www.moda.es\/blog\/wp-json\/wp\/v2\/posts\/19859\/revisions"}],"predecessor-version":[{"id":36055,"href":"http:\/\/www.moda.es\/blog\/wp-json\/wp\/v2\/posts\/19859\/revisions\/36055"}],"wp:featuredmedia":[{"embeddable":true,"href":"http:\/\/www.moda.es\/blog\/wp-json\/wp\/v2\/media\/19860"}],"wp:attachment":[{"href":"http:\/\/www.moda.es\/blog\/wp-json\/wp\/v2\/media?parent=19859"}],"wp:term":[{"taxonomy":"category","embeddable":true,"href":"http:\/\/www.moda.es\/blog\/wp-json\/wp\/v2\/categories?post=19859"},{"taxonomy":"post_tag","embeddable":true,"href":"http:\/\/www.moda.es\/blog\/wp-json\/wp\/v2\/tags?post=19859"}],"curies":[{"name":"wp","href":"https:\/\/api.w.org\/{rel}","templated":true}]}}