{"id":19856,"date":"2015-10-08T22:42:01","date_gmt":"2015-10-08T21:42:01","guid":{"rendered":"http:\/\/www.moda.es\/blog\/?p=19856"},"modified":"2020-04-27T16:45:05","modified_gmt":"2020-04-27T15:45:05","slug":"tenemos-nuevo-fichaje-en-balenciaga","status":"publish","type":"post","link":"http:\/\/www.moda.es\/blog\/tenemos-nuevo-fichaje-en-balenciaga\/","title":{"rendered":"Tenemos nuevo fichaje en Balenciaga"},"content":{"rendered":"<p><strong>Balenciaga<\/strong> al fin ha anunciado qui\u00e9n ser\u00e1 responsable del \u00e9xito de la casa de moda tras la salida de <strong>Alexander Wang:\u00a0Demna Gvasalia<\/strong>.<\/p>\n<p>El dise\u00f1ador, nacido en Georgia, es actualmente el director creativo de <strong>Vetements<\/strong>, un sello franc\u00e9s formado por un colectivo de cinco dise\u00f1adores an\u00f3nimos y que es en muchos sentidos, un ejemplo anti-moda.<\/p>\n<p>Gvasalia ha ocupado puestos de alto nivel en el equipo de dise\u00f1o de <strong>Louis Vuitton y Maison Martin Margiela<\/strong>, y ahora va a supervisar la casa de moda de <strong>96 a\u00f1os de edad<\/strong>.<\/p>\n<p>\u00abRealmente quer\u00edamos a alguien que tuviera una visi\u00f3n, y que fuera capaz de barajar las cartas,\u00bb ha afirmado la presidenta de Balenciaga, <strong>Isabelle Guichot<\/strong>. \u00abYo estaba muy sorprendida por su capacidad para desarrollar un enfoque de la marca que fuera realmente nuevo y que realmente fuera suyo&#8230; cu\u00e1l debe ser la actitud, la silueta, los vol\u00famenes&#8230;\u00bb<\/p>\n<p>Alexander Wang, un neoyorquino con su propio sello, estuvo a cargo de la marca durante tres a\u00f1os hasta que decidi\u00f3 dejar la casa para centrarse en su propia l\u00ednea. \u00c9l a su vez suced\u00eda a <strong>Nicolas Ghesqui\u00e8re<\/strong>, un franc\u00e9s que trajo la marca de vuelta al redil durante su mandato de<strong> 15 a\u00f1os<\/strong>, y quien renunci\u00f3 en <strong>2012<\/strong> para ser director creativo de <strong>Louis Vuitton<\/strong>.<\/p>\n<p>El primer desfile de Gvasalia para la casa de moda de lujo ser\u00e1 en<strong> marzo de 2016.<\/strong>\u00a0\u00abMe siento muy honrado y emocionado de tener la oportunidad de llevar mi visi\u00f3n creativa a Balenciaga, una casa con una historia tan excepcional que <strong>ha ampliado los l\u00edmites de la modernidad en la moda<\/strong>\u00ab, y agreg\u00f3:\u00bb Tengo muchas ganas de promove rel ADN de la casa y, junto con el equipo, \u00a0escribir un nuevo cap\u00edtulo en su historia\u00bb, ha asegurado el creador.<\/p>\n<p>&nbsp;<\/p>\n<p><a href=\"https:\/\/i0.wp.com\/www.moda.es\/blog\/wp-content\/uploads\/2015\/10\/Captura-de-pantalla-2015-10-08-a-las-23.26.09.png\"><img data-attachment-id=\"19857\" data-permalink=\"http:\/\/www.moda.es\/blog\/tenemos-nuevo-fichaje-en-balenciaga\/captura-de-pantalla-2015-10-08-a-las-23-26-09\/\" data-orig-file=\"https:\/\/i0.wp.com\/www.moda.es\/blog\/wp-content\/uploads\/2015\/10\/Captura-de-pantalla-2015-10-08-a-las-23.26.09.png?fit=442%2C711\" data-orig-size=\"442,711\" data-comments-opened=\"1\" data-image-meta=\"{&quot;aperture&quot;:&quot;0&quot;,&quot;credit&quot;:&quot;&quot;,&quot;camera&quot;:&quot;&quot;,&quot;caption&quot;:&quot;&quot;,&quot;created_timestamp&quot;:&quot;0&quot;,&quot;copyright&quot;:&quot;&quot;,&quot;focal_length&quot;:&quot;0&quot;,&quot;iso&quot;:&quot;0&quot;,&quot;shutter_speed&quot;:&quot;0&quot;,&quot;title&quot;:&quot;&quot;}\" data-image-title=\"Captura de pantalla 2015-10-08 a las 23.26.09\" data-image-description=\"\" data-image-caption=\"\" data-medium-file=\"https:\/\/i0.wp.com\/www.moda.es\/blog\/wp-content\/uploads\/2015\/10\/Captura-de-pantalla-2015-10-08-a-las-23.26.09.png?fit=186%2C300\" data-large-file=\"https:\/\/i0.wp.com\/www.moda.es\/blog\/wp-content\/uploads\/2015\/10\/Captura-de-pantalla-2015-10-08-a-las-23.26.09.png?fit=442%2C711\" loading=\"lazy\" class=\"aligncenter size-medium wp-image-19857\" alt=\"Captura de pantalla 2015-10-08 a las 23.26.09\" src=\"https:\/\/i0.wp.com\/www.moda.es\/blog\/wp-content\/uploads\/2015\/10\/Captura-de-pantalla-2015-10-08-a-las-23.26.09.png?resize=186%2C300\" width=\"186\" height=\"300\" srcset=\"https:\/\/i0.wp.com\/www.moda.es\/blog\/wp-content\/uploads\/2015\/10\/Captura-de-pantalla-2015-10-08-a-las-23.26.09.png?resize=186%2C300 186w, https:\/\/i0.wp.com\/www.moda.es\/blog\/wp-content\/uploads\/2015\/10\/Captura-de-pantalla-2015-10-08-a-las-23.26.09.png?resize=420%2C675 420w, https:\/\/i0.wp.com\/www.moda.es\/blog\/wp-content\/uploads\/2015\/10\/Captura-de-pantalla-2015-10-08-a-las-23.26.09.png?w=442 442w\" sizes=\"(max-width: 186px) 100vw, 186px\" data-recalc-dims=\"1\" \/><\/a><\/p>\n<p>\u00a9Fashion Telegraph                            <\/p>\n","protected":false},"excerpt":{"rendered":"<p>Balenciaga al fin ha anunciado qui\u00e9n ser\u00e1 responsable del \u00e9xito de la casa de moda tras la salida de Alexander Wang:\u00a0Demna Gvasalia. El dise\u00f1ador, nacido en Georgia, es actualmente el director creativo de Vetements, un sello franc\u00e9s formado por un colectivo de cinco dise\u00f1adores an\u00f3nimos y que es en muchos [&hellip;]<\/p>\n","protected":false},"author":3,"featured_media":19857,"comment_status":"open","ping_status":"open","sticky":false,"template":"","format":"standard","meta":{"jetpack_publicize_message":"","jetpack_is_tweetstorm":false,"jetpack_publicize_feature_enabled":true},"categories":[3,11,12,14],"tags":[66,108,1296,548,563,665,1297],"jetpack_publicize_connections":[],"jetpack_featured_media_url":"https:\/\/i0.wp.com\/www.moda.es\/blog\/wp-content\/uploads\/2015\/10\/Captura-de-pantalla-2015-10-08-a-las-23.26.09.png?fit=442%2C711","jetpack_sharing_enabled":true,"jetpack_shortlink":"https:\/\/wp.me\/p4tJCC-5ag","jetpack-related-posts":[{"id":20538,"url":"http:\/\/www.moda.es\/blog\/balenciaga-anuncia-su-primera-coleccion-masculina\/","url_meta":{"origin":19856,"position":0},"title":"Balenciaga anuncia su primera colecci\u00f3n masculina","date":"abril 21, 2016","format":false,"excerpt":"En Balenciaga\u00a0ya est\u00e1n listos para lanzar la\u00a0primera colecci\u00f3n de ropa masculina de la marca bajo la direcci\u00f3n creativa del nuevo dise\u00f1ador Demna Gvasalia. El \u00a0co-fundador de Vetements, \u00a0que ya crea ropa de hombre por su propia l\u00ednea, ha encabezado la iniciativa, siendo la primera vez en 99 a\u00f1os de historia\u2026","rel":"","context":"En \u00abActualidad\u00bb","img":{"alt_text":"","src":"https:\/\/i0.wp.com\/www.moda.es\/blog\/wp-content\/uploads\/2016\/04\/Captura-de-pantalla-2016-04-21-a-las-23.08.07.png?fit=281%2C436&resize=350%2C200","width":350,"height":200},"classes":[]},{"id":22583,"url":"http:\/\/www.moda.es\/blog\/la-nueva-imagen-de-balenciaga\/","url_meta":{"origin":19856,"position":1},"title":"La nueva imagen de Balenciaga","date":"septiembre 29, 2017","format":false,"excerpt":"Demna Gvasalia ha reformado totalmente la imagen de Balenciaga desde que asumi\u00f3 el liderazgo como director creativo en 2015. Esta misma ma\u00f1ana, la marca dio a conocer lo \u00faltimo que le quedan por hacer a Gvasalia: el cambio del logotipo de la firma. Al igual que Raf Simons en Calvin\u2026","rel":"","context":"En \u00abActualidad\u00bb","img":{"alt_text":"","src":"https:\/\/i0.wp.com\/www.moda.es\/blog\/wp-content\/uploads\/2017\/09\/Captura-de-pantalla-2017-09-29-a-las-19.52.39.png?fit=508%2C307&resize=350%2C200","width":350,"height":200},"classes":[]},{"id":20449,"url":"http:\/\/www.moda.es\/blog\/balenciaga-nuevo-objeto-de-denuncia-por-plagio\/","url_meta":{"origin":19856,"position":2},"title":"Balenciaga, nuevo objeto de denuncia por plagio","date":"marzo 18, 2016","format":false,"excerpt":"La industria de la moda es m\u00e1s r\u00e1pida que la mayor\u00eda en presentar denuncias\u00a0por infracci\u00f3n de los derechos de autor por lo que no ha sido\u00a0una sorpresa que tras el debut de Demna Gvasalia de Balenciaga\u00a0hubiera llamadas desde la comunidad de la moda tailandesa\u00a0alegando que sus enormes bolsas de rayas\u2026","rel":"","context":"En \u00abActualidad\u00bb","img":{"alt_text":"","src":"https:\/\/i0.wp.com\/www.moda.es\/blog\/wp-content\/uploads\/2016\/03\/Captura-de-pantalla-2016-03-17-a-las-23.21.37.png?fit=291%2C435&resize=350%2C200","width":350,"height":200},"classes":[]},{"id":20678,"url":"http:\/\/www.moda.es\/blog\/vetements-desfilara-en-la-semana-de-la-alta-costura-de-paris\/","url_meta":{"origin":19856,"position":3},"title":"Vetements desfilar\u00e1 en la Semana de la Alta Costura de Par\u00eds","date":"mayo 19, 2016","format":false,"excerpt":"La marca francesa de moda urbana Vetements\u00a0ha recibido\u00a0una invitaci\u00f3n especial para\u00a0desfilar en la semana de la Costura de Par\u00eds\u00a0de julio, de\u00a0la C\u00e1mara Sindical de la Alta Costura, el \u00f3rgano de gobierno de Francia para la industria de la moda. \u00a0 Demna Gvasalia\u00a0director creativo y portavoz de la marca, que funciona\u2026","rel":"","context":"En \u00abActualidad\u00bb","img":{"alt_text":"","src":"https:\/\/i0.wp.com\/www.moda.es\/blog\/wp-content\/uploads\/2016\/05\/Captura-de-pantalla-2016-05-19-a-las-21.57.21.png?fit=286%2C439&resize=350%2C200","width":350,"height":200},"classes":[]},{"id":20140,"url":"http:\/\/www.moda.es\/blog\/2016-acaba-de-empezar\/","url_meta":{"origin":19856,"position":4},"title":"2016 acaba de empezar&#8230;","date":"enero 1, 2016","format":false,"excerpt":"Y aunque no podemos predecir el futuro ya tenemos en vista varios proyectos que parecen garantizar que \u00a0va a ser un a\u00f1o muy interesante para la moda. Beyonc\u00e9 y Topshop van a interpretar juntos la ropa deportiva Han estado m\u00e1s de un a\u00f1o de preparaci\u00f3n y la colecci\u00f3n\u00a0promete\u00a0que merecer\u00e1 la\u00a0pena\u2026","rel":"","context":"En \u00abActualidad\u00bb","img":{"alt_text":"","src":"https:\/\/i0.wp.com\/www.moda.es\/blog\/wp-content\/uploads\/2016\/01\/Captura-de-pantalla-2016-01-01-a-las-22.08.09.png?fit=618%2C612&resize=350%2C200","width":350,"height":200},"classes":[]},{"id":22180,"url":"http:\/\/www.moda.es\/blog\/tenemos-nueva-excusa-para-ir-a-londres\/","url_meta":{"origin":19856,"position":5},"title":"Tenemos nueva excusa para ir a Londres","date":"mayo 27, 2017","format":false,"excerpt":"El legado de Crist\u00f3bal Balenciaga en innegable. Como se afirmar\u00eda en la revista Vogue en 1962: \"Casi desde el primer d\u00eda en que lanz\u00f3 su sal\u00f3n en 1937, ha sido aclamado como el gran l\u00edder en moda; lo que Balenciaga hace hoy, otros dise\u00f1adores lo har\u00e1n ma\u00f1ana, o el pr\u00f3ximo\u2026","rel":"","context":"En \u00abActualidad\u00bb","img":{"alt_text":"","src":"https:\/\/i0.wp.com\/www.moda.es\/blog\/wp-content\/uploads\/2017\/05\/Captura-de-pantalla-2017-05-27-a-las-17.39.52.png?fit=334%2C508&resize=350%2C200","width":350,"height":200},"classes":[]}],"_links":{"self":[{"href":"http:\/\/www.moda.es\/blog\/wp-json\/wp\/v2\/posts\/19856"}],"collection":[{"href":"http:\/\/www.moda.es\/blog\/wp-json\/wp\/v2\/posts"}],"about":[{"href":"http:\/\/www.moda.es\/blog\/wp-json\/wp\/v2\/types\/post"}],"author":[{"embeddable":true,"href":"http:\/\/www.moda.es\/blog\/wp-json\/wp\/v2\/users\/3"}],"replies":[{"embeddable":true,"href":"http:\/\/www.moda.es\/blog\/wp-json\/wp\/v2\/comments?post=19856"}],"version-history":[{"count":6,"href":"http:\/\/www.moda.es\/blog\/wp-json\/wp\/v2\/posts\/19856\/revisions"}],"predecessor-version":[{"id":36056,"href":"http:\/\/www.moda.es\/blog\/wp-json\/wp\/v2\/posts\/19856\/revisions\/36056"}],"wp:featuredmedia":[{"embeddable":true,"href":"http:\/\/www.moda.es\/blog\/wp-json\/wp\/v2\/media\/19857"}],"wp:attachment":[{"href":"http:\/\/www.moda.es\/blog\/wp-json\/wp\/v2\/media?parent=19856"}],"wp:term":[{"taxonomy":"category","embeddable":true,"href":"http:\/\/www.moda.es\/blog\/wp-json\/wp\/v2\/categories?post=19856"},{"taxonomy":"post_tag","embeddable":true,"href":"http:\/\/www.moda.es\/blog\/wp-json\/wp\/v2\/tags?post=19856"}],"curies":[{"name":"wp","href":"https:\/\/api.w.org\/{rel}","templated":true}]}}