{"id":19833,"date":"2015-09-30T21:40:48","date_gmt":"2015-09-30T20:40:48","guid":{"rendered":"http:\/\/www.moda.es\/blog\/?p=19833"},"modified":"2020-04-27T16:45:43","modified_gmt":"2020-04-27T15:45:43","slug":"kate-moss-ahora-tambien-disenadora-de-interiores","status":"publish","type":"post","link":"http:\/\/www.moda.es\/blog\/kate-moss-ahora-tambien-disenadora-de-interiores\/","title":{"rendered":"Kate Moss, ahora tambi\u00e9n dise\u00f1adora de interiores"},"content":{"rendered":"<p>Despu\u00e9s de dise\u00f1ar varias colecciones para <strong>Topshop, Kate Moss<\/strong> se ha trasladado al reino del dise\u00f1o, \u00a0y no estamos hablando de dise\u00f1o gr\u00e1fico, sino de dise\u00f1o de interiores, concretamente de un proyecto de casas de lujo en la campi\u00f1a inglesa.<\/p>\n<p><a href=\"https:\/\/i0.wp.com\/www.moda.es\/blog\/wp-content\/uploads\/2015\/09\/Captura-de-pantalla-2015-09-29-a-las-23.30.36.png\"><img data-attachment-id=\"19835\" data-permalink=\"http:\/\/www.moda.es\/blog\/kate-moss-ahora-tambien-disenadora-de-interiores\/captura-de-pantalla-2015-09-29-a-las-23-30-36\/\" data-orig-file=\"https:\/\/i0.wp.com\/www.moda.es\/blog\/wp-content\/uploads\/2015\/09\/Captura-de-pantalla-2015-09-29-a-las-23.30.36.png?fit=378%2C582\" data-orig-size=\"378,582\" data-comments-opened=\"1\" data-image-meta=\"{&quot;aperture&quot;:&quot;0&quot;,&quot;credit&quot;:&quot;&quot;,&quot;camera&quot;:&quot;&quot;,&quot;caption&quot;:&quot;&quot;,&quot;created_timestamp&quot;:&quot;0&quot;,&quot;copyright&quot;:&quot;&quot;,&quot;focal_length&quot;:&quot;0&quot;,&quot;iso&quot;:&quot;0&quot;,&quot;shutter_speed&quot;:&quot;0&quot;,&quot;title&quot;:&quot;&quot;}\" data-image-title=\"Captura de pantalla 2015-09-29 a las 23.30.36\" data-image-description=\"\" data-image-caption=\"\" data-medium-file=\"https:\/\/i0.wp.com\/www.moda.es\/blog\/wp-content\/uploads\/2015\/09\/Captura-de-pantalla-2015-09-29-a-las-23.30.36.png?fit=194%2C300\" data-large-file=\"https:\/\/i0.wp.com\/www.moda.es\/blog\/wp-content\/uploads\/2015\/09\/Captura-de-pantalla-2015-09-29-a-las-23.30.36.png?fit=378%2C582\" loading=\"lazy\" class=\"aligncenter size-medium wp-image-19835\" alt=\"Captura de pantalla 2015-09-29 a las 23.30.36\" src=\"https:\/\/i0.wp.com\/www.moda.es\/blog\/wp-content\/uploads\/2015\/09\/Captura-de-pantalla-2015-09-29-a-las-23.30.36.png?resize=194%2C300\" width=\"194\" height=\"300\" srcset=\"https:\/\/i0.wp.com\/www.moda.es\/blog\/wp-content\/uploads\/2015\/09\/Captura-de-pantalla-2015-09-29-a-las-23.30.36.png?resize=194%2C300 194w, https:\/\/i0.wp.com\/www.moda.es\/blog\/wp-content\/uploads\/2015\/09\/Captura-de-pantalla-2015-09-29-a-las-23.30.36.png?w=378 378w\" sizes=\"(max-width: 194px) 100vw, 194px\" data-recalc-dims=\"1\" \/><\/a><br \/>\nDe hecho, la modelo m\u00e1s famosa de Gran Breta\u00f1a ha hecho marca de su estilo a trav\u00e9s de una casa de campo en <strong>Cotswolds,<\/strong> que est\u00e1 en el mercado para la nada despreciable cantidad de 2,5 millones de libras. La colaboraci\u00f3n surgi\u00f3 a trav\u00e9s de <strong>Juan Hitchcox<\/strong>, un empresario inmobiliario que se reuni\u00f3 con Moss mientras pasaban un tiempo en su refugio en el campo, en la id\u00edlica regi\u00f3n de <strong>Oxfordshire.<\/strong><\/p>\n<p><a href=\"https:\/\/i0.wp.com\/www.moda.es\/blog\/wp-content\/uploads\/2015\/09\/Captura-de-pantalla-2015-09-29-a-las-23.31.23.png\"><img data-attachment-id=\"19836\" data-permalink=\"http:\/\/www.moda.es\/blog\/kate-moss-ahora-tambien-disenadora-de-interiores\/captura-de-pantalla-2015-09-29-a-las-23-31-23\/\" data-orig-file=\"https:\/\/i0.wp.com\/www.moda.es\/blog\/wp-content\/uploads\/2015\/09\/Captura-de-pantalla-2015-09-29-a-las-23.31.23.png?fit=639%2C507\" data-orig-size=\"639,507\" data-comments-opened=\"1\" data-image-meta=\"{&quot;aperture&quot;:&quot;0&quot;,&quot;credit&quot;:&quot;&quot;,&quot;camera&quot;:&quot;&quot;,&quot;caption&quot;:&quot;&quot;,&quot;created_timestamp&quot;:&quot;0&quot;,&quot;copyright&quot;:&quot;&quot;,&quot;focal_length&quot;:&quot;0&quot;,&quot;iso&quot;:&quot;0&quot;,&quot;shutter_speed&quot;:&quot;0&quot;,&quot;title&quot;:&quot;&quot;}\" data-image-title=\"Captura de pantalla 2015-09-29 a las 23.31.23\" data-image-description=\"\" data-image-caption=\"\" data-medium-file=\"https:\/\/i0.wp.com\/www.moda.es\/blog\/wp-content\/uploads\/2015\/09\/Captura-de-pantalla-2015-09-29-a-las-23.31.23.png?fit=300%2C238\" data-large-file=\"https:\/\/i0.wp.com\/www.moda.es\/blog\/wp-content\/uploads\/2015\/09\/Captura-de-pantalla-2015-09-29-a-las-23.31.23.png?fit=639%2C507\" loading=\"lazy\" class=\"aligncenter size-medium wp-image-19836\" alt=\"Captura de pantalla 2015-09-29 a las 23.31.23\" src=\"https:\/\/i0.wp.com\/www.moda.es\/blog\/wp-content\/uploads\/2015\/09\/Captura-de-pantalla-2015-09-29-a-las-23.31.23.png?resize=300%2C238\" width=\"300\" height=\"238\" srcset=\"https:\/\/i0.wp.com\/www.moda.es\/blog\/wp-content\/uploads\/2015\/09\/Captura-de-pantalla-2015-09-29-a-las-23.31.23.png?resize=300%2C238 300w, https:\/\/i0.wp.com\/www.moda.es\/blog\/wp-content\/uploads\/2015\/09\/Captura-de-pantalla-2015-09-29-a-las-23.31.23.png?resize=280%2C222 280w, https:\/\/i0.wp.com\/www.moda.es\/blog\/wp-content\/uploads\/2015\/09\/Captura-de-pantalla-2015-09-29-a-las-23.31.23.png?resize=420%2C333 420w, https:\/\/i0.wp.com\/www.moda.es\/blog\/wp-content\/uploads\/2015\/09\/Captura-de-pantalla-2015-09-29-a-las-23.31.23.png?w=639 639w\" sizes=\"(max-width: 300px) 100vw, 300px\" data-recalc-dims=\"1\" \/><\/a><\/p>\n<p>\u00abEstoy diversific\u00e1ndome\u00bb ha afirmado la modelo en una entrevista con The Sunday Times. \u00abConoc\u00eda a John desde hac\u00eda mucho tiempo y yo s\u00f3lo ten\u00eda que llamarle para hablar sobre ello. Hab\u00eda una relaci\u00f3n ya, pero nunca me hab\u00eda comentado \u00bfQuieres hacer interiores? Yo no habr\u00eda pensado en eso nunca\u00bb.<\/p>\n<p><a href=\"https:\/\/i0.wp.com\/www.moda.es\/blog\/wp-content\/uploads\/2015\/09\/Captura-de-pantalla-2015-09-29-a-las-23.36.11.png\"><img data-attachment-id=\"19837\" data-permalink=\"http:\/\/www.moda.es\/blog\/kate-moss-ahora-tambien-disenadora-de-interiores\/captura-de-pantalla-2015-09-29-a-las-23-36-11\/\" data-orig-file=\"https:\/\/i0.wp.com\/www.moda.es\/blog\/wp-content\/uploads\/2015\/09\/Captura-de-pantalla-2015-09-29-a-las-23.36.11.png?fit=639%2C462\" data-orig-size=\"639,462\" data-comments-opened=\"1\" data-image-meta=\"{&quot;aperture&quot;:&quot;0&quot;,&quot;credit&quot;:&quot;&quot;,&quot;camera&quot;:&quot;&quot;,&quot;caption&quot;:&quot;&quot;,&quot;created_timestamp&quot;:&quot;0&quot;,&quot;copyright&quot;:&quot;&quot;,&quot;focal_length&quot;:&quot;0&quot;,&quot;iso&quot;:&quot;0&quot;,&quot;shutter_speed&quot;:&quot;0&quot;,&quot;title&quot;:&quot;&quot;}\" data-image-title=\"Captura de pantalla 2015-09-29 a las 23.36.11\" data-image-description=\"\" data-image-caption=\"\" data-medium-file=\"https:\/\/i0.wp.com\/www.moda.es\/blog\/wp-content\/uploads\/2015\/09\/Captura-de-pantalla-2015-09-29-a-las-23.36.11.png?fit=300%2C216\" data-large-file=\"https:\/\/i0.wp.com\/www.moda.es\/blog\/wp-content\/uploads\/2015\/09\/Captura-de-pantalla-2015-09-29-a-las-23.36.11.png?fit=639%2C462\" loading=\"lazy\" class=\"aligncenter size-medium wp-image-19837\" alt=\"Captura de pantalla 2015-09-29 a las 23.36.11\" src=\"https:\/\/i0.wp.com\/www.moda.es\/blog\/wp-content\/uploads\/2015\/09\/Captura-de-pantalla-2015-09-29-a-las-23.36.11.png?resize=300%2C216\" width=\"300\" height=\"216\" srcset=\"https:\/\/i0.wp.com\/www.moda.es\/blog\/wp-content\/uploads\/2015\/09\/Captura-de-pantalla-2015-09-29-a-las-23.36.11.png?resize=300%2C216 300w, https:\/\/i0.wp.com\/www.moda.es\/blog\/wp-content\/uploads\/2015\/09\/Captura-de-pantalla-2015-09-29-a-las-23.36.11.png?w=639 639w, https:\/\/i0.wp.com\/www.moda.es\/blog\/wp-content\/uploads\/2015\/09\/Captura-de-pantalla-2015-09-29-a-las-23.36.11.png?resize=420%2C303 420w\" sizes=\"(max-width: 300px) 100vw, 300px\" data-recalc-dims=\"1\" \/><\/a><\/p>\n<p>Moss ha contado con el apoyo de <strong>Katie Grove<\/strong> de <strong>Grove Interiors<\/strong>, la mujer que ha colaborado en la decoraci\u00f3n de todas las propiedades de la supermodelo. \u00abNo voy a hacer nada sin ella\u00bb, explica Kate, y agrega: \u00abElla conoce mi gusto exactamente\u00bb. El resultado es lo que ella llama \u00abecl\u00e9ctico\u00bb: \u00abHay algo de la d\u00e9cada de los 70, de los 20, de los 60, <strong>las mejores partes de todo<\/strong>\u00ab.<\/p>\n<p><a href=\"https:\/\/i0.wp.com\/www.moda.es\/blog\/wp-content\/uploads\/2015\/09\/Captura-de-pantalla-2015-09-30-a-las-22.31.48.png\"><img data-attachment-id=\"19838\" data-permalink=\"http:\/\/www.moda.es\/blog\/kate-moss-ahora-tambien-disenadora-de-interiores\/captura-de-pantalla-2015-09-30-a-las-22-31-48\/\" data-orig-file=\"https:\/\/i0.wp.com\/www.moda.es\/blog\/wp-content\/uploads\/2015\/09\/Captura-de-pantalla-2015-09-30-a-las-22.31.48.png?fit=533%2C419\" data-orig-size=\"533,419\" data-comments-opened=\"1\" data-image-meta=\"{&quot;aperture&quot;:&quot;0&quot;,&quot;credit&quot;:&quot;&quot;,&quot;camera&quot;:&quot;&quot;,&quot;caption&quot;:&quot;&quot;,&quot;created_timestamp&quot;:&quot;0&quot;,&quot;copyright&quot;:&quot;&quot;,&quot;focal_length&quot;:&quot;0&quot;,&quot;iso&quot;:&quot;0&quot;,&quot;shutter_speed&quot;:&quot;0&quot;,&quot;title&quot;:&quot;&quot;}\" data-image-title=\"Captura de pantalla 2015-09-30 a las 22.31.48\" data-image-description=\"\" data-image-caption=\"\" data-medium-file=\"https:\/\/i0.wp.com\/www.moda.es\/blog\/wp-content\/uploads\/2015\/09\/Captura-de-pantalla-2015-09-30-a-las-22.31.48.png?fit=300%2C235\" data-large-file=\"https:\/\/i0.wp.com\/www.moda.es\/blog\/wp-content\/uploads\/2015\/09\/Captura-de-pantalla-2015-09-30-a-las-22.31.48.png?fit=533%2C419\" loading=\"lazy\" class=\"aligncenter size-medium wp-image-19838\" alt=\"Captura de pantalla 2015-09-30 a las 22.31.48\" src=\"https:\/\/i0.wp.com\/www.moda.es\/blog\/wp-content\/uploads\/2015\/09\/Captura-de-pantalla-2015-09-30-a-las-22.31.48.png?resize=300%2C235\" width=\"300\" height=\"235\" srcset=\"https:\/\/i0.wp.com\/www.moda.es\/blog\/wp-content\/uploads\/2015\/09\/Captura-de-pantalla-2015-09-30-a-las-22.31.48.png?resize=300%2C235 300w, https:\/\/i0.wp.com\/www.moda.es\/blog\/wp-content\/uploads\/2015\/09\/Captura-de-pantalla-2015-09-30-a-las-22.31.48.png?resize=420%2C330 420w, https:\/\/i0.wp.com\/www.moda.es\/blog\/wp-content\/uploads\/2015\/09\/Captura-de-pantalla-2015-09-30-a-las-22.31.48.png?w=533 533w\" sizes=\"(max-width: 300px) 100vw, 300px\" data-recalc-dims=\"1\" \/><\/a><\/p>\n<p>Y\u00a0esto se traduce en un espacio acogedor con sof\u00e1s de terciopelo escogidos por la modelo, una cama con dosel y un cuarto de invitados con las paredes a rayas en blanco y negro y cortinas de color rosa. Incluso hay un par de fotos enmarcadas de la modelo en las paredes para recordar al comprador qui\u00e9n ha sido su dise\u00f1adora.<\/p>\n<p>&nbsp;<\/p>\n<p>\u00a9Fashion Telegraph                            <\/p>\n","protected":false},"excerpt":{"rendered":"<p>Despu\u00e9s de dise\u00f1ar varias colecciones para Topshop, Kate Moss se ha trasladado al reino del dise\u00f1o, \u00a0y no estamos hablando de dise\u00f1o gr\u00e1fico, sino de dise\u00f1o de interiores, concretamente de un proyecto de casas de lujo en la campi\u00f1a inglesa. De hecho, la modelo m\u00e1s famosa de Gran Breta\u00f1a ha [&hellip;]<\/p>\n","protected":false},"author":3,"featured_media":19835,"comment_status":"open","ping_status":"open","sticky":false,"template":"","format":"standard","meta":{"jetpack_publicize_message":"","jetpack_is_tweetstorm":false,"jetpack_publicize_feature_enabled":true},"categories":[3,11,17],"tags":[471,897],"jetpack_publicize_connections":[],"jetpack_featured_media_url":"https:\/\/i0.wp.com\/www.moda.es\/blog\/wp-content\/uploads\/2015\/09\/Captura-de-pantalla-2015-09-29-a-las-23.30.36.png?fit=378%2C582","jetpack_sharing_enabled":true,"jetpack_shortlink":"https:\/\/wp.me\/p4tJCC-59T","jetpack-related-posts":[{"id":17362,"url":"http:\/\/www.moda.es\/blog\/kate-moss-vuelve-a-disenar-para-topshop\/","url_meta":{"origin":19833,"position":0},"title":"Kate Moss vuelve a dise\u00f1ar para TopShop","date":"abril 2, 2014","format":false,"excerpt":"La noticia saltaba el pasado mes de octubre: la top entre las tops, Kate Moss, hab\u00eda firmado una colaboraci\u00f3n con TopShop para crear una colecci\u00f3n de entre 40 y 50 piezas para esta primavera. La fecha del lanzamiento se acerca y qu\u00e9 mejor manera de presentarla que con una portada\u2026","rel":"","context":"En \u00abColecciones\u00bb","img":{"alt_text":"","src":"https:\/\/i0.wp.com\/www.moda.es\/blog\/wp-content\/uploads\/2014\/04\/TopShop-2.jpg?fit=650%2C859&resize=350%2C200","width":350,"height":200},"classes":[]},{"id":13217,"url":"http:\/\/www.moda.es\/blog\/kate-moss-vuelve-al-mundo-del-diseno\/","url_meta":{"origin":19833,"position":1},"title":"Kate Moss vuelve al mundo del dise\u00f1o","date":"julio 4, 2013","format":false,"excerpt":"\u00a0 No contenta con ser siempre el centro de todas las miradas y por supuesto de todas las campa\u00f1as Kate Moss decide que hace tiempo que no pone su sello a nada. Kate Moss ha dise\u00f1ado una colecci\u00f3n de accesorios centrada en la tecnolog\u00eda en colaboraci\u00f3n con Carphone Warehouse. La\u2026","rel":"","context":"En \u00abAccesorios\u00bb","img":{"alt_text":"","src":"https:\/\/i0.wp.com\/www.moda.es\/blog\/wp-content\/uploads\/2013\/07\/Kate-Moss.jpg?fit=400%2C600&resize=350%2C200","width":350,"height":200},"classes":[]},{"id":10367,"url":"http:\/\/www.moda.es\/blog\/kate-al-desnudo\/","url_meta":{"origin":19833,"position":2},"title":"Kate al desnudo","date":"enero 25, 2013","format":false,"excerpt":"Desnuda, mojada, con un chaleco azul con penes estampados, sumergida en una ba\u00f1era con espuma, con el rouge de labios intacto y con el titular \"Kate se lava\" estrat\u00e9gicamente maquetado para ocultar su pecho, as\u00ed se presenta Kate Moss en la portada del \u00faltimo n\u00famero de la edici\u00f3n inglesa de\u2026","rel":"","context":"En \u00abFot\u00f3grafos\u00bb","img":{"alt_text":"","src":"https:\/\/i0.wp.com\/www.moda.es\/blog\/wp-content\/uploads\/2013\/01\/Kate-Moss-Love-41.jpg?fit=500%2C667&resize=350%2C200","width":350,"height":200},"classes":[]},{"id":15624,"url":"http:\/\/www.moda.es\/blog\/el-debut-de-lottie-moss\/","url_meta":{"origin":19833,"position":3},"title":"El debut de Lottie Moss","date":"enero 18, 2014","format":false,"excerpt":"Mientras Kate Moss celebraba su cuarenta cumplea\u00f1os, su hermana peque\u00f1a, Lottie, ha celebrado su debut como modelo en su primera sesi\u00f3n de moda. Lottie Moss, de diecis\u00e9is a\u00f1o,\u00a0 firm\u00f3 su contrato con la agencia Storm Models la semana pasada y ha protagonizado su primer editorial de moda para Dazed &\u2026","rel":"","context":"En \u00abActualidad\u00bb","img":{"alt_text":"","src":"https:\/\/i0.wp.com\/www.moda.es\/blog\/wp-content\/uploads\/2014\/01\/Lottie-Moss-21.jpg?fit=500%2C727&resize=350%2C200","width":350,"height":200},"classes":[]},{"id":17881,"url":"http:\/\/www.moda.es\/blog\/naomi-campbell-tambien-disenadora\/","url_meta":{"origin":19833,"position":4},"title":"Naomi Campbell, tambi\u00e9n dise\u00f1adora","date":"junio 24, 2014","format":false,"excerpt":"Parece que Naomi Campbell est\u00e1 a punto de seguir el ejemplo de su gran amiga de Kate Moss uni\u00e9ndose al grupo de modelos que deciden probar suerte en el dise\u00f1o de moda. Seg\u00fan la problem\u00e1tica modelo, todav\u00eda esta cerrando el proyecto: \"se me han acercado desde algunas marcas para dise\u00f1ar\u2026","rel":"","context":"En \u00abActualidad\u00bb","img":{"alt_text":"","src":"https:\/\/i0.wp.com\/www.moda.es\/blog\/wp-content\/uploads\/2014\/06\/naomi.jpg?fit=650%2C946&resize=350%2C200","width":350,"height":200},"classes":[]},{"id":17444,"url":"http:\/\/www.moda.es\/blog\/17444\/","url_meta":{"origin":19833,"position":5},"title":"Kate Moss para TopShop&#8230; Lo que nos faltaba por saber","date":"abril 12, 2014","format":false,"excerpt":"Lo de Kate Moss para TopShop no es s\u00f3lo una colaboraci\u00f3n m\u00e1s. Hace uns d\u00edas te mostr\u00e1bamos algunas fotos de la modelo para Vogue UK estrenando su nueva colecci\u00f3n y hoy tenemos m\u00e1s vistas de este gran editorial. Parec\u00eda mentira que siete a\u00f1os despu\u00e9s de la \u00faltima colecci\u00f3n las novedades\u2026","rel":"","context":"En \u00abActualidad\u00bb","img":{"alt_text":"","src":"https:\/\/i0.wp.com\/www.moda.es\/blog\/wp-content\/uploads\/2014\/04\/TopShop-11.jpg?fit=434%2C1200&resize=350%2C200","width":350,"height":200},"classes":[]}],"_links":{"self":[{"href":"http:\/\/www.moda.es\/blog\/wp-json\/wp\/v2\/posts\/19833"}],"collection":[{"href":"http:\/\/www.moda.es\/blog\/wp-json\/wp\/v2\/posts"}],"about":[{"href":"http:\/\/www.moda.es\/blog\/wp-json\/wp\/v2\/types\/post"}],"author":[{"embeddable":true,"href":"http:\/\/www.moda.es\/blog\/wp-json\/wp\/v2\/users\/3"}],"replies":[{"embeddable":true,"href":"http:\/\/www.moda.es\/blog\/wp-json\/wp\/v2\/comments?post=19833"}],"version-history":[{"count":6,"href":"http:\/\/www.moda.es\/blog\/wp-json\/wp\/v2\/posts\/19833\/revisions"}],"predecessor-version":[{"id":36060,"href":"http:\/\/www.moda.es\/blog\/wp-json\/wp\/v2\/posts\/19833\/revisions\/36060"}],"wp:featuredmedia":[{"embeddable":true,"href":"http:\/\/www.moda.es\/blog\/wp-json\/wp\/v2\/media\/19835"}],"wp:attachment":[{"href":"http:\/\/www.moda.es\/blog\/wp-json\/wp\/v2\/media?parent=19833"}],"wp:term":[{"taxonomy":"category","embeddable":true,"href":"http:\/\/www.moda.es\/blog\/wp-json\/wp\/v2\/categories?post=19833"},{"taxonomy":"post_tag","embeddable":true,"href":"http:\/\/www.moda.es\/blog\/wp-json\/wp\/v2\/tags?post=19833"}],"curies":[{"name":"wp","href":"https:\/\/api.w.org\/{rel}","templated":true}]}}