{"id":19790,"date":"2015-09-15T22:33:20","date_gmt":"2015-09-15T21:33:20","guid":{"rendered":"http:\/\/www.moda.es\/blog\/?p=19790"},"modified":"2020-04-27T16:46:57","modified_gmt":"2020-04-27T15:46:57","slug":"burberry-se-convierte-en-la-primera-marca-que-cree-una-canal-en-apple-music","status":"publish","type":"post","link":"http:\/\/www.moda.es\/blog\/burberry-se-convierte-en-la-primera-marca-que-cree-una-canal-en-apple-music\/","title":{"rendered":"Burberry se convierte en la primera marca que cree una canal en Apple Music"},"content":{"rendered":"<p>Bufandas, trenchs y <strong>Cara Delevingne<\/strong> han sido y quiz\u00e1s, son, los estandartes que nos han dado que hablar de <strong>Burberry<\/strong> al menos en lo \u00faltimos tiempos&#8230; pero Burberry son muchas cosas m\u00e1s: es el esp\u00edritu <em>british<\/em> mejor declarado (pocas marcas llevan como esta sus valores hasta sus \u00faltimas consecuencias), es un hito digital (as\u00f3mate a sus redes sociales y alucina con sus seguidores, m\u00e1s que ninguna otra firma de lujo) y es sobre todo <strong>m\u00fasica.<\/strong><\/p>\n<p><a href=\"https:\/\/i0.wp.com\/www.moda.es\/blog\/wp-content\/uploads\/2015\/09\/Captura-de-pantalla-2015-09-15-a-las-23.13.23.png\"><img data-attachment-id=\"19792\" data-permalink=\"http:\/\/www.moda.es\/blog\/burberry-se-convierte-en-la-primera-marca-que-cree-una-canal-en-apple-music\/captura-de-pantalla-2015-09-15-a-las-23-13-23\/\" data-orig-file=\"https:\/\/i0.wp.com\/www.moda.es\/blog\/wp-content\/uploads\/2015\/09\/Captura-de-pantalla-2015-09-15-a-las-23.13.23.png?fit=828%2C550\" data-orig-size=\"828,550\" data-comments-opened=\"1\" data-image-meta=\"{&quot;aperture&quot;:&quot;0&quot;,&quot;credit&quot;:&quot;&quot;,&quot;camera&quot;:&quot;&quot;,&quot;caption&quot;:&quot;&quot;,&quot;created_timestamp&quot;:&quot;0&quot;,&quot;copyright&quot;:&quot;&quot;,&quot;focal_length&quot;:&quot;0&quot;,&quot;iso&quot;:&quot;0&quot;,&quot;shutter_speed&quot;:&quot;0&quot;,&quot;title&quot;:&quot;&quot;}\" data-image-title=\"Captura de pantalla 2015-09-15 a las 23.13.23\" data-image-description=\"\" data-image-caption=\"\" data-medium-file=\"https:\/\/i0.wp.com\/www.moda.es\/blog\/wp-content\/uploads\/2015\/09\/Captura-de-pantalla-2015-09-15-a-las-23.13.23.png?fit=300%2C199\" data-large-file=\"https:\/\/i0.wp.com\/www.moda.es\/blog\/wp-content\/uploads\/2015\/09\/Captura-de-pantalla-2015-09-15-a-las-23.13.23.png?fit=640%2C425\" loading=\"lazy\" class=\"aligncenter size-medium wp-image-19792\" alt=\"Captura de pantalla 2015-09-15 a las 23.13.23\" src=\"https:\/\/i0.wp.com\/www.moda.es\/blog\/wp-content\/uploads\/2015\/09\/Captura-de-pantalla-2015-09-15-a-las-23.13.23.png?resize=300%2C199\" width=\"300\" height=\"199\" srcset=\"https:\/\/i0.wp.com\/www.moda.es\/blog\/wp-content\/uploads\/2015\/09\/Captura-de-pantalla-2015-09-15-a-las-23.13.23.png?resize=300%2C199 300w, https:\/\/i0.wp.com\/www.moda.es\/blog\/wp-content\/uploads\/2015\/09\/Captura-de-pantalla-2015-09-15-a-las-23.13.23.png?resize=420%2C278 420w, https:\/\/i0.wp.com\/www.moda.es\/blog\/wp-content\/uploads\/2015\/09\/Captura-de-pantalla-2015-09-15-a-las-23.13.23.png?w=828 828w\" sizes=\"(max-width: 300px) 100vw, 300px\" data-recalc-dims=\"1\" \/><\/a><\/p>\n<p>En <strong>2010\u00a0<\/strong>nac\u00eda <strong>Burberry Acoustic<\/strong>, una iniciativa de mecenazgo musical cuyo objetivo era descubrir y promocionar nuevas bandas musicales brit\u00e1nicas. Desde entonces, v\u00eddeos grabados en exclusiva por la marca, bandas sonoras de campa\u00f1as y actuaciones en directo en \u00a0desfiles y eventos han servido para dar a conocer artistas que hoy nos son tan familiares como <strong>Tom \u00a0Odell<\/strong>.<\/p>\n<p>Hoy la casa vuelve a hacer historia convirti\u00e9ndose en la primera marca de moda en formar parte de<strong> Apple Music<\/strong> con su propio canal en el que compartir\u00e1 las nuevas canciones de su ya larga lista de apadrinados, as\u00ed como v\u00eddeos y<strong> contenidos exclusivos<\/strong> para los usuarios, listas de leyendas brit\u00e1nicas pasadas y presentes y \u00e9xitos de grupos consolidados.<\/p>\n<p><a href=\"https:\/\/i0.wp.com\/www.moda.es\/blog\/wp-content\/uploads\/2015\/09\/Captura-de-pantalla-2015-09-15-a-las-22.33.31.png\"><img data-attachment-id=\"19791\" data-permalink=\"http:\/\/www.moda.es\/blog\/burberry-se-convierte-en-la-primera-marca-que-cree-una-canal-en-apple-music\/captura-de-pantalla-2015-09-15-a-las-22-33-31\/\" data-orig-file=\"https:\/\/i0.wp.com\/www.moda.es\/blog\/wp-content\/uploads\/2015\/09\/Captura-de-pantalla-2015-09-15-a-las-22.33.31.png?fit=341%2C586\" data-orig-size=\"341,586\" data-comments-opened=\"1\" data-image-meta=\"{&quot;aperture&quot;:&quot;0&quot;,&quot;credit&quot;:&quot;&quot;,&quot;camera&quot;:&quot;&quot;,&quot;caption&quot;:&quot;&quot;,&quot;created_timestamp&quot;:&quot;0&quot;,&quot;copyright&quot;:&quot;&quot;,&quot;focal_length&quot;:&quot;0&quot;,&quot;iso&quot;:&quot;0&quot;,&quot;shutter_speed&quot;:&quot;0&quot;,&quot;title&quot;:&quot;&quot;}\" data-image-title=\"Captura de pantalla 2015-09-15 a las 22.33.31\" data-image-description=\"\" data-image-caption=\"\" data-medium-file=\"https:\/\/i0.wp.com\/www.moda.es\/blog\/wp-content\/uploads\/2015\/09\/Captura-de-pantalla-2015-09-15-a-las-22.33.31.png?fit=174%2C300\" data-large-file=\"https:\/\/i0.wp.com\/www.moda.es\/blog\/wp-content\/uploads\/2015\/09\/Captura-de-pantalla-2015-09-15-a-las-22.33.31.png?fit=341%2C586\" loading=\"lazy\" class=\"aligncenter size-medium wp-image-19791\" alt=\"Captura de pantalla 2015-09-15 a las 22.33.31\" src=\"https:\/\/i0.wp.com\/www.moda.es\/blog\/wp-content\/uploads\/2015\/09\/Captura-de-pantalla-2015-09-15-a-las-22.33.31.png?resize=174%2C300\" width=\"174\" height=\"300\" srcset=\"https:\/\/i0.wp.com\/www.moda.es\/blog\/wp-content\/uploads\/2015\/09\/Captura-de-pantalla-2015-09-15-a-las-22.33.31.png?resize=174%2C300 174w, https:\/\/i0.wp.com\/www.moda.es\/blog\/wp-content\/uploads\/2015\/09\/Captura-de-pantalla-2015-09-15-a-las-22.33.31.png?w=341 341w\" sizes=\"(max-width: 174px) 100vw, 174px\" data-recalc-dims=\"1\" \/><\/a><br \/>\nNo es la primera vez que Burberry y Apple se han unido. Hace dos a\u00f1os, Burberry utiliz\u00f3 dispositivos <strong>iPhone 5S<\/strong> para fotografiar y compartir todas las im\u00e1genes, video y live-streaming \u00a0antes, durante y despu\u00e9s de uno de sus desfiles.<\/p>\n<p>&nbsp;<\/p>\n<p>El canal de Burberry en Apple Music puede ser encontrado en la secci\u00f3n de <strong>Colaboradores. <\/strong>No te lo pierdas el pr\u00f3ximo lunes, pues podr\u00e1s descubrir las actuaciones en directo de Alison Moyet, cantante invitada al desfile de la colecci\u00f3n <strong>Primavera 2016<\/strong> durante la Semana de la Moda de Londres.<\/p>\n<p>\u00a9Burberry                             <\/p>\n","protected":false},"excerpt":{"rendered":"<p>Bufandas, trenchs y Cara Delevingne han sido y quiz\u00e1s, son, los estandartes que nos han dado que hablar de Burberry al menos en lo \u00faltimos tiempos&#8230; pero Burberry son muchas cosas m\u00e1s: es el esp\u00edritu british mejor declarado (pocas marcas llevan como esta sus valores hasta sus \u00faltimas consecuencias), es [&hellip;]<\/p>\n","protected":false},"author":3,"featured_media":19791,"comment_status":"open","ping_status":"open","sticky":false,"template":"","format":"standard","meta":{"jetpack_publicize_message":"","jetpack_is_tweetstorm":false,"jetpack_publicize_feature_enabled":true},"categories":[3,11,14,20],"tags":[],"jetpack_publicize_connections":[],"jetpack_featured_media_url":"https:\/\/i0.wp.com\/www.moda.es\/blog\/wp-content\/uploads\/2015\/09\/Captura-de-pantalla-2015-09-15-a-las-22.33.31.png?fit=341%2C586","jetpack_sharing_enabled":true,"jetpack_shortlink":"https:\/\/wp.me\/p4tJCC-59c","jetpack-related-posts":[{"id":11260,"url":"http:\/\/www.moda.es\/blog\/burberry-body-tender-la-nueva-fragancia-british\/","url_meta":{"origin":19790,"position":0},"title":"Burberry Body Tender, la nueva fragancia british","date":"marzo 2, 2013","format":false,"excerpt":"Aunque el tiempo no acompa\u00f1e mucho en 20 d\u00edas llega la primavera. Empieza a oler a sol, a aire libre, a terrazas, a desterrar la bufanda, a flores blancas y c\u00edtricos, a Burberry Body Tender. Burberry estrena temporada con el lanzamiento de un perfume muy especial, la declinaci\u00f3n m\u00e1s fresca\u2026","rel":"","context":"En \u00abBelleza\u00bb","img":{"alt_text":"","src":"https:\/\/i0.wp.com\/www.moda.es\/blog\/wp-content\/uploads\/2013\/03\/Burberry-Body-Tender-61.jpg?fit=500%2C354&resize=350%2C200","width":350,"height":200},"classes":[]},{"id":21295,"url":"http:\/\/www.moda.es\/blog\/ya-es-navidad-para-burberry\/","url_meta":{"origin":19790,"position":1},"title":"Ya es Navidad para Burberry","date":"noviembre 4, 2016","format":false,"excerpt":"Con el mes de noviembre no s\u00f3lo estrenamos la colaboraci\u00f3n de Kenzo y H&M, tambi\u00e9n nos llega una de las campa\u00f1as de Navidad m\u00e1s bonitas de los \u00faltimos a\u00f1os. Desde hace varios a\u00f1os, Burberry ha sorprendido a sus fans con campa\u00f1as navide\u00f1as cada vez m\u00e1s impresionantes y este a\u00f1o tan\u2026","rel":"","context":"En \u00abActualidad\u00bb","img":{"alt_text":"","src":"https:\/\/i0.wp.com\/www.moda.es\/blog\/wp-content\/uploads\/2016\/11\/Captura-de-pantalla-2016-11-03-a-las-23.32.43.png?fit=612%2C396&resize=350%2C200","width":350,"height":200},"classes":[]},{"id":18634,"url":"http:\/\/www.moda.es\/blog\/naomi-campbell-y-jourdan-dunn-juntas-para-burberry\/","url_meta":{"origin":19790,"position":2},"title":"Naomi Campbell y Jourdan Dunn, juntas para Burberry","date":"diciembre 16, 2014","format":false,"excerpt":"Burberry, la marca brit\u00e1nica por excelencia, le est\u00e1 cogiendo el gusto \u00faltimamente a fotografiar sus campa\u00f1as por parejas. Este oto\u00f1o se unieron Cara Delevingne y Malaika Firth y recientemente su nueva fragancia My Burberry eleg\u00eda a la ni\u00f1a bonita y a Kate Moss como imagen. En su nueva campa\u00f1a para\u2026","rel":"","context":"En \u00abActualidad\u00bb","img":{"alt_text":"","src":"https:\/\/i0.wp.com\/www.moda.es\/blog\/wp-content\/uploads\/2014\/12\/bbjn3.jpg?fit=650%2C975&resize=350%2C200","width":350,"height":200},"classes":[]},{"id":18049,"url":"http:\/\/www.moda.es\/blog\/la-campana-interactiva-de-burberry\/","url_meta":{"origin":19790,"position":3},"title":"La campa\u00f1a interactiva de Burberry","date":"agosto 9, 2014","format":false,"excerpt":"Porque quedarse en las vallas o en las p\u00e1ginas de las revistas ya est\u00e1 muy visto, Burberry, que lleva tiempo aficionada a presentar sus campa\u00f1as en cap\u00edtulos, ha lanzado una aplicaci\u00f3n para smartphone y tablet a trav\u00e9s de la que los fans de la casa podr\u00e1n interactuar con las im\u00e1genes.\u2026","rel":"","context":"En \u00abCampa\u00f1as\u00bb","img":{"alt_text":"","src":"https:\/\/i0.wp.com\/www.moda.es\/blog\/wp-content\/uploads\/2014\/08\/burberry.jpg?fit=650%2C421&resize=350%2C200","width":350,"height":200},"classes":[]},{"id":20273,"url":"http:\/\/www.moda.es\/blog\/el-nuevo-fotografo-de-burberry\/","url_meta":{"origin":19790,"position":4},"title":"El nuevo fot\u00f3grafo de Burberry&#8230;","date":"febrero 1, 2016","format":false,"excerpt":"...no es Mario Testino, como manda la tradici\u00f3n, sino Brooklyn Beckham. Despu\u00e9s de que su hermano peque\u00f1o Romeo haya protagonizado ya tres campa\u00f1as de la marca brit\u00e1nica, parece que la varita de Christopher Bailey va a seguir tocando al resto de la familia. Lo anunciaba este fin de semana en\u2026","rel":"","context":"En \u00abActualidad\u00bb","img":{"alt_text":"","src":"https:\/\/i0.wp.com\/www.moda.es\/blog\/wp-content\/uploads\/2016\/02\/Captura-de-pantalla-2016-02-01-a-las-22.49.22.png?fit=929%2C598&resize=350%2C200","width":350,"height":200},"classes":[]},{"id":19945,"url":"http:\/\/www.moda.es\/blog\/burberry-billy-elliot-romeo-beckham\/","url_meta":{"origin":19790,"position":5},"title":"Burberry, Billy Elliot, Romeo Beckham&#8230;","date":"noviembre 4, 2015","format":false,"excerpt":"...y Naomi Campbell, Rosie Huntington-Whiteley, James Bay... todos se han unido para celebrar la Navidad de Burberry. La marca\u00a0ha recreado la escena inicial de la pel\u00edcula Billy Elliot para la campa\u00f1a m\u00e1s festiva del a\u00f1o. Protagonizada por un alucinante\u00a0elenco de celebridades \u00a0que incluye a Sir Elton John,\u00a0(quien escribi\u00f3 la m\u00fasica\u2026","rel":"","context":"En \u00abActualidad\u00bb","img":{"alt_text":"","src":"https:\/\/i0.wp.com\/www.moda.es\/blog\/wp-content\/uploads\/2015\/11\/Captura-de-pantalla-2015-11-04-a-las-23.14.50.png?fit=505%2C656&resize=350%2C200","width":350,"height":200},"classes":[]}],"_links":{"self":[{"href":"http:\/\/www.moda.es\/blog\/wp-json\/wp\/v2\/posts\/19790"}],"collection":[{"href":"http:\/\/www.moda.es\/blog\/wp-json\/wp\/v2\/posts"}],"about":[{"href":"http:\/\/www.moda.es\/blog\/wp-json\/wp\/v2\/types\/post"}],"author":[{"embeddable":true,"href":"http:\/\/www.moda.es\/blog\/wp-json\/wp\/v2\/users\/3"}],"replies":[{"embeddable":true,"href":"http:\/\/www.moda.es\/blog\/wp-json\/wp\/v2\/comments?post=19790"}],"version-history":[{"count":7,"href":"http:\/\/www.moda.es\/blog\/wp-json\/wp\/v2\/posts\/19790\/revisions"}],"predecessor-version":[{"id":36068,"href":"http:\/\/www.moda.es\/blog\/wp-json\/wp\/v2\/posts\/19790\/revisions\/36068"}],"wp:featuredmedia":[{"embeddable":true,"href":"http:\/\/www.moda.es\/blog\/wp-json\/wp\/v2\/media\/19791"}],"wp:attachment":[{"href":"http:\/\/www.moda.es\/blog\/wp-json\/wp\/v2\/media?parent=19790"}],"wp:term":[{"taxonomy":"category","embeddable":true,"href":"http:\/\/www.moda.es\/blog\/wp-json\/wp\/v2\/categories?post=19790"},{"taxonomy":"post_tag","embeddable":true,"href":"http:\/\/www.moda.es\/blog\/wp-json\/wp\/v2\/tags?post=19790"}],"curies":[{"name":"wp","href":"https:\/\/api.w.org\/{rel}","templated":true}]}}