{"id":19712,"date":"2015-08-25T22:51:16","date_gmt":"2015-08-25T21:51:16","guid":{"rendered":"http:\/\/www.moda.es\/blog\/?p=19712"},"modified":"2020-04-27T16:48:47","modified_gmt":"2020-04-27T15:48:47","slug":"descubre-la-coleccion-de-claudia-schiffer-para-tse","status":"publish","type":"post","link":"http:\/\/www.moda.es\/blog\/descubre-la-coleccion-de-claudia-schiffer-para-tse\/","title":{"rendered":"Descubre la colecci\u00f3n de Claudia Schiffer para Tse"},"content":{"rendered":"<p>Cuando <strong>Claudia Schiffer<\/strong> anunci\u00f3 que estaba creando una colecci\u00f3n para la firma de prendas de cashmere de lujo <strong>Tse<\/strong> en febrero, se intu\u00eda que se avecinaban nuevos caprichos que engrosar\u00edan nuestra lista de deseos de este oto\u00f1o, pero realmente no pod\u00e1iamos esperar menos teniendo en cuenta que la supermodelo ha pasado m\u00e1s de veinte a\u00f1os aprendiendo los entresijos de la industria de la moda.<\/p>\n<p><a href=\"https:\/\/i0.wp.com\/www.moda.es\/blog\/wp-content\/uploads\/2015\/08\/Captura-de-pantalla-2015-08-25-a-las-23.47.25.png\"><img data-attachment-id=\"19724\" data-permalink=\"http:\/\/www.moda.es\/blog\/descubre-la-coleccion-de-claudia-schiffer-para-tse\/captura-de-pantalla-2015-08-25-a-las-23-47-25\/\" data-orig-file=\"https:\/\/i0.wp.com\/www.moda.es\/blog\/wp-content\/uploads\/2015\/08\/Captura-de-pantalla-2015-08-25-a-las-23.47.25.png?fit=318%2C485\" data-orig-size=\"318,485\" data-comments-opened=\"1\" data-image-meta=\"{&quot;aperture&quot;:&quot;0&quot;,&quot;credit&quot;:&quot;&quot;,&quot;camera&quot;:&quot;&quot;,&quot;caption&quot;:&quot;&quot;,&quot;created_timestamp&quot;:&quot;0&quot;,&quot;copyright&quot;:&quot;&quot;,&quot;focal_length&quot;:&quot;0&quot;,&quot;iso&quot;:&quot;0&quot;,&quot;shutter_speed&quot;:&quot;0&quot;,&quot;title&quot;:&quot;&quot;}\" data-image-title=\"Captura de pantalla 2015-08-25 a las 23.47.25\" data-image-description=\"\" data-image-caption=\"\" data-medium-file=\"https:\/\/i0.wp.com\/www.moda.es\/blog\/wp-content\/uploads\/2015\/08\/Captura-de-pantalla-2015-08-25-a-las-23.47.25.png?fit=196%2C300\" data-large-file=\"https:\/\/i0.wp.com\/www.moda.es\/blog\/wp-content\/uploads\/2015\/08\/Captura-de-pantalla-2015-08-25-a-las-23.47.25.png?fit=318%2C485\" loading=\"lazy\" class=\"aligncenter size-medium wp-image-19724\" alt=\"Captura de pantalla 2015-08-25 a las 23.47.25\" src=\"https:\/\/i0.wp.com\/www.moda.es\/blog\/wp-content\/uploads\/2015\/08\/Captura-de-pantalla-2015-08-25-a-las-23.47.25.png?resize=196%2C300\" width=\"196\" height=\"300\" srcset=\"https:\/\/i0.wp.com\/www.moda.es\/blog\/wp-content\/uploads\/2015\/08\/Captura-de-pantalla-2015-08-25-a-las-23.47.25.png?resize=196%2C300 196w, https:\/\/i0.wp.com\/www.moda.es\/blog\/wp-content\/uploads\/2015\/08\/Captura-de-pantalla-2015-08-25-a-las-23.47.25.png?w=318 318w\" sizes=\"(max-width: 196px) 100vw, 196px\" data-recalc-dims=\"1\" \/><\/a><\/p>\n<p>\u00abEstoy tratando de aplicar lo que he aprendido al trabajar como modelo con los dise\u00f1adores m\u00e1s sorprendentes durante <strong>m\u00e1s de 25 a\u00f1os<\/strong>. No s\u00f3lo he aprendido mucho, sino que tambi\u00e9n, \u00a0yen particular, he podido formarme mis propias ideas\u00bb, asegura Schiffer. \u00abTuve la suerte de empezar mi carrera trabajando con los mejores, como<strong> Karl Lagerfeld, Dolce &amp; Gabbana, Valentino y Gianni Versace<\/strong>, y muchos m\u00e1s en los que he visto de primera trabajando con las telas m\u00e1s lujosas, creando incre\u00edbles adaptaciones y fij\u00e1ndose detalles. Yo todav\u00eda estoy aprendiendo \u00ab.<\/p>\n<p><a href=\"https:\/\/i0.wp.com\/www.moda.es\/blog\/wp-content\/uploads\/2015\/08\/Captura-de-pantalla-2015-08-25-a-las-23.49.11.png\"><img data-attachment-id=\"19725\" data-permalink=\"http:\/\/www.moda.es\/blog\/descubre-la-coleccion-de-claudia-schiffer-para-tse\/captura-de-pantalla-2015-08-25-a-las-23-49-11\/\" data-orig-file=\"https:\/\/i0.wp.com\/www.moda.es\/blog\/wp-content\/uploads\/2015\/08\/Captura-de-pantalla-2015-08-25-a-las-23.49.11.png?fit=506%2C760\" data-orig-size=\"506,760\" data-comments-opened=\"1\" data-image-meta=\"{&quot;aperture&quot;:&quot;0&quot;,&quot;credit&quot;:&quot;&quot;,&quot;camera&quot;:&quot;&quot;,&quot;caption&quot;:&quot;&quot;,&quot;created_timestamp&quot;:&quot;0&quot;,&quot;copyright&quot;:&quot;&quot;,&quot;focal_length&quot;:&quot;0&quot;,&quot;iso&quot;:&quot;0&quot;,&quot;shutter_speed&quot;:&quot;0&quot;,&quot;title&quot;:&quot;&quot;}\" data-image-title=\"Captura de pantalla 2015-08-25 a las 23.49.11\" data-image-description=\"\" data-image-caption=\"\" data-medium-file=\"https:\/\/i0.wp.com\/www.moda.es\/blog\/wp-content\/uploads\/2015\/08\/Captura-de-pantalla-2015-08-25-a-las-23.49.11.png?fit=199%2C300\" data-large-file=\"https:\/\/i0.wp.com\/www.moda.es\/blog\/wp-content\/uploads\/2015\/08\/Captura-de-pantalla-2015-08-25-a-las-23.49.11.png?fit=506%2C760\" loading=\"lazy\" class=\"aligncenter size-medium wp-image-19725\" alt=\"Captura de pantalla 2015-08-25 a las 23.49.11\" src=\"https:\/\/i0.wp.com\/www.moda.es\/blog\/wp-content\/uploads\/2015\/08\/Captura-de-pantalla-2015-08-25-a-las-23.49.11.png?resize=199%2C300\" width=\"199\" height=\"300\" srcset=\"https:\/\/i0.wp.com\/www.moda.es\/blog\/wp-content\/uploads\/2015\/08\/Captura-de-pantalla-2015-08-25-a-las-23.49.11.png?resize=199%2C300 199w, https:\/\/i0.wp.com\/www.moda.es\/blog\/wp-content\/uploads\/2015\/08\/Captura-de-pantalla-2015-08-25-a-las-23.49.11.png?resize=420%2C630 420w, https:\/\/i0.wp.com\/www.moda.es\/blog\/wp-content\/uploads\/2015\/08\/Captura-de-pantalla-2015-08-25-a-las-23.49.11.png?w=506 506w\" sizes=\"(max-width: 199px) 100vw, 199px\" data-recalc-dims=\"1\" \/><\/a><\/p>\n<p>La colecci\u00f3n consta de <strong>18 piezas<\/strong> que dan testimonio de lo mucho que la modelo alemana ha recogido en el camino, con una mezcla de <em>loungewear<\/em> y suntuosos tejidos, el resultado son prendas dise\u00f1adas para durar y convertirse en las favoritas de nuestro armario s\u00f3lo para esta temporada, pero para asumir el estatuto de <strong>favoritos. <\/strong>Faldas, vestidos, pantalones y sobre todo jerseys y cardigans que combinan los colores neutros con el verde botella y el granate para que pasemos el oto\u00f1o m\u00e1s calentito.<\/p>\n<div data-carousel-extra='{\"blog_id\":1,\"permalink\":\"http:\\\/\\\/www.moda.es\\\/blog\\\/descubre-la-coleccion-de-claudia-schiffer-para-tse\\\/\"}' id='gallery-1' class='gallery galleryid-19712 gallery-columns-3 gallery-size-thumbnail'><figure class='gallery-item'>\n\t\t\t<div class='gallery-icon portrait'>\n\t\t\t\t<a href='http:\/\/www.moda.es\/blog\/descubre-la-coleccion-de-claudia-schiffer-para-tse\/captura-de-pantalla-2015-08-25-a-las-23-47-45\/'><img width=\"150\" height=\"150\" src=\"https:\/\/i0.wp.com\/www.moda.es\/blog\/wp-content\/uploads\/2015\/08\/Captura-de-pantalla-2015-08-25-a-las-23.47.45.png?resize=150%2C150\" class=\"attachment-thumbnail size-thumbnail\" alt=\"\" loading=\"lazy\" srcset=\"https:\/\/i0.wp.com\/www.moda.es\/blog\/wp-content\/uploads\/2015\/08\/Captura-de-pantalla-2015-08-25-a-las-23.47.45.png?resize=150%2C150 150w, https:\/\/i0.wp.com\/www.moda.es\/blog\/wp-content\/uploads\/2015\/08\/Captura-de-pantalla-2015-08-25-a-las-23.47.45.png?resize=120%2C120 120w, https:\/\/i0.wp.com\/www.moda.es\/blog\/wp-content\/uploads\/2015\/08\/Captura-de-pantalla-2015-08-25-a-las-23.47.45.png?zoom=2&amp;resize=150%2C150 300w\" sizes=\"(max-width: 150px) 100vw, 150px\" data-attachment-id=\"19713\" data-permalink=\"http:\/\/www.moda.es\/blog\/descubre-la-coleccion-de-claudia-schiffer-para-tse\/captura-de-pantalla-2015-08-25-a-las-23-47-45\/\" data-orig-file=\"https:\/\/i0.wp.com\/www.moda.es\/blog\/wp-content\/uploads\/2015\/08\/Captura-de-pantalla-2015-08-25-a-las-23.47.45.png?fit=319%2C737\" data-orig-size=\"319,737\" data-comments-opened=\"1\" data-image-meta=\"{&quot;aperture&quot;:&quot;0&quot;,&quot;credit&quot;:&quot;&quot;,&quot;camera&quot;:&quot;&quot;,&quot;caption&quot;:&quot;&quot;,&quot;created_timestamp&quot;:&quot;0&quot;,&quot;copyright&quot;:&quot;&quot;,&quot;focal_length&quot;:&quot;0&quot;,&quot;iso&quot;:&quot;0&quot;,&quot;shutter_speed&quot;:&quot;0&quot;,&quot;title&quot;:&quot;&quot;}\" data-image-title=\"Captura de pantalla 2015-08-25 a las 23.47.45\" data-image-description=\"\" data-image-caption=\"\" data-medium-file=\"https:\/\/i0.wp.com\/www.moda.es\/blog\/wp-content\/uploads\/2015\/08\/Captura-de-pantalla-2015-08-25-a-las-23.47.45.png?fit=129%2C300\" data-large-file=\"https:\/\/i0.wp.com\/www.moda.es\/blog\/wp-content\/uploads\/2015\/08\/Captura-de-pantalla-2015-08-25-a-las-23.47.45.png?fit=319%2C737\" \/><\/a>\n\t\t\t<\/div><\/figure><figure class='gallery-item'>\n\t\t\t<div class='gallery-icon portrait'>\n\t\t\t\t<a href='http:\/\/www.moda.es\/blog\/descubre-la-coleccion-de-claudia-schiffer-para-tse\/captura-de-pantalla-2015-08-25-a-las-23-47-52\/'><img width=\"150\" height=\"150\" src=\"https:\/\/i0.wp.com\/www.moda.es\/blog\/wp-content\/uploads\/2015\/08\/Captura-de-pantalla-2015-08-25-a-las-23.47.52.png?resize=150%2C150\" class=\"attachment-thumbnail size-thumbnail\" alt=\"\" loading=\"lazy\" srcset=\"https:\/\/i0.wp.com\/www.moda.es\/blog\/wp-content\/uploads\/2015\/08\/Captura-de-pantalla-2015-08-25-a-las-23.47.52.png?resize=150%2C150 150w, https:\/\/i0.wp.com\/www.moda.es\/blog\/wp-content\/uploads\/2015\/08\/Captura-de-pantalla-2015-08-25-a-las-23.47.52.png?resize=120%2C120 120w, https:\/\/i0.wp.com\/www.moda.es\/blog\/wp-content\/uploads\/2015\/08\/Captura-de-pantalla-2015-08-25-a-las-23.47.52.png?zoom=2&amp;resize=150%2C150 300w\" sizes=\"(max-width: 150px) 100vw, 150px\" data-attachment-id=\"19714\" data-permalink=\"http:\/\/www.moda.es\/blog\/descubre-la-coleccion-de-claudia-schiffer-para-tse\/captura-de-pantalla-2015-08-25-a-las-23-47-52\/\" data-orig-file=\"https:\/\/i0.wp.com\/www.moda.es\/blog\/wp-content\/uploads\/2015\/08\/Captura-de-pantalla-2015-08-25-a-las-23.47.52.png?fit=348%2C507\" data-orig-size=\"348,507\" data-comments-opened=\"1\" data-image-meta=\"{&quot;aperture&quot;:&quot;0&quot;,&quot;credit&quot;:&quot;&quot;,&quot;camera&quot;:&quot;&quot;,&quot;caption&quot;:&quot;&quot;,&quot;created_timestamp&quot;:&quot;0&quot;,&quot;copyright&quot;:&quot;&quot;,&quot;focal_length&quot;:&quot;0&quot;,&quot;iso&quot;:&quot;0&quot;,&quot;shutter_speed&quot;:&quot;0&quot;,&quot;title&quot;:&quot;&quot;}\" data-image-title=\"Captura de pantalla 2015-08-25 a las 23.47.52\" data-image-description=\"\" data-image-caption=\"\" data-medium-file=\"https:\/\/i0.wp.com\/www.moda.es\/blog\/wp-content\/uploads\/2015\/08\/Captura-de-pantalla-2015-08-25-a-las-23.47.52.png?fit=205%2C300\" data-large-file=\"https:\/\/i0.wp.com\/www.moda.es\/blog\/wp-content\/uploads\/2015\/08\/Captura-de-pantalla-2015-08-25-a-las-23.47.52.png?fit=348%2C507\" \/><\/a>\n\t\t\t<\/div><\/figure><figure class='gallery-item'>\n\t\t\t<div class='gallery-icon portrait'>\n\t\t\t\t<a href='http:\/\/www.moda.es\/blog\/descubre-la-coleccion-de-claudia-schiffer-para-tse\/captura-de-pantalla-2015-08-25-a-las-23-48-05\/'><img width=\"150\" height=\"150\" src=\"https:\/\/i0.wp.com\/www.moda.es\/blog\/wp-content\/uploads\/2015\/08\/Captura-de-pantalla-2015-08-25-a-las-23.48.05.png?resize=150%2C150\" class=\"attachment-thumbnail size-thumbnail\" alt=\"\" loading=\"lazy\" srcset=\"https:\/\/i0.wp.com\/www.moda.es\/blog\/wp-content\/uploads\/2015\/08\/Captura-de-pantalla-2015-08-25-a-las-23.48.05.png?resize=150%2C150 150w, https:\/\/i0.wp.com\/www.moda.es\/blog\/wp-content\/uploads\/2015\/08\/Captura-de-pantalla-2015-08-25-a-las-23.48.05.png?resize=120%2C120 120w, https:\/\/i0.wp.com\/www.moda.es\/blog\/wp-content\/uploads\/2015\/08\/Captura-de-pantalla-2015-08-25-a-las-23.48.05.png?zoom=2&amp;resize=150%2C150 300w, https:\/\/i0.wp.com\/www.moda.es\/blog\/wp-content\/uploads\/2015\/08\/Captura-de-pantalla-2015-08-25-a-las-23.48.05.png?zoom=3&amp;resize=150%2C150 450w\" sizes=\"(max-width: 150px) 100vw, 150px\" data-attachment-id=\"19715\" data-permalink=\"http:\/\/www.moda.es\/blog\/descubre-la-coleccion-de-claudia-schiffer-para-tse\/captura-de-pantalla-2015-08-25-a-las-23-48-05\/\" data-orig-file=\"https:\/\/i0.wp.com\/www.moda.es\/blog\/wp-content\/uploads\/2015\/08\/Captura-de-pantalla-2015-08-25-a-las-23.48.05.png?fit=478%2C566\" data-orig-size=\"478,566\" data-comments-opened=\"1\" data-image-meta=\"{&quot;aperture&quot;:&quot;0&quot;,&quot;credit&quot;:&quot;&quot;,&quot;camera&quot;:&quot;&quot;,&quot;caption&quot;:&quot;&quot;,&quot;created_timestamp&quot;:&quot;0&quot;,&quot;copyright&quot;:&quot;&quot;,&quot;focal_length&quot;:&quot;0&quot;,&quot;iso&quot;:&quot;0&quot;,&quot;shutter_speed&quot;:&quot;0&quot;,&quot;title&quot;:&quot;&quot;}\" data-image-title=\"Captura de pantalla 2015-08-25 a las 23.48.05\" data-image-description=\"\" data-image-caption=\"\" data-medium-file=\"https:\/\/i0.wp.com\/www.moda.es\/blog\/wp-content\/uploads\/2015\/08\/Captura-de-pantalla-2015-08-25-a-las-23.48.05.png?fit=253%2C300\" data-large-file=\"https:\/\/i0.wp.com\/www.moda.es\/blog\/wp-content\/uploads\/2015\/08\/Captura-de-pantalla-2015-08-25-a-las-23.48.05.png?fit=478%2C566\" \/><\/a>\n\t\t\t<\/div><\/figure><figure class='gallery-item'>\n\t\t\t<div class='gallery-icon portrait'>\n\t\t\t\t<a href='http:\/\/www.moda.es\/blog\/descubre-la-coleccion-de-claudia-schiffer-para-tse\/captura-de-pantalla-2015-08-25-a-las-23-48-15\/'><img width=\"150\" height=\"150\" src=\"https:\/\/i0.wp.com\/www.moda.es\/blog\/wp-content\/uploads\/2015\/08\/Captura-de-pantalla-2015-08-25-a-las-23.48.15.png?resize=150%2C150\" class=\"attachment-thumbnail size-thumbnail\" alt=\"\" loading=\"lazy\" srcset=\"https:\/\/i0.wp.com\/www.moda.es\/blog\/wp-content\/uploads\/2015\/08\/Captura-de-pantalla-2015-08-25-a-las-23.48.15.png?resize=150%2C150 150w, https:\/\/i0.wp.com\/www.moda.es\/blog\/wp-content\/uploads\/2015\/08\/Captura-de-pantalla-2015-08-25-a-las-23.48.15.png?resize=120%2C120 120w, https:\/\/i0.wp.com\/www.moda.es\/blog\/wp-content\/uploads\/2015\/08\/Captura-de-pantalla-2015-08-25-a-las-23.48.15.png?zoom=2&amp;resize=150%2C150 300w, https:\/\/i0.wp.com\/www.moda.es\/blog\/wp-content\/uploads\/2015\/08\/Captura-de-pantalla-2015-08-25-a-las-23.48.15.png?zoom=3&amp;resize=150%2C150 450w\" sizes=\"(max-width: 150px) 100vw, 150px\" data-attachment-id=\"19716\" data-permalink=\"http:\/\/www.moda.es\/blog\/descubre-la-coleccion-de-claudia-schiffer-para-tse\/captura-de-pantalla-2015-08-25-a-las-23-48-15\/\" data-orig-file=\"https:\/\/i0.wp.com\/www.moda.es\/blog\/wp-content\/uploads\/2015\/08\/Captura-de-pantalla-2015-08-25-a-las-23.48.15.png?fit=515%2C660\" data-orig-size=\"515,660\" data-comments-opened=\"1\" data-image-meta=\"{&quot;aperture&quot;:&quot;0&quot;,&quot;credit&quot;:&quot;&quot;,&quot;camera&quot;:&quot;&quot;,&quot;caption&quot;:&quot;&quot;,&quot;created_timestamp&quot;:&quot;0&quot;,&quot;copyright&quot;:&quot;&quot;,&quot;focal_length&quot;:&quot;0&quot;,&quot;iso&quot;:&quot;0&quot;,&quot;shutter_speed&quot;:&quot;0&quot;,&quot;title&quot;:&quot;&quot;}\" data-image-title=\"Captura de pantalla 2015-08-25 a las 23.48.15\" data-image-description=\"\" data-image-caption=\"\" data-medium-file=\"https:\/\/i0.wp.com\/www.moda.es\/blog\/wp-content\/uploads\/2015\/08\/Captura-de-pantalla-2015-08-25-a-las-23.48.15.png?fit=234%2C300\" data-large-file=\"https:\/\/i0.wp.com\/www.moda.es\/blog\/wp-content\/uploads\/2015\/08\/Captura-de-pantalla-2015-08-25-a-las-23.48.15.png?fit=515%2C660\" \/><\/a>\n\t\t\t<\/div><\/figure><figure class='gallery-item'>\n\t\t\t<div class='gallery-icon portrait'>\n\t\t\t\t<a href='http:\/\/www.moda.es\/blog\/descubre-la-coleccion-de-claudia-schiffer-para-tse\/captura-de-pantalla-2015-08-25-a-las-23-48-26\/'><img width=\"150\" height=\"150\" src=\"https:\/\/i0.wp.com\/www.moda.es\/blog\/wp-content\/uploads\/2015\/08\/Captura-de-pantalla-2015-08-25-a-las-23.48.26.png?resize=150%2C150\" class=\"attachment-thumbnail size-thumbnail\" alt=\"\" loading=\"lazy\" srcset=\"https:\/\/i0.wp.com\/www.moda.es\/blog\/wp-content\/uploads\/2015\/08\/Captura-de-pantalla-2015-08-25-a-las-23.48.26.png?resize=150%2C150 150w, https:\/\/i0.wp.com\/www.moda.es\/blog\/wp-content\/uploads\/2015\/08\/Captura-de-pantalla-2015-08-25-a-las-23.48.26.png?resize=120%2C120 120w, https:\/\/i0.wp.com\/www.moda.es\/blog\/wp-content\/uploads\/2015\/08\/Captura-de-pantalla-2015-08-25-a-las-23.48.26.png?zoom=2&amp;resize=150%2C150 300w, https:\/\/i0.wp.com\/www.moda.es\/blog\/wp-content\/uploads\/2015\/08\/Captura-de-pantalla-2015-08-25-a-las-23.48.26.png?zoom=3&amp;resize=150%2C150 450w\" sizes=\"(max-width: 150px) 100vw, 150px\" data-attachment-id=\"19717\" data-permalink=\"http:\/\/www.moda.es\/blog\/descubre-la-coleccion-de-claudia-schiffer-para-tse\/captura-de-pantalla-2015-08-25-a-las-23-48-26\/\" data-orig-file=\"https:\/\/i0.wp.com\/www.moda.es\/blog\/wp-content\/uploads\/2015\/08\/Captura-de-pantalla-2015-08-25-a-las-23.48.26.png?fit=470%2C598\" data-orig-size=\"470,598\" data-comments-opened=\"1\" data-image-meta=\"{&quot;aperture&quot;:&quot;0&quot;,&quot;credit&quot;:&quot;&quot;,&quot;camera&quot;:&quot;&quot;,&quot;caption&quot;:&quot;&quot;,&quot;created_timestamp&quot;:&quot;0&quot;,&quot;copyright&quot;:&quot;&quot;,&quot;focal_length&quot;:&quot;0&quot;,&quot;iso&quot;:&quot;0&quot;,&quot;shutter_speed&quot;:&quot;0&quot;,&quot;title&quot;:&quot;&quot;}\" data-image-title=\"Captura de pantalla 2015-08-25 a las 23.48.26\" data-image-description=\"\" data-image-caption=\"\" data-medium-file=\"https:\/\/i0.wp.com\/www.moda.es\/blog\/wp-content\/uploads\/2015\/08\/Captura-de-pantalla-2015-08-25-a-las-23.48.26.png?fit=235%2C300\" data-large-file=\"https:\/\/i0.wp.com\/www.moda.es\/blog\/wp-content\/uploads\/2015\/08\/Captura-de-pantalla-2015-08-25-a-las-23.48.26.png?fit=470%2C598\" \/><\/a>\n\t\t\t<\/div><\/figure><figure class='gallery-item'>\n\t\t\t<div class='gallery-icon portrait'>\n\t\t\t\t<a href='http:\/\/www.moda.es\/blog\/descubre-la-coleccion-de-claudia-schiffer-para-tse\/captura-de-pantalla-2015-08-25-a-las-23-48-34\/'><img width=\"150\" height=\"150\" src=\"https:\/\/i0.wp.com\/www.moda.es\/blog\/wp-content\/uploads\/2015\/08\/Captura-de-pantalla-2015-08-25-a-las-23.48.34.png?resize=150%2C150\" class=\"attachment-thumbnail size-thumbnail\" alt=\"\" loading=\"lazy\" srcset=\"https:\/\/i0.wp.com\/www.moda.es\/blog\/wp-content\/uploads\/2015\/08\/Captura-de-pantalla-2015-08-25-a-las-23.48.34.png?resize=150%2C150 150w, https:\/\/i0.wp.com\/www.moda.es\/blog\/wp-content\/uploads\/2015\/08\/Captura-de-pantalla-2015-08-25-a-las-23.48.34.png?resize=120%2C120 120w, https:\/\/i0.wp.com\/www.moda.es\/blog\/wp-content\/uploads\/2015\/08\/Captura-de-pantalla-2015-08-25-a-las-23.48.34.png?zoom=2&amp;resize=150%2C150 300w, https:\/\/i0.wp.com\/www.moda.es\/blog\/wp-content\/uploads\/2015\/08\/Captura-de-pantalla-2015-08-25-a-las-23.48.34.png?zoom=3&amp;resize=150%2C150 450w\" sizes=\"(max-width: 150px) 100vw, 150px\" data-attachment-id=\"19718\" data-permalink=\"http:\/\/www.moda.es\/blog\/descubre-la-coleccion-de-claudia-schiffer-para-tse\/captura-de-pantalla-2015-08-25-a-las-23-48-34\/\" data-orig-file=\"https:\/\/i0.wp.com\/www.moda.es\/blog\/wp-content\/uploads\/2015\/08\/Captura-de-pantalla-2015-08-25-a-las-23.48.34.png?fit=497%2C601\" data-orig-size=\"497,601\" data-comments-opened=\"1\" data-image-meta=\"{&quot;aperture&quot;:&quot;0&quot;,&quot;credit&quot;:&quot;&quot;,&quot;camera&quot;:&quot;&quot;,&quot;caption&quot;:&quot;&quot;,&quot;created_timestamp&quot;:&quot;0&quot;,&quot;copyright&quot;:&quot;&quot;,&quot;focal_length&quot;:&quot;0&quot;,&quot;iso&quot;:&quot;0&quot;,&quot;shutter_speed&quot;:&quot;0&quot;,&quot;title&quot;:&quot;&quot;}\" data-image-title=\"Captura de pantalla 2015-08-25 a las 23.48.34\" data-image-description=\"\" data-image-caption=\"\" data-medium-file=\"https:\/\/i0.wp.com\/www.moda.es\/blog\/wp-content\/uploads\/2015\/08\/Captura-de-pantalla-2015-08-25-a-las-23.48.34.png?fit=248%2C300\" data-large-file=\"https:\/\/i0.wp.com\/www.moda.es\/blog\/wp-content\/uploads\/2015\/08\/Captura-de-pantalla-2015-08-25-a-las-23.48.34.png?fit=497%2C601\" \/><\/a>\n\t\t\t<\/div><\/figure><figure class='gallery-item'>\n\t\t\t<div class='gallery-icon portrait'>\n\t\t\t\t<a href='http:\/\/www.moda.es\/blog\/descubre-la-coleccion-de-claudia-schiffer-para-tse\/captura-de-pantalla-2015-08-25-a-las-23-48-46\/'><img width=\"150\" height=\"150\" src=\"https:\/\/i0.wp.com\/www.moda.es\/blog\/wp-content\/uploads\/2015\/08\/Captura-de-pantalla-2015-08-25-a-las-23.48.46.png?resize=150%2C150\" class=\"attachment-thumbnail size-thumbnail\" alt=\"\" loading=\"lazy\" srcset=\"https:\/\/i0.wp.com\/www.moda.es\/blog\/wp-content\/uploads\/2015\/08\/Captura-de-pantalla-2015-08-25-a-las-23.48.46.png?resize=150%2C150 150w, https:\/\/i0.wp.com\/www.moda.es\/blog\/wp-content\/uploads\/2015\/08\/Captura-de-pantalla-2015-08-25-a-las-23.48.46.png?resize=120%2C120 120w, https:\/\/i0.wp.com\/www.moda.es\/blog\/wp-content\/uploads\/2015\/08\/Captura-de-pantalla-2015-08-25-a-las-23.48.46.png?zoom=2&amp;resize=150%2C150 300w, https:\/\/i0.wp.com\/www.moda.es\/blog\/wp-content\/uploads\/2015\/08\/Captura-de-pantalla-2015-08-25-a-las-23.48.46.png?zoom=3&amp;resize=150%2C150 450w\" sizes=\"(max-width: 150px) 100vw, 150px\" data-attachment-id=\"19719\" data-permalink=\"http:\/\/www.moda.es\/blog\/descubre-la-coleccion-de-claudia-schiffer-para-tse\/captura-de-pantalla-2015-08-25-a-las-23-48-46\/\" data-orig-file=\"https:\/\/i0.wp.com\/www.moda.es\/blog\/wp-content\/uploads\/2015\/08\/Captura-de-pantalla-2015-08-25-a-las-23.48.46.png?fit=507%2C694\" data-orig-size=\"507,694\" data-comments-opened=\"1\" data-image-meta=\"{&quot;aperture&quot;:&quot;0&quot;,&quot;credit&quot;:&quot;&quot;,&quot;camera&quot;:&quot;&quot;,&quot;caption&quot;:&quot;&quot;,&quot;created_timestamp&quot;:&quot;0&quot;,&quot;copyright&quot;:&quot;&quot;,&quot;focal_length&quot;:&quot;0&quot;,&quot;iso&quot;:&quot;0&quot;,&quot;shutter_speed&quot;:&quot;0&quot;,&quot;title&quot;:&quot;&quot;}\" data-image-title=\"Captura de pantalla 2015-08-25 a las 23.48.46\" data-image-description=\"\" data-image-caption=\"\" data-medium-file=\"https:\/\/i0.wp.com\/www.moda.es\/blog\/wp-content\/uploads\/2015\/08\/Captura-de-pantalla-2015-08-25-a-las-23.48.46.png?fit=219%2C300\" data-large-file=\"https:\/\/i0.wp.com\/www.moda.es\/blog\/wp-content\/uploads\/2015\/08\/Captura-de-pantalla-2015-08-25-a-las-23.48.46.png?fit=507%2C694\" \/><\/a>\n\t\t\t<\/div><\/figure><figure class='gallery-item'>\n\t\t\t<div class='gallery-icon portrait'>\n\t\t\t\t<a href='http:\/\/www.moda.es\/blog\/descubre-la-coleccion-de-claudia-schiffer-para-tse\/captura-de-pantalla-2015-08-25-a-las-23-49-03\/'><img width=\"150\" height=\"150\" src=\"https:\/\/i0.wp.com\/www.moda.es\/blog\/wp-content\/uploads\/2015\/08\/Captura-de-pantalla-2015-08-25-a-las-23.49.03.png?resize=150%2C150\" class=\"attachment-thumbnail size-thumbnail\" alt=\"\" loading=\"lazy\" srcset=\"https:\/\/i0.wp.com\/www.moda.es\/blog\/wp-content\/uploads\/2015\/08\/Captura-de-pantalla-2015-08-25-a-las-23.49.03.png?resize=150%2C150 150w, https:\/\/i0.wp.com\/www.moda.es\/blog\/wp-content\/uploads\/2015\/08\/Captura-de-pantalla-2015-08-25-a-las-23.49.03.png?resize=120%2C120 120w, https:\/\/i0.wp.com\/www.moda.es\/blog\/wp-content\/uploads\/2015\/08\/Captura-de-pantalla-2015-08-25-a-las-23.49.03.png?zoom=2&amp;resize=150%2C150 300w, https:\/\/i0.wp.com\/www.moda.es\/blog\/wp-content\/uploads\/2015\/08\/Captura-de-pantalla-2015-08-25-a-las-23.49.03.png?zoom=3&amp;resize=150%2C150 450w\" sizes=\"(max-width: 150px) 100vw, 150px\" data-attachment-id=\"19720\" data-permalink=\"http:\/\/www.moda.es\/blog\/descubre-la-coleccion-de-claudia-schiffer-para-tse\/captura-de-pantalla-2015-08-25-a-las-23-49-03\/\" data-orig-file=\"https:\/\/i0.wp.com\/www.moda.es\/blog\/wp-content\/uploads\/2015\/08\/Captura-de-pantalla-2015-08-25-a-las-23.49.03.png?fit=469%2C579\" data-orig-size=\"469,579\" data-comments-opened=\"1\" data-image-meta=\"{&quot;aperture&quot;:&quot;0&quot;,&quot;credit&quot;:&quot;&quot;,&quot;camera&quot;:&quot;&quot;,&quot;caption&quot;:&quot;&quot;,&quot;created_timestamp&quot;:&quot;0&quot;,&quot;copyright&quot;:&quot;&quot;,&quot;focal_length&quot;:&quot;0&quot;,&quot;iso&quot;:&quot;0&quot;,&quot;shutter_speed&quot;:&quot;0&quot;,&quot;title&quot;:&quot;&quot;}\" data-image-title=\"Captura de pantalla 2015-08-25 a las 23.49.03\" data-image-description=\"\" data-image-caption=\"\" data-medium-file=\"https:\/\/i0.wp.com\/www.moda.es\/blog\/wp-content\/uploads\/2015\/08\/Captura-de-pantalla-2015-08-25-a-las-23.49.03.png?fit=243%2C300\" data-large-file=\"https:\/\/i0.wp.com\/www.moda.es\/blog\/wp-content\/uploads\/2015\/08\/Captura-de-pantalla-2015-08-25-a-las-23.49.03.png?fit=469%2C579\" \/><\/a>\n\t\t\t<\/div><\/figure>\n\t\t<\/div>\n\n<p>\u00a9Vogue UK                             <\/p>\n","protected":false},"excerpt":{"rendered":"<p>Cuando Claudia Schiffer anunci\u00f3 que estaba creando una colecci\u00f3n para la firma de prendas de cashmere de lujo Tse en febrero, se intu\u00eda que se avecinaban nuevos caprichos que engrosar\u00edan nuestra lista de deseos de este oto\u00f1o, pero realmente no pod\u00e1iamos esperar menos teniendo en cuenta que la supermodelo ha [&hellip;]<\/p>\n","protected":false},"author":3,"featured_media":19713,"comment_status":"open","ping_status":"open","sticky":false,"template":"","format":"standard","meta":{"jetpack_publicize_message":"","jetpack_is_tweetstorm":false,"jetpack_publicize_feature_enabled":true},"categories":[10,11,14,17],"tags":[209,273,1284,464,913],"jetpack_publicize_connections":[],"jetpack_featured_media_url":"https:\/\/i0.wp.com\/www.moda.es\/blog\/wp-content\/uploads\/2015\/08\/Captura-de-pantalla-2015-08-25-a-las-23.47.45.png?fit=319%2C737","jetpack_sharing_enabled":true,"jetpack_shortlink":"https:\/\/wp.me\/p4tJCC-57W","jetpack-related-posts":[{"id":18859,"url":"http:\/\/www.moda.es\/blog\/a-claudia-schiffer-le-gusta-hacer-punto\/","url_meta":{"origin":19712,"position":0},"title":"A Claudia Schiffer le gusta hacer punto","date":"febrero 2, 2015","format":false,"excerpt":"Claudia Schiffer se vuelve a meter en la arena de dise\u00f1o, creando una colecci\u00f3n c\u00e1psula para Tse. La supermodelo, que lanz\u00f3 una colecci\u00f3n de prendas de punto del mismo nombre en 2011, ha firmado un contrato de dos temporadas con Tse y presentar\u00e1 su primera colecci\u00f3n compuesta de 17 prendas\u2026","rel":"","context":"En \u00abColecciones\u00bb","img":{"alt_text":"","src":"https:\/\/i0.wp.com\/www.moda.es\/blog\/wp-content\/uploads\/2015\/02\/csk.jpg?fit=650%2C975&resize=350%2C200","width":350,"height":200},"classes":[]},{"id":19226,"url":"http:\/\/www.moda.es\/blog\/kristen-stewart-repite-con-chanel\/","url_meta":{"origin":19712,"position":1},"title":"Kristen Stewart repite con Chanel","date":"abril 7, 2015","format":false,"excerpt":"Kristen Stewart ha defendido muchos papeles en sus 24 a\u00f1os, representando para todo el mundo desde la leyenda de la m\u00fasica Joan Jett a\u00a0 la protagonista del cuento de Blancanieves, pero ella nunca ha aparecido como reportero gr\u00e1fico, y gracias a su uni\u00f3n con Chanel, finalmente lo vemos en ese\u2026","rel":"","context":"En \u00abAccesorios\u00bb","img":{"alt_text":"","src":"https:\/\/i0.wp.com\/www.moda.es\/blog\/wp-content\/uploads\/2015\/04\/ksc2.jpg?fit=650%2C451&resize=350%2C200","width":350,"height":200},"classes":[]},{"id":15107,"url":"http:\/\/www.moda.es\/blog\/de-blogger-a-modelo\/","url_meta":{"origin":19712,"position":2},"title":"De blogger a modelo","date":"diciembre 10, 2013","format":false,"excerpt":"La guap\u00edsima Chiara Ferragni,\u00a0 alias Thr Blonde Salad, acaba de ser anunciada como el nuevo rostro de la temporada de Navidad de Guess. Un video teaser acaba de llegar para ofrecernos un vistazo de lo que puede esperar de la colecci\u00f3n de Navidad. Est\u00e1 protagonizado por Chiara y su envidiado\u2026","rel":"","context":"En \u00abActualidad\u00bb","img":{"alt_text":"","src":"https:\/\/i0.wp.com\/www.moda.es\/blog\/wp-content\/uploads\/2013\/12\/Chiara-Ferragni1.jpg?fit=500%2C750&resize=350%2C200","width":350,"height":200},"classes":[]},{"id":22554,"url":"http:\/\/www.moda.es\/blog\/y-donatella-hizo-historia\/","url_meta":{"origin":19712,"position":3},"title":"Y Donatella hizo historia","date":"septiembre 25, 2017","format":false,"excerpt":"Desfiles sorprendentes los hay todas las temporadas. Grandes montajes, m\u00fasica en directo... pero pocas veces un desfile hace historia, y el de la temporada primavera - verano 2018 de Versace es uno de ellos. Donatella invit\u00f3 a Carla Bruni, Claudia Schiffer, Naomi Campbell, Cindy Crawford y Helena Christensen a celebrar\u2026","rel":"","context":"En \u00abActualidad\u00bb","img":{"alt_text":"","src":"https:\/\/i0.wp.com\/www.moda.es\/blog\/wp-content\/uploads\/2017\/09\/versace-5.jpg?fit=800%2C1200&resize=350%2C200","width":350,"height":200},"classes":[]},{"id":15619,"url":"http:\/\/www.moda.es\/blog\/mango-y-daria-capitulo-dos\/","url_meta":{"origin":19712,"position":4},"title":"Mango y Daria, cap\u00edtulo dos","date":"enero 16, 2014","format":false,"excerpt":"En el mes de Daria Werbowy, ya tenemos m\u00e1s im\u00e1genes de la campa\u00f1a que protagoniza para Mango. En noviembre se anunci\u00f3 que la modelo Daria Werbowy sustituir\u00eda a Miranda Kerr como la cara de Mango, con una campa\u00f1a fotografiada por Josh Olins en Lanzarote. Ahora las im\u00e1genes de una Daria\u2026","rel":"","context":"En \u00abCampa\u00f1as\u00bb","img":{"alt_text":"","src":"https:\/\/i0.wp.com\/www.moda.es\/blog\/wp-content\/uploads\/2014\/01\/Mango-311.jpg?fit=500%2C375&resize=350%2C200","width":350,"height":200},"classes":[]},{"id":14805,"url":"http:\/\/www.moda.es\/blog\/kate-moss-nueva-conejita-playboy\/","url_meta":{"origin":19712,"position":5},"title":"Kate Moss, nueva conejita Playboy","date":"noviembre 13, 2013","format":false,"excerpt":"Por distintos motivos, es la publicaci\u00f3n de mejor y peor reputaci\u00f3n del mundo editorial, pero Playboy celebra ya su 60 aniversario, y la mejor manera de hacerlo es colocnado a Kate Moss en su portada. El pr\u00f3ximo n\u00famero de enero ser\u00e1 testigo de la caracterizaci\u00f3n de Moss como nueva conejita\u2026","rel":"","context":"En \u00abDestacados\u00bb","img":{"alt_text":"Kate Moss","src":"https:\/\/i0.wp.com\/www.moda.es\/blog\/wp-content\/uploads\/2013\/11\/Kate-Moss-300x165.jpg?resize=350%2C200","width":350,"height":200},"classes":[]}],"_links":{"self":[{"href":"http:\/\/www.moda.es\/blog\/wp-json\/wp\/v2\/posts\/19712"}],"collection":[{"href":"http:\/\/www.moda.es\/blog\/wp-json\/wp\/v2\/posts"}],"about":[{"href":"http:\/\/www.moda.es\/blog\/wp-json\/wp\/v2\/types\/post"}],"author":[{"embeddable":true,"href":"http:\/\/www.moda.es\/blog\/wp-json\/wp\/v2\/users\/3"}],"replies":[{"embeddable":true,"href":"http:\/\/www.moda.es\/blog\/wp-json\/wp\/v2\/comments?post=19712"}],"version-history":[{"count":10,"href":"http:\/\/www.moda.es\/blog\/wp-json\/wp\/v2\/posts\/19712\/revisions"}],"predecessor-version":[{"id":36080,"href":"http:\/\/www.moda.es\/blog\/wp-json\/wp\/v2\/posts\/19712\/revisions\/36080"}],"wp:featuredmedia":[{"embeddable":true,"href":"http:\/\/www.moda.es\/blog\/wp-json\/wp\/v2\/media\/19713"}],"wp:attachment":[{"href":"http:\/\/www.moda.es\/blog\/wp-json\/wp\/v2\/media?parent=19712"}],"wp:term":[{"taxonomy":"category","embeddable":true,"href":"http:\/\/www.moda.es\/blog\/wp-json\/wp\/v2\/categories?post=19712"},{"taxonomy":"post_tag","embeddable":true,"href":"http:\/\/www.moda.es\/blog\/wp-json\/wp\/v2\/tags?post=19712"}],"curies":[{"name":"wp","href":"https:\/\/api.w.org\/{rel}","templated":true}]}}