{"id":19692,"date":"2015-08-20T20:41:16","date_gmt":"2015-08-20T19:41:16","guid":{"rendered":"http:\/\/www.moda.es\/blog\/?p=19692"},"modified":"2020-04-27T16:49:05","modified_gmt":"2020-04-27T15:49:05","slug":"los-nuevos-zapatos-de-sophia-webster","status":"publish","type":"post","link":"http:\/\/www.moda.es\/blog\/los-nuevos-zapatos-de-sophia-webster\/","title":{"rendered":"Los nuevos zapatos de Sophia Webster"},"content":{"rendered":"<p><strong>Sophia Webster<\/strong> ha anunciado su \u00faltima colaboraci\u00f3n y es nada menos que con nuestra mu\u00f1eca favorita: <strong>Barbie.<\/strong><\/p>\n<p>La fusi\u00f3n de los ir\u00f3nicos detalles de los zapatos de Webster con todas las declinaciones del color rosa no puede ser mayor sin\u00f3nimo de la belleza rubia de pl\u00e1stico, y la colecci\u00f3n emana al cien por cien las personalidades de ambas. Tambi\u00e9n marca la primera vez que la famosa y vertiginosa pin-up llevar\u00e1 <strong>zapatos planos<\/strong>.<\/p>\n<p><a href=\"https:\/\/i0.wp.com\/www.moda.es\/blog\/wp-content\/uploads\/2015\/08\/Captura-de-pantalla-2015-08-20-a-las-21.00.00.png\"><img data-attachment-id=\"19693\" data-permalink=\"http:\/\/www.moda.es\/blog\/los-nuevos-zapatos-de-sophia-webster\/captura-de-pantalla-2015-08-20-a-las-21-00-00\/\" data-orig-file=\"https:\/\/i0.wp.com\/www.moda.es\/blog\/wp-content\/uploads\/2015\/08\/Captura-de-pantalla-2015-08-20-a-las-21.00.00.png?fit=491%2C447\" data-orig-size=\"491,447\" data-comments-opened=\"1\" data-image-meta=\"{&quot;aperture&quot;:&quot;0&quot;,&quot;credit&quot;:&quot;&quot;,&quot;camera&quot;:&quot;&quot;,&quot;caption&quot;:&quot;&quot;,&quot;created_timestamp&quot;:&quot;0&quot;,&quot;copyright&quot;:&quot;&quot;,&quot;focal_length&quot;:&quot;0&quot;,&quot;iso&quot;:&quot;0&quot;,&quot;shutter_speed&quot;:&quot;0&quot;,&quot;title&quot;:&quot;&quot;}\" data-image-title=\"Captura de pantalla 2015-08-20 a las 21.00.00\" data-image-description=\"\" data-image-caption=\"\" data-medium-file=\"https:\/\/i0.wp.com\/www.moda.es\/blog\/wp-content\/uploads\/2015\/08\/Captura-de-pantalla-2015-08-20-a-las-21.00.00.png?fit=300%2C273\" data-large-file=\"https:\/\/i0.wp.com\/www.moda.es\/blog\/wp-content\/uploads\/2015\/08\/Captura-de-pantalla-2015-08-20-a-las-21.00.00.png?fit=491%2C447\" loading=\"lazy\" class=\"aligncenter size-medium wp-image-19693\" alt=\"Captura de pantalla 2015-08-20 a las 21.00.00\" src=\"https:\/\/i0.wp.com\/www.moda.es\/blog\/wp-content\/uploads\/2015\/08\/Captura-de-pantalla-2015-08-20-a-las-21.00.00.png?resize=300%2C273\" width=\"300\" height=\"273\" srcset=\"https:\/\/i0.wp.com\/www.moda.es\/blog\/wp-content\/uploads\/2015\/08\/Captura-de-pantalla-2015-08-20-a-las-21.00.00.png?resize=300%2C273 300w, https:\/\/i0.wp.com\/www.moda.es\/blog\/wp-content\/uploads\/2015\/08\/Captura-de-pantalla-2015-08-20-a-las-21.00.00.png?resize=420%2C382 420w, https:\/\/i0.wp.com\/www.moda.es\/blog\/wp-content\/uploads\/2015\/08\/Captura-de-pantalla-2015-08-20-a-las-21.00.00.png?w=491 491w\" sizes=\"(max-width: 300px) 100vw, 300px\" data-recalc-dims=\"1\" \/><\/a> <a href=\"https:\/\/i0.wp.com\/www.moda.es\/blog\/wp-content\/uploads\/2015\/08\/Captura-de-pantalla-2015-08-20-a-las-21.00.28.png\"><img data-attachment-id=\"19694\" data-permalink=\"http:\/\/www.moda.es\/blog\/los-nuevos-zapatos-de-sophia-webster\/captura-de-pantalla-2015-08-20-a-las-21-00-28\/\" data-orig-file=\"https:\/\/i0.wp.com\/www.moda.es\/blog\/wp-content\/uploads\/2015\/08\/Captura-de-pantalla-2015-08-20-a-las-21.00.28.png?fit=440%2C412\" data-orig-size=\"440,412\" data-comments-opened=\"1\" data-image-meta=\"{&quot;aperture&quot;:&quot;0&quot;,&quot;credit&quot;:&quot;&quot;,&quot;camera&quot;:&quot;&quot;,&quot;caption&quot;:&quot;&quot;,&quot;created_timestamp&quot;:&quot;0&quot;,&quot;copyright&quot;:&quot;&quot;,&quot;focal_length&quot;:&quot;0&quot;,&quot;iso&quot;:&quot;0&quot;,&quot;shutter_speed&quot;:&quot;0&quot;,&quot;title&quot;:&quot;&quot;}\" data-image-title=\"Captura de pantalla 2015-08-20 a las 21.00.28\" data-image-description=\"\" data-image-caption=\"\" data-medium-file=\"https:\/\/i0.wp.com\/www.moda.es\/blog\/wp-content\/uploads\/2015\/08\/Captura-de-pantalla-2015-08-20-a-las-21.00.28.png?fit=300%2C280\" data-large-file=\"https:\/\/i0.wp.com\/www.moda.es\/blog\/wp-content\/uploads\/2015\/08\/Captura-de-pantalla-2015-08-20-a-las-21.00.28.png?fit=440%2C412\" loading=\"lazy\" class=\"aligncenter size-medium wp-image-19694\" alt=\"Captura de pantalla 2015-08-20 a las 21.00.28\" src=\"https:\/\/i0.wp.com\/www.moda.es\/blog\/wp-content\/uploads\/2015\/08\/Captura-de-pantalla-2015-08-20-a-las-21.00.28.png?resize=300%2C280\" width=\"300\" height=\"280\" srcset=\"https:\/\/i0.wp.com\/www.moda.es\/blog\/wp-content\/uploads\/2015\/08\/Captura-de-pantalla-2015-08-20-a-las-21.00.28.png?resize=300%2C280 300w, https:\/\/i0.wp.com\/www.moda.es\/blog\/wp-content\/uploads\/2015\/08\/Captura-de-pantalla-2015-08-20-a-las-21.00.28.png?resize=420%2C393 420w, https:\/\/i0.wp.com\/www.moda.es\/blog\/wp-content\/uploads\/2015\/08\/Captura-de-pantalla-2015-08-20-a-las-21.00.28.png?w=440 440w\" sizes=\"(max-width: 300px) 100vw, 300px\" data-recalc-dims=\"1\" \/><\/a><br \/>\n\u00abLa creaci\u00f3n de una colecci\u00f3n de zapatos para Barbie siempre ha sido mi proyecto de ensue\u00f1o, pero a conseguir que luciera zapatos planos \u00a0por primera vez lo hizo <strong>extremadamente excitante y profundamente personal<\/strong>\u00ab, ha asegurado Webster. \u00abMe encanta que este concepto establezca un equilibrio entre los sue\u00f1os y la realidad, la idea de conseguir a Barbie en unos tacones altos e imaginarla inmediatamente paseando por Londres.\u00bb<\/p>\n<div data-carousel-extra='{\"blog_id\":1,\"permalink\":\"http:\\\/\\\/www.moda.es\\\/blog\\\/los-nuevos-zapatos-de-sophia-webster\\\/\"}' id='gallery-1' class='gallery galleryid-19692 gallery-columns-2 gallery-size-thumbnail'><figure class='gallery-item'>\n\t\t\t<div class='gallery-icon landscape'>\n\t\t\t\t<a href='http:\/\/www.moda.es\/blog\/los-nuevos-zapatos-de-sophia-webster\/captura-de-pantalla-2015-08-20-a-las-21-00-09\/'><img width=\"150\" height=\"150\" src=\"https:\/\/i0.wp.com\/www.moda.es\/blog\/wp-content\/uploads\/2015\/08\/Captura-de-pantalla-2015-08-20-a-las-21.00.09.png?resize=150%2C150\" class=\"attachment-thumbnail size-thumbnail\" alt=\"\" loading=\"lazy\" srcset=\"https:\/\/i0.wp.com\/www.moda.es\/blog\/wp-content\/uploads\/2015\/08\/Captura-de-pantalla-2015-08-20-a-las-21.00.09.png?resize=150%2C150 150w, https:\/\/i0.wp.com\/www.moda.es\/blog\/wp-content\/uploads\/2015\/08\/Captura-de-pantalla-2015-08-20-a-las-21.00.09.png?resize=120%2C120 120w, https:\/\/i0.wp.com\/www.moda.es\/blog\/wp-content\/uploads\/2015\/08\/Captura-de-pantalla-2015-08-20-a-las-21.00.09.png?zoom=2&amp;resize=150%2C150 300w, https:\/\/i0.wp.com\/www.moda.es\/blog\/wp-content\/uploads\/2015\/08\/Captura-de-pantalla-2015-08-20-a-las-21.00.09.png?zoom=3&amp;resize=150%2C150 450w\" sizes=\"(max-width: 150px) 100vw, 150px\" data-attachment-id=\"19695\" data-permalink=\"http:\/\/www.moda.es\/blog\/los-nuevos-zapatos-de-sophia-webster\/captura-de-pantalla-2015-08-20-a-las-21-00-09\/\" data-orig-file=\"https:\/\/i0.wp.com\/www.moda.es\/blog\/wp-content\/uploads\/2015\/08\/Captura-de-pantalla-2015-08-20-a-las-21.00.09.png?fit=507%2C404\" data-orig-size=\"507,404\" data-comments-opened=\"1\" data-image-meta=\"{&quot;aperture&quot;:&quot;0&quot;,&quot;credit&quot;:&quot;&quot;,&quot;camera&quot;:&quot;&quot;,&quot;caption&quot;:&quot;&quot;,&quot;created_timestamp&quot;:&quot;0&quot;,&quot;copyright&quot;:&quot;&quot;,&quot;focal_length&quot;:&quot;0&quot;,&quot;iso&quot;:&quot;0&quot;,&quot;shutter_speed&quot;:&quot;0&quot;,&quot;title&quot;:&quot;&quot;}\" data-image-title=\"Captura de pantalla 2015-08-20 a las 21.00.09\" data-image-description=\"\" data-image-caption=\"\" data-medium-file=\"https:\/\/i0.wp.com\/www.moda.es\/blog\/wp-content\/uploads\/2015\/08\/Captura-de-pantalla-2015-08-20-a-las-21.00.09.png?fit=300%2C239\" data-large-file=\"https:\/\/i0.wp.com\/www.moda.es\/blog\/wp-content\/uploads\/2015\/08\/Captura-de-pantalla-2015-08-20-a-las-21.00.09.png?fit=507%2C404\" \/><\/a>\n\t\t\t<\/div><\/figure><figure class='gallery-item'>\n\t\t\t<div class='gallery-icon landscape'>\n\t\t\t\t<a href='http:\/\/www.moda.es\/blog\/los-nuevos-zapatos-de-sophia-webster\/captura-de-pantalla-2015-08-20-a-las-21-00-19\/'><img width=\"150\" height=\"150\" src=\"https:\/\/i0.wp.com\/www.moda.es\/blog\/wp-content\/uploads\/2015\/08\/Captura-de-pantalla-2015-08-20-a-las-21.00.19.png?resize=150%2C150\" class=\"attachment-thumbnail size-thumbnail\" alt=\"\" loading=\"lazy\" srcset=\"https:\/\/i0.wp.com\/www.moda.es\/blog\/wp-content\/uploads\/2015\/08\/Captura-de-pantalla-2015-08-20-a-las-21.00.19.png?resize=150%2C150 150w, https:\/\/i0.wp.com\/www.moda.es\/blog\/wp-content\/uploads\/2015\/08\/Captura-de-pantalla-2015-08-20-a-las-21.00.19.png?resize=120%2C120 120w, https:\/\/i0.wp.com\/www.moda.es\/blog\/wp-content\/uploads\/2015\/08\/Captura-de-pantalla-2015-08-20-a-las-21.00.19.png?zoom=2&amp;resize=150%2C150 300w, https:\/\/i0.wp.com\/www.moda.es\/blog\/wp-content\/uploads\/2015\/08\/Captura-de-pantalla-2015-08-20-a-las-21.00.19.png?zoom=3&amp;resize=150%2C150 450w\" sizes=\"(max-width: 150px) 100vw, 150px\" data-attachment-id=\"19696\" data-permalink=\"http:\/\/www.moda.es\/blog\/los-nuevos-zapatos-de-sophia-webster\/captura-de-pantalla-2015-08-20-a-las-21-00-19\/\" data-orig-file=\"https:\/\/i0.wp.com\/www.moda.es\/blog\/wp-content\/uploads\/2015\/08\/Captura-de-pantalla-2015-08-20-a-las-21.00.19.png?fit=498%2C409\" data-orig-size=\"498,409\" data-comments-opened=\"1\" data-image-meta=\"{&quot;aperture&quot;:&quot;0&quot;,&quot;credit&quot;:&quot;&quot;,&quot;camera&quot;:&quot;&quot;,&quot;caption&quot;:&quot;&quot;,&quot;created_timestamp&quot;:&quot;0&quot;,&quot;copyright&quot;:&quot;&quot;,&quot;focal_length&quot;:&quot;0&quot;,&quot;iso&quot;:&quot;0&quot;,&quot;shutter_speed&quot;:&quot;0&quot;,&quot;title&quot;:&quot;&quot;}\" data-image-title=\"Captura de pantalla 2015-08-20 a las 21.00.19\" data-image-description=\"\" data-image-caption=\"\" data-medium-file=\"https:\/\/i0.wp.com\/www.moda.es\/blog\/wp-content\/uploads\/2015\/08\/Captura-de-pantalla-2015-08-20-a-las-21.00.19.png?fit=300%2C246\" data-large-file=\"https:\/\/i0.wp.com\/www.moda.es\/blog\/wp-content\/uploads\/2015\/08\/Captura-de-pantalla-2015-08-20-a-las-21.00.19.png?fit=498%2C409\" \/><\/a>\n\t\t\t<\/div><\/figure><figure class='gallery-item'>\n\t\t\t<div class='gallery-icon landscape'>\n\t\t\t\t<a href='http:\/\/www.moda.es\/blog\/los-nuevos-zapatos-de-sophia-webster\/captura-de-pantalla-2015-08-20-a-las-21-00-37\/'><img width=\"150\" height=\"150\" src=\"https:\/\/i0.wp.com\/www.moda.es\/blog\/wp-content\/uploads\/2015\/08\/Captura-de-pantalla-2015-08-20-a-las-21.00.37.png?resize=150%2C150\" class=\"attachment-thumbnail size-thumbnail\" alt=\"\" loading=\"lazy\" srcset=\"https:\/\/i0.wp.com\/www.moda.es\/blog\/wp-content\/uploads\/2015\/08\/Captura-de-pantalla-2015-08-20-a-las-21.00.37.png?resize=150%2C150 150w, https:\/\/i0.wp.com\/www.moda.es\/blog\/wp-content\/uploads\/2015\/08\/Captura-de-pantalla-2015-08-20-a-las-21.00.37.png?resize=120%2C120 120w, https:\/\/i0.wp.com\/www.moda.es\/blog\/wp-content\/uploads\/2015\/08\/Captura-de-pantalla-2015-08-20-a-las-21.00.37.png?zoom=2&amp;resize=150%2C150 300w, https:\/\/i0.wp.com\/www.moda.es\/blog\/wp-content\/uploads\/2015\/08\/Captura-de-pantalla-2015-08-20-a-las-21.00.37.png?zoom=3&amp;resize=150%2C150 450w\" sizes=\"(max-width: 150px) 100vw, 150px\" data-attachment-id=\"19697\" data-permalink=\"http:\/\/www.moda.es\/blog\/los-nuevos-zapatos-de-sophia-webster\/captura-de-pantalla-2015-08-20-a-las-21-00-37\/\" data-orig-file=\"https:\/\/i0.wp.com\/www.moda.es\/blog\/wp-content\/uploads\/2015\/08\/Captura-de-pantalla-2015-08-20-a-las-21.00.37.png?fit=501%2C361\" data-orig-size=\"501,361\" data-comments-opened=\"1\" data-image-meta=\"{&quot;aperture&quot;:&quot;0&quot;,&quot;credit&quot;:&quot;&quot;,&quot;camera&quot;:&quot;&quot;,&quot;caption&quot;:&quot;&quot;,&quot;created_timestamp&quot;:&quot;0&quot;,&quot;copyright&quot;:&quot;&quot;,&quot;focal_length&quot;:&quot;0&quot;,&quot;iso&quot;:&quot;0&quot;,&quot;shutter_speed&quot;:&quot;0&quot;,&quot;title&quot;:&quot;&quot;}\" data-image-title=\"Captura de pantalla 2015-08-20 a las 21.00.37\" data-image-description=\"\" data-image-caption=\"\" data-medium-file=\"https:\/\/i0.wp.com\/www.moda.es\/blog\/wp-content\/uploads\/2015\/08\/Captura-de-pantalla-2015-08-20-a-las-21.00.37.png?fit=300%2C216\" data-large-file=\"https:\/\/i0.wp.com\/www.moda.es\/blog\/wp-content\/uploads\/2015\/08\/Captura-de-pantalla-2015-08-20-a-las-21.00.37.png?fit=501%2C361\" \/><\/a>\n\t\t\t<\/div><\/figure><figure class='gallery-item'>\n\t\t\t<div class='gallery-icon landscape'>\n\t\t\t\t<a href='http:\/\/www.moda.es\/blog\/los-nuevos-zapatos-de-sophia-webster\/captura-de-pantalla-2015-08-20-a-las-21-00-46\/'><img width=\"150\" height=\"150\" src=\"https:\/\/i0.wp.com\/www.moda.es\/blog\/wp-content\/uploads\/2015\/08\/Captura-de-pantalla-2015-08-20-a-las-21.00.46.png?resize=150%2C150\" class=\"attachment-thumbnail size-thumbnail\" alt=\"\" loading=\"lazy\" srcset=\"https:\/\/i0.wp.com\/www.moda.es\/blog\/wp-content\/uploads\/2015\/08\/Captura-de-pantalla-2015-08-20-a-las-21.00.46.png?resize=150%2C150 150w, https:\/\/i0.wp.com\/www.moda.es\/blog\/wp-content\/uploads\/2015\/08\/Captura-de-pantalla-2015-08-20-a-las-21.00.46.png?resize=120%2C120 120w, https:\/\/i0.wp.com\/www.moda.es\/blog\/wp-content\/uploads\/2015\/08\/Captura-de-pantalla-2015-08-20-a-las-21.00.46.png?zoom=2&amp;resize=150%2C150 300w, https:\/\/i0.wp.com\/www.moda.es\/blog\/wp-content\/uploads\/2015\/08\/Captura-de-pantalla-2015-08-20-a-las-21.00.46.png?zoom=3&amp;resize=150%2C150 450w\" sizes=\"(max-width: 150px) 100vw, 150px\" data-attachment-id=\"19698\" data-permalink=\"http:\/\/www.moda.es\/blog\/los-nuevos-zapatos-de-sophia-webster\/captura-de-pantalla-2015-08-20-a-las-21-00-46\/\" data-orig-file=\"https:\/\/i0.wp.com\/www.moda.es\/blog\/wp-content\/uploads\/2015\/08\/Captura-de-pantalla-2015-08-20-a-las-21.00.46.png?fit=494%2C357\" data-orig-size=\"494,357\" data-comments-opened=\"1\" data-image-meta=\"{&quot;aperture&quot;:&quot;0&quot;,&quot;credit&quot;:&quot;&quot;,&quot;camera&quot;:&quot;&quot;,&quot;caption&quot;:&quot;&quot;,&quot;created_timestamp&quot;:&quot;0&quot;,&quot;copyright&quot;:&quot;&quot;,&quot;focal_length&quot;:&quot;0&quot;,&quot;iso&quot;:&quot;0&quot;,&quot;shutter_speed&quot;:&quot;0&quot;,&quot;title&quot;:&quot;&quot;}\" data-image-title=\"Captura de pantalla 2015-08-20 a las 21.00.46\" data-image-description=\"\" data-image-caption=\"\" data-medium-file=\"https:\/\/i0.wp.com\/www.moda.es\/blog\/wp-content\/uploads\/2015\/08\/Captura-de-pantalla-2015-08-20-a-las-21.00.46.png?fit=300%2C216\" data-large-file=\"https:\/\/i0.wp.com\/www.moda.es\/blog\/wp-content\/uploads\/2015\/08\/Captura-de-pantalla-2015-08-20-a-las-21.00.46.png?fit=494%2C357\" \/><\/a>\n\t\t\t<\/div><\/figure>\n\t\t<\/div>\n\n<p>Barbie por Sophia Webster comprende<strong> nueve modelos<\/strong>: <strong>seis para adultos<\/strong>, incluyendo dos pares de deportivas, un par de sandalias planas y tres pares de zapatos de tac\u00f3n; y <strong>tres versiones <em>mini-me<\/em><\/strong>\u00a0para ni\u00f1as, y se lanzar\u00e1 en la web de Webster el pr\u00f3ximo<strong> jueves 27 de agosto.<\/strong><\/p>\n<div data-carousel-extra='{\"blog_id\":1,\"permalink\":\"http:\\\/\\\/www.moda.es\\\/blog\\\/los-nuevos-zapatos-de-sophia-webster\\\/\"}' id='gallery-2' class='gallery galleryid-19692 gallery-columns-2 gallery-size-thumbnail'><figure class='gallery-item'>\n\t\t\t<div class='gallery-icon portrait'>\n\t\t\t\t<a href='http:\/\/www.moda.es\/blog\/los-nuevos-zapatos-de-sophia-webster\/captura-de-pantalla-2015-08-20-a-las-20-59-37\/'><img width=\"150\" height=\"150\" src=\"https:\/\/i0.wp.com\/www.moda.es\/blog\/wp-content\/uploads\/2015\/08\/Captura-de-pantalla-2015-08-20-a-las-20.59.37.png?resize=150%2C150\" class=\"attachment-thumbnail size-thumbnail\" alt=\"\" loading=\"lazy\" srcset=\"https:\/\/i0.wp.com\/www.moda.es\/blog\/wp-content\/uploads\/2015\/08\/Captura-de-pantalla-2015-08-20-a-las-20.59.37.png?resize=150%2C150 150w, https:\/\/i0.wp.com\/www.moda.es\/blog\/wp-content\/uploads\/2015\/08\/Captura-de-pantalla-2015-08-20-a-las-20.59.37.png?resize=120%2C120 120w, https:\/\/i0.wp.com\/www.moda.es\/blog\/wp-content\/uploads\/2015\/08\/Captura-de-pantalla-2015-08-20-a-las-20.59.37.png?zoom=2&amp;resize=150%2C150 300w, https:\/\/i0.wp.com\/www.moda.es\/blog\/wp-content\/uploads\/2015\/08\/Captura-de-pantalla-2015-08-20-a-las-20.59.37.png?zoom=3&amp;resize=150%2C150 450w\" sizes=\"(max-width: 150px) 100vw, 150px\" data-attachment-id=\"19700\" data-permalink=\"http:\/\/www.moda.es\/blog\/los-nuevos-zapatos-de-sophia-webster\/captura-de-pantalla-2015-08-20-a-las-20-59-37\/\" data-orig-file=\"https:\/\/i0.wp.com\/www.moda.es\/blog\/wp-content\/uploads\/2015\/08\/Captura-de-pantalla-2015-08-20-a-las-20.59.37.png?fit=469%2C520\" data-orig-size=\"469,520\" data-comments-opened=\"1\" data-image-meta=\"{&quot;aperture&quot;:&quot;0&quot;,&quot;credit&quot;:&quot;&quot;,&quot;camera&quot;:&quot;&quot;,&quot;caption&quot;:&quot;&quot;,&quot;created_timestamp&quot;:&quot;0&quot;,&quot;copyright&quot;:&quot;&quot;,&quot;focal_length&quot;:&quot;0&quot;,&quot;iso&quot;:&quot;0&quot;,&quot;shutter_speed&quot;:&quot;0&quot;,&quot;title&quot;:&quot;&quot;}\" data-image-title=\"Captura de pantalla 2015-08-20 a las 20.59.37\" data-image-description=\"\" data-image-caption=\"\" data-medium-file=\"https:\/\/i0.wp.com\/www.moda.es\/blog\/wp-content\/uploads\/2015\/08\/Captura-de-pantalla-2015-08-20-a-las-20.59.37.png?fit=270%2C300\" data-large-file=\"https:\/\/i0.wp.com\/www.moda.es\/blog\/wp-content\/uploads\/2015\/08\/Captura-de-pantalla-2015-08-20-a-las-20.59.37.png?fit=469%2C520\" \/><\/a>\n\t\t\t<\/div><\/figure><figure class='gallery-item'>\n\t\t\t<div class='gallery-icon landscape'>\n\t\t\t\t<a href='http:\/\/www.moda.es\/blog\/los-nuevos-zapatos-de-sophia-webster\/captura-de-pantalla-2015-08-20-a-las-21-00-59\/'><img width=\"150\" height=\"150\" src=\"https:\/\/i0.wp.com\/www.moda.es\/blog\/wp-content\/uploads\/2015\/08\/Captura-de-pantalla-2015-08-20-a-las-21.00.59.png?resize=150%2C150\" class=\"attachment-thumbnail size-thumbnail\" alt=\"\" loading=\"lazy\" srcset=\"https:\/\/i0.wp.com\/www.moda.es\/blog\/wp-content\/uploads\/2015\/08\/Captura-de-pantalla-2015-08-20-a-las-21.00.59.png?resize=150%2C150 150w, https:\/\/i0.wp.com\/www.moda.es\/blog\/wp-content\/uploads\/2015\/08\/Captura-de-pantalla-2015-08-20-a-las-21.00.59.png?resize=120%2C120 120w, https:\/\/i0.wp.com\/www.moda.es\/blog\/wp-content\/uploads\/2015\/08\/Captura-de-pantalla-2015-08-20-a-las-21.00.59.png?zoom=2&amp;resize=150%2C150 300w, https:\/\/i0.wp.com\/www.moda.es\/blog\/wp-content\/uploads\/2015\/08\/Captura-de-pantalla-2015-08-20-a-las-21.00.59.png?zoom=3&amp;resize=150%2C150 450w\" sizes=\"(max-width: 150px) 100vw, 150px\" data-attachment-id=\"19701\" data-permalink=\"http:\/\/www.moda.es\/blog\/los-nuevos-zapatos-de-sophia-webster\/captura-de-pantalla-2015-08-20-a-las-21-00-59\/\" data-orig-file=\"https:\/\/i0.wp.com\/www.moda.es\/blog\/wp-content\/uploads\/2015\/08\/Captura-de-pantalla-2015-08-20-a-las-21.00.59.png?fit=455%2C432\" data-orig-size=\"455,432\" data-comments-opened=\"1\" data-image-meta=\"{&quot;aperture&quot;:&quot;0&quot;,&quot;credit&quot;:&quot;&quot;,&quot;camera&quot;:&quot;&quot;,&quot;caption&quot;:&quot;&quot;,&quot;created_timestamp&quot;:&quot;0&quot;,&quot;copyright&quot;:&quot;&quot;,&quot;focal_length&quot;:&quot;0&quot;,&quot;iso&quot;:&quot;0&quot;,&quot;shutter_speed&quot;:&quot;0&quot;,&quot;title&quot;:&quot;&quot;}\" data-image-title=\"Captura de pantalla 2015-08-20 a las 21.00.59\" data-image-description=\"\" data-image-caption=\"\" data-medium-file=\"https:\/\/i0.wp.com\/www.moda.es\/blog\/wp-content\/uploads\/2015\/08\/Captura-de-pantalla-2015-08-20-a-las-21.00.59.png?fit=300%2C284\" data-large-file=\"https:\/\/i0.wp.com\/www.moda.es\/blog\/wp-content\/uploads\/2015\/08\/Captura-de-pantalla-2015-08-20-a-las-21.00.59.png?fit=455%2C432\" \/><\/a>\n\t\t\t<\/div><\/figure>\n\t\t<\/div>\n\n<p>Pero Webster no lo ha dejado ah\u00ed. El pr\u00f3ximo mes se lanzar\u00e1 una <strong>mu\u00f1eca de edici\u00f3n limitada<\/strong> que estar\u00e1 presentada en una caja especialmente dise\u00f1ada junto con un par en miniatura de las <strong>botas altas Riko<\/strong> de Sophia Webster.<\/p>\n<p>\u00a9Vogue UK                             <\/p>\n","protected":false},"excerpt":{"rendered":"<p>Sophia Webster ha anunciado su \u00faltima colaboraci\u00f3n y es nada menos que con nuestra mu\u00f1eca favorita: Barbie. La fusi\u00f3n de los ir\u00f3nicos detalles de los zapatos de Webster con todas las declinaciones del color rosa no puede ser mayor sin\u00f3nimo de la belleza rubia de pl\u00e1stico, y la colecci\u00f3n emana [&hellip;]<\/p>\n","protected":false},"author":3,"featured_media":19693,"comment_status":"open","ping_status":"open","sticky":false,"template":"","format":"standard","meta":{"jetpack_publicize_message":"","jetpack_is_tweetstorm":false,"jetpack_publicize_feature_enabled":true},"categories":[2,3,10,11,12,14],"tags":[835],"jetpack_publicize_connections":[],"jetpack_featured_media_url":"https:\/\/i0.wp.com\/www.moda.es\/blog\/wp-content\/uploads\/2015\/08\/Captura-de-pantalla-2015-08-20-a-las-21.00.00.png?fit=491%2C447","jetpack_sharing_enabled":true,"jetpack_shortlink":"https:\/\/wp.me\/p4tJCC-57C","jetpack-related-posts":[{"id":17517,"url":"http:\/\/www.moda.es\/blog\/17517\/","url_meta":{"origin":19692,"position":0},"title":"Lo \u00faltimo de J Crew viene de la mano de Sophia Webster","date":"abril 21, 2014","format":false,"excerpt":"\u00a0 \u00a0 Cuando la dise\u00f1adora de accesorios brit\u00e1nica Sophia Webster (conocida por sus descarados clutchs y sus tacones estampados) anunci\u00f3 su asociaci\u00f3n con J. Crew para esta primavera ni pudimos hacer menos que emocionarnos. Hoy la colecci\u00f3n ya es un hecho, y seg\u00fan Tom Mora, jefe de dise\u00f1o de la\u2026","rel":"","context":"En \u00abAccesorios\u00bb","img":{"alt_text":"","src":"https:\/\/i0.wp.com\/www.moda.es\/blog\/wp-content\/uploads\/2014\/04\/j-crew-shoes-01_nocrop_w1800_h1330.jpg?fit=650%2C650&resize=350%2C200","width":350,"height":200},"classes":[]},{"id":11820,"url":"http:\/\/www.moda.es\/blog\/tacones-en-horas-bajas\/","url_meta":{"origin":19692,"position":1},"title":"Tacones en horas bajas","date":"abril 4, 2013","format":false,"excerpt":"Aunque la moda se presupone genial, imaginativa, fresca, atrevida... Pero a veces baja a la tierra, escucha a las mujeres reales y se vuelve pr\u00e1ctica. Eso es lo que ha ocurrido esta temproada Primavera - Verano 2013 con el calzado porque un nuevo horizonte se abre ante nosotras. Cuelga tus\u2026","rel":"","context":"En \u00abAccesorios\u00bb","img":{"alt_text":"","src":"https:\/\/i0.wp.com\/www.moda.es\/blog\/wp-content\/uploads\/2013\/04\/Mini-Stiletto1.jpg?fit=400%2C227&resize=350%2C200","width":350,"height":200},"classes":[]},{"id":12572,"url":"http:\/\/www.moda.es\/blog\/conoces-a-holli-rogers\/","url_meta":{"origin":19692,"position":2},"title":"\u00bfConoces a Holli Rogers?","date":"mayo 17, 2013","format":false,"excerpt":"Es la responsable de que anhelemos cada uno de los looks del portal fetiche de media poblaci\u00f3n femenina, y la due\u00f1a de un guardarropa que a m\u00e1s de una har\u00eda temblar de envidia. El trabajo de Holli Rogers, Directora de Moda de Net a Porter, tiene unas ventajas evidentes... lo\u2026","rel":"","context":"En \u00abDestacados\u00bb","img":{"alt_text":"","src":"https:\/\/i0.wp.com\/www.moda.es\/blog\/wp-content\/uploads\/2013\/05\/Holli-Rogers-13.jpg?fit=300%2C493&resize=350%2C200","width":350,"height":200},"classes":[]},{"id":6765,"url":"http:\/\/www.moda.es\/blog\/una-cara-para-unos-zapatos\/","url_meta":{"origin":19692,"position":3},"title":"Una cara para unos zapatos","date":"abril 25, 2012","format":false,"excerpt":"Dos de las estrellas de la moda m\u00e1s conocidas internacionalmente son la gran apuesta de Stuart Weitzman en su expansi\u00f3n internacional: la modelo Natalia Vodianova y el fot\u00f3grafo Mario Testino. Para\u00a0Stuart\u00a0los zapatos son algo m\u00e1s que accesorios, y es que son lo primero que nos ponemos por la ma\u00f1ana y\u2026","rel":"","context":"En \u00abFirmas\u00bb","img":{"alt_text":"","src":"https:\/\/i0.wp.com\/www.moda.es\/blog\/wp-content\/uploads\/2012\/04\/Natalia-Vodianova-for-Stuart-Weitzman-Spring-2012-Campaign-by-Mario-Testino31.jpg?fit=450%2C559&resize=350%2C200","width":350,"height":200},"classes":[]},{"id":20299,"url":"http:\/\/www.moda.es\/blog\/los-zapatos-de-mansur-gavriel-ya-estan-aqui\/","url_meta":{"origin":19692,"position":4},"title":"Los zapatos de Mansur Gavriel ya est\u00e1n aqu\u00ed","date":"febrero 10, 2016","format":false,"excerpt":"Los\u00a0bolsos de culto de Mansur Gavriel\u00a0captaron\u00a0la atenci\u00f3n del mundo de la moda hace poco m\u00e1s de un a\u00f1o, convirti\u00e9ndose en un \u00e9xito instant\u00e1neo. Ahora ha llegado el momento de dar un paso m\u00e1s,\u00a0en exclusiva para\u00a0en Net-A-Porter, sus creadoras han presentado su primera colecci\u00f3n de zapatos. Una colecci\u00f3n de l\u00edneas sencillas,\u2026","rel":"","context":"En \u00abAccesorios\u00bb","img":{"alt_text":"","src":"https:\/\/i0.wp.com\/www.moda.es\/blog\/wp-content\/uploads\/2016\/02\/Captura-de-pantalla-2016-02-10-a-las-22.19.18.png?fit=457%2C336&resize=350%2C200","width":350,"height":200},"classes":[]},{"id":18251,"url":"http:\/\/www.moda.es\/blog\/cameron-diaz-tambien-disena-zapatos\/","url_meta":{"origin":19692,"position":5},"title":"Cameron D\u00edaz tambi\u00e9n dise\u00f1a zapatos","date":"septiembre 9, 2014","format":false,"excerpt":"Porque hoy nuestras celebrities son aut\u00e9nticas mujeres del Renacimiento y explorar un s\u00f3lo talento no es suficiente, Cameron D\u00edaz ha sido la \u00faltima en ampliar sus miras, esta vez, presentando su primera colecci\u00f3n de accesorios. Esta colecci\u00f3n c\u00e1psula\u00a0 ha sido creada para Pour La Victoire, marca de la que fue\u2026","rel":"","context":"En \u00abAccesorios\u00bb","img":{"alt_text":"","src":"https:\/\/i0.wp.com\/www.moda.es\/blog\/wp-content\/uploads\/2014\/09\/cdz-1.jpg?fit=650%2C975&resize=350%2C200","width":350,"height":200},"classes":[]}],"_links":{"self":[{"href":"http:\/\/www.moda.es\/blog\/wp-json\/wp\/v2\/posts\/19692"}],"collection":[{"href":"http:\/\/www.moda.es\/blog\/wp-json\/wp\/v2\/posts"}],"about":[{"href":"http:\/\/www.moda.es\/blog\/wp-json\/wp\/v2\/types\/post"}],"author":[{"embeddable":true,"href":"http:\/\/www.moda.es\/blog\/wp-json\/wp\/v2\/users\/3"}],"replies":[{"embeddable":true,"href":"http:\/\/www.moda.es\/blog\/wp-json\/wp\/v2\/comments?post=19692"}],"version-history":[{"count":7,"href":"http:\/\/www.moda.es\/blog\/wp-json\/wp\/v2\/posts\/19692\/revisions"}],"predecessor-version":[{"id":36082,"href":"http:\/\/www.moda.es\/blog\/wp-json\/wp\/v2\/posts\/19692\/revisions\/36082"}],"wp:featuredmedia":[{"embeddable":true,"href":"http:\/\/www.moda.es\/blog\/wp-json\/wp\/v2\/media\/19693"}],"wp:attachment":[{"href":"http:\/\/www.moda.es\/blog\/wp-json\/wp\/v2\/media?parent=19692"}],"wp:term":[{"taxonomy":"category","embeddable":true,"href":"http:\/\/www.moda.es\/blog\/wp-json\/wp\/v2\/categories?post=19692"},{"taxonomy":"post_tag","embeddable":true,"href":"http:\/\/www.moda.es\/blog\/wp-json\/wp\/v2\/tags?post=19692"}],"curies":[{"name":"wp","href":"https:\/\/api.w.org\/{rel}","templated":true}]}}