{"id":19645,"date":"2015-08-01T14:45:14","date_gmt":"2015-08-01T13:45:14","guid":{"rendered":"http:\/\/www.moda.es\/blog\/?p=19645"},"modified":"2020-04-27T16:50:00","modified_gmt":"2020-04-27T15:50:00","slug":"alexander-wang-abandona-balenciaga","status":"publish","type":"post","link":"http:\/\/www.moda.es\/blog\/alexander-wang-abandona-balenciaga\/","title":{"rendered":"Alexander Wang abandona Balenciaga"},"content":{"rendered":"<p><strong>Balenciaga<\/strong> ha confirmado\u00a0que su director creativo, <strong>Alexander Wang<\/strong>, dejar\u00e1 la casa por consentimiento mutuo. Wang tom\u00f3 el tim\u00f3n a finales de <strong>2012,<\/strong> y ha demostrado estar a la altura recibiendo la constante aclamaci\u00f3n de la cr\u00edtica y siendo un digno sucesor de <strong>Nicolas Ghesquiere,<\/strong>\u00a0y contribuyendo a un positivo crecimiento de las ventas.<\/p>\n<p>\u00abBalenciaga y Alexander Wang hoy anuncian su decisi\u00f3n conjunta de no renovar su contrato m\u00e1s all\u00e1 de su t\u00e9rmino inicial\u00bb, declaro ayer la casa de moda francesa en un comunicado, seg\u00fan informa WWD. \u00abDesde 2012, Alexander Wang ha conducido el tim\u00f3n creativo de la maison y ha sido fundamental en su desarrollo. Con su talento probado y su irreverente visi\u00f3n moderna del dise\u00f1o, Alexander Wang ha tra\u00eddo un <strong>nuevo impulso a la marca<\/strong>. Balenciaga y <strong>Kering<\/strong> desean agradecer a Alexander Wang \u00a0sus logros y le deseamos lo mejor con su marca del mismo nombre, as\u00ed como en todos sus proyectos futuros \u00ab.<\/p>\n<p>La colecci\u00f3n <strong>primavera &#8211; verano 2016<\/strong> que seria presentada en <strong>Par\u00eds<\/strong> el <strong>2 de octubre<\/strong> ser\u00e1 su final en la firma. Como se sospechaba, el dise\u00f1ador con sede en Nueva York ha dado a entender que el deseo de trabajar en su propia marca es lo que est\u00e1 detr\u00e1s de la decisi\u00f3n de salir de Balenciaga, una decisi\u00f3n por otro lado \u00a0ha dejado perplejos a muchos considerando el crecimiento y gran aceptaci\u00f3n de los clientes.<\/p>\n<p>\u00abTrabajar con una casa de alta costura en Par\u00eds ha sido una experiencia incre\u00edble\u00bb, ha declarado Wang. \u00ab<strong>Me siento honrado de haber tenido la oportunidad de trabajar para esta maison hist\u00f3rica<\/strong>. Me gustar\u00eda agradecer al equipo brillante de Balenciaga \u00a0su colaboraci\u00f3n y \u00a0lo que hemos logrado juntos. Ahora tengo muchas ganas de tomar mi propia marca y llevarla a su pr\u00f3xima nivel de crecimiento\u00bb.<\/p>\n<p>Por supuesto ahora se abre el debate sobre qui\u00e9n ser\u00e1 el nuevo director creativo de Balenziaga, \u00a1se admiten apuestas!<\/p>\n<p><a href=\"https:\/\/i0.wp.com\/www.moda.es\/blog\/wp-content\/uploads\/2015\/08\/Captura-de-pantalla-2015-08-01-a-las-15.37.21.png\"><img data-attachment-id=\"19646\" data-permalink=\"http:\/\/www.moda.es\/blog\/alexander-wang-abandona-balenciaga\/captura-de-pantalla-2015-08-01-a-las-15-37-21\/\" data-orig-file=\"https:\/\/i0.wp.com\/www.moda.es\/blog\/wp-content\/uploads\/2015\/08\/Captura-de-pantalla-2015-08-01-a-las-15.37.21.png?fit=322%2C481\" data-orig-size=\"322,481\" data-comments-opened=\"1\" data-image-meta=\"{&quot;aperture&quot;:&quot;0&quot;,&quot;credit&quot;:&quot;&quot;,&quot;camera&quot;:&quot;&quot;,&quot;caption&quot;:&quot;&quot;,&quot;created_timestamp&quot;:&quot;0&quot;,&quot;copyright&quot;:&quot;&quot;,&quot;focal_length&quot;:&quot;0&quot;,&quot;iso&quot;:&quot;0&quot;,&quot;shutter_speed&quot;:&quot;0&quot;,&quot;title&quot;:&quot;&quot;}\" data-image-title=\"Captura de pantalla 2015-08-01 a las 15.37.21\" data-image-description=\"\" data-image-caption=\"\" data-medium-file=\"https:\/\/i0.wp.com\/www.moda.es\/blog\/wp-content\/uploads\/2015\/08\/Captura-de-pantalla-2015-08-01-a-las-15.37.21.png?fit=200%2C300\" data-large-file=\"https:\/\/i0.wp.com\/www.moda.es\/blog\/wp-content\/uploads\/2015\/08\/Captura-de-pantalla-2015-08-01-a-las-15.37.21.png?fit=322%2C481\" loading=\"lazy\" class=\"aligncenter size-medium wp-image-19646\" alt=\"Captura de pantalla 2015-08-01 a las 15.37.21\" src=\"https:\/\/i0.wp.com\/www.moda.es\/blog\/wp-content\/uploads\/2015\/08\/Captura-de-pantalla-2015-08-01-a-las-15.37.21.png?resize=200%2C300\" width=\"200\" height=\"300\" srcset=\"https:\/\/i0.wp.com\/www.moda.es\/blog\/wp-content\/uploads\/2015\/08\/Captura-de-pantalla-2015-08-01-a-las-15.37.21.png?resize=200%2C300 200w, https:\/\/i0.wp.com\/www.moda.es\/blog\/wp-content\/uploads\/2015\/08\/Captura-de-pantalla-2015-08-01-a-las-15.37.21.png?w=322 322w\" sizes=\"(max-width: 200px) 100vw, 200px\" data-recalc-dims=\"1\" \/><\/a><\/p>\n<p>&nbsp;<\/p>\n<p>\u00a9Vogue UK                             <\/p>\n","protected":false},"excerpt":{"rendered":"<p>Balenciaga ha confirmado\u00a0que su director creativo, Alexander Wang, dejar\u00e1 la casa por consentimiento mutuo. Wang tom\u00f3 el tim\u00f3n a finales de 2012, y ha demostrado estar a la altura recibiendo la constante aclamaci\u00f3n de la cr\u00edtica y siendo un digno sucesor de Nicolas Ghesquiere,\u00a0y contribuyendo a un positivo crecimiento de [&hellip;]<\/p>\n","protected":false},"author":3,"featured_media":19646,"comment_status":"open","ping_status":"open","sticky":false,"template":"","format":"standard","meta":{"jetpack_publicize_message":"","jetpack_is_tweetstorm":false,"jetpack_publicize_feature_enabled":true},"categories":[3,11,12,14],"tags":[66,108],"jetpack_publicize_connections":[],"jetpack_featured_media_url":"https:\/\/i0.wp.com\/www.moda.es\/blog\/wp-content\/uploads\/2015\/08\/Captura-de-pantalla-2015-08-01-a-las-15.37.21.png?fit=322%2C481","jetpack_sharing_enabled":true,"jetpack_shortlink":"https:\/\/wp.me\/p4tJCC-56R","jetpack-related-posts":[{"id":19856,"url":"http:\/\/www.moda.es\/blog\/tenemos-nuevo-fichaje-en-balenciaga\/","url_meta":{"origin":19645,"position":0},"title":"Tenemos nuevo fichaje en Balenciaga","date":"octubre 8, 2015","format":false,"excerpt":"Balenciaga al fin ha anunciado qui\u00e9n ser\u00e1 responsable del \u00e9xito de la casa de moda tras la salida de Alexander Wang:\u00a0Demna Gvasalia. El dise\u00f1ador, nacido en Georgia, es actualmente el director creativo de Vetements, un sello franc\u00e9s formado por un colectivo de cinco dise\u00f1adores an\u00f3nimos y que es en muchos\u2026","rel":"","context":"En \u00abActualidad\u00bb","img":{"alt_text":"","src":"https:\/\/i0.wp.com\/www.moda.es\/blog\/wp-content\/uploads\/2015\/10\/Captura-de-pantalla-2015-10-08-a-las-23.26.09.png?fit=442%2C711&resize=350%2C200","width":350,"height":200},"classes":[]},{"id":20538,"url":"http:\/\/www.moda.es\/blog\/balenciaga-anuncia-su-primera-coleccion-masculina\/","url_meta":{"origin":19645,"position":1},"title":"Balenciaga anuncia su primera colecci\u00f3n masculina","date":"abril 21, 2016","format":false,"excerpt":"En Balenciaga\u00a0ya est\u00e1n listos para lanzar la\u00a0primera colecci\u00f3n de ropa masculina de la marca bajo la direcci\u00f3n creativa del nuevo dise\u00f1ador Demna Gvasalia. El \u00a0co-fundador de Vetements, \u00a0que ya crea ropa de hombre por su propia l\u00ednea, ha encabezado la iniciativa, siendo la primera vez en 99 a\u00f1os de historia\u2026","rel":"","context":"En \u00abActualidad\u00bb","img":{"alt_text":"","src":"https:\/\/i0.wp.com\/www.moda.es\/blog\/wp-content\/uploads\/2016\/04\/Captura-de-pantalla-2016-04-21-a-las-23.08.07.png?fit=281%2C436&resize=350%2C200","width":350,"height":200},"classes":[]},{"id":15612,"url":"http:\/\/www.moda.es\/blog\/daria-werbowy-para-balenciaga\/","url_meta":{"origin":19645,"position":2},"title":"Daria Werbowy para Balenciaga","date":"enero 15, 2014","format":false,"excerpt":"Es como si estuvi\u00e9ramos siendo invitados al resurgimiento de las m\u00edticas que estaban dejando paso a las nuevas generaciones. Las modelos que siempre nos han gustado siguen pisando fuerte, y si no que se lo digan a Daria Werbowy. A\u00fan esperando las im\u00e1genes de la canadiense como estrella invitada de\u2026","rel":"","context":"En \u00abCampa\u00f1as\u00bb","img":{"alt_text":"","src":"https:\/\/i0.wp.com\/www.moda.es\/blog\/wp-content\/uploads\/2014\/01\/Balenciaga-11.jpg?fit=500%2C333&resize=350%2C200","width":350,"height":200},"classes":[]},{"id":13953,"url":"http:\/\/www.moda.es\/blog\/alexander-wang-y-la-lana\/","url_meta":{"origin":19645,"position":3},"title":"Alexander Wang y la lana","date":"agosto 28, 2013","format":false,"excerpt":"Tan importante como un dise\u00f1o es el teijdo con el que est\u00e1 confeccionado, por ello Alexander Wang ha decidido prestar su imagen a la campa\u00f1a pro lana merino \"No Finner Feeling\"\u00a0 de The Woolmark Company durante las dos pr\u00f3ximas campa\u00f1as de invierno. Una calle del suburbio, el dise\u00f1ador y una\u2026","rel":"","context":"En \u00abActualidad\u00bb","img":{"alt_text":"","src":"https:\/\/i0.wp.com\/www.moda.es\/blog\/wp-content\/uploads\/2013\/08\/A.-Wang.jpg?fit=500%2C727&resize=350%2C200","width":350,"height":200},"classes":[]},{"id":20835,"url":"http:\/\/www.moda.es\/blog\/alexander-wang-toma-el-rol-de-ceo\/","url_meta":{"origin":19645,"position":4},"title":"Alexander Wang toma el  rol de CEO","date":"junio 30, 2016","format":false,"excerpt":"Alexander Wang\u00a0ha anunciado que, adem\u00e1s de su papel como director creativo de su marca ep\u00f3nima, tambi\u00e9n asumir\u00e1 inmediatamente las funciones de presidente y CEO, papeles anteriormente en manos de su madre, Ying, y su cu\u00f1ada-en-ley, Aimie, respectivamente. Su marca, que fund\u00f3 en 2005, tambi\u00e9n considera otros cambios. Acaba de fichar\u2026","rel":"","context":"En \u00abActualidad\u00bb","img":{"alt_text":"","src":"https:\/\/i0.wp.com\/www.moda.es\/blog\/wp-content\/uploads\/2016\/06\/Captura-de-pantalla-2016-06-30-a-las-23.29.56.png?fit=287%2C425&resize=350%2C200","width":350,"height":200},"classes":[]},{"id":9316,"url":"http:\/\/www.moda.es\/blog\/tenemos-nuevo-chico-en-balenciaga\/","url_meta":{"origin":19645,"position":5},"title":"Tenemos nuevo chico en Balenciaga","date":"diciembre 3, 2012","format":false,"excerpt":"Tard\u00f3 varios d\u00edas en\u00a0hacerse oficial, pero no importaba,\u00a0ya hab\u00eda sido anunciado por todas partes y\u00a0de todas las maneras\u00a0posibles: Nicolas Ghesqui\u00e8re abandonaba las filas de Balenciaga y ced\u00eda el testigo al neoyorquino\u00a0Alexander Wang. \u00a0 Tras 15 a\u00f1os de revoluci\u00f3n y magia en una de las firmas m\u00e1s ic\u00f3nicas del mundo de\u2026","rel":"","context":"En \u00abDise\u00f1adores\u00bb","img":{"alt_text":"","src":"https:\/\/i0.wp.com\/www.moda.es\/blog\/wp-content\/uploads\/2012\/12\/alexander-wang1.jpg?fit=500%2C300&resize=350%2C200","width":350,"height":200},"classes":[]}],"_links":{"self":[{"href":"http:\/\/www.moda.es\/blog\/wp-json\/wp\/v2\/posts\/19645"}],"collection":[{"href":"http:\/\/www.moda.es\/blog\/wp-json\/wp\/v2\/posts"}],"about":[{"href":"http:\/\/www.moda.es\/blog\/wp-json\/wp\/v2\/types\/post"}],"author":[{"embeddable":true,"href":"http:\/\/www.moda.es\/blog\/wp-json\/wp\/v2\/users\/3"}],"replies":[{"embeddable":true,"href":"http:\/\/www.moda.es\/blog\/wp-json\/wp\/v2\/comments?post=19645"}],"version-history":[{"count":9,"href":"http:\/\/www.moda.es\/blog\/wp-json\/wp\/v2\/posts\/19645\/revisions"}],"predecessor-version":[{"id":36088,"href":"http:\/\/www.moda.es\/blog\/wp-json\/wp\/v2\/posts\/19645\/revisions\/36088"}],"wp:featuredmedia":[{"embeddable":true,"href":"http:\/\/www.moda.es\/blog\/wp-json\/wp\/v2\/media\/19646"}],"wp:attachment":[{"href":"http:\/\/www.moda.es\/blog\/wp-json\/wp\/v2\/media?parent=19645"}],"wp:term":[{"taxonomy":"category","embeddable":true,"href":"http:\/\/www.moda.es\/blog\/wp-json\/wp\/v2\/categories?post=19645"},{"taxonomy":"post_tag","embeddable":true,"href":"http:\/\/www.moda.es\/blog\/wp-json\/wp\/v2\/tags?post=19645"}],"curies":[{"name":"wp","href":"https:\/\/api.w.org\/{rel}","templated":true}]}}