{"id":19554,"date":"2015-07-18T09:15:27","date_gmt":"2015-07-18T08:15:27","guid":{"rendered":"http:\/\/www.moda.es\/blog\/?p=19554"},"modified":"2020-04-27T16:52:46","modified_gmt":"2020-04-27T15:52:46","slug":"versus-se-une-a-la-london-fashion-week","status":"publish","type":"post","link":"http:\/\/www.moda.es\/blog\/versus-se-une-a-la-london-fashion-week\/","title":{"rendered":"Versus se une a la London Fashion Week"},"content":{"rendered":"<p><strong>Versus<\/strong> se une a la programaci\u00f3n oficial de la <strong>Semana de la Moda de Londres<\/strong>, seg\u00fan ha comunicado la marca.<\/p>\n<p>La marca da as\u00ed la bienvenida a su director creativo, Anthony Vaccarello, tras celebrar su propio \u00abensayo general\u00bb en <strong>mayo,<\/strong> cuando Versus present\u00f3 su <strong>pre-colecci\u00f3n<\/strong> en la capital brit\u00e1nica.<\/p>\n<p><a href=\"https:\/\/i0.wp.com\/www.moda.es\/blog\/wp-content\/uploads\/2015\/07\/Captura-de-pantalla-2015-07-18-a-las-9.46.19.png\"><img data-attachment-id=\"19555\" data-permalink=\"http:\/\/www.moda.es\/blog\/versus-se-une-a-la-london-fashion-week\/captura-de-pantalla-2015-07-18-a-las-9-46-19\/\" data-orig-file=\"https:\/\/i0.wp.com\/www.moda.es\/blog\/wp-content\/uploads\/2015\/07\/Captura-de-pantalla-2015-07-18-a-las-9.46.19.png?fit=313%2C475\" data-orig-size=\"313,475\" data-comments-opened=\"1\" data-image-meta=\"{&quot;aperture&quot;:&quot;0&quot;,&quot;credit&quot;:&quot;&quot;,&quot;camera&quot;:&quot;&quot;,&quot;caption&quot;:&quot;&quot;,&quot;created_timestamp&quot;:&quot;0&quot;,&quot;copyright&quot;:&quot;&quot;,&quot;focal_length&quot;:&quot;0&quot;,&quot;iso&quot;:&quot;0&quot;,&quot;shutter_speed&quot;:&quot;0&quot;,&quot;title&quot;:&quot;&quot;}\" data-image-title=\"Captura de pantalla 2015-07-18 a las 9.46.19\" data-image-description=\"\" data-image-caption=\"\" data-medium-file=\"https:\/\/i0.wp.com\/www.moda.es\/blog\/wp-content\/uploads\/2015\/07\/Captura-de-pantalla-2015-07-18-a-las-9.46.19.png?fit=197%2C300\" data-large-file=\"https:\/\/i0.wp.com\/www.moda.es\/blog\/wp-content\/uploads\/2015\/07\/Captura-de-pantalla-2015-07-18-a-las-9.46.19.png?fit=313%2C475\" loading=\"lazy\" class=\"aligncenter size-medium wp-image-19555\" alt=\"Captura de pantalla 2015-07-18 a las 9.46.19\" src=\"https:\/\/i0.wp.com\/www.moda.es\/blog\/wp-content\/uploads\/2015\/07\/Captura-de-pantalla-2015-07-18-a-las-9.46.19.png?resize=197%2C300\" width=\"197\" height=\"300\" srcset=\"https:\/\/i0.wp.com\/www.moda.es\/blog\/wp-content\/uploads\/2015\/07\/Captura-de-pantalla-2015-07-18-a-las-9.46.19.png?resize=197%2C300 197w, https:\/\/i0.wp.com\/www.moda.es\/blog\/wp-content\/uploads\/2015\/07\/Captura-de-pantalla-2015-07-18-a-las-9.46.19.png?w=313 313w\" sizes=\"(max-width: 197px) 100vw, 197px\" data-recalc-dims=\"1\" \/><\/a><\/p>\n<p>Otros nombres notables que se unen al calendario londinense \u00a0incluyen <strong>Hill &amp; Friends<\/strong>, la <a href=\"http:\/\/www.moda.es\/blog\/tenemos-nueva-marca-en-escena\/\" target=\"_blank\">nueva l\u00ednea de accesorios de la ex directora creativa de <strong>Mulberry, Emma Hill<\/strong><\/a>, que hace su debut; <strong>John Smedley<\/strong>, que lanzar\u00e1 su <strong>primera colecci\u00f3n de ropa de mujer<\/strong>; y Peter Jensen, que regresa al calendario despu\u00e9s de un par\u00e9ntesis. Ninguna de estas marcas planea celebrar un desfile pero las presentaciones de sus nuevas colecciones son algunas de las m\u00e1s esperadas. Tambi\u00e9n asistiremos al regreso de <strong>Zandra Rhodes<\/strong>, cuya marca hom\u00f3nima arranca el <strong>viernes 18 de septiembre<\/strong> (fecha de inicio de la London Fashion Week).<\/p>\n<p><a href=\"https:\/\/i0.wp.com\/www.moda.es\/blog\/wp-content\/uploads\/2015\/07\/Captura-de-pantalla-2015-07-18-a-las-9.46.04.png\"><img data-attachment-id=\"19556\" data-permalink=\"http:\/\/www.moda.es\/blog\/versus-se-une-a-la-london-fashion-week\/captura-de-pantalla-2015-07-18-a-las-9-46-04\/\" data-orig-file=\"https:\/\/i0.wp.com\/www.moda.es\/blog\/wp-content\/uploads\/2015\/07\/Captura-de-pantalla-2015-07-18-a-las-9.46.04.png?fit=318%2C477\" data-orig-size=\"318,477\" data-comments-opened=\"1\" data-image-meta=\"{&quot;aperture&quot;:&quot;0&quot;,&quot;credit&quot;:&quot;&quot;,&quot;camera&quot;:&quot;&quot;,&quot;caption&quot;:&quot;&quot;,&quot;created_timestamp&quot;:&quot;0&quot;,&quot;copyright&quot;:&quot;&quot;,&quot;focal_length&quot;:&quot;0&quot;,&quot;iso&quot;:&quot;0&quot;,&quot;shutter_speed&quot;:&quot;0&quot;,&quot;title&quot;:&quot;&quot;}\" data-image-title=\"Captura de pantalla 2015-07-18 a las 9.46.04\" data-image-description=\"\" data-image-caption=\"\" data-medium-file=\"https:\/\/i0.wp.com\/www.moda.es\/blog\/wp-content\/uploads\/2015\/07\/Captura-de-pantalla-2015-07-18-a-las-9.46.04.png?fit=200%2C300\" data-large-file=\"https:\/\/i0.wp.com\/www.moda.es\/blog\/wp-content\/uploads\/2015\/07\/Captura-de-pantalla-2015-07-18-a-las-9.46.04.png?fit=318%2C477\" loading=\"lazy\" class=\"aligncenter size-medium wp-image-19556\" alt=\"Captura de pantalla 2015-07-18 a las 9.46.04\" src=\"https:\/\/i0.wp.com\/www.moda.es\/blog\/wp-content\/uploads\/2015\/07\/Captura-de-pantalla-2015-07-18-a-las-9.46.04.png?resize=200%2C300\" width=\"200\" height=\"300\" srcset=\"https:\/\/i0.wp.com\/www.moda.es\/blog\/wp-content\/uploads\/2015\/07\/Captura-de-pantalla-2015-07-18-a-las-9.46.04.png?resize=200%2C300 200w, https:\/\/i0.wp.com\/www.moda.es\/blog\/wp-content\/uploads\/2015\/07\/Captura-de-pantalla-2015-07-18-a-las-9.46.04.png?w=318 318w\" sizes=\"(max-width: 200px) 100vw, 200px\" data-recalc-dims=\"1\" \/><\/a><\/p>\n<p>El mayor cambio en el calendario es, por supuesto, la ubicaci\u00f3n del desfile del British Fashion Council, que abandonar\u00e1 su sede en <strong>\u00a0Somerset House<\/strong> para instalarse en el aparcamiento de <strong>Brewer Street<\/strong>, en el <strong>Soho,<\/strong> donde 16 de 77 marcas aspirantes han sido elegidas para desfilar.<\/p>\n<p>&nbsp;<\/p>\n<p>Fotos Vogue UK                             <\/p>\n","protected":false},"excerpt":{"rendered":"<p>Versus se une a la programaci\u00f3n oficial de la Semana de la Moda de Londres, seg\u00fan ha comunicado la marca. La marca da as\u00ed la bienvenida a su director creativo, Anthony Vaccarello, tras celebrar su propio \u00abensayo general\u00bb en mayo, cuando Versus present\u00f3 su pre-colecci\u00f3n en la capital brit\u00e1nica. Otros [&hellip;]<\/p>\n","protected":false},"author":3,"featured_media":19555,"comment_status":"open","ping_status":"open","sticky":false,"template":"","format":"standard","meta":{"jetpack_publicize_message":"","jetpack_is_tweetstorm":false,"jetpack_publicize_feature_enabled":true},"categories":[3,11,12,14,23],"tags":[306,1250,643,927,1255],"jetpack_publicize_connections":[],"jetpack_featured_media_url":"https:\/\/i0.wp.com\/www.moda.es\/blog\/wp-content\/uploads\/2015\/07\/Captura-de-pantalla-2015-07-18-a-las-9.46.19.png?fit=313%2C475","jetpack_sharing_enabled":true,"jetpack_shortlink":"https:\/\/wp.me\/p4tJCC-55o","jetpack-related-posts":[{"id":19514,"url":"http:\/\/www.moda.es\/blog\/tenemos-nueva-marca-en-escena\/","url_meta":{"origin":19554,"position":0},"title":"Tenemos nueva marca en escena","date":"junio 18, 2015","format":false,"excerpt":"Una retirada a tiempo es una victoria, y en ocasiones el pistoletazo de salida para nuevos y excitantes proyectos. Hace ya dos a\u00f1os que conocimos la salida de Emma Hill de Mulberry tras un largo periodo en el que consigui\u00ed avivar una marca que estaba pr\u00e1cticamente dormida. Ahora, la dise\u00f1adora\u2026","rel":"","context":"En \u00abActualidad\u00bb","img":{"alt_text":"","src":"https:\/\/i0.wp.com\/www.moda.es\/blog\/wp-content\/uploads\/2015\/06\/emma-hill.jpg?fit=650%2C975&resize=350%2C200","width":350,"height":200},"classes":[]},{"id":17781,"url":"http:\/\/www.moda.es\/blog\/mas-mulberry-por-menos\/","url_meta":{"origin":19554,"position":1},"title":"M\u00e1s Mulberry por menos","date":"mayo 29, 2014","format":false,"excerpt":"Renovarse o morir en tiempos de crisis. Por eso Mulberry ha decidido revisar sus precios y apostar por un mercado m\u00e1s amplio con una colecci\u00f3n m\u00e1s asequible. Nace la colecci\u00f3n Tessie. Una serie de bolsos en diferentes formatos (clutch, shopping, messenger...) confeccionados en suave piel y con l\u00edneas sencillas con\u2026","rel":"","context":"En \u00abAccesorios\u00bb","img":{"alt_text":"","src":"https:\/\/i0.wp.com\/www.moda.es\/blog\/wp-content\/uploads\/2014\/05\/Mulberry-1.jpg?fit=650%2C975&resize=350%2C200","width":350,"height":200},"classes":[]},{"id":18570,"url":"http:\/\/www.moda.es\/blog\/tenemos-nuevo-chico-en-mulberry\/","url_meta":{"origin":19554,"position":2},"title":"Tenemos nuevo chico en Mulberry","date":"noviembre 28, 2014","format":false,"excerpt":"Diecisiete meses despu\u00e9s de que Emma Hill, directora creativa de Mulberry, saliera de la casa, finalmente terminan las especulaciones acerca de su sucesor, y confirma a Johnny Coca, anteriormente en C\u00e9line, como su nuevo director creativo. Coca, que se unir\u00e1 a Mulberry el 8 de julio viene desde C\u00e9line donde\u2026","rel":"","context":"En \u00abActualidad\u00bb","img":{"alt_text":"","src":"https:\/\/i0.wp.com\/www.moda.es\/blog\/wp-content\/uploads\/2014\/11\/jcm.jpg?fit=650%2C946&resize=350%2C200","width":350,"height":200},"classes":[]},{"id":13142,"url":"http:\/\/www.moda.es\/blog\/cara-mulberry\/","url_meta":{"origin":19554,"position":3},"title":"Cara Delevingne y Mulberry","date":"junio 26, 2013","format":false,"excerpt":"Fr\u00e1gil, et\u00e9rea, t\u00edmida, en ocasiones casi inanimada, como una mu\u00f1eca de trapo, en otras espectral y muy misteriosa... as\u00ed es como aparece Cara Delevingne en la campa\u00f1a de Mulberry para la pr\u00f3xima temporada Oto\u00f1o - Invierno 2013. La chica de la carrera imparable y mete\u00f3rica vuelve a hacerse con otra\u2026","rel":"","context":"En \u00abActualidad\u00bb","img":{"alt_text":"","src":"https:\/\/i0.wp.com\/www.moda.es\/blog\/wp-content\/uploads\/2013\/06\/modelos_ampliacion1.jpg?fit=400%2C520&resize=350%2C200","width":350,"height":200},"classes":[]},{"id":15921,"url":"http:\/\/www.moda.es\/blog\/vuelven-los-tiempos-de-cambios\/","url_meta":{"origin":19554,"position":4},"title":"Vuelven los tiempos de cambios&#8230;","date":"febrero 12, 2014","format":false,"excerpt":"...y esta vez le toca a Diane Von Furstenberg. Hac\u00eda tiempo que no ve\u00edamos el ya emblem\u00e1tico juego de las sillas que tanto gusta a las firmas de moda, y ya tenemos uno con el que estrenar la temporada. Michael Herz ha sido anuncado nuevo director art\u00edstico de DVF. Su\u2026","rel":"","context":"En \u00abActualidad\u00bb","img":{"alt_text":"","src":"https:\/\/i0.wp.com\/www.moda.es\/blog\/wp-content\/uploads\/2014\/02\/Michael-Herz1.jpg?fit=500%2C750&resize=350%2C200","width":350,"height":200},"classes":[]},{"id":12992,"url":"http:\/\/www.moda.es\/blog\/unos-vienen-y-otros-van\/","url_meta":{"origin":19554,"position":5},"title":"Unos vienen y otros van","date":"junio 10, 2013","format":false,"excerpt":"Los vaivenes de la moda son imprevisibles y hoy lo hemos visto. Una partida y una llegada han sido las grandes noticias de hoy. La partida, quiz\u00e1s lo que menos nos ha sorprendido, ha venido de la mano de Mulberry. Emma Hill abandona la marca alegando \"desacuerdos con la administraci\u00f3n\u2026","rel":"","context":"En \u00abAccesorios\u00bb","img":{"alt_text":"","src":"https:\/\/i0.wp.com\/www.moda.es\/blog\/wp-content\/uploads\/2013\/06\/Emma-Hill1.jpg?fit=400%2C655&resize=350%2C200","width":350,"height":200},"classes":[]}],"_links":{"self":[{"href":"http:\/\/www.moda.es\/blog\/wp-json\/wp\/v2\/posts\/19554"}],"collection":[{"href":"http:\/\/www.moda.es\/blog\/wp-json\/wp\/v2\/posts"}],"about":[{"href":"http:\/\/www.moda.es\/blog\/wp-json\/wp\/v2\/types\/post"}],"author":[{"embeddable":true,"href":"http:\/\/www.moda.es\/blog\/wp-json\/wp\/v2\/users\/3"}],"replies":[{"embeddable":true,"href":"http:\/\/www.moda.es\/blog\/wp-json\/wp\/v2\/comments?post=19554"}],"version-history":[{"count":6,"href":"http:\/\/www.moda.es\/blog\/wp-json\/wp\/v2\/posts\/19554\/revisions"}],"predecessor-version":[{"id":36106,"href":"http:\/\/www.moda.es\/blog\/wp-json\/wp\/v2\/posts\/19554\/revisions\/36106"}],"wp:featuredmedia":[{"embeddable":true,"href":"http:\/\/www.moda.es\/blog\/wp-json\/wp\/v2\/media\/19555"}],"wp:attachment":[{"href":"http:\/\/www.moda.es\/blog\/wp-json\/wp\/v2\/media?parent=19554"}],"wp:term":[{"taxonomy":"category","embeddable":true,"href":"http:\/\/www.moda.es\/blog\/wp-json\/wp\/v2\/categories?post=19554"},{"taxonomy":"post_tag","embeddable":true,"href":"http:\/\/www.moda.es\/blog\/wp-json\/wp\/v2\/tags?post=19554"}],"curies":[{"name":"wp","href":"https:\/\/api.w.org\/{rel}","templated":true}]}}