{"id":19551,"date":"2015-07-09T10:47:03","date_gmt":"2015-07-09T09:47:03","guid":{"rendered":"http:\/\/www.moda.es\/blog\/?p=19551"},"modified":"2020-04-27T16:52:56","modified_gmt":"2020-04-27T15:52:56","slug":"cara-delevingne-cierra-su-contrato-con-su-agencia-de-modelos","status":"publish","type":"post","link":"http:\/\/www.moda.es\/blog\/cara-delevingne-cierra-su-contrato-con-su-agencia-de-modelos\/","title":{"rendered":"Cara Delevingne cierra su contrato con su agencia de modelos"},"content":{"rendered":"<p>La misi\u00f3n de Cara de presentarse a s\u00ed misma como una actriz seria se ha completado: los 22 a\u00f1os de edad, ya no est\u00e1 representada por una agencia de modelos, sino por un <strong>agente de actores<\/strong>.<\/p>\n<p>Delevingne, que actualmente est\u00e1 filmando <em>Suicide Squad<\/em> con\u00a0David Ayer, est\u00e1 a punto de presentar cinco pel\u00edculas s\u00f3lo en este a\u00f1o.<\/p>\n<p>La londinense fue captada por Sarah Doukas, de Storm, los mismos que catapultaron a la supermodelo <strong>Kate Moss<\/strong>, mientras estaba todav\u00eda en la escuela secundaria.\u00a0Delevingne comenz\u00f3 a trabajar para ASOS pero fue acogida r\u00e1pidamente en la familia Burberry y su estrella ascendi\u00f3 r\u00e1pidamente: ha posado para <strong>Chanel, Burberry, Fendi, Pepe Jeans, La Perla, Balmain, Topshop<\/strong> y ha sido \u00a0invitada a colaborar en colecciones para <strong>DKNY<\/strong> y <strong>Mulberry.<\/strong><\/p>\n<p>Pero ser modelo nunca fue su ambici\u00f3n, se trataba simplemente de un trabajo posterior a la escuela que ha crecido como una bola de nieve y la ha distra\u00eddo durante varios a\u00f1os, sobre todo gracias a su energ\u00eda y gran presencia en <strong>Instagram.<\/strong><\/p>\n<p>Cara no ha dudado en manifestar en unas declaraciones al <strong>Wall Street Journal<\/strong> que como modelo se ha sentido \u00a0\u00abun poco vac\u00eda\u00bb, explicando c\u00f3mo: \u00abla moda trata de lo que est\u00e1 en el exterior, y eso es todo. No hay m\u00e1s, es s\u00f3lo crear cosas bonitas \u00ab. Y a\u00f1ade:\u00a0\u00abEs horrible vivir en un mundo donde voy a recibir una llamada de alguien que dice, que por que voy mucho de fiesta o que necesitaba <strong>perder peso<\/strong>.Me enfada mucho. Si no quieren contratarme, no me contraten \u00ab.<\/p>\n<p>La estrella es feliz con su nuevo futuro como actriz: \u00abLa magia de actuar est\u00e1 hacer \u00a0verdadero un personaje. Ser modelo es lo contrario de la verdad. Se trata de <strong>ser falso en frente de la c\u00e1mara<\/strong>\u00ab.<\/p>\n<p>sin embargo todav\u00eda no puede quitarse de encima su antigua profesi\u00f3n del todo: todav\u00eda ocupar\u00e1 los mostradores de maquillaje en todo el mundo como el rostro de l\u00ednea de belleza de <strong>Yves Saint Laurent<\/strong> y protagonizar\u00e1 con Kate Moss la campa\u00f1a de oto\u00f1o de \u00a0<strong>Mango.<\/strong><\/p>\n<p><a href=\"https:\/\/i0.wp.com\/www.moda.es\/blog\/wp-content\/uploads\/2015\/07\/Captura-de-pantalla-2015-07-09-a-las-11.33.46.png\"><img data-attachment-id=\"19552\" data-permalink=\"http:\/\/www.moda.es\/blog\/cara-delevingne-cierra-su-contrato-con-su-agencia-de-modelos\/captura-de-pantalla-2015-07-09-a-las-11-33-46\/\" data-orig-file=\"https:\/\/i0.wp.com\/www.moda.es\/blog\/wp-content\/uploads\/2015\/07\/Captura-de-pantalla-2015-07-09-a-las-11.33.46.png?fit=527%2C796\" data-orig-size=\"527,796\" data-comments-opened=\"1\" data-image-meta=\"{&quot;aperture&quot;:&quot;0&quot;,&quot;credit&quot;:&quot;&quot;,&quot;camera&quot;:&quot;&quot;,&quot;caption&quot;:&quot;&quot;,&quot;created_timestamp&quot;:&quot;0&quot;,&quot;copyright&quot;:&quot;&quot;,&quot;focal_length&quot;:&quot;0&quot;,&quot;iso&quot;:&quot;0&quot;,&quot;shutter_speed&quot;:&quot;0&quot;,&quot;title&quot;:&quot;&quot;}\" data-image-title=\"Captura de pantalla 2015-07-09 a las 11.33.46\" data-image-description=\"\" data-image-caption=\"\" data-medium-file=\"https:\/\/i0.wp.com\/www.moda.es\/blog\/wp-content\/uploads\/2015\/07\/Captura-de-pantalla-2015-07-09-a-las-11.33.46.png?fit=198%2C300\" data-large-file=\"https:\/\/i0.wp.com\/www.moda.es\/blog\/wp-content\/uploads\/2015\/07\/Captura-de-pantalla-2015-07-09-a-las-11.33.46.png?fit=527%2C796\" loading=\"lazy\" class=\"aligncenter size-medium wp-image-19552\" alt=\"Captura de pantalla 2015-07-09 a las 11.33.46\" src=\"https:\/\/i0.wp.com\/www.moda.es\/blog\/wp-content\/uploads\/2015\/07\/Captura-de-pantalla-2015-07-09-a-las-11.33.46.png?resize=198%2C300\" width=\"198\" height=\"300\" srcset=\"https:\/\/i0.wp.com\/www.moda.es\/blog\/wp-content\/uploads\/2015\/07\/Captura-de-pantalla-2015-07-09-a-las-11.33.46.png?resize=198%2C300 198w, https:\/\/i0.wp.com\/www.moda.es\/blog\/wp-content\/uploads\/2015\/07\/Captura-de-pantalla-2015-07-09-a-las-11.33.46.png?resize=420%2C634 420w, https:\/\/i0.wp.com\/www.moda.es\/blog\/wp-content\/uploads\/2015\/07\/Captura-de-pantalla-2015-07-09-a-las-11.33.46.png?w=527 527w\" sizes=\"(max-width: 198px) 100vw, 198px\" data-recalc-dims=\"1\" \/><\/a><\/p>\n<p>Imagen &#8211; Reuters                             <\/p>\n","protected":false},"excerpt":{"rendered":"<p>La misi\u00f3n de Cara de presentarse a s\u00ed misma como una actriz seria se ha completado: los 22 a\u00f1os de edad, ya no est\u00e1 representada por una agencia de modelos, sino por un agente de actores. Delevingne, que actualmente est\u00e1 filmando Suicide Squad con\u00a0David Ayer, est\u00e1 a punto de presentar [&hellip;]<\/p>\n","protected":false},"author":3,"featured_media":19552,"comment_status":"open","ping_status":"open","sticky":false,"template":"","format":"standard","meta":{"jetpack_publicize_message":"","jetpack_is_tweetstorm":false,"jetpack_publicize_feature_enabled":true},"categories":[3,11,17],"tags":[163],"jetpack_publicize_connections":[],"jetpack_featured_media_url":"https:\/\/i0.wp.com\/www.moda.es\/blog\/wp-content\/uploads\/2015\/07\/Captura-de-pantalla-2015-07-09-a-las-11.33.46.png?fit=527%2C796","jetpack_sharing_enabled":true,"jetpack_shortlink":"https:\/\/wp.me\/p4tJCC-55l","jetpack-related-posts":[{"id":10599,"url":"http:\/\/www.moda.es\/blog\/y-entonces-llego-cara\/","url_meta":{"origin":19551,"position":0},"title":"Y entonces lleg\u00f3 Cara&#8230;","date":"febrero 5, 2013","format":false,"excerpt":"\u00a0 Ha\u00a0 desfilado como uno de los m\u00e1s sexies \u00e1ngeles de Victoria's Secret, sido nombrada Modelo del A\u00f1o en la \u00faltima edici\u00f3n de los British Fashion Awards, es icono de moda y los fashionistas adoran sus looks y la siguen por todas las pasarelas que pisa y con cada uno\u2026","rel":"","context":"En \u00abFirmas\u00bb","img":{"alt_text":"","src":"https:\/\/i0.wp.com\/www.moda.es\/blog\/wp-content\/uploads\/2013\/02\/Cara-Delevingne-para-Pepe-Jeans-41.jpg?fit=500%2C333&resize=350%2C200","width":350,"height":200},"classes":[]},{"id":18484,"url":"http:\/\/www.moda.es\/blog\/conoce-a-hannah-dodd\/","url_meta":{"origin":19551,"position":1},"title":"Conoce a Hannah Dodd","date":"noviembre 9, 2014","format":false,"excerpt":"Nos hemos dejado llenar de esp\u00edritu navide\u00f1o con la capa\u00f1a de Buberry protagonizada por Romeo Beckham pero... pasada la euforia inicial de volver a ver en acci\u00f3n al hijo de la segunda familia real brit\u00e1nica, no podemos menos que intrigarnos por esa belleza rubia que baila encantada al son de\u2026","rel":"","context":"En \u00abActualidad\u00bb","img":{"alt_text":"","src":"https:\/\/i0.wp.com\/www.moda.es\/blog\/wp-content\/uploads\/2014\/11\/hdbb.jpg?fit=650%2C975&resize=350%2C200","width":350,"height":200},"classes":[]},{"id":15067,"url":"http:\/\/www.moda.es\/blog\/cara-delevingne-para-la-perla\/","url_meta":{"origin":19551,"position":2},"title":"Cara Delevingne para La Perla","date":"diciembre 5, 2013","format":false,"excerpt":"Nos enteramos\u00a0hace un tiempo a trav\u00e9s de su Instagram que ser\u00eda imagen de la pr\u00f3xima campa\u00f1a publicitaria de La Perla y hoy al fin tenemos un previo de esa campa\u00f1a. Ya hemos perdido la cuenta de las campa\u00f1as publicitarias en las que la reina de la moda british, Cara Delevingne,\u2026","rel":"","context":"En \u00abCampa\u00f1as\u00bb","img":{"alt_text":"","src":"https:\/\/i0.wp.com\/www.moda.es\/blog\/wp-content\/uploads\/2013\/12\/La-Perla-21.jpg?fit=500%2C750&resize=350%2C200","width":350,"height":200},"classes":[]},{"id":17548,"url":"http:\/\/www.moda.es\/blog\/la-aventura-china-y-voladora-de-burberry\/","url_meta":{"origin":19551,"position":3},"title":"La aventura china (y voladora) de Burberry","date":"abril 25, 2014","format":false,"excerpt":"Con un desfile, una danza de trenchs y paraguas, actuaciones musicales en directo y Cara Delevingne volando sobre los 1.500 invitados. As\u00ed es como Burberry ha celebrado la apertura de su incre\u00edble nueva boutique en Shanghai. Y es que la boutique lo merece: tres plantas distribuidas en el espacio m\u00e1s\u2026","rel":"","context":"En \u00abActualidad\u00bb","img":{"alt_text":"","src":"https:\/\/i0.wp.com\/www.moda.es\/blog\/wp-content\/uploads\/2014\/04\/Burberry.jpg?fit=650%2C433&resize=350%2C200","width":350,"height":200},"classes":[]},{"id":16179,"url":"http:\/\/www.moda.es\/blog\/por-que-cara-delevingne-no-es-la-nueva-kate-moss\/","url_meta":{"origin":19551,"position":4},"title":"\u00bfPor qu\u00e9 Cara Delevingne no es la nueva Kate Moss?","date":"marzo 21, 2014","format":false,"excerpt":"La co-fundadora de la agencia de modelos Storm, Sarah Doukas y su hermano, Simon Chambers, han puesto de manifiesto las diferencias clave entre Cara Delevingne y Kate Moss, ambas descubiertas por esta agencia y con frecuencia compradas entre s\u00ed en la prensa. A trav\u00e9s del Cond\u00e9 Nast College celebrado en\u2026","rel":"","context":"En \u00abActualidad\u00bb","img":{"alt_text":"","src":"https:\/\/i0.wp.com\/www.moda.es\/blog\/wp-content\/uploads\/2014\/03\/Cara-vs-Kate-1.jpg?fit=500%2C750&resize=350%2C200","width":350,"height":200},"classes":[]},{"id":15467,"url":"http:\/\/www.moda.es\/blog\/cara-delevingne-chica-mulberry-tambien-en-2014\/","url_meta":{"origin":19551,"position":5},"title":"Cara Delevingne, chica Mulberry tambi\u00e9n en 2014","date":"enero 2, 2014","format":false,"excerpt":"Parece que en el nuevo a\u00f1o la modelo brit\u00f1anica no va a abandonar su posici\u00f3n. Cara Delevingne estrena 2014 como imagen de la campa\u00f1a Primavera - Verano 2014 de Mulberry. Fotografiada por Tim Walker, Delevingne se ha rodeado de algunos amigos peludos para mostrar la nueva colecci\u00f3n de la casa.\u2026","rel":"","context":"En \u00abCampa\u00f1as\u00bb","img":{"alt_text":"","src":"https:\/\/i0.wp.com\/www.moda.es\/blog\/wp-content\/uploads\/2014\/01\/Mulberry-Cara-Delevingne-21.jpg?fit=500%2C334&resize=350%2C200","width":350,"height":200},"classes":[]}],"_links":{"self":[{"href":"http:\/\/www.moda.es\/blog\/wp-json\/wp\/v2\/posts\/19551"}],"collection":[{"href":"http:\/\/www.moda.es\/blog\/wp-json\/wp\/v2\/posts"}],"about":[{"href":"http:\/\/www.moda.es\/blog\/wp-json\/wp\/v2\/types\/post"}],"author":[{"embeddable":true,"href":"http:\/\/www.moda.es\/blog\/wp-json\/wp\/v2\/users\/3"}],"replies":[{"embeddable":true,"href":"http:\/\/www.moda.es\/blog\/wp-json\/wp\/v2\/comments?post=19551"}],"version-history":[{"count":6,"href":"http:\/\/www.moda.es\/blog\/wp-json\/wp\/v2\/posts\/19551\/revisions"}],"predecessor-version":[{"id":36107,"href":"http:\/\/www.moda.es\/blog\/wp-json\/wp\/v2\/posts\/19551\/revisions\/36107"}],"wp:featuredmedia":[{"embeddable":true,"href":"http:\/\/www.moda.es\/blog\/wp-json\/wp\/v2\/media\/19552"}],"wp:attachment":[{"href":"http:\/\/www.moda.es\/blog\/wp-json\/wp\/v2\/media?parent=19551"}],"wp:term":[{"taxonomy":"category","embeddable":true,"href":"http:\/\/www.moda.es\/blog\/wp-json\/wp\/v2\/categories?post=19551"},{"taxonomy":"post_tag","embeddable":true,"href":"http:\/\/www.moda.es\/blog\/wp-json\/wp\/v2\/tags?post=19551"}],"curies":[{"name":"wp","href":"https:\/\/api.w.org\/{rel}","templated":true}]}}