{"id":19544,"date":"2015-07-08T20:42:24","date_gmt":"2015-07-08T19:42:24","guid":{"rendered":"http:\/\/www.moda.es\/blog\/?p=19544"},"modified":"2020-04-27T16:53:05","modified_gmt":"2020-04-27T15:53:05","slug":"50-anos-de-karl-lagerfeld-en-fendi","status":"publish","type":"post","link":"http:\/\/www.moda.es\/blog\/50-anos-de-karl-lagerfeld-en-fendi\/","title":{"rendered":"50 a\u00f1os de Karl Lagerfeld en Fendi"},"content":{"rendered":"<p>Este es un gran a\u00f1o para <strong>Karl Lagerfeld y Fendi<\/strong>. En este 2015 Lagerfeld est\u00e1 celebrando <strong>50 a\u00f1os<\/strong> como director creativo de la marca italiana, siendo su \u00abmandato\u00bb <strong>la colaboraci\u00f3n m\u00e1s larga entre un dise\u00f1ador y una casa de moda de lujo,<\/strong> y para conmemorar la ocasi\u00f3n,\u00a0se ha creado uno de los libros m\u00e1s bellos de la historia \u00a0de la moda.<\/p>\n<p><a href=\"https:\/\/i0.wp.com\/www.moda.es\/blog\/wp-content\/uploads\/2015\/07\/Captura-de-pantalla-2015-07-08-a-las-21.05.54.png\"><img data-attachment-id=\"19546\" data-permalink=\"http:\/\/www.moda.es\/blog\/50-anos-de-karl-lagerfeld-en-fendi\/captura-de-pantalla-2015-07-08-a-las-21-05-54\/\" data-orig-file=\"https:\/\/i0.wp.com\/www.moda.es\/blog\/wp-content\/uploads\/2015\/07\/Captura-de-pantalla-2015-07-08-a-las-21.05.54.png?fit=502%2C752\" data-orig-size=\"502,752\" data-comments-opened=\"1\" data-image-meta=\"{&quot;aperture&quot;:&quot;0&quot;,&quot;credit&quot;:&quot;&quot;,&quot;camera&quot;:&quot;&quot;,&quot;caption&quot;:&quot;&quot;,&quot;created_timestamp&quot;:&quot;0&quot;,&quot;copyright&quot;:&quot;&quot;,&quot;focal_length&quot;:&quot;0&quot;,&quot;iso&quot;:&quot;0&quot;,&quot;shutter_speed&quot;:&quot;0&quot;,&quot;title&quot;:&quot;&quot;}\" data-image-title=\"Captura de pantalla 2015-07-08 a las 21.05.54\" data-image-description=\"\" data-image-caption=\"\" data-medium-file=\"https:\/\/i0.wp.com\/www.moda.es\/blog\/wp-content\/uploads\/2015\/07\/Captura-de-pantalla-2015-07-08-a-las-21.05.54.png?fit=200%2C300\" data-large-file=\"https:\/\/i0.wp.com\/www.moda.es\/blog\/wp-content\/uploads\/2015\/07\/Captura-de-pantalla-2015-07-08-a-las-21.05.54.png?fit=502%2C752\" loading=\"lazy\" class=\"aligncenter size-medium wp-image-19546\" alt=\"Captura de pantalla 2015-07-08 a las 21.05.54\" src=\"https:\/\/i0.wp.com\/www.moda.es\/blog\/wp-content\/uploads\/2015\/07\/Captura-de-pantalla-2015-07-08-a-las-21.05.54.png?resize=200%2C300\" width=\"200\" height=\"300\" srcset=\"https:\/\/i0.wp.com\/www.moda.es\/blog\/wp-content\/uploads\/2015\/07\/Captura-de-pantalla-2015-07-08-a-las-21.05.54.png?resize=200%2C300 200w, https:\/\/i0.wp.com\/www.moda.es\/blog\/wp-content\/uploads\/2015\/07\/Captura-de-pantalla-2015-07-08-a-las-21.05.54.png?resize=420%2C629 420w, https:\/\/i0.wp.com\/www.moda.es\/blog\/wp-content\/uploads\/2015\/07\/Captura-de-pantalla-2015-07-08-a-las-21.05.54.png?w=502 502w\" sizes=\"(max-width: 200px) 100vw, 200px\" data-recalc-dims=\"1\" \/><\/a><\/p>\n<p><a href=\"https:\/\/i0.wp.com\/www.moda.es\/blog\/wp-content\/uploads\/2015\/07\/Captura-de-pantalla-2015-07-08-a-las-21.06.15.png\"><img data-attachment-id=\"19547\" data-permalink=\"http:\/\/www.moda.es\/blog\/50-anos-de-karl-lagerfeld-en-fendi\/captura-de-pantalla-2015-07-08-a-las-21-06-15\/\" data-orig-file=\"https:\/\/i0.wp.com\/www.moda.es\/blog\/wp-content\/uploads\/2015\/07\/Captura-de-pantalla-2015-07-08-a-las-21.06.15.png?fit=498%2C756\" data-orig-size=\"498,756\" data-comments-opened=\"1\" data-image-meta=\"{&quot;aperture&quot;:&quot;0&quot;,&quot;credit&quot;:&quot;&quot;,&quot;camera&quot;:&quot;&quot;,&quot;caption&quot;:&quot;&quot;,&quot;created_timestamp&quot;:&quot;0&quot;,&quot;copyright&quot;:&quot;&quot;,&quot;focal_length&quot;:&quot;0&quot;,&quot;iso&quot;:&quot;0&quot;,&quot;shutter_speed&quot;:&quot;0&quot;,&quot;title&quot;:&quot;&quot;}\" data-image-title=\"Captura de pantalla 2015-07-08 a las 21.06.15\" data-image-description=\"\" data-image-caption=\"\" data-medium-file=\"https:\/\/i0.wp.com\/www.moda.es\/blog\/wp-content\/uploads\/2015\/07\/Captura-de-pantalla-2015-07-08-a-las-21.06.15.png?fit=197%2C300\" data-large-file=\"https:\/\/i0.wp.com\/www.moda.es\/blog\/wp-content\/uploads\/2015\/07\/Captura-de-pantalla-2015-07-08-a-las-21.06.15.png?fit=498%2C756\" loading=\"lazy\" class=\"aligncenter size-medium wp-image-19547\" alt=\"Captura de pantalla 2015-07-08 a las 21.06.15\" src=\"https:\/\/i0.wp.com\/www.moda.es\/blog\/wp-content\/uploads\/2015\/07\/Captura-de-pantalla-2015-07-08-a-las-21.06.15.png?resize=197%2C300\" width=\"197\" height=\"300\" srcset=\"https:\/\/i0.wp.com\/www.moda.es\/blog\/wp-content\/uploads\/2015\/07\/Captura-de-pantalla-2015-07-08-a-las-21.06.15.png?resize=197%2C300 197w, https:\/\/i0.wp.com\/www.moda.es\/blog\/wp-content\/uploads\/2015\/07\/Captura-de-pantalla-2015-07-08-a-las-21.06.15.png?resize=420%2C637 420w, https:\/\/i0.wp.com\/www.moda.es\/blog\/wp-content\/uploads\/2015\/07\/Captura-de-pantalla-2015-07-08-a-las-21.06.15.png?w=498 498w\" sizes=\"(max-width: 197px) 100vw, 197px\" data-recalc-dims=\"1\" \/><\/a><\/p>\n<p>Titulado <strong><em>Fendi por Karl Lagerfeld<\/em><\/strong>, es menos un libro y m\u00e1s un proyecto en si mismo; una recopilaci\u00f3n de <strong>entrevistas, dibujos y conversaciones<\/strong> grabadas con Lagerfeld que abarcan las \u00faltimas cinco d\u00e9cadas.<\/p>\n<p><a href=\"https:\/\/i0.wp.com\/www.moda.es\/blog\/wp-content\/uploads\/2015\/07\/Captura-de-pantalla-2015-07-08-a-las-21.06.39.png\"><img data-attachment-id=\"19548\" data-permalink=\"http:\/\/www.moda.es\/blog\/50-anos-de-karl-lagerfeld-en-fendi\/captura-de-pantalla-2015-07-08-a-las-21-06-39\/\" data-orig-file=\"https:\/\/i0.wp.com\/www.moda.es\/blog\/wp-content\/uploads\/2015\/07\/Captura-de-pantalla-2015-07-08-a-las-21.06.39.png?fit=489%2C751\" data-orig-size=\"489,751\" data-comments-opened=\"1\" data-image-meta=\"{&quot;aperture&quot;:&quot;0&quot;,&quot;credit&quot;:&quot;&quot;,&quot;camera&quot;:&quot;&quot;,&quot;caption&quot;:&quot;&quot;,&quot;created_timestamp&quot;:&quot;0&quot;,&quot;copyright&quot;:&quot;&quot;,&quot;focal_length&quot;:&quot;0&quot;,&quot;iso&quot;:&quot;0&quot;,&quot;shutter_speed&quot;:&quot;0&quot;,&quot;title&quot;:&quot;&quot;}\" data-image-title=\"Captura de pantalla 2015-07-08 a las 21.06.39\" data-image-description=\"\" data-image-caption=\"\" data-medium-file=\"https:\/\/i0.wp.com\/www.moda.es\/blog\/wp-content\/uploads\/2015\/07\/Captura-de-pantalla-2015-07-08-a-las-21.06.39.png?fit=195%2C300\" data-large-file=\"https:\/\/i0.wp.com\/www.moda.es\/blog\/wp-content\/uploads\/2015\/07\/Captura-de-pantalla-2015-07-08-a-las-21.06.39.png?fit=489%2C751\" loading=\"lazy\" class=\"aligncenter size-medium wp-image-19548\" alt=\"Captura de pantalla 2015-07-08 a las 21.06.39\" src=\"https:\/\/i0.wp.com\/www.moda.es\/blog\/wp-content\/uploads\/2015\/07\/Captura-de-pantalla-2015-07-08-a-las-21.06.39.png?resize=195%2C300\" width=\"195\" height=\"300\" srcset=\"https:\/\/i0.wp.com\/www.moda.es\/blog\/wp-content\/uploads\/2015\/07\/Captura-de-pantalla-2015-07-08-a-las-21.06.39.png?resize=195%2C300 195w, https:\/\/i0.wp.com\/www.moda.es\/blog\/wp-content\/uploads\/2015\/07\/Captura-de-pantalla-2015-07-08-a-las-21.06.39.png?resize=420%2C645 420w, https:\/\/i0.wp.com\/www.moda.es\/blog\/wp-content\/uploads\/2015\/07\/Captura-de-pantalla-2015-07-08-a-las-21.06.39.png?w=489 489w\" sizes=\"(max-width: 195px) 100vw, 195px\" data-recalc-dims=\"1\" \/><\/a><\/p>\n<p>&nbsp;<\/p>\n<p>Las legendarios conversaciones del dise\u00f1ador alem\u00e1n sobre sus primeros recuerdos trabajando en Fendi, sus an\u00e9cdotas favoritas, su primera visita al taller en Roma, y \u200b\u200bsu uso pionero de la piel. Lo m\u00e1s especial de todos sin embargo, son su colecci\u00f3n de bocetos firmados en un arco iris de colores de l\u00e1pices de colores que capturan la esencia y la <strong>progresi\u00f3n<\/strong> del hombre que adopt\u00f3 la etiqueta romana como propia en <strong>1965.<\/strong><\/p>\n<p><a href=\"https:\/\/i0.wp.com\/www.moda.es\/blog\/wp-content\/uploads\/2015\/07\/Captura-de-pantalla-2015-07-08-a-las-21.07.10.png\"><img data-attachment-id=\"19549\" data-permalink=\"http:\/\/www.moda.es\/blog\/50-anos-de-karl-lagerfeld-en-fendi\/captura-de-pantalla-2015-07-08-a-las-21-07-10\/\" data-orig-file=\"https:\/\/i0.wp.com\/www.moda.es\/blog\/wp-content\/uploads\/2015\/07\/Captura-de-pantalla-2015-07-08-a-las-21.07.10.png?fit=493%2C750\" data-orig-size=\"493,750\" data-comments-opened=\"1\" data-image-meta=\"{&quot;aperture&quot;:&quot;0&quot;,&quot;credit&quot;:&quot;&quot;,&quot;camera&quot;:&quot;&quot;,&quot;caption&quot;:&quot;&quot;,&quot;created_timestamp&quot;:&quot;0&quot;,&quot;copyright&quot;:&quot;&quot;,&quot;focal_length&quot;:&quot;0&quot;,&quot;iso&quot;:&quot;0&quot;,&quot;shutter_speed&quot;:&quot;0&quot;,&quot;title&quot;:&quot;&quot;}\" data-image-title=\"Captura de pantalla 2015-07-08 a las 21.07.10\" data-image-description=\"\" data-image-caption=\"\" data-medium-file=\"https:\/\/i0.wp.com\/www.moda.es\/blog\/wp-content\/uploads\/2015\/07\/Captura-de-pantalla-2015-07-08-a-las-21.07.10.png?fit=197%2C300\" data-large-file=\"https:\/\/i0.wp.com\/www.moda.es\/blog\/wp-content\/uploads\/2015\/07\/Captura-de-pantalla-2015-07-08-a-las-21.07.10.png?fit=493%2C750\" loading=\"lazy\" class=\"aligncenter size-medium wp-image-19549\" alt=\"Captura de pantalla 2015-07-08 a las 21.07.10\" src=\"https:\/\/i0.wp.com\/www.moda.es\/blog\/wp-content\/uploads\/2015\/07\/Captura-de-pantalla-2015-07-08-a-las-21.07.10.png?resize=197%2C300\" width=\"197\" height=\"300\" srcset=\"https:\/\/i0.wp.com\/www.moda.es\/blog\/wp-content\/uploads\/2015\/07\/Captura-de-pantalla-2015-07-08-a-las-21.07.10.png?resize=197%2C300 197w, https:\/\/i0.wp.com\/www.moda.es\/blog\/wp-content\/uploads\/2015\/07\/Captura-de-pantalla-2015-07-08-a-las-21.07.10.png?resize=420%2C638 420w, https:\/\/i0.wp.com\/www.moda.es\/blog\/wp-content\/uploads\/2015\/07\/Captura-de-pantalla-2015-07-08-a-las-21.07.10.png?w=493 493w\" sizes=\"(max-width: 197px) 100vw, 197px\" data-recalc-dims=\"1\" \/><\/a><\/p>\n<p>El libro ha sido editado por <strong>Steidl<\/strong>\u00a0y \u00a0estar\u00e1 a la venta a partir de del <strong>28 de septiembre<\/strong>., pero hoy, en plena <strong>Semana de la Alta Costura de Par\u00eds<\/strong> en la que hemos podido disfrutar de su colecci\u00f3n para Fendi, no pod\u00eda ser mejor momento para celebrar la llegada de este libro.<\/p>\n<p><a href=\"https:\/\/i0.wp.com\/www.moda.es\/blog\/wp-content\/uploads\/2015\/07\/Captura-de-pantalla-2015-07-08-a-las-21.07.53.png\"><img data-attachment-id=\"19545\" data-permalink=\"http:\/\/www.moda.es\/blog\/50-anos-de-karl-lagerfeld-en-fendi\/captura-de-pantalla-2015-07-08-a-las-21-07-53\/\" data-orig-file=\"https:\/\/i0.wp.com\/www.moda.es\/blog\/wp-content\/uploads\/2015\/07\/Captura-de-pantalla-2015-07-08-a-las-21.07.53.png?fit=499%2C751\" data-orig-size=\"499,751\" data-comments-opened=\"1\" data-image-meta=\"{&quot;aperture&quot;:&quot;0&quot;,&quot;credit&quot;:&quot;&quot;,&quot;camera&quot;:&quot;&quot;,&quot;caption&quot;:&quot;&quot;,&quot;created_timestamp&quot;:&quot;0&quot;,&quot;copyright&quot;:&quot;&quot;,&quot;focal_length&quot;:&quot;0&quot;,&quot;iso&quot;:&quot;0&quot;,&quot;shutter_speed&quot;:&quot;0&quot;,&quot;title&quot;:&quot;&quot;}\" data-image-title=\"Captura de pantalla 2015-07-08 a las 21.07.53\" data-image-description=\"\" data-image-caption=\"\" data-medium-file=\"https:\/\/i0.wp.com\/www.moda.es\/blog\/wp-content\/uploads\/2015\/07\/Captura-de-pantalla-2015-07-08-a-las-21.07.53.png?fit=199%2C300\" data-large-file=\"https:\/\/i0.wp.com\/www.moda.es\/blog\/wp-content\/uploads\/2015\/07\/Captura-de-pantalla-2015-07-08-a-las-21.07.53.png?fit=499%2C751\" loading=\"lazy\" class=\"aligncenter size-medium wp-image-19545\" alt=\"Captura de pantalla 2015-07-08 a las 21.07.53\" src=\"https:\/\/i0.wp.com\/www.moda.es\/blog\/wp-content\/uploads\/2015\/07\/Captura-de-pantalla-2015-07-08-a-las-21.07.53.png?resize=199%2C300\" width=\"199\" height=\"300\" srcset=\"https:\/\/i0.wp.com\/www.moda.es\/blog\/wp-content\/uploads\/2015\/07\/Captura-de-pantalla-2015-07-08-a-las-21.07.53.png?resize=199%2C300 199w, https:\/\/i0.wp.com\/www.moda.es\/blog\/wp-content\/uploads\/2015\/07\/Captura-de-pantalla-2015-07-08-a-las-21.07.53.png?resize=420%2C632 420w, https:\/\/i0.wp.com\/www.moda.es\/blog\/wp-content\/uploads\/2015\/07\/Captura-de-pantalla-2015-07-08-a-las-21.07.53.png?w=499 499w\" sizes=\"(max-width: 199px) 100vw, 199px\" data-recalc-dims=\"1\" \/><\/a><\/p>\n<p>Fotos &#8211; Fendi                             <\/p>\n","protected":false},"excerpt":{"rendered":"<p>Este es un gran a\u00f1o para Karl Lagerfeld y Fendi. En este 2015 Lagerfeld est\u00e1 celebrando 50 a\u00f1os como director creativo de la marca italiana, siendo su \u00abmandato\u00bb la colaboraci\u00f3n m\u00e1s larga entre un dise\u00f1ador y una casa de moda de lujo, y para conmemorar la ocasi\u00f3n,\u00a0se ha creado uno [&hellip;]<\/p>\n","protected":false},"author":3,"featured_media":19545,"comment_status":"open","ping_status":"open","sticky":false,"template":"","format":"standard","meta":{"jetpack_publicize_message":"","jetpack_is_tweetstorm":false,"jetpack_publicize_feature_enabled":true},"categories":[3,11,12,14],"tags":[324,464],"jetpack_publicize_connections":[],"jetpack_featured_media_url":"https:\/\/i0.wp.com\/www.moda.es\/blog\/wp-content\/uploads\/2015\/07\/Captura-de-pantalla-2015-07-08-a-las-21.07.53.png?fit=499%2C751","jetpack_sharing_enabled":true,"jetpack_shortlink":"https:\/\/wp.me\/p4tJCC-55e","jetpack-related-posts":[{"id":19090,"url":"http:\/\/www.moda.es\/blog\/nuevos-vientos-en-la-alta-costura\/","url_meta":{"origin":19544,"position":0},"title":"Nuevos vientos en la Alta Costura","date":"febrero 28, 2015","format":false,"excerpt":"Si a pesar de que siempre nos deja sin habla necesitabas un poquito m\u00e1s de Lagerfeld en la Alta Costura, est\u00e1s de suerte. Fendi har\u00e1 su debut en el calendario de Alta Costura de Par\u00eds en julio. La casa de moda italiana dar\u00e1 a conocer la primera\u00a0colecci\u00f3n Haute Fourrure, rindiendo\u2026","rel":"","context":"En \u00abActualidad\u00bb","img":{"alt_text":"","src":"https:\/\/i0.wp.com\/www.moda.es\/blog\/wp-content\/uploads\/2015\/02\/fendi.jpg?fit=650%2C650&resize=350%2C200","width":350,"height":200},"classes":[]},{"id":11234,"url":"http:\/\/www.moda.es\/blog\/karl-lagerfeld-a-ritmo-de-samba\/","url_meta":{"origin":19544,"position":1},"title":"Karl Lagerfeld, a ritmo de samba","date":"febrero 28, 2013","format":false,"excerpt":"\u00a0 El k\u00e1iser literalmente no para. Entre el desfile de Fendi en Mil\u00e1n, el pr\u00f3ximo show de Chanel en Par\u00eds, el lanzamiento de la nueva boutique high tech de la marca en la capital francesa o su colaboraci\u00f3n con las l\u00edneas de maquillaje de Shu Uemura o los relojes Fossil,\u2026","rel":"","context":"En \u00abDise\u00f1adores\u00bb","img":{"alt_text":"","src":"https:\/\/i0.wp.com\/www.moda.es\/blog\/wp-content\/uploads\/2013\/03\/Karl-Lagerfeld1.jpg?fit=426%2C639&resize=350%2C200","width":350,"height":200},"classes":[]},{"id":14111,"url":"http:\/\/www.moda.es\/blog\/por-que-llora-cara-delevingne\/","url_meta":{"origin":19544,"position":2},"title":"\u00bfPor qu\u00e9 llora Cara Delevingne?","date":"septiembre 11, 2013","format":false,"excerpt":"Por Fendi. Tanto Karl Lagerfeld como Cara Delevingne han expresado su deseo de salir de la moda y entrar en el negocio del cine. Hoy este deseo se convierte en realidad con el nuevo cortometraje Invito Pericoloso (Invitaci\u00f3n Peligrosa) de Fendi. Las magn\u00edficas pieles de la colecci\u00f3n Oto\u00f1o - Invierno\u2026","rel":"","context":"En \u00abCampa\u00f1as\u00bb","img":{"alt_text":"","src":"https:\/\/i0.wp.com\/www.moda.es\/blog\/wp-content\/uploads\/2013\/09\/Cara-Fendi1.jpg?fit=500%2C297&resize=350%2C200","width":350,"height":200},"classes":[]},{"id":8973,"url":"http:\/\/www.moda.es\/blog\/karl-de-karl-lagerfeld-ya-esta-aqui\/","url_meta":{"origin":19544,"position":3},"title":"KARL de Karl Lagerfeld ya est\u00e1 aqu\u00ed","date":"octubre 3, 2012","format":false,"excerpt":"Se acab\u00f3 la espera. Desde el p\u00e1sado s\u00e1bado 29 de septiembre\u00a0las colecci\u00f3n Oto\u00f1o -Invierno 2012 de\u00a0KARL\u00a0y\u00a0KARL LAGERFELD PARIS\u00a0est\u00e1n disponibles en varios Corte Ingl\u00e9s de Madrid, contar\u00e1 con corners en los centros de Castellana y Serrano. Bajo la direcci\u00f3n creativa de Karl Lagerfeld, uno de los dise\u00f1adores ic\u00f3nicos m\u00e1s influyentes del\u2026","rel":"","context":"En \u00abTiendas\u00bb","img":{"alt_text":"","src":"https:\/\/i0.wp.com\/www.moda.es\/blog\/wp-content\/uploads\/2012\/10\/karl_lagerfeld_paris_5371_643x-e13492254412841.jpg?fit=400%2C533&resize=350%2C200","width":350,"height":200},"classes":[]},{"id":22235,"url":"http:\/\/www.moda.es\/blog\/adios-a-carla-fendi\/","url_meta":{"origin":19544,"position":4},"title":"Adios a Carla Fendi","date":"junio 21, 2017","format":false,"excerpt":"Carla Fendi una de las cinco formidables hermanas Fendi (Paola, Anna, Franca, Carla y Alda), heredera de la casa de la familia ha muerto en Roma a los 79 a\u00f1os. Como homenaje, la compa\u00f1\u00eda Fendi dijo en una declaraci\u00f3n que Carla \"nunca dej\u00f3 de contribuir activamente por su pasi\u00f3n por\u2026","rel":"","context":"En \u00abActualidad\u00bb","img":{"alt_text":"","src":"https:\/\/i0.wp.com\/www.moda.es\/blog\/wp-content\/uploads\/2017\/06\/Captura-de-pantalla.png?fit=362%2C537&resize=350%2C200","width":350,"height":200},"classes":[]},{"id":18806,"url":"http:\/\/www.moda.es\/blog\/sarah-jessica-parker-disenara-para-fendi\/","url_meta":{"origin":19544,"position":5},"title":"Sarah Jessica Parker dise\u00f1ar\u00e1 para Fendi","date":"enero 20, 2015","format":false,"excerpt":"Y tambi\u00e9n Rihanna, Jourdan Dunn y Leandra Medine (Man Repeller). Todas ellas se han unido con la marca italiana de lujo para personalizar su propio bolso 3Baguette como parte de un proyecto en beneficio de organizaciones solidarias. Los bolsos se dar\u00e1n a conocer durante un c\u00f3ctel que contar\u00e1n con Karl\u2026","rel":"","context":"En \u00abAccesorios\u00bb","img":{"alt_text":"","src":"https:\/\/i0.wp.com\/www.moda.es\/blog\/wp-content\/uploads\/2015\/01\/sjpf1.jpg?fit=500%2C750&resize=350%2C200","width":350,"height":200},"classes":[]}],"_links":{"self":[{"href":"http:\/\/www.moda.es\/blog\/wp-json\/wp\/v2\/posts\/19544"}],"collection":[{"href":"http:\/\/www.moda.es\/blog\/wp-json\/wp\/v2\/posts"}],"about":[{"href":"http:\/\/www.moda.es\/blog\/wp-json\/wp\/v2\/types\/post"}],"author":[{"embeddable":true,"href":"http:\/\/www.moda.es\/blog\/wp-json\/wp\/v2\/users\/3"}],"replies":[{"embeddable":true,"href":"http:\/\/www.moda.es\/blog\/wp-json\/wp\/v2\/comments?post=19544"}],"version-history":[{"count":6,"href":"http:\/\/www.moda.es\/blog\/wp-json\/wp\/v2\/posts\/19544\/revisions"}],"predecessor-version":[{"id":36108,"href":"http:\/\/www.moda.es\/blog\/wp-json\/wp\/v2\/posts\/19544\/revisions\/36108"}],"wp:featuredmedia":[{"embeddable":true,"href":"http:\/\/www.moda.es\/blog\/wp-json\/wp\/v2\/media\/19545"}],"wp:attachment":[{"href":"http:\/\/www.moda.es\/blog\/wp-json\/wp\/v2\/media?parent=19544"}],"wp:term":[{"taxonomy":"category","embeddable":true,"href":"http:\/\/www.moda.es\/blog\/wp-json\/wp\/v2\/categories?post=19544"},{"taxonomy":"post_tag","embeddable":true,"href":"http:\/\/www.moda.es\/blog\/wp-json\/wp\/v2\/tags?post=19544"}],"curies":[{"name":"wp","href":"https:\/\/api.w.org\/{rel}","templated":true}]}}