{"id":19521,"date":"2015-06-23T22:12:53","date_gmt":"2015-06-23T21:12:53","guid":{"rendered":"http:\/\/www.moda.es\/blog\/?p=19521"},"modified":"2020-04-27T16:53:52","modified_gmt":"2020-04-27T15:53:52","slug":"cual-sera-el-shopping-del-futuro","status":"publish","type":"post","link":"http:\/\/www.moda.es\/blog\/cual-sera-el-shopping-del-futuro\/","title":{"rendered":"\u00bfCu\u00e1l ser\u00e1 el shopping del futuro?"},"content":{"rendered":"<p><strong>Net-a-Porter<\/strong> cumple 15 este a\u00f1o, y no se puede negar que es una adolescente aventajada. Desde que se lanzara en <strong>2000<\/strong>, el e-tailer con sede en <strong>Londres,<\/strong> ha ampliado la familia con la creaci\u00f3n de <strong>The Outnet<\/strong> y <strong>Mr. Porter<\/strong>, ha lanzado una revista, y recientemente ha introducido ropa deportiva de lujo en su inventario, porque, ya sabes , #athleisure. As\u00ed que su \u00faltima aventura no deber\u00eda ser una sorpresa: una aplicaci\u00f3n llamada <strong>The Set Net<\/strong>.<\/p>\n<p>La aplicaci\u00f3n (disponible en el iPhone, iPad y Apple Watch) sirve esencialmente como una comunidad para <strong>usuarios conocedores de la moda,<\/strong> lo que les permitfue en el ordenador\u00a0 en el a\u00f1o 2000&#8243;, dice <strong>Natalie Massenet<\/strong>, fundadora y presidente ejecutivo de Net-a-Porter Group. \u00abEl auge de las redes sociales y los blogs de estilo ha demostrado que las mujeres de todo el mundo se inspiran en el estilo de cada uno y sus armarios.\u00bb The Net Set permitir\u00e1 a los usuarios compartir sus looks favoritos, tendencias y prendas de su armario as\u00ed como cualquier cosa que les guste\u00a0 y encuentren <strong>inspirador,<\/strong> adem\u00e1s de poder comprar al instante dichos art\u00edculos.<\/p>\n<p>La aplicaci\u00f3n llega en un momento crucial en la esfera de los medios sociales, dado el aumento de las compras en <strong>Instagram.<\/strong> En los \u00faltimos a\u00f1os, las aplicaciones de comercio m\u00f3vil como <strong>Like2Buy<\/strong> y\u00a0<strong>Like To Know It<\/strong> \u00a0 han hecho posible que los usuarios identificaran prendas en Instagram y dirigirse\u00a0 a un enlace para comprarlos.<\/p>\n<p><a href=\"https:\/\/i0.wp.com\/www.moda.es\/blog\/wp-content\/uploads\/2015\/06\/netset.jpg\"><img data-attachment-id=\"19522\" data-permalink=\"http:\/\/www.moda.es\/blog\/cual-sera-el-shopping-del-futuro\/netset\/\" data-orig-file=\"https:\/\/i0.wp.com\/www.moda.es\/blog\/wp-content\/uploads\/2015\/06\/netset.jpg?fit=650%2C653\" data-orig-size=\"650,653\" data-comments-opened=\"1\" data-image-meta=\"{&quot;aperture&quot;:&quot;0&quot;,&quot;credit&quot;:&quot;&quot;,&quot;camera&quot;:&quot;&quot;,&quot;caption&quot;:&quot;&quot;,&quot;created_timestamp&quot;:&quot;0&quot;,&quot;copyright&quot;:&quot;&quot;,&quot;focal_length&quot;:&quot;0&quot;,&quot;iso&quot;:&quot;0&quot;,&quot;shutter_speed&quot;:&quot;0&quot;,&quot;title&quot;:&quot;&quot;}\" data-image-title=\"netset\" data-image-description=\"\" data-image-caption=\"\" data-medium-file=\"https:\/\/i0.wp.com\/www.moda.es\/blog\/wp-content\/uploads\/2015\/06\/netset.jpg?fit=298%2C300\" data-large-file=\"https:\/\/i0.wp.com\/www.moda.es\/blog\/wp-content\/uploads\/2015\/06\/netset.jpg?fit=640%2C643\" loading=\"lazy\" class=\"aligncenter size-medium wp-image-19522\" alt=\"netset\" src=\"https:\/\/i0.wp.com\/www.moda.es\/blog\/wp-content\/uploads\/2015\/06\/netset.jpg?resize=298%2C300\" width=\"298\" height=\"300\" srcset=\"https:\/\/i0.wp.com\/www.moda.es\/blog\/wp-content\/uploads\/2015\/06\/netset.jpg?resize=298%2C300 298w, https:\/\/i0.wp.com\/www.moda.es\/blog\/wp-content\/uploads\/2015\/06\/netset.jpg?resize=150%2C150 150w, https:\/\/i0.wp.com\/www.moda.es\/blog\/wp-content\/uploads\/2015\/06\/netset.jpg?resize=420%2C421 420w, https:\/\/i0.wp.com\/www.moda.es\/blog\/wp-content\/uploads\/2015\/06\/netset.jpg?resize=120%2C120 120w, https:\/\/i0.wp.com\/www.moda.es\/blog\/wp-content\/uploads\/2015\/06\/netset.jpg?w=650 650w\" sizes=\"(max-width: 298px) 100vw, 298px\" data-recalc-dims=\"1\" \/><\/a><\/p>\n<p>\u00a9Fashion Magazine                             <\/p>\n","protected":false},"excerpt":{"rendered":"<p>Net-a-Porter cumple 15 este a\u00f1o, y no se puede negar que es una adolescente aventajada. Desde que se lanzara en 2000, el e-tailer con sede en Londres, ha ampliado la familia con la creaci\u00f3n de The Outnet y Mr. Porter, ha lanzado una revista, y recientemente ha introducido ropa deportiva [&hellip;]<\/p>\n","protected":false},"author":3,"featured_media":19522,"comment_status":"open","ping_status":"open","sticky":false,"template":"","format":"standard","meta":{"jetpack_publicize_message":"","jetpack_is_tweetstorm":false,"jetpack_publicize_feature_enabled":true},"categories":[3,11,14,24,29],"tags":[1251,658,880,1252],"jetpack_publicize_connections":[],"jetpack_featured_media_url":"https:\/\/i0.wp.com\/www.moda.es\/blog\/wp-content\/uploads\/2015\/06\/netset.jpg?fit=650%2C653","jetpack_sharing_enabled":true,"jetpack_shortlink":"https:\/\/wp.me\/p4tJCC-54R","jetpack-related-posts":[{"id":22208,"url":"http:\/\/www.moda.es\/blog\/la-conciencia-eco-de-yoox-net-a-porter\/","url_meta":{"origin":19521,"position":0},"title":"La conciencia eco de Yoox Net-A-Porter","date":"junio 6, 2017","format":false,"excerpt":"El Grupo Yoox Net-a-Porter -conocido como YNAP desde la fusi\u00f3n en 2015- ha anunciado que ya no vender\u00e1 pieles en ninguna de sus plataformas de comercio electr\u00f3nico, incluyendo Net-A-Porter, Porter, The Outnet y Yoox . \"El grupo inici\u00f3 su camino hacia la creaci\u00f3n de un futuro sostenible en 2009 con\u2026","rel":"","context":"En \u00abActualidad\u00bb","img":{"alt_text":"","src":"https:\/\/i0.wp.com\/www.moda.es\/blog\/wp-content\/uploads\/2017\/06\/Captura-de-pantalla-2017-06-06-a-las-23.26.36.png?fit=364%2C549&resize=350%2C200","width":350,"height":200},"classes":[]},{"id":10612,"url":"http:\/\/www.moda.es\/blog\/oscar-de-la-renta-se-va-de-rebajas\/","url_meta":{"origin":19521,"position":1},"title":"Oscar de la Renta se va de rebajas","date":"febrero 6, 2013","format":false,"excerpt":"Mientras John Galliano se \"reinserta\" en la moda en los talleres de \u00d3scar de la Renta, el due\u00f1o de los mismos se ha dedicado a otras tareas m\u00e1s paganas. Porque todas tenemos derecho a tener un de la Renta colgado en nuestro armario, el dise\u00f1ador ha creado una colecci\u00f3n c\u00e1psula\u2026","rel":"","context":"En \u00abDise\u00f1adores\u00bb","img":{"alt_text":"","src":"https:\/\/i0.wp.com\/www.moda.es\/blog\/wp-content\/uploads\/2013\/02\/Oscar-de-la-Renta-y-The-Outnet-3.jpg?fit=500%2C423&resize=350%2C200","width":350,"height":200},"classes":[]},{"id":19208,"url":"http:\/\/www.moda.es\/blog\/nuevos-tiempos-para-el-shopping-online\/","url_meta":{"origin":19521,"position":2},"title":"Nuevos tiempos para el shopping online","date":"marzo 31, 2015","format":false,"excerpt":"Fans del shopping en internet, est\u00e1is de enhorabuena: nuevos aires soplan para dos de las principales plataformas de las compras de lujo online. Net-A-Porter se est\u00e1 fusionando con Yoox, seg\u00fan se ha confirmado esta ma\u00f1ana. La fusi\u00f3n, anunciada en un comunicado por el propietario, Richemont, pone fin a meses de\u2026","rel":"","context":"En \u00abActualidad\u00bb","img":{"alt_text":"","src":"https:\/\/i0.wp.com\/www.moda.es\/blog\/wp-content\/uploads\/2015\/03\/Natalie-Massenet.jpg?fit=650%2C975&resize=350%2C200","width":350,"height":200},"classes":[]},{"id":15258,"url":"http:\/\/www.moda.es\/blog\/la-muneca-rusa\/","url_meta":{"origin":19521,"position":3},"title":"La mu\u00f1eca rusa","date":"diciembre 16, 2013","format":false,"excerpt":"Es peque\u00f1a y menuda pero no por ello es d\u00e9bil ni pasa desapercibida. Miroslava Duma, (Mira, para amigos y fans), lleva mucho tiempo reinando en los feudos del street style. Es elegante, adora las mezclas de color, tiene la estructura de una delicada mu\u00f1eca y tiene ese nosequ\u00e9 que la\u2026","rel":"","context":"En \u00abColecciones\u00bb","img":{"alt_text":"","src":"https:\/\/i0.wp.com\/www.moda.es\/blog\/wp-content\/uploads\/2013\/12\/oscar-de-la-renta-21.jpg?fit=500%2C376&resize=350%2C200","width":350,"height":200},"classes":[]},{"id":22659,"url":"http:\/\/www.moda.es\/blog\/descubre-la-coleccion-de-burberry-para-net-a-porter\/","url_meta":{"origin":19521,"position":4},"title":"Descubre la colecci\u00f3n de Burberry para Net-a-Porter","date":"octubre 20, 2017","format":false,"excerpt":"Burberry ha elegido Net-A-Porter para lanzar la primera colecci\u00f3n c\u00e1psula inspirada en su September Collection. La marca brit\u00e1nica lleva mucho tiempo colaborando con la p\u00e1gina Net-a-Porter (se lleva distribuyendo all\u00ed desde 2005, de hecho), pero esta nueva edici\u00f3n exclusiva para el boutique de lujo en l\u00ednea supone la primera vez\u2026","rel":"","context":"En \u00abColecciones\u00bb","img":{"alt_text":"","src":"https:\/\/i0.wp.com\/www.moda.es\/blog\/wp-content\/uploads\/2017\/10\/bbnap3.jpg?fit=1020%2C1064&resize=350%2C200","width":350,"height":200},"classes":[]},{"id":17650,"url":"http:\/\/www.moda.es\/blog\/felicidades-the-outnet\/","url_meta":{"origin":19521,"position":5},"title":"Felicidades, The Outnet","date":"mayo 12, 2014","format":false,"excerpt":"\u00bfA qui\u00e9n no le gusta un cumplea\u00f1os? Sin duda es mi celebraci\u00f3n preferida y no s\u00f3lo cuando se trata de mi d\u00eda sino cuando mis marcas preferidas hacen su propia fiesta de aniversario. The Outnet, una de las grandes del estilo on line, celebra su quinto aniversario de forma muy\u2026","rel":"","context":"En \u00abActualidad\u00bb","img":{"alt_text":"","src":"https:\/\/i0.wp.com\/www.moda.es\/blog\/wp-content\/uploads\/2014\/05\/The-Outnet-2.jpg?fit=650%2C566&resize=350%2C200","width":350,"height":200},"classes":[]}],"_links":{"self":[{"href":"http:\/\/www.moda.es\/blog\/wp-json\/wp\/v2\/posts\/19521"}],"collection":[{"href":"http:\/\/www.moda.es\/blog\/wp-json\/wp\/v2\/posts"}],"about":[{"href":"http:\/\/www.moda.es\/blog\/wp-json\/wp\/v2\/types\/post"}],"author":[{"embeddable":true,"href":"http:\/\/www.moda.es\/blog\/wp-json\/wp\/v2\/users\/3"}],"replies":[{"embeddable":true,"href":"http:\/\/www.moda.es\/blog\/wp-json\/wp\/v2\/comments?post=19521"}],"version-history":[{"count":6,"href":"http:\/\/www.moda.es\/blog\/wp-json\/wp\/v2\/posts\/19521\/revisions"}],"predecessor-version":[{"id":36113,"href":"http:\/\/www.moda.es\/blog\/wp-json\/wp\/v2\/posts\/19521\/revisions\/36113"}],"wp:featuredmedia":[{"embeddable":true,"href":"http:\/\/www.moda.es\/blog\/wp-json\/wp\/v2\/media\/19522"}],"wp:attachment":[{"href":"http:\/\/www.moda.es\/blog\/wp-json\/wp\/v2\/media?parent=19521"}],"wp:term":[{"taxonomy":"category","embeddable":true,"href":"http:\/\/www.moda.es\/blog\/wp-json\/wp\/v2\/categories?post=19521"},{"taxonomy":"post_tag","embeddable":true,"href":"http:\/\/www.moda.es\/blog\/wp-json\/wp\/v2\/tags?post=19521"}],"curies":[{"name":"wp","href":"https:\/\/api.w.org\/{rel}","templated":true}]}}