{"id":19489,"date":"2015-06-10T22:46:15","date_gmt":"2015-06-10T21:46:15","guid":{"rendered":"http:\/\/www.moda.es\/blog\/?p=19489"},"modified":"2020-04-27T16:54:39","modified_gmt":"2020-04-27T15:54:39","slug":"madame-carven-fallece-a-los-105-anos","status":"publish","type":"post","link":"http:\/\/www.moda.es\/blog\/madame-carven-fallece-a-los-105-anos\/","title":{"rendered":"Madame Carven fallece a los 105 a\u00f1os"},"content":{"rendered":"<p>La modista francesa y fundadora de la casa de moda <strong>Carven,<\/strong> <strong>Madame Carven<\/strong>, ha muerto a la edad de 105 hoy en Par\u00eds, seg\u00fan ha infomardo WWD.<\/p>\n<p>Con el nombre de <strong>Carmen de Tommaso,<\/strong> la ic\u00f3nica dise\u00f1adora fund\u00f3 su casa de moda en <strong>1945<\/strong> con la esperanza de vestir mujeres menudas, que reflejaban su particular y peque\u00f1a silueta. El nombre &#8216;Carven&#8217; fue creado mediante la combinaci\u00f3n de la primera mitad del nombre del dise\u00f1ador, Carmen, con el apellido de su t\u00eda <strong>Josy Boyriven<\/strong>, quien fue la primera en introducirla en el mundo de la <strong>Alta Costura.<\/strong><\/p>\n<p>La creadora o entr\u00f3 en el mundo de la moda durante la recuperaci\u00f3n de la <strong>Segunda Guerra Mundial<\/strong> y se hizo popular por vestir al estilo de<strong> Edith Piaf, Leslie Caron y Mich\u00e8le Morgan.<\/strong> Madame Carven viaj\u00f3 por el mundo con sus colecciones como una de las primeras modistas francesas organizando desfiles de moda en destinos\u00a0 como <strong>Brasil, Singapur, M\u00e9jico, Tailandia o Marruecos<\/strong> entre otros. En 1955 la casa de moda lanz\u00f3 Carven Junior junto con una serie de acuerdos de licencia. Esto llev\u00f3 a Madame a empezar a crar uniformes para m\u00e1s de 20 aerol\u00edneas diferentes, as\u00ed como para las guardias de tr\u00e1fico femeninas de Par\u00eds. A lo largo de la carrera de Madame Carven, dirigi\u00f3 la casa tanto en el campo de la moda como en perfumes, moda nupcial y accesorios e incluso se le ha acreditado como patente del<strong> sujetador push-up,<\/strong> que se dise\u00f1\u00f3 originalmente para los corpi\u00f1os interiores de los vestidos de Alta Costura.<\/p>\n<p>En 2009, Madame Carven fue nombrada <strong>Comandante de la Legi\u00f3n de Honor<\/strong>, la m\u00e1s alta distinci\u00f3n de Francia para un civil, como reconocimiento a su inmenso impacto tanto en el mundo de la moda como de\u00a0 la cultura francesa.<\/p>\n<p><a href=\"https:\/\/i0.wp.com\/www.moda.es\/blog\/wp-content\/uploads\/2015\/06\/carven.jpg\"><img data-attachment-id=\"19490\" data-permalink=\"http:\/\/www.moda.es\/blog\/madame-carven-fallece-a-los-105-anos\/carven-6\/\" data-orig-file=\"https:\/\/i0.wp.com\/www.moda.es\/blog\/wp-content\/uploads\/2015\/06\/carven.jpg?fit=650%2C650\" data-orig-size=\"650,650\" data-comments-opened=\"1\" data-image-meta=\"{&quot;aperture&quot;:&quot;0&quot;,&quot;credit&quot;:&quot;&quot;,&quot;camera&quot;:&quot;&quot;,&quot;caption&quot;:&quot;&quot;,&quot;created_timestamp&quot;:&quot;0&quot;,&quot;copyright&quot;:&quot;&quot;,&quot;focal_length&quot;:&quot;0&quot;,&quot;iso&quot;:&quot;0&quot;,&quot;shutter_speed&quot;:&quot;0&quot;,&quot;title&quot;:&quot;&quot;}\" data-image-title=\"carven\" data-image-description=\"\" data-image-caption=\"\" data-medium-file=\"https:\/\/i0.wp.com\/www.moda.es\/blog\/wp-content\/uploads\/2015\/06\/carven.jpg?fit=300%2C300\" data-large-file=\"https:\/\/i0.wp.com\/www.moda.es\/blog\/wp-content\/uploads\/2015\/06\/carven.jpg?fit=640%2C640\" loading=\"lazy\" class=\"aligncenter size-medium wp-image-19490\" alt=\"carven\" src=\"https:\/\/i0.wp.com\/www.moda.es\/blog\/wp-content\/uploads\/2015\/06\/carven.jpg?resize=300%2C300\" width=\"300\" height=\"300\" srcset=\"https:\/\/i0.wp.com\/www.moda.es\/blog\/wp-content\/uploads\/2015\/06\/carven.jpg?resize=300%2C300 300w, https:\/\/i0.wp.com\/www.moda.es\/blog\/wp-content\/uploads\/2015\/06\/carven.jpg?resize=150%2C150 150w, https:\/\/i0.wp.com\/www.moda.es\/blog\/wp-content\/uploads\/2015\/06\/carven.jpg?resize=420%2C420 420w, https:\/\/i0.wp.com\/www.moda.es\/blog\/wp-content\/uploads\/2015\/06\/carven.jpg?resize=120%2C120 120w, https:\/\/i0.wp.com\/www.moda.es\/blog\/wp-content\/uploads\/2015\/06\/carven.jpg?w=650 650w\" sizes=\"(max-width: 300px) 100vw, 300px\" data-recalc-dims=\"1\" \/><\/a><\/p>\n<p>&nbsp;<\/p>\n<p>\u00a9Harper&#8217;s Bazaar                             <\/p>\n","protected":false},"excerpt":{"rendered":"<p>La modista francesa y fundadora de la casa de moda Carven, Madame Carven, ha muerto a la edad de 105 hoy en Par\u00eds, seg\u00fan ha infomardo WWD. Con el nombre de Carmen de Tommaso, la ic\u00f3nica dise\u00f1adora fund\u00f3 su casa de moda en 1945 con la esperanza de vestir mujeres [&hellip;]<\/p>\n","protected":false},"author":3,"featured_media":19490,"comment_status":"open","ping_status":"open","sticky":false,"template":"","format":"standard","meta":{"jetpack_publicize_message":"","jetpack_is_tweetstorm":false,"jetpack_publicize_feature_enabled":true},"categories":[3,11,12],"tags":[],"jetpack_publicize_connections":[],"jetpack_featured_media_url":"https:\/\/i0.wp.com\/www.moda.es\/blog\/wp-content\/uploads\/2015\/06\/carven.jpg?fit=650%2C650","jetpack_sharing_enabled":true,"jetpack_shortlink":"https:\/\/wp.me\/p4tJCC-54l","jetpack-related-posts":[{"id":21715,"url":"http:\/\/www.moda.es\/blog\/tenemos-nuevo-fichaje-en-carven\/","url_meta":{"origin":19489,"position":0},"title":"Tenemos nuevo fichaje en Carven","date":"enero 20, 2017","format":false,"excerpt":"Carven ha designado a Serge Ruffieux como su nuevo director creativo, tras la salida del d\u00fao de dise\u00f1o Alexis Martial y Adrien Caillaudaud en octubre del a\u00f1o pasado. Ruffieux procede de Christian Dior, donde ha estado durante casi 10 a\u00f1os, recientemente como dise\u00f1ador jefe de las colecciones de pr\u00eat-\u00e0-porter de\u2026","rel":"","context":"En \u00abActualidad\u00bb","img":{"alt_text":"","src":"https:\/\/i0.wp.com\/www.moda.es\/blog\/wp-content\/uploads\/2017\/01\/Captura-de-pantalla-2017-01-19-a-las-23.27.14.png?fit=528%2C524&resize=350%2C200","width":350,"height":200},"classes":[]},{"id":19093,"url":"http:\/\/www.moda.es\/blog\/la-nueva-etapa-de-carven\/","url_meta":{"origin":19489,"position":1},"title":"La nueva etapa de Carven","date":"marzo 2, 2015","format":false,"excerpt":"La moda es el juego de las tendencias pero como ya sabemos, tambi\u00e9n es el juego de las sillas. Alexis Marcial y Adrien Caillaudaud son los nuevos directores art\u00edsticos de Carven. La pareja suceder\u00e1 a Guillaume Henry, quien anunci\u00f3 su salida de la casa de moda francesa en octubre para\u2026","rel":"","context":"En \u00abDestacados\u00bb","img":{"alt_text":"","src":"https:\/\/i0.wp.com\/www.moda.es\/blog\/wp-content\/uploads\/2015\/03\/carven.jpg?fit=650%2C650&resize=350%2C200","width":350,"height":200},"classes":[]},{"id":19985,"url":"http:\/\/www.moda.es\/blog\/descubre-la-coleccion-de-carven-para-la-redoute\/","url_meta":{"origin":19489,"position":2},"title":"Descubre la colecci\u00f3n de Carven para La Redoute","date":"noviembre 16, 2015","format":false,"excerpt":"Carven ha colaborado con La Redoute en la creaci\u00f3n de una colecci\u00f3n c\u00e1psula que saldr\u00e1 a la venta en enero de 2016. La colecci\u00f3n, que ser\u00e1 dise\u00f1ada por el d\u00fao creativo Adrien Caillaudaud y Alexis Marcial, se ha inspirado en los uniformes de las azafatas \u00a0de aviaci\u00f3n que fueron creados\u2026","rel":"","context":"En \u00abColecciones\u00bb","img":{"alt_text":"","src":"https:\/\/i0.wp.com\/www.moda.es\/blog\/wp-content\/uploads\/2015\/11\/Captura-de-pantalla-2015-11-16-a-las-23.00.00.png?fit=559%2C362&resize=350%2C200","width":350,"height":200},"classes":[]},{"id":21338,"url":"http:\/\/www.moda.es\/blog\/alexis-martial-y-adrien-caillaudad-salen-de-carven\/","url_meta":{"origin":19489,"position":3},"title":"Alexis Martial y Adrien Caillaudad salen de Carven","date":"noviembre 12, 2016","format":false,"excerpt":"La \u00faltima colecci\u00f3n de Carven que Alexis Martial y Adrien Caillaudaud\u00a0presentaron en la pasarela Primavera - Verano 2017 de vestidos de mu\u00f1eca y medias llena de color\u00a0tambi\u00e9n marca su despedida de la casa francesa. La pareja de dise\u00f1adores abandona la casa, seg\u00fan un comunicado, \"de mutuo acuerdo\". Marcial y Caillaudaud\u2026","rel":"","context":"En \u00abActualidad\u00bb","img":{"alt_text":"","src":"https:\/\/i0.wp.com\/www.moda.es\/blog\/wp-content\/uploads\/2016\/11\/Captura-de-pantalla-2016-11-12-a-las-17.53.25.png?fit=439%2C473&resize=350%2C200","width":350,"height":200},"classes":[]},{"id":18349,"url":"http:\/\/www.moda.es\/blog\/soplan-vientos-de-cambio\/","url_meta":{"origin":19489,"position":4},"title":"Soplan vientos de cambio","date":"octubre 3, 2014","format":false,"excerpt":"Porque no hay temporada que se precie sin alg\u00fan juego de sillas, el oto\u00f1o se estrena con nuevos anuncios de esos que nos hacen olvidar las colecciones que estrenamos y nos llenan de expectativas por ver las nuevas. Guillaume Henry est\u00e1 quit\u00e1ndose el sombrero para Carven y suenan rumores de\u2026","rel":"","context":"En \u00abActualidad\u00bb","img":{"alt_text":"","src":"https:\/\/i0.wp.com\/www.moda.es\/blog\/wp-content\/uploads\/2014\/10\/carven3.jpg?fit=650%2C650&resize=350%2C200","width":350,"height":200},"classes":[]},{"id":18391,"url":"http:\/\/www.moda.es\/blog\/oscar-de-la-renta-ya-tiene-director-creativo\/","url_meta":{"origin":19489,"position":5},"title":"Oscar de la Renta ya tiene director creativo","date":"octubre 14, 2014","format":false,"excerpt":"...y ese hombre es Peter Copping. Y contrariamente a lo que en un primer momento podr\u00edamos pensar este no es un fichaje m\u00e1s en el juego de las sillas de la moda si tenemos en cuenta que Copping es el primer director creativo en una marca que hasta ahora ha\u2026","rel":"","context":"En \u00abActualidad\u00bb","img":{"alt_text":"","src":"https:\/\/i0.wp.com\/www.moda.es\/blog\/wp-content\/uploads\/2014\/10\/oscardelarenta.jpg?fit=650%2C545&resize=350%2C200","width":350,"height":200},"classes":[]}],"_links":{"self":[{"href":"http:\/\/www.moda.es\/blog\/wp-json\/wp\/v2\/posts\/19489"}],"collection":[{"href":"http:\/\/www.moda.es\/blog\/wp-json\/wp\/v2\/posts"}],"about":[{"href":"http:\/\/www.moda.es\/blog\/wp-json\/wp\/v2\/types\/post"}],"author":[{"embeddable":true,"href":"http:\/\/www.moda.es\/blog\/wp-json\/wp\/v2\/users\/3"}],"replies":[{"embeddable":true,"href":"http:\/\/www.moda.es\/blog\/wp-json\/wp\/v2\/comments?post=19489"}],"version-history":[{"count":6,"href":"http:\/\/www.moda.es\/blog\/wp-json\/wp\/v2\/posts\/19489\/revisions"}],"predecessor-version":[{"id":36118,"href":"http:\/\/www.moda.es\/blog\/wp-json\/wp\/v2\/posts\/19489\/revisions\/36118"}],"wp:featuredmedia":[{"embeddable":true,"href":"http:\/\/www.moda.es\/blog\/wp-json\/wp\/v2\/media\/19490"}],"wp:attachment":[{"href":"http:\/\/www.moda.es\/blog\/wp-json\/wp\/v2\/media?parent=19489"}],"wp:term":[{"taxonomy":"category","embeddable":true,"href":"http:\/\/www.moda.es\/blog\/wp-json\/wp\/v2\/categories?post=19489"},{"taxonomy":"post_tag","embeddable":true,"href":"http:\/\/www.moda.es\/blog\/wp-json\/wp\/v2\/tags?post=19489"}],"curies":[{"name":"wp","href":"https:\/\/api.w.org\/{rel}","templated":true}]}}