{"id":19408,"date":"2015-05-22T22:25:03","date_gmt":"2015-05-22T21:25:03","guid":{"rendered":"http:\/\/www.moda.es\/blog\/?p=19408"},"modified":"2020-04-27T16:56:21","modified_gmt":"2020-04-27T15:56:21","slug":"el-bolso-mas-deseado-del-momento","status":"publish","type":"post","link":"http:\/\/www.moda.es\/blog\/el-bolso-mas-deseado-del-momento\/","title":{"rendered":"El bolso m\u00e1s deseado del momento&#8230;"},"content":{"rendered":"<p>&#8230;lo firma <strong>Mansur Gavriel<\/strong>. Y a menos que seas un \u00e1vido seguidor de la moda, es posible que nunca hayas o\u00eddo este nombre.<\/p>\n<p>Fundada en 2012, la marca con sede en<strong> Nueva York<\/strong>, es el hom\u00f3nimo de <strong>Rachel Mansur<\/strong> y <strong>Floriana Gavriel<\/strong>. Un d\u00fao de dise\u00f1adoras que se conocieron en un concierto de <strong>The XX<\/strong> en 2010 y r\u00e1pidamente descubrieron que compart\u00edan el sue\u00f1o de <strong>desarrollar una marca desde cero.<\/strong><\/p>\n<p><a href=\"https:\/\/i0.wp.com\/www.moda.es\/blog\/wp-content\/uploads\/2015\/05\/mg4.jpg\"><img data-attachment-id=\"19409\" data-permalink=\"http:\/\/www.moda.es\/blog\/el-bolso-mas-deseado-del-momento\/mg4\/\" data-orig-file=\"https:\/\/i0.wp.com\/www.moda.es\/blog\/wp-content\/uploads\/2015\/05\/mg4.jpg?fit=650%2C548\" data-orig-size=\"650,548\" data-comments-opened=\"1\" data-image-meta=\"{&quot;aperture&quot;:&quot;0&quot;,&quot;credit&quot;:&quot;&quot;,&quot;camera&quot;:&quot;&quot;,&quot;caption&quot;:&quot;&quot;,&quot;created_timestamp&quot;:&quot;0&quot;,&quot;copyright&quot;:&quot;&quot;,&quot;focal_length&quot;:&quot;0&quot;,&quot;iso&quot;:&quot;0&quot;,&quot;shutter_speed&quot;:&quot;0&quot;,&quot;title&quot;:&quot;&quot;}\" data-image-title=\"mg4\" data-image-description=\"\" data-image-caption=\"\" data-medium-file=\"https:\/\/i0.wp.com\/www.moda.es\/blog\/wp-content\/uploads\/2015\/05\/mg4.jpg?fit=300%2C252\" data-large-file=\"https:\/\/i0.wp.com\/www.moda.es\/blog\/wp-content\/uploads\/2015\/05\/mg4.jpg?fit=640%2C540\" loading=\"lazy\" class=\"aligncenter size-medium wp-image-19409\" alt=\"mg4\" src=\"https:\/\/i0.wp.com\/www.moda.es\/blog\/wp-content\/uploads\/2015\/05\/mg4.jpg?resize=300%2C252\" width=\"300\" height=\"252\" srcset=\"https:\/\/i0.wp.com\/www.moda.es\/blog\/wp-content\/uploads\/2015\/05\/mg4.jpg?resize=300%2C252 300w, https:\/\/i0.wp.com\/www.moda.es\/blog\/wp-content\/uploads\/2015\/05\/mg4.jpg?resize=420%2C354 420w, https:\/\/i0.wp.com\/www.moda.es\/blog\/wp-content\/uploads\/2015\/05\/mg4.jpg?w=650 650w\" sizes=\"(max-width: 300px) 100vw, 300px\" data-recalc-dims=\"1\" \/><\/a><\/p>\n<p>\u00abTanto Floriana como yo sent\u00edamos que no pod\u00edamos encontrar un bolso <strong>bonito y cl\u00e1sico<\/strong> por debajo del rango de precio de los dise\u00f1adores,\u00bb aseguraba Rachel en 2013. As\u00ed naci\u00f3 su gama de bolsos de cuero sencillos y funcionales: una estrucutra con forma de cubo, muy espacioso y cerrado con un cord\u00f3n, con el forro en color rojo brillante (exterior negro, rojo interior es el combo insignia) y un discreto logo en relieve &#8216;Mansur Gavriel&#8217; en dorado. \u00bfEl precio? Unos <strong>400 euros<\/strong> aproximadamente.<\/p>\n<p><a href=\"https:\/\/i0.wp.com\/www.moda.es\/blog\/wp-content\/uploads\/2015\/05\/mg1.jpg\"><img data-attachment-id=\"19410\" data-permalink=\"http:\/\/www.moda.es\/blog\/el-bolso-mas-deseado-del-momento\/mg1\/\" data-orig-file=\"https:\/\/i0.wp.com\/www.moda.es\/blog\/wp-content\/uploads\/2015\/05\/mg1.jpg?fit=650%2C611\" data-orig-size=\"650,611\" data-comments-opened=\"1\" data-image-meta=\"{&quot;aperture&quot;:&quot;0&quot;,&quot;credit&quot;:&quot;&quot;,&quot;camera&quot;:&quot;&quot;,&quot;caption&quot;:&quot;&quot;,&quot;created_timestamp&quot;:&quot;0&quot;,&quot;copyright&quot;:&quot;&quot;,&quot;focal_length&quot;:&quot;0&quot;,&quot;iso&quot;:&quot;0&quot;,&quot;shutter_speed&quot;:&quot;0&quot;,&quot;title&quot;:&quot;&quot;}\" data-image-title=\"mg1\" data-image-description=\"\" data-image-caption=\"\" data-medium-file=\"https:\/\/i0.wp.com\/www.moda.es\/blog\/wp-content\/uploads\/2015\/05\/mg1.jpg?fit=300%2C282\" data-large-file=\"https:\/\/i0.wp.com\/www.moda.es\/blog\/wp-content\/uploads\/2015\/05\/mg1.jpg?fit=640%2C602\" loading=\"lazy\" class=\"aligncenter size-medium wp-image-19410\" alt=\"mg1\" src=\"https:\/\/i0.wp.com\/www.moda.es\/blog\/wp-content\/uploads\/2015\/05\/mg1.jpg?resize=300%2C282\" width=\"300\" height=\"282\" srcset=\"https:\/\/i0.wp.com\/www.moda.es\/blog\/wp-content\/uploads\/2015\/05\/mg1.jpg?resize=300%2C282 300w, https:\/\/i0.wp.com\/www.moda.es\/blog\/wp-content\/uploads\/2015\/05\/mg1.jpg?resize=420%2C394 420w, https:\/\/i0.wp.com\/www.moda.es\/blog\/wp-content\/uploads\/2015\/05\/mg1.jpg?w=650 650w\" sizes=\"(max-width: 300px) 100vw, 300px\" data-recalc-dims=\"1\" \/><\/a><\/p>\n<p>Hab\u00eda nacido una estrella. El bolso se agot\u00f3 r\u00e1pidamente en todas partes\u00a0 convirti\u00e9ndose en algo as\u00ed como un elemento de culto, una<strong> haza\u00f1a impresionante<\/strong> para un producto sin una casa de moda importante detr\u00e1s.<br \/>\nEsto ocurri\u00f3 hace casi dos a\u00f1os y la demanda no ha disminuido.<strong> Lyst.com<\/strong> plataforma online con m\u00e1s de 11.000 minoristas y dise\u00f1adores asociados ha revelado que desde el inicio de 2015, <strong>56.732 clientes<\/strong> han tratado de comprar el bolso.<\/p>\n<p><a href=\"https:\/\/i0.wp.com\/www.moda.es\/blog\/wp-content\/uploads\/2015\/05\/mg3.jpg\"><img data-attachment-id=\"19411\" data-permalink=\"http:\/\/www.moda.es\/blog\/el-bolso-mas-deseado-del-momento\/mg3\/\" data-orig-file=\"https:\/\/i0.wp.com\/www.moda.es\/blog\/wp-content\/uploads\/2015\/05\/mg3.jpg?fit=650%2C650\" data-orig-size=\"650,650\" data-comments-opened=\"1\" data-image-meta=\"{&quot;aperture&quot;:&quot;0&quot;,&quot;credit&quot;:&quot;&quot;,&quot;camera&quot;:&quot;&quot;,&quot;caption&quot;:&quot;&quot;,&quot;created_timestamp&quot;:&quot;0&quot;,&quot;copyright&quot;:&quot;&quot;,&quot;focal_length&quot;:&quot;0&quot;,&quot;iso&quot;:&quot;0&quot;,&quot;shutter_speed&quot;:&quot;0&quot;,&quot;title&quot;:&quot;&quot;}\" data-image-title=\"mg3\" data-image-description=\"\" data-image-caption=\"\" data-medium-file=\"https:\/\/i0.wp.com\/www.moda.es\/blog\/wp-content\/uploads\/2015\/05\/mg3.jpg?fit=300%2C300\" data-large-file=\"https:\/\/i0.wp.com\/www.moda.es\/blog\/wp-content\/uploads\/2015\/05\/mg3.jpg?fit=640%2C640\" loading=\"lazy\" class=\"aligncenter size-medium wp-image-19411\" alt=\"mg3\" src=\"https:\/\/i0.wp.com\/www.moda.es\/blog\/wp-content\/uploads\/2015\/05\/mg3.jpg?resize=300%2C300\" width=\"300\" height=\"300\" srcset=\"https:\/\/i0.wp.com\/www.moda.es\/blog\/wp-content\/uploads\/2015\/05\/mg3.jpg?resize=300%2C300 300w, https:\/\/i0.wp.com\/www.moda.es\/blog\/wp-content\/uploads\/2015\/05\/mg3.jpg?resize=150%2C150 150w, https:\/\/i0.wp.com\/www.moda.es\/blog\/wp-content\/uploads\/2015\/05\/mg3.jpg?resize=420%2C420 420w, https:\/\/i0.wp.com\/www.moda.es\/blog\/wp-content\/uploads\/2015\/05\/mg3.jpg?resize=120%2C120 120w, https:\/\/i0.wp.com\/www.moda.es\/blog\/wp-content\/uploads\/2015\/05\/mg3.jpg?w=650 650w\" sizes=\"(max-width: 300px) 100vw, 300px\" data-recalc-dims=\"1\" \/><\/a><br \/>\nLa demanda es tan alta que por cada bolso\u00a0 disponible, <strong>288 personas<\/strong> tratan de comprarlo. Eso hace que sea <strong>casi 30 veces m\u00e1s popular<\/strong> que cualquier otro ofrecido por el resto de marcas y creadores de Lyst.<\/p>\n<p>\u00bfPero qu\u00e9 hace que su atractivo sea tan fuerte? El precio es sin duda algo clave, pues un bolso de tama\u00f1o y forma similares en Gucci cuesta m\u00e1s de 1.500 euros y este es igual de deseable que el italiano.<\/p>\n<p>\u00abEn el dise\u00f1o de la colecci\u00f3n decidimos invertir en la calidad del cuero y la artesan\u00eda, y minimizar los costes en otros aspectos. Simplificamos con el fin de acentuar la calidad y mantener el precio asequible\u00bb, explic\u00f3 Rachel.<\/p>\n<p>Debido a su \u00e9xito, este sencillo modelo ya est\u00e1 disponible en una versi\u00f3n mini y en todo un arco iris de colores,\u00a0 as\u00ed como en una versi\u00f3n de <strong>lona,<\/strong> en forma de<strong><em> tote bag<\/em> <\/strong>y de <strong>mochila.<\/strong><\/p>\n<p><a href=\"https:\/\/i0.wp.com\/www.moda.es\/blog\/wp-content\/uploads\/2015\/05\/mg2.jpg\"><img data-attachment-id=\"19412\" data-permalink=\"http:\/\/www.moda.es\/blog\/el-bolso-mas-deseado-del-momento\/mg2\/\" data-orig-file=\"https:\/\/i0.wp.com\/www.moda.es\/blog\/wp-content\/uploads\/2015\/05\/mg2.jpg?fit=650%2C650\" data-orig-size=\"650,650\" data-comments-opened=\"1\" data-image-meta=\"{&quot;aperture&quot;:&quot;0&quot;,&quot;credit&quot;:&quot;&quot;,&quot;camera&quot;:&quot;&quot;,&quot;caption&quot;:&quot;&quot;,&quot;created_timestamp&quot;:&quot;0&quot;,&quot;copyright&quot;:&quot;&quot;,&quot;focal_length&quot;:&quot;0&quot;,&quot;iso&quot;:&quot;0&quot;,&quot;shutter_speed&quot;:&quot;0&quot;,&quot;title&quot;:&quot;&quot;}\" data-image-title=\"mg2\" data-image-description=\"\" data-image-caption=\"\" data-medium-file=\"https:\/\/i0.wp.com\/www.moda.es\/blog\/wp-content\/uploads\/2015\/05\/mg2.jpg?fit=300%2C300\" data-large-file=\"https:\/\/i0.wp.com\/www.moda.es\/blog\/wp-content\/uploads\/2015\/05\/mg2.jpg?fit=640%2C640\" loading=\"lazy\" class=\"aligncenter size-medium wp-image-19412\" alt=\"mg2\" src=\"https:\/\/i0.wp.com\/www.moda.es\/blog\/wp-content\/uploads\/2015\/05\/mg2.jpg?resize=300%2C300\" width=\"300\" height=\"300\" srcset=\"https:\/\/i0.wp.com\/www.moda.es\/blog\/wp-content\/uploads\/2015\/05\/mg2.jpg?resize=300%2C300 300w, https:\/\/i0.wp.com\/www.moda.es\/blog\/wp-content\/uploads\/2015\/05\/mg2.jpg?resize=150%2C150 150w, https:\/\/i0.wp.com\/www.moda.es\/blog\/wp-content\/uploads\/2015\/05\/mg2.jpg?resize=420%2C420 420w, https:\/\/i0.wp.com\/www.moda.es\/blog\/wp-content\/uploads\/2015\/05\/mg2.jpg?resize=120%2C120 120w, https:\/\/i0.wp.com\/www.moda.es\/blog\/wp-content\/uploads\/2015\/05\/mg2.jpg?w=650 650w\" sizes=\"(max-width: 300px) 100vw, 300px\" data-recalc-dims=\"1\" \/><\/a><\/p>\n<p>Si quieres el tuyo&#8230; ve haciendo cola&#8230;                             <\/p>\n","protected":false},"excerpt":{"rendered":"<p>&#8230;lo firma Mansur Gavriel. Y a menos que seas un \u00e1vido seguidor de la moda, es posible que nunca hayas o\u00eddo este nombre. Fundada en 2012, la marca con sede en Nueva York, es el hom\u00f3nimo de Rachel Mansur y Floriana Gavriel. Un d\u00fao de dise\u00f1adoras que se conocieron en [&hellip;]<\/p>\n","protected":false},"author":3,"featured_media":19409,"comment_status":"open","ping_status":"open","sticky":false,"template":"","format":"standard","meta":{"jetpack_publicize_message":"","jetpack_is_tweetstorm":false,"jetpack_publicize_feature_enabled":true},"categories":[2,3,11,12,14],"tags":[1238],"jetpack_publicize_connections":[],"jetpack_featured_media_url":"https:\/\/i0.wp.com\/www.moda.es\/blog\/wp-content\/uploads\/2015\/05\/mg4.jpg?fit=650%2C548","jetpack_sharing_enabled":true,"jetpack_shortlink":"https:\/\/wp.me\/p4tJCC-532","jetpack-related-posts":[{"id":20299,"url":"http:\/\/www.moda.es\/blog\/los-zapatos-de-mansur-gavriel-ya-estan-aqui\/","url_meta":{"origin":19408,"position":0},"title":"Los zapatos de Mansur Gavriel ya est\u00e1n aqu\u00ed","date":"febrero 10, 2016","format":false,"excerpt":"Los\u00a0bolsos de culto de Mansur Gavriel\u00a0captaron\u00a0la atenci\u00f3n del mundo de la moda hace poco m\u00e1s de un a\u00f1o, convirti\u00e9ndose en un \u00e9xito instant\u00e1neo. Ahora ha llegado el momento de dar un paso m\u00e1s,\u00a0en exclusiva para\u00a0en Net-A-Porter, sus creadoras han presentado su primera colecci\u00f3n de zapatos. Una colecci\u00f3n de l\u00edneas sencillas,\u2026","rel":"","context":"En \u00abAccesorios\u00bb","img":{"alt_text":"","src":"https:\/\/i0.wp.com\/www.moda.es\/blog\/wp-content\/uploads\/2016\/02\/Captura-de-pantalla-2016-02-10-a-las-22.19.18.png?fit=457%2C336&resize=350%2C200","width":350,"height":200},"classes":[]},{"id":21939,"url":"http:\/\/www.moda.es\/blog\/ya-tenemos-lista-de-nominados-para-los-premios-cfda\/","url_meta":{"origin":19408,"position":1},"title":"Ya tenemos lista de nominados para los Premios CFDA","date":"marzo 24, 2017","format":false,"excerpt":"Al fin se han anunciado las nominaciones a los premios de la Moda CFDA 2017, y Demna Gvasalia, Gloria Steinem y Franca Sozzani est\u00e1n entre los nombres honor\u00edficos. Aunque la mayor\u00eda de los ganadores no ser\u00e1n revelados hasta el 5 de junio, algunos ya han sido anunciados. Rick Owens ha\u2026","rel":"","context":"En \u00abActualidad\u00bb","img":{"alt_text":"","src":"https:\/\/i0.wp.com\/www.moda.es\/blog\/wp-content\/uploads\/2017\/03\/Captura-de-pantalla-2017-03-24-a-las-17.34.06.png?fit=364%2C546&resize=350%2C200","width":350,"height":200},"classes":[]},{"id":19441,"url":"http:\/\/www.moda.es\/blog\/las-gemelas-olsen-repiten-como-ganadores-en-los-cfda\/","url_meta":{"origin":19408,"position":2},"title":"Las gemelas Olsen, repiten como ganadores en los CFDA","date":"junio 2, 2015","format":false,"excerpt":"Mary-Kate y Ashley Olsen han recogido su tercer premio CFDA por su marca de ropa de mujer The Row, ayer. El d\u00fao, que gan\u00f3 el premio a la mejor colecci\u00f3n de accesorios del a\u00f1o pasado, y el premio a la mejor colecci\u00f3n de ropa de mujer en 2012, triunfaron a\u2026","rel":"","context":"En \u00abActualidad\u00bb","img":{"alt_text":"","src":"https:\/\/i0.wp.com\/www.moda.es\/blog\/wp-content\/uploads\/2015\/06\/olsens.jpg?fit=650%2C975&resize=350%2C200","width":350,"height":200},"classes":[]},{"id":22364,"url":"http:\/\/www.moda.es\/blog\/kaia-gerber-disena-un-bolso-para-marc-jacobs\/","url_meta":{"origin":19408,"position":3},"title":"Kaia Gerber dise\u00f1a un bolso para Marc Jacobs","date":"julio 24, 2017","format":false,"excerpt":"Kaia Gerber tiene s\u00f3lo 15 a\u00f1os de edad, pero ya es una estrella importante en el mundo del fashion business. Aparte de convertirse en un icono de la moda, como las modelos Gigi Hadid, Kendall Jenner, y la propia madre de Kaia, Cindy Crawford,\u00a0ya puede permitirse decidir con qu\u00e9 marcas\u2026","rel":"","context":"En \u00abAccesorios\u00bb","img":{"alt_text":"","src":"https:\/\/i0.wp.com\/www.moda.es\/blog\/wp-content\/uploads\/2017\/07\/Captura-de-pantalla-2017-07-24-a-las-23.45.44.png?fit=519%2C467&resize=350%2C200","width":350,"height":200},"classes":[]},{"id":19859,"url":"http:\/\/www.moda.es\/blog\/stella-mccartney-contra-steve-madden\/","url_meta":{"origin":19408,"position":4},"title":"Stella McCartney contra Steve Madden","date":"octubre 9, 2015","format":false,"excerpt":"Frente a una audiencia repleta durante el Vogue Festival, la dise\u00f1adora Stella McCartney revel\u00f3 que se sent\u00eda muy halagada por haber encontrado varias imitaciones de sus bolsos y brome\u00f3 diciendo que si sus dise\u00f1os eran lo suficientemente deseables para ser copiados, entonces es que definitivamente estaba haciendo algo bien .\u2026","rel":"","context":"En \u00abAccesorios\u00bb","img":{"alt_text":"","src":"https:\/\/i0.wp.com\/www.moda.es\/blog\/wp-content\/uploads\/2015\/10\/Captura-de-pantalla-2015-10-09-a-las-21.55.25.png?fit=365%2C585&resize=350%2C200","width":350,"height":200},"classes":[]},{"id":14738,"url":"http:\/\/www.moda.es\/blog\/fendibug\/","url_meta":{"origin":19408,"position":5},"title":"Descubre a Bug, el \u00faltimo capricho de Fendi","date":"noviembre 5, 2013","format":false,"excerpt":"\u00bfHas comprado recientemente un bolso de Fendi? Entonces ya estar\u00e1s acostumbrada a que tu compa\u00f1ero de fatigas diarias te mire fijamente... La marca italiana ha a\u00f1adido a su \u00faltima colecci\u00f3n una mirada desafiante, descarada, curiosa o t\u00edmida... Tanto en bolsos como en bailarinas, monederos y carteras, los accesorios de esta\u2026","rel":"","context":"En \u00abAccesorios\u00bb","img":{"alt_text":"","src":"https:\/\/i0.wp.com\/www.moda.es\/blog\/wp-content\/uploads\/2013\/11\/Fendi-14.jpg?fit=400%2C292&resize=350%2C200","width":350,"height":200},"classes":[]}],"_links":{"self":[{"href":"http:\/\/www.moda.es\/blog\/wp-json\/wp\/v2\/posts\/19408"}],"collection":[{"href":"http:\/\/www.moda.es\/blog\/wp-json\/wp\/v2\/posts"}],"about":[{"href":"http:\/\/www.moda.es\/blog\/wp-json\/wp\/v2\/types\/post"}],"author":[{"embeddable":true,"href":"http:\/\/www.moda.es\/blog\/wp-json\/wp\/v2\/users\/3"}],"replies":[{"embeddable":true,"href":"http:\/\/www.moda.es\/blog\/wp-json\/wp\/v2\/comments?post=19408"}],"version-history":[{"count":6,"href":"http:\/\/www.moda.es\/blog\/wp-json\/wp\/v2\/posts\/19408\/revisions"}],"predecessor-version":[{"id":36129,"href":"http:\/\/www.moda.es\/blog\/wp-json\/wp\/v2\/posts\/19408\/revisions\/36129"}],"wp:featuredmedia":[{"embeddable":true,"href":"http:\/\/www.moda.es\/blog\/wp-json\/wp\/v2\/media\/19409"}],"wp:attachment":[{"href":"http:\/\/www.moda.es\/blog\/wp-json\/wp\/v2\/media?parent=19408"}],"wp:term":[{"taxonomy":"category","embeddable":true,"href":"http:\/\/www.moda.es\/blog\/wp-json\/wp\/v2\/categories?post=19408"},{"taxonomy":"post_tag","embeddable":true,"href":"http:\/\/www.moda.es\/blog\/wp-json\/wp\/v2\/tags?post=19408"}],"curies":[{"name":"wp","href":"https:\/\/api.w.org\/{rel}","templated":true}]}}