{"id":19402,"date":"2015-05-20T22:26:59","date_gmt":"2015-05-20T21:26:59","guid":{"rendered":"http:\/\/www.moda.es\/blog\/?p=19402"},"modified":"2020-04-27T16:56:40","modified_gmt":"2020-04-27T15:56:40","slug":"dios-existe","status":"publish","type":"post","link":"http:\/\/www.moda.es\/blog\/dios-existe\/","title":{"rendered":"Dios existe&#8230;"},"content":{"rendered":"<p>&#8230;y nos ha concedido una nueva gran colaboraci\u00f3n en <strong>H&amp;M<\/strong>. <strong>Olivier Rousteing<\/strong> ha confirmado que est\u00e1 dise\u00f1ando una colecci\u00f3n de <strong>Balmain<\/strong> para H&amp;M y todas las fans de la marca est\u00e1n revolucionadas.<\/p>\n<p>Con la ayuda de dos de sus famosos amigas, <strong>Jourdan Dunn y Kendall Jenner<\/strong>, el dise\u00f1ador anunci\u00f3 la colaboraci\u00f3n durante los Billboard Music Awards celebrados en Las Vegas. Ambas modelos llegan cogidas de su brazo, vistiendo dise\u00f1os de la colecci\u00f3n.<\/p>\n<p><a href=\"https:\/\/i0.wp.com\/www.moda.es\/blog\/wp-content\/uploads\/2015\/05\/hmb3.jpg\"><img data-attachment-id=\"19403\" data-permalink=\"http:\/\/www.moda.es\/blog\/dios-existe\/hmb3\/\" data-orig-file=\"https:\/\/i0.wp.com\/www.moda.es\/blog\/wp-content\/uploads\/2015\/05\/hmb3.jpg?fit=650%2C975\" data-orig-size=\"650,975\" data-comments-opened=\"1\" data-image-meta=\"{&quot;aperture&quot;:&quot;0&quot;,&quot;credit&quot;:&quot;&quot;,&quot;camera&quot;:&quot;&quot;,&quot;caption&quot;:&quot;&quot;,&quot;created_timestamp&quot;:&quot;0&quot;,&quot;copyright&quot;:&quot;&quot;,&quot;focal_length&quot;:&quot;0&quot;,&quot;iso&quot;:&quot;0&quot;,&quot;shutter_speed&quot;:&quot;0&quot;,&quot;title&quot;:&quot;&quot;}\" data-image-title=\"hmb3\" data-image-description=\"\" data-image-caption=\"\" data-medium-file=\"https:\/\/i0.wp.com\/www.moda.es\/blog\/wp-content\/uploads\/2015\/05\/hmb3.jpg?fit=200%2C300\" data-large-file=\"https:\/\/i0.wp.com\/www.moda.es\/blog\/wp-content\/uploads\/2015\/05\/hmb3.jpg?fit=640%2C960\" loading=\"lazy\" class=\"aligncenter size-medium wp-image-19403\" alt=\"hmb3\" src=\"https:\/\/i0.wp.com\/www.moda.es\/blog\/wp-content\/uploads\/2015\/05\/hmb3.jpg?resize=200%2C300\" width=\"200\" height=\"300\" srcset=\"https:\/\/i0.wp.com\/www.moda.es\/blog\/wp-content\/uploads\/2015\/05\/hmb3.jpg?resize=200%2C300 200w, https:\/\/i0.wp.com\/www.moda.es\/blog\/wp-content\/uploads\/2015\/05\/hmb3.jpg?resize=420%2C630 420w, https:\/\/i0.wp.com\/www.moda.es\/blog\/wp-content\/uploads\/2015\/05\/hmb3.jpg?w=650 650w\" sizes=\"(max-width: 200px) 100vw, 200px\" data-recalc-dims=\"1\" \/><\/a>\u00abQuiero <strong>hablar con mi generaci\u00f3n<\/strong>, es mi principal objetivo como dise\u00f1ador\u00bb, dijo Rousteing. \u00abH&amp;M me permite la posibilidad \u00fanica de reunir a todos en el mundo de Balmain, conseguir un pedazo del sue\u00f1o y crear una <strong>#HMBalmaination<\/strong> mundial: un movimiento de unidad, alimentado por un <strong>hashtag,<\/strong> La colaboraci\u00f3n me resulta muy natural pues H&amp;M es una marca que<strong> conecta a todo el mundo<\/strong>. Es una llamada\u00a0 a la unidad\u00bb.<\/p>\n<p>\u00abEstamos emocionados de tener a Balmain como nuestro dise\u00f1ador invitado en H&amp;M y de crear una experiencia que realmente implica a todo el mundo\u00bb, agreg\u00f3 <strong>Ann-Sofie Johansson<\/strong>, asesora creativa de H&amp;M y art\u00edfice de las colaboraciones anuales. \u00abCon su mezcla de esp\u00edritu de <strong>alta costura y actitud <em>streetwea<\/em><\/strong><em>r<\/em>, Balmain posee un estilo \u00fanico, opulento y directo, sensual y en\u00e9rgico. Tambi\u00e9n est\u00e1 estrechamente vinculado a los mundos del entretenimiento yla\u00a0 m\u00fasica, lo que a\u00f1ade otro elemento <strong>sorpresa.\u00bb.<\/strong><\/p>\n<p>La colecci\u00f3n se compondr\u00e1 de ropa para hombre y mujer y llegar\u00e1 a las tienda el pr\u00f3ximo <strong>5 de noviembre<\/strong>. Prep\u00e1rense para la avalancha&#8230;<\/p>\n<p>&nbsp;<\/p>\n<p>\u00a9Vogue UK                             <\/p>\n","protected":false},"excerpt":{"rendered":"<p>&#8230;y nos ha concedido una nueva gran colaboraci\u00f3n en H&amp;M. Olivier Rousteing ha confirmado que est\u00e1 dise\u00f1ando una colecci\u00f3n de Balmain para H&amp;M y todas las fans de la marca est\u00e1n revolucionadas. Con la ayuda de dos de sus famosos amigas, Jourdan Dunn y Kendall Jenner, el dise\u00f1ador anunci\u00f3 la [&hellip;]<\/p>\n","protected":false},"author":3,"featured_media":19403,"comment_status":"open","ping_status":"open","sticky":false,"template":"","format":"standard","meta":{"jetpack_publicize_message":"","jetpack_is_tweetstorm":false,"jetpack_publicize_feature_enabled":true},"categories":[3,10,11,12,14],"tags":[110,377,452,1170],"jetpack_publicize_connections":[],"jetpack_featured_media_url":"https:\/\/i0.wp.com\/www.moda.es\/blog\/wp-content\/uploads\/2015\/05\/hmb3.jpg?fit=650%2C975","jetpack_sharing_enabled":true,"jetpack_shortlink":"https:\/\/wp.me\/p4tJCC-52W","jetpack-related-posts":[{"id":19703,"url":"http:\/\/www.moda.es\/blog\/hm-y-balmain-las-nuevas-noticias\/","url_meta":{"origin":19402,"position":0},"title":"H&amp;M y Balmain: las nuevas noticias","date":"agosto 22, 2015","format":false,"excerpt":"H&M ha comenzado el inevitable (y tortuoso para nosotras) goteo de teasers para su pr\u00f3xima colaboraci\u00f3n con Balmain, que llegar\u00e1 a las tiendas y a la web el 5 de noviembre. Te contamos lo que ya sabemos acerca de la colecci\u00f3n... Se parece mucho a la l\u00ednea principal de Balmain\u2026","rel":"","context":"En \u00abActualidad\u00bb","img":{"alt_text":"","src":"https:\/\/i0.wp.com\/www.moda.es\/blog\/wp-content\/uploads\/2015\/08\/Captura-de-pantalla-2015-08-22-a-las-11.49.19.png?fit=639%2C633&resize=350%2C200","width":350,"height":200},"classes":[]},{"id":19932,"url":"http:\/\/www.moda.es\/blog\/ya-tenemos-primer-capitulo-de-la-campana-de-balmain-x-hm\/","url_meta":{"origin":19402,"position":1},"title":"Ya tenemos primer cap\u00edtulo de la campa\u00f1a de Balmain x H&amp;M","date":"octubre 30, 2015","format":false,"excerpt":"Por si no se hab\u00eda desatado suficientemente la histeria con la pr\u00f3xima venta de la colecci\u00f3n de Balmain para H&M, la marca sueca ha empezado a mostrar los v\u00eddeos de la campa\u00f1a. Parec\u00eda que el\u00a0desfile de la colecci\u00f3n en Nueva York con \u00a0la actuaci\u00f3n de los Backstreet Boys, ya hab\u00eda\u2026","rel":"","context":"En \u00abActualidad\u00bb","img":{"alt_text":"","src":"https:\/\/i0.wp.com\/www.moda.es\/blog\/wp-content\/uploads\/2015\/10\/Captura-de-pantalla-2015-10-30-a-las-23.10.41.png?fit=833%2C538&resize=350%2C200","width":350,"height":200},"classes":[]},{"id":19582,"url":"http:\/\/www.moda.es\/blog\/duelo-de-hermanas-para-balmain\/","url_meta":{"origin":19402,"position":2},"title":"Duelo de hermanas para Balmain","date":"julio 18, 2015","format":false,"excerpt":"Parece que el director creativo de Balmain no puede resistirse al clan Kardashian - Jenner. Tras la amorosa campa\u00f1a protagonizada por Kim y Kanye,\u00a0Olivier Rousteing ha decidido contar tambi\u00e9n con las medio hermanas de Kim,\u00a0Kendall y Kylie Jenner, para estar presente en la edici\u00f3n de oto\u00f1o - invierno 2015. Las\u2026","rel":"","context":"En \u00abActualidad\u00bb","img":{"alt_text":"","src":"https:\/\/i0.wp.com\/www.moda.es\/blog\/wp-content\/uploads\/2015\/07\/Captura-de-pantalla-2015-07-18-a-las-12.38.20.png?fit=637%2C634&resize=350%2C200","width":350,"height":200},"classes":[]},{"id":20497,"url":"http:\/\/www.moda.es\/blog\/podria-valentino-comprar-balmain\/","url_meta":{"origin":19402,"position":3},"title":"\u00bfPodr\u00eda Valentino comprar Balmain?","date":"abril 5, 2016","format":false,"excerpt":"Se rumorea que \u00a0desde Valentino\u00a0estar\u00edan interesados en\u00a0adquirir Balmain, seg\u00fan ha afirmado un peri\u00f3dico franc\u00e9s este fin de semana. La informaci\u00f3n, publicada en\u00a0Les Echos asegura que\u00a0la marca de lujo francesa ha ofrecido 500 millones de euro para la marca dirigida por Olivier Rousteing. Propiedad de la empresa Qatar\u00ed Mayhoola, Valentino tiene\u2026","rel":"","context":"En \u00abActualidad\u00bb","img":{"alt_text":"","src":"https:\/\/i0.wp.com\/www.moda.es\/blog\/wp-content\/uploads\/2016\/04\/Captura-de-pantalla-2016-04-05-a-las-23.39.30.png?fit=293%2C435&resize=350%2C200","width":350,"height":200},"classes":[]},{"id":20683,"url":"http:\/\/www.moda.es\/blog\/te-gusta-el-futbol\/","url_meta":{"origin":19402,"position":4},"title":"\u00bfTe gusta el f\u00fatbol?","date":"mayo 23, 2016","format":false,"excerpt":"Si la respuesta es no, quiz\u00e1s empieces a verlo con otros ojos. Hace casi exactamente un a\u00f1o, el director creativo de Balmain, Olivier Rousteing, anunciaba en los premios Billboard\u00a0que la casa francesa se hab\u00eda asociado con H&M\u00a0para crear lo que llegar\u00eda a ser una de las colecciones c\u00e1psula m\u00e1s esperados\u2026","rel":"","context":"En \u00abActualidad\u00bb","img":{"alt_text":"","src":"https:\/\/i0.wp.com\/www.moda.es\/blog\/wp-content\/uploads\/2016\/05\/Captura-de-pantalla-2016-05-23-a-las-23.04.11.png?fit=558%2C533&resize=350%2C200","width":350,"height":200},"classes":[]},{"id":18664,"url":"http:\/\/www.moda.es\/blog\/kim-y-kanye-al-fina-posan-juntos-para-una-campana\/","url_meta":{"origin":19402,"position":5},"title":"Kim y Kanye posan juntos para Balmain","date":"diciembre 22, 2014","format":false,"excerpt":"Realmente era s\u00f3lo cuesti\u00f3n de tiempo antes de que Kim y Kanye protagonizaran una campa\u00f1a de moda juntos. De hecho, estamos sorprendidos de que se hayan tomado tanto tiempo. La llamativa y provocativa pareja, que se cas\u00f3 en una ceremonia fastuosa en Italia en mayo de este a\u00f1o, son los\u2026","rel":"","context":"En \u00abActualidad\u00bb","img":{"alt_text":"","src":"https:\/\/i0.wp.com\/www.moda.es\/blog\/wp-content\/uploads\/2014\/12\/balmain2.jpg?fit=650%2C422&resize=350%2C200","width":350,"height":200},"classes":[]}],"_links":{"self":[{"href":"http:\/\/www.moda.es\/blog\/wp-json\/wp\/v2\/posts\/19402"}],"collection":[{"href":"http:\/\/www.moda.es\/blog\/wp-json\/wp\/v2\/posts"}],"about":[{"href":"http:\/\/www.moda.es\/blog\/wp-json\/wp\/v2\/types\/post"}],"author":[{"embeddable":true,"href":"http:\/\/www.moda.es\/blog\/wp-json\/wp\/v2\/users\/3"}],"replies":[{"embeddable":true,"href":"http:\/\/www.moda.es\/blog\/wp-json\/wp\/v2\/comments?post=19402"}],"version-history":[{"count":6,"href":"http:\/\/www.moda.es\/blog\/wp-json\/wp\/v2\/posts\/19402\/revisions"}],"predecessor-version":[{"id":36131,"href":"http:\/\/www.moda.es\/blog\/wp-json\/wp\/v2\/posts\/19402\/revisions\/36131"}],"wp:featuredmedia":[{"embeddable":true,"href":"http:\/\/www.moda.es\/blog\/wp-json\/wp\/v2\/media\/19403"}],"wp:attachment":[{"href":"http:\/\/www.moda.es\/blog\/wp-json\/wp\/v2\/media?parent=19402"}],"wp:term":[{"taxonomy":"category","embeddable":true,"href":"http:\/\/www.moda.es\/blog\/wp-json\/wp\/v2\/categories?post=19402"},{"taxonomy":"post_tag","embeddable":true,"href":"http:\/\/www.moda.es\/blog\/wp-json\/wp\/v2\/tags?post=19402"}],"curies":[{"name":"wp","href":"https:\/\/api.w.org\/{rel}","templated":true}]}}