{"id":19390,"date":"2015-05-14T23:27:00","date_gmt":"2015-05-14T22:27:00","guid":{"rendered":"http:\/\/www.moda.es\/blog\/?p=19390"},"modified":"2020-04-27T16:57:08","modified_gmt":"2020-04-27T15:57:08","slug":"bienvenida-a-dior-rihanna","status":"publish","type":"post","link":"http:\/\/www.moda.es\/blog\/bienvenida-a-dior-rihanna\/","title":{"rendered":"Bienvenida a Dior, Rihanna"},"content":{"rendered":"<p>La estrella del pop ha entrado oficialmente en la familia de<strong> Christian Dior<\/strong> con una campa\u00f1a elegante y <strong>seductora.<\/strong><\/p>\n<p><strong>Rihanna<\/strong> es, a sus 27 a\u00f1os de edad, la estrella de la campa\u00f1a <strong>Secret Garden<\/strong> de la casa de moda , que muestra la colecci\u00f3n Esprit Tokio 2015 de<strong> Raf Simons<\/strong>.<\/p>\n<p>Las im\u00e1genes fueron tomadas por el\u00a0venerado fot\u00f3grafo por <strong>Steven Klein<\/strong> en marzo y la cantante es la atracci\u00f3n principal, compartiendo los planos con el ambiente de lujo del <strong>Palacio de Versalles<\/strong>.<\/p>\n<p><a href=\"https:\/\/i0.wp.com\/www.moda.es\/blog\/wp-content\/uploads\/2015\/05\/rd2.jpg\"><img data-attachment-id=\"19391\" data-permalink=\"http:\/\/www.moda.es\/blog\/bienvenida-a-dior-rihanna\/rd2\/\" data-orig-file=\"https:\/\/i0.wp.com\/www.moda.es\/blog\/wp-content\/uploads\/2015\/05\/rd2.jpg?fit=650%2C428\" data-orig-size=\"650,428\" data-comments-opened=\"1\" data-image-meta=\"{&quot;aperture&quot;:&quot;0&quot;,&quot;credit&quot;:&quot;&quot;,&quot;camera&quot;:&quot;&quot;,&quot;caption&quot;:&quot;&quot;,&quot;created_timestamp&quot;:&quot;0&quot;,&quot;copyright&quot;:&quot;&quot;,&quot;focal_length&quot;:&quot;0&quot;,&quot;iso&quot;:&quot;0&quot;,&quot;shutter_speed&quot;:&quot;0&quot;,&quot;title&quot;:&quot;&quot;}\" data-image-title=\"rd2\" data-image-description=\"\" data-image-caption=\"\" data-medium-file=\"https:\/\/i0.wp.com\/www.moda.es\/blog\/wp-content\/uploads\/2015\/05\/rd2.jpg?fit=300%2C197\" data-large-file=\"https:\/\/i0.wp.com\/www.moda.es\/blog\/wp-content\/uploads\/2015\/05\/rd2.jpg?fit=640%2C421\" loading=\"lazy\" class=\"aligncenter size-medium wp-image-19391\" alt=\"rd2\" src=\"https:\/\/i0.wp.com\/www.moda.es\/blog\/wp-content\/uploads\/2015\/05\/rd2.jpg?resize=300%2C197\" width=\"300\" height=\"197\" srcset=\"https:\/\/i0.wp.com\/www.moda.es\/blog\/wp-content\/uploads\/2015\/05\/rd2.jpg?resize=300%2C197 300w, https:\/\/i0.wp.com\/www.moda.es\/blog\/wp-content\/uploads\/2015\/05\/rd2.jpg?resize=420%2C276 420w, https:\/\/i0.wp.com\/www.moda.es\/blog\/wp-content\/uploads\/2015\/05\/rd2.jpg?w=650 650w\" sizes=\"(max-width: 300px) 100vw, 300px\" data-recalc-dims=\"1\" \/><\/a><\/p>\n<p>La cantante de <em>We Found Love<\/em> tambi\u00e9n ser\u00e1 la protagonista de un video corto que ser\u00e1 lanzado el pr\u00f3ximo lunes, y cuenta con su nueva canci\u00f3n <em>Only If for a Night<\/em> como la banda sonora.<\/p>\n<p>Rihanna toma el relevo de la actriz francesa <strong>Marion Cotillard<\/strong> para esta entrega de la campa\u00f1a de Secret Garden, y se une a <strong>Charlize Theron, Natalie Portman<\/strong> y <strong>Jennifer Lawrence<\/strong> en convertirse en voz de la marca.<\/p>\n<p><a href=\"https:\/\/i0.wp.com\/www.moda.es\/blog\/wp-content\/uploads\/2015\/05\/rd.jpg\"><img data-attachment-id=\"19392\" data-permalink=\"http:\/\/www.moda.es\/blog\/bienvenida-a-dior-rihanna\/rd\/\" data-orig-file=\"https:\/\/i0.wp.com\/www.moda.es\/blog\/wp-content\/uploads\/2015\/05\/rd.jpg?fit=650%2C428\" data-orig-size=\"650,428\" data-comments-opened=\"1\" data-image-meta=\"{&quot;aperture&quot;:&quot;0&quot;,&quot;credit&quot;:&quot;&quot;,&quot;camera&quot;:&quot;&quot;,&quot;caption&quot;:&quot;&quot;,&quot;created_timestamp&quot;:&quot;0&quot;,&quot;copyright&quot;:&quot;&quot;,&quot;focal_length&quot;:&quot;0&quot;,&quot;iso&quot;:&quot;0&quot;,&quot;shutter_speed&quot;:&quot;0&quot;,&quot;title&quot;:&quot;&quot;}\" data-image-title=\"rd\" data-image-description=\"\" data-image-caption=\"\" data-medium-file=\"https:\/\/i0.wp.com\/www.moda.es\/blog\/wp-content\/uploads\/2015\/05\/rd.jpg?fit=300%2C197\" data-large-file=\"https:\/\/i0.wp.com\/www.moda.es\/blog\/wp-content\/uploads\/2015\/05\/rd.jpg?fit=640%2C421\" loading=\"lazy\" class=\"aligncenter size-medium wp-image-19392\" alt=\"rd\" src=\"https:\/\/i0.wp.com\/www.moda.es\/blog\/wp-content\/uploads\/2015\/05\/rd.jpg?resize=300%2C197\" width=\"300\" height=\"197\" srcset=\"https:\/\/i0.wp.com\/www.moda.es\/blog\/wp-content\/uploads\/2015\/05\/rd.jpg?resize=300%2C197 300w, https:\/\/i0.wp.com\/www.moda.es\/blog\/wp-content\/uploads\/2015\/05\/rd.jpg?resize=420%2C276 420w, https:\/\/i0.wp.com\/www.moda.es\/blog\/wp-content\/uploads\/2015\/05\/rd.jpg?w=650 650w\" sizes=\"(max-width: 300px) 100vw, 300px\" data-recalc-dims=\"1\" \/><\/a><\/p>\n<p>Esta uni\u00f3n tambi\u00e9n marca la<strong> primera colaboraci\u00f3n de Dior con mujer de color,<\/strong> una haza\u00f1a que ella describi\u00f3 anteriormente como: \u00abUna cosa muy importante para m\u00ed, para mi cultura, para un mont\u00f3n de chicas j\u00f3venes de cualquier color para las que creo que ser reconocidas por Dior significa mucho. Significa sentirse <strong>hermosa, elegante y atemporal<\/strong> \u00ab.<\/p>\n<p>No te pierdas el adelanto&#8230;<\/p>\n<div class=\"jetpack-video-wrapper\"><span class=\"embed-youtube\" style=\"text-align:center; display: block;\"><iframe loading=\"lazy\" class=\"youtube-player\" width=\"640\" height=\"360\" src=\"https:\/\/www.youtube.com\/embed\/ackpCJorNjo?version=3&#038;rel=1&#038;showsearch=0&#038;showinfo=1&#038;iv_load_policy=1&#038;fs=1&#038;hl=es-ES&#038;autohide=2&#038;wmode=transparent\" allowfullscreen=\"true\" style=\"border:0;\" sandbox=\"allow-scripts allow-same-origin allow-popups allow-presentation\"><\/iframe><\/span><\/div>\n<p>&nbsp;<\/p>\n<p>\u00a9Christian Dior                             <\/p>\n","protected":false},"excerpt":{"rendered":"<p>La estrella del pop ha entrado oficialmente en la familia de Christian Dior con una campa\u00f1a elegante y seductora. Rihanna es, a sus 27 a\u00f1os de edad, la estrella de la campa\u00f1a Secret Garden de la casa de moda , que muestra la colecci\u00f3n Esprit Tokio 2015 de Raf Simons. [&hellip;]<\/p>\n","protected":false},"author":3,"featured_media":19391,"comment_status":"open","ping_status":"open","sticky":false,"template":"","format":"standard","meta":{"jetpack_publicize_message":"","jetpack_is_tweetstorm":false,"jetpack_publicize_feature_enabled":true},"categories":[3,8,11,12,14,17],"tags":[1236,193,429,1189,747,767],"jetpack_publicize_connections":[],"jetpack_featured_media_url":"https:\/\/i0.wp.com\/www.moda.es\/blog\/wp-content\/uploads\/2015\/05\/rd2.jpg?fit=650%2C428","jetpack_sharing_enabled":true,"jetpack_shortlink":"https:\/\/wp.me\/p4tJCC-52K","jetpack-related-posts":[{"id":19419,"url":"http:\/\/www.moda.es\/blog\/rihanna-para-dior-al-fin-el-video-completo\/","url_meta":{"origin":19390,"position":0},"title":"Rihanna para Dior: al fin el v\u00eddeo completo","date":"mayo 27, 2015","format":false,"excerpt":"Tras meses de anuncios, teaser incluido, el corto protagonizado por Rihanna para Dior al fin ha sido revelado. Cuatro minutos que pertenecen al cuarto cap\u00edtulo de la saga Secret Garden que fueron filmadaos por Steven Klein en el palacio y los jardines de Versalles\u00a0 con la introducci\u00f3n de la nueva\u2026","rel":"","context":"En \u00abM\u00fasica y Moda\u00bb","img":{"alt_text":"","src":"https:\/\/i0.wp.com\/www.moda.es\/blog\/wp-content\/uploads\/2015\/05\/rd21.jpg?fit=650%2C433&resize=350%2C200","width":350,"height":200},"classes":[]},{"id":19142,"url":"http:\/\/www.moda.es\/blog\/rihanna-nueva-imagen-de-dior\/","url_meta":{"origin":19390,"position":1},"title":"Rihanna, nueva imagen de Dior","date":"marzo 14, 2015","format":false,"excerpt":"Tras presidir el front row temporada tras temporada. Rihanna es finalmente convirtiendo en una chica Dior. La cantante ser\u00e1 la protagonista de la nueva entrega de la campa\u00f1a Secret Garden de la marca, fotografiada por Steven Klein en Versalles y cuyo cortometraje e instant\u00e1neas saldr\u00e1n a la luz esta primavera.\u2026","rel":"","context":"En \u00abDestacados\u00bb","img":{"alt_text":"","src":"https:\/\/i0.wp.com\/www.moda.es\/blog\/wp-content\/uploads\/2015\/03\/rihanna.jpg?fit=650%2C975&resize=350%2C200","width":350,"height":200},"classes":[]},{"id":9977,"url":"http:\/\/www.moda.es\/blog\/el-sueno-de-raf-simons\/","url_meta":{"origin":19390,"position":2},"title":"El sue\u00f1o de Raf Simons","date":"enero 3, 2013","format":false,"excerpt":"\u00a0 Como en un sue\u00f1o. Lleno de luz, sin sentido aparente, con una actitud totalmente relajada y sin caras conocidas. La llegada de Raf Simons sigue volviendo la casa Dior del rev\u00e9s y deja patente que nada va a ser como antes. Buena muestra de ello es su neuva campa\u00f1a\u2026","rel":"","context":"En \u00abCampa\u00f1as\u00bb","img":{"alt_text":"","src":"https:\/\/i0.wp.com\/www.moda.es\/blog\/wp-content\/uploads\/2013\/01\/Dior-SS131.jpg?fit=500%2C280&resize=350%2C200","width":350,"height":200},"classes":[]},{"id":20700,"url":"http:\/\/www.moda.es\/blog\/descubre-la-coleccion-de-rihanna-para-dior\/","url_meta":{"origin":19390,"position":3},"title":"Descubre la colecci\u00f3n de Rihanna para Dior","date":"mayo 27, 2016","format":false,"excerpt":"Rihanna ha colaborado con Christian\u00a0Dior en una nueva colecci\u00f3n de gafas de sol, que ha llamado simplemente, Rihanna. La cantante, que ya es embajadora de la marca, ha mostrado una imagen de ella misma con\u00a0un par de la colecci\u00f3n de inspiraci\u00f3n futurista\u00a0en su cuenta de Instagram esta semana. \"El proceso\u2026","rel":"","context":"En \u00abAccesorios\u00bb","img":{"alt_text":"","src":"https:\/\/i0.wp.com\/www.moda.es\/blog\/wp-content\/uploads\/2016\/05\/Captura-de-pantalla-2016-05-26-a-las-23.27.41.png?fit=534%2C330&resize=350%2C200","width":350,"height":200},"classes":[]},{"id":19919,"url":"http:\/\/www.moda.es\/blog\/raf-simons-abandona-dior\/","url_meta":{"origin":19390,"position":4},"title":"Raf Simons abandona Dior","date":"octubre 24, 2015","format":false,"excerpt":"Tres a\u00f1os, s\u00f3lo tres a\u00f1os ha estado Raf Simons a los mandos de la casa de los sue\u00f1os. El rusos llevaba semanas circulando entre los c\u00edrculos de la moda y ahora, aparentemente por razones personales, ha decidido dejar Christian Dior. La noticia ha sido confirmada en un comunicado de Sidney\u2026","rel":"","context":"En \u00abActualidad\u00bb","img":{"alt_text":"","src":"https:\/\/i0.wp.com\/www.moda.es\/blog\/wp-content\/uploads\/2015\/10\/Captura-de-pantalla-2015-10-24-a-las-15.50.34.png?fit=323%2C485&resize=350%2C200","width":350,"height":200},"classes":[]},{"id":15265,"url":"http:\/\/www.moda.es\/blog\/rihanna-nueva-imagen-de-balmain\/","url_meta":{"origin":19390,"position":5},"title":"Rihanna, nueva imagen de Balmain","date":"diciembre 18, 2013","format":false,"excerpt":"Sin habla, as\u00ed nos ha dejado la magn\u00edfica nueva campa\u00f1a de Balmain para la pr\u00f3xima temporada Primavera - Verano 2014 y su chica de portada: Rihanna. Rihanna es el nuevo rostro de Balmain. Descrito como un \"icono\" por el director creativo de la casa, Olivier Rousteing, la cantante ser\u00e1 la\u2026","rel":"","context":"En \u00abCampa\u00f1as\u00bb","img":{"alt_text":"","src":"https:\/\/i0.wp.com\/www.moda.es\/blog\/wp-content\/uploads\/2013\/12\/Balmain-Rihanna-11.jpg?fit=500%2C750&resize=350%2C200","width":350,"height":200},"classes":[]}],"_links":{"self":[{"href":"http:\/\/www.moda.es\/blog\/wp-json\/wp\/v2\/posts\/19390"}],"collection":[{"href":"http:\/\/www.moda.es\/blog\/wp-json\/wp\/v2\/posts"}],"about":[{"href":"http:\/\/www.moda.es\/blog\/wp-json\/wp\/v2\/types\/post"}],"author":[{"embeddable":true,"href":"http:\/\/www.moda.es\/blog\/wp-json\/wp\/v2\/users\/3"}],"replies":[{"embeddable":true,"href":"http:\/\/www.moda.es\/blog\/wp-json\/wp\/v2\/comments?post=19390"}],"version-history":[{"count":6,"href":"http:\/\/www.moda.es\/blog\/wp-json\/wp\/v2\/posts\/19390\/revisions"}],"predecessor-version":[{"id":36134,"href":"http:\/\/www.moda.es\/blog\/wp-json\/wp\/v2\/posts\/19390\/revisions\/36134"}],"wp:featuredmedia":[{"embeddable":true,"href":"http:\/\/www.moda.es\/blog\/wp-json\/wp\/v2\/media\/19391"}],"wp:attachment":[{"href":"http:\/\/www.moda.es\/blog\/wp-json\/wp\/v2\/media?parent=19390"}],"wp:term":[{"taxonomy":"category","embeddable":true,"href":"http:\/\/www.moda.es\/blog\/wp-json\/wp\/v2\/categories?post=19390"},{"taxonomy":"post_tag","embeddable":true,"href":"http:\/\/www.moda.es\/blog\/wp-json\/wp\/v2\/tags?post=19390"}],"curies":[{"name":"wp","href":"https:\/\/api.w.org\/{rel}","templated":true}]}}