{"id":19376,"date":"2015-05-11T22:10:30","date_gmt":"2015-05-11T21:10:30","guid":{"rendered":"http:\/\/www.moda.es\/blog\/?p=19376"},"modified":"2020-04-27T16:57:36","modified_gmt":"2020-04-27T15:57:36","slug":"conoces-a-alicia-vikander","status":"publish","type":"post","link":"http:\/\/www.moda.es\/blog\/conoces-a-alicia-vikander\/","title":{"rendered":"\u00bfConoces a Alicia Vikander?"},"content":{"rendered":"<p>Pues deber\u00edas, porque le falta muy poco para convertirse en la nueva <strong><em>it girl<\/em><\/strong>.<\/p>\n<p><a href=\"https:\/\/i0.wp.com\/www.moda.es\/blog\/wp-content\/uploads\/2015\/05\/avlv3.jpg\"><img data-attachment-id=\"19377\" data-permalink=\"http:\/\/www.moda.es\/blog\/conoces-a-alicia-vikander\/avlv3\/\" data-orig-file=\"https:\/\/i0.wp.com\/www.moda.es\/blog\/wp-content\/uploads\/2015\/05\/avlv3.jpg?fit=650%2C1109\" data-orig-size=\"650,1109\" data-comments-opened=\"1\" data-image-meta=\"{&quot;aperture&quot;:&quot;0&quot;,&quot;credit&quot;:&quot;&quot;,&quot;camera&quot;:&quot;&quot;,&quot;caption&quot;:&quot;Mandatory Credit: Photo by Richard Young\\\/REX_Shutterstock (3024942cm)\\n\\nAlicia Vikander\\n\\nW Magazine Dinner, Spring Summer 2014, London Fashion Week, Britain - 14 Sep 2013&quot;,&quot;created_timestamp&quot;:&quot;0&quot;,&quot;copyright&quot;:&quot;Copyright (c) 2013 Rex Features. No use without permission.&quot;,&quot;focal_length&quot;:&quot;0&quot;,&quot;iso&quot;:&quot;0&quot;,&quot;shutter_speed&quot;:&quot;0&quot;,&quot;title&quot;:&quot;&quot;}\" data-image-title=\"avlv3\" data-image-description=\"&lt;p&gt;Mandatory Credit: Photo by Richard Young\/REX_Shutterstock (3024942cm)&lt;\/p&gt;\n&lt;p&gt;Alicia Vikander&lt;\/p&gt;\n&lt;p&gt;W Magazine Dinner, Spring Summer 2014, London Fashion Week, Britain &#8211; 14 Sep 2013&lt;\/p&gt;\n\" data-image-caption=\"\" data-medium-file=\"https:\/\/i0.wp.com\/www.moda.es\/blog\/wp-content\/uploads\/2015\/05\/avlv3.jpg?fit=175%2C300\" data-large-file=\"https:\/\/i0.wp.com\/www.moda.es\/blog\/wp-content\/uploads\/2015\/05\/avlv3.jpg?fit=600%2C1024\" loading=\"lazy\" class=\"aligncenter size-medium wp-image-19377\" alt=\"avlv3\" src=\"https:\/\/i0.wp.com\/www.moda.es\/blog\/wp-content\/uploads\/2015\/05\/avlv3.jpg?resize=175%2C300\" width=\"175\" height=\"300\" srcset=\"https:\/\/i0.wp.com\/www.moda.es\/blog\/wp-content\/uploads\/2015\/05\/avlv3.jpg?resize=175%2C300 175w, https:\/\/i0.wp.com\/www.moda.es\/blog\/wp-content\/uploads\/2015\/05\/avlv3.jpg?resize=600%2C1024 600w, https:\/\/i0.wp.com\/www.moda.es\/blog\/wp-content\/uploads\/2015\/05\/avlv3.jpg?w=650 650w\" sizes=\"(max-width: 175px) 100vw, 175px\" data-recalc-dims=\"1\" \/><\/a><\/p>\n<p>En muchos medios europeos la se\u00f1alaban por su estilo y sus looks siempre acertados y parece ser que en <strong>Par\u00eds, Louis Vuitton<\/strong> tambi\u00e9n se ha fijado en ella.<\/p>\n<p>El gigante de la moda francesa acaba de confirmar que\u00a0 esta sueca de 26 a\u00f1os ser\u00e1 su nueva \u00abcara\u00bb, siguiendo los pasos de <strong>Michelle Williams, Jennifer Connelly y Charlotte Gainsbourg<\/strong>, por nombrar s\u00f3lo a algunas.<\/p>\n<p><a href=\"https:\/\/i0.wp.com\/www.moda.es\/blog\/wp-content\/uploads\/2015\/05\/avlv2.jpg\"><img data-attachment-id=\"19378\" data-permalink=\"http:\/\/www.moda.es\/blog\/conoces-a-alicia-vikander\/avlv2\/\" data-orig-file=\"https:\/\/i0.wp.com\/www.moda.es\/blog\/wp-content\/uploads\/2015\/05\/avlv2.jpg?fit=650%2C611\" data-orig-size=\"650,611\" data-comments-opened=\"1\" data-image-meta=\"{&quot;aperture&quot;:&quot;0&quot;,&quot;credit&quot;:&quot;&quot;,&quot;camera&quot;:&quot;&quot;,&quot;caption&quot;:&quot;&quot;,&quot;created_timestamp&quot;:&quot;0&quot;,&quot;copyright&quot;:&quot;&quot;,&quot;focal_length&quot;:&quot;0&quot;,&quot;iso&quot;:&quot;0&quot;,&quot;shutter_speed&quot;:&quot;0&quot;,&quot;title&quot;:&quot;&quot;}\" data-image-title=\"avlv2\" data-image-description=\"\" data-image-caption=\"\" data-medium-file=\"https:\/\/i0.wp.com\/www.moda.es\/blog\/wp-content\/uploads\/2015\/05\/avlv2.jpg?fit=300%2C282\" data-large-file=\"https:\/\/i0.wp.com\/www.moda.es\/blog\/wp-content\/uploads\/2015\/05\/avlv2.jpg?fit=640%2C602\" loading=\"lazy\" class=\"aligncenter size-medium wp-image-19378\" alt=\"avlv2\" src=\"https:\/\/i0.wp.com\/www.moda.es\/blog\/wp-content\/uploads\/2015\/05\/avlv2.jpg?resize=300%2C282\" width=\"300\" height=\"282\" srcset=\"https:\/\/i0.wp.com\/www.moda.es\/blog\/wp-content\/uploads\/2015\/05\/avlv2.jpg?resize=300%2C282 300w, https:\/\/i0.wp.com\/www.moda.es\/blog\/wp-content\/uploads\/2015\/05\/avlv2.jpg?resize=420%2C394 420w, https:\/\/i0.wp.com\/www.moda.es\/blog\/wp-content\/uploads\/2015\/05\/avlv2.jpg?w=650 650w\" sizes=\"(max-width: 300px) 100vw, 300px\" data-recalc-dims=\"1\" \/><\/a><br \/>\nAunque las im\u00e1genes de la campa\u00f1a a\u00fan no se han revelado, no es de extra\u00f1ar que Vikander haya sido la escogida. La joven es una ex bailarina (ha entrenado profesionalmente desde los nueve a\u00f1os hasta que decidi\u00f3 dedicarse a la interpretaci\u00f3n en su adolescencia), tiene un porte y una <strong>elegancia<\/strong> que no se ve a menudo y posee una belleza sana y natural, de ojos grandes y cabello casta\u00f1o.<\/p>\n<p><a href=\"https:\/\/i0.wp.com\/www.moda.es\/blog\/wp-content\/uploads\/2015\/05\/avlv.jpg\"><img data-attachment-id=\"19379\" data-permalink=\"http:\/\/www.moda.es\/blog\/conoces-a-alicia-vikander\/avlv\/\" data-orig-file=\"https:\/\/i0.wp.com\/www.moda.es\/blog\/wp-content\/uploads\/2015\/05\/avlv.jpg?fit=650%2C611\" data-orig-size=\"650,611\" data-comments-opened=\"1\" data-image-meta=\"{&quot;aperture&quot;:&quot;0&quot;,&quot;credit&quot;:&quot;&quot;,&quot;camera&quot;:&quot;&quot;,&quot;caption&quot;:&quot;&quot;,&quot;created_timestamp&quot;:&quot;0&quot;,&quot;copyright&quot;:&quot;&quot;,&quot;focal_length&quot;:&quot;0&quot;,&quot;iso&quot;:&quot;0&quot;,&quot;shutter_speed&quot;:&quot;0&quot;,&quot;title&quot;:&quot;&quot;}\" data-image-title=\"avlv\" data-image-description=\"\" data-image-caption=\"\" data-medium-file=\"https:\/\/i0.wp.com\/www.moda.es\/blog\/wp-content\/uploads\/2015\/05\/avlv.jpg?fit=300%2C282\" data-large-file=\"https:\/\/i0.wp.com\/www.moda.es\/blog\/wp-content\/uploads\/2015\/05\/avlv.jpg?fit=640%2C602\" loading=\"lazy\" class=\"aligncenter size-medium wp-image-19379\" alt=\"avlv\" src=\"https:\/\/i0.wp.com\/www.moda.es\/blog\/wp-content\/uploads\/2015\/05\/avlv.jpg?resize=300%2C282\" width=\"300\" height=\"282\" srcset=\"https:\/\/i0.wp.com\/www.moda.es\/blog\/wp-content\/uploads\/2015\/05\/avlv.jpg?resize=300%2C282 300w, https:\/\/i0.wp.com\/www.moda.es\/blog\/wp-content\/uploads\/2015\/05\/avlv.jpg?resize=420%2C394 420w, https:\/\/i0.wp.com\/www.moda.es\/blog\/wp-content\/uploads\/2015\/05\/avlv.jpg?w=650 650w\" sizes=\"(max-width: 300px) 100vw, 300px\" data-recalc-dims=\"1\" \/><\/a><\/p>\n<p>Su estilo es inteligente y satisfactoriamente aventurero, y se debate entreconjuntos de<strong> Chanel alta costura<\/strong> y vestidos de Vuitton (a menudo dif\u00edciles de llevar) bordados con plumas por el director creativo <strong>Nicolas Ghesqui\u00e8re<\/strong>.<\/p>\n<p>Dejando aparte su innegable encanto, este fichaje es una maniobra inteligente por parte de Vuitton;<strong> a finales de 2015 Vikander habr\u00e1 actuado en<\/strong> <strong>ocho pel\u00edculas<\/strong>\u00a0 lo que significa un mont\u00f3n de ocasiones de promo-tour representando la marca junto a cada proyecto.<\/p>\n<p>\u00a9Fashion Telegraph                             <\/p>\n","protected":false},"excerpt":{"rendered":"<p>Pues deber\u00edas, porque le falta muy poco para convertirse en la nueva it girl. En muchos medios europeos la se\u00f1alaban por su estilo y sus looks siempre acertados y parece ser que en Par\u00eds, Louis Vuitton tambi\u00e9n se ha fijado en ella. El gigante de la moda francesa acaba de [&hellip;]<\/p>\n","protected":false},"author":3,"featured_media":19377,"comment_status":"open","ping_status":"open","sticky":false,"template":"","format":"standard","meta":{"jetpack_publicize_message":"","jetpack_is_tweetstorm":false,"jetpack_publicize_feature_enabled":true},"categories":[3,8,11,14,17],"tags":[1231,1233,1033,1232,548,615,665,695],"jetpack_publicize_connections":[],"jetpack_featured_media_url":"https:\/\/i0.wp.com\/www.moda.es\/blog\/wp-content\/uploads\/2015\/05\/avlv3.jpg?fit=650%2C1109","jetpack_sharing_enabled":true,"jetpack_shortlink":"https:\/\/wp.me\/p4tJCC-52w","jetpack-related-posts":[{"id":17904,"url":"http:\/\/www.moda.es\/blog\/annie-leibovitz-bruce-weber-y-juergen-teller-para-louis-vuitton\/","url_meta":{"origin":19376,"position":0},"title":"Annie Leibovitz, Bruce Weber y Juergen Teller para Louis Vuitton","date":"junio 30, 2014","format":false,"excerpt":"Tras la campa\u00f1a dulce pero algo sosa de Michelle Williams la pasada temporada, Nicolas Ghesqui\u00e8re ha decidido que hab\u00eda que hacer algo importante para su primera campa\u00f1a para la marca. Para ello ha reunido a algunos pesos pesados de la fotograf\u00eda para que dieran forma a una serie de fotograd\u00edas\u2026","rel":"","context":"En \u00abCampa\u00f1as\u00bb","img":{"alt_text":"","src":"https:\/\/i0.wp.com\/www.moda.es\/blog\/wp-content\/uploads\/2014\/06\/louis-vuitton-3.jpg?fit=650%2C416&resize=350%2C200","width":350,"height":200},"classes":[]},{"id":20169,"url":"http:\/\/www.moda.es\/blog\/las-mejor-vestidas-de-los-globos-de-oro\/","url_meta":{"origin":19376,"position":1},"title":"Las mejor vestidas de los Globos de Oro","date":"enero 11, 2016","format":false,"excerpt":"Llevamos dos semanas de este 2016 pero ya hemos tenido la primera alfombra roja, y no nos ha decepcionado. Anoche tuvo lugar la ceremonia de los Globos de Oro, unos premios cuya alfombra roja cada vez compite m\u00e1s con los Oscars. La paleta de colores elegida por las celebrities ha\u2026","rel":"","context":"En \u00abAlfombra Roja\u00bb","img":{"alt_text":"","src":"https:\/\/i0.wp.com\/www.moda.es\/blog\/wp-content\/uploads\/2016\/01\/Captura-de-pantalla-2016-01-11-a-las-23.25.13.png?fit=443%2C561&resize=350%2C200","width":350,"height":200},"classes":[]},{"id":22156,"url":"http:\/\/www.moda.es\/blog\/louis-vuitton-sorprende-es-el-desfile-de-su-coleccion-resort\/","url_meta":{"origin":19376,"position":2},"title":"Louis Vuitton sorprende es el desfile de su colecci\u00f3n Resort","date":"mayo 20, 2017","format":false,"excerpt":"En la colecci\u00f3n Resort 2018\u00a0de Louis Vuitton, su director art\u00edstico Nicolas Ghesqui\u00e8re rindi\u00f3 homenaje al emblem\u00e1tico dise\u00f1ador y artista japon\u00e9s Kansai Yamamoto, famoso por haber hecho un gran n\u00famero de trajes a\u00a0David Bowie pero tambi\u00e9n por ser el primer dise\u00f1ador japon\u00e9s en Par\u00eds y reinventar el kimono para una audiencia\u2026","rel":"","context":"En \u00abColecciones\u00bb","img":{"alt_text":"","src":"https:\/\/i0.wp.com\/www.moda.es\/blog\/wp-content\/uploads\/2017\/05\/Captura-de-pantalla-2017-05-20-a-las-20.32.39.png?fit=609%2C402&resize=350%2C200","width":350,"height":200},"classes":[]},{"id":13472,"url":"http:\/\/www.moda.es\/blog\/michelle-williams-nueva-chica-louis-vuitton\/","url_meta":{"origin":19376,"position":3},"title":"Michelle Williams, nueva chica Louis Vuitton","date":"julio 25, 2013","format":false,"excerpt":"Con cutis de porcelana, rabios color vino y cejas marcadas (Cara,\u00a0 tu influencia sigue sin conocer l\u00edmites) ha posado la actriz Michelle Williams para la nueva campa\u00f1a de accesorios de Louis Vuitton. Su actitud sexy se completa con un bustier de encaje negro con un abrigo sobre los hombros o\u2026","rel":"","context":"En \u00abCampa\u00f1as\u00bb","img":{"alt_text":"","src":"https:\/\/i0.wp.com\/www.moda.es\/blog\/wp-content\/uploads\/2013\/07\/Michelle-Williams-Louis-Vuitton-7.jpg?fit=500%2C333&resize=350%2C200","width":350,"height":200},"classes":[]},{"id":18231,"url":"http:\/\/www.moda.es\/blog\/el-otono-pastel-de-michelle-williams\/","url_meta":{"origin":19376,"position":4},"title":"El oto\u00f1o pastel de Michelle Williams","date":"septiembre 5, 2014","format":false,"excerpt":"En la \u00faltima muestra de la campa\u00f1a de Louis Vuitton para esta temporada, la actriz posa en toda una declaraci\u00f3n a los colores pastel. Louis Vuitton est\u00e1 jugando el juego de la lealtad con Michelle Williams pidiendo a la actriz ser la imagen de sus nuevos bolos por tercera temporada\u2026","rel":"","context":"En \u00abAccesorios\u00bb","img":{"alt_text":"","src":"https:\/\/i0.wp.com\/www.moda.es\/blog\/wp-content\/uploads\/2014\/09\/lvmw-1.jpg?fit=650%2C799&resize=350%2C200","width":350,"height":200},"classes":[]},{"id":17731,"url":"http:\/\/www.moda.es\/blog\/michelle-williams-para-louis-vuitton\/","url_meta":{"origin":19376,"position":5},"title":"Michelle Williams para Louis Vuitton","date":"mayo 17, 2014","format":false,"excerpt":"Algo tiene Michelle Williams\u00a0 que engancha. No es especialmente guapa ni\u00a0 tiene unos ojazos azules ni un cuerpo de infarto, pero desde las campa\u00f1a de Louis Vuitton para el pr\u00f3ximo oto\u00f1o te mira y te atrapa. En esta campa\u00f1a, la actriz nominada al Oscar presenta los nuevos bolsos de la\u2026","rel":"","context":"En \u00abAccesorios\u00bb","img":{"alt_text":"","src":"https:\/\/i0.wp.com\/www.moda.es\/blog\/wp-content\/uploads\/2014\/05\/vuitton.jpg?fit=650%2C845&resize=350%2C200","width":350,"height":200},"classes":[]}],"_links":{"self":[{"href":"http:\/\/www.moda.es\/blog\/wp-json\/wp\/v2\/posts\/19376"}],"collection":[{"href":"http:\/\/www.moda.es\/blog\/wp-json\/wp\/v2\/posts"}],"about":[{"href":"http:\/\/www.moda.es\/blog\/wp-json\/wp\/v2\/types\/post"}],"author":[{"embeddable":true,"href":"http:\/\/www.moda.es\/blog\/wp-json\/wp\/v2\/users\/3"}],"replies":[{"embeddable":true,"href":"http:\/\/www.moda.es\/blog\/wp-json\/wp\/v2\/comments?post=19376"}],"version-history":[{"count":6,"href":"http:\/\/www.moda.es\/blog\/wp-json\/wp\/v2\/posts\/19376\/revisions"}],"predecessor-version":[{"id":36137,"href":"http:\/\/www.moda.es\/blog\/wp-json\/wp\/v2\/posts\/19376\/revisions\/36137"}],"wp:featuredmedia":[{"embeddable":true,"href":"http:\/\/www.moda.es\/blog\/wp-json\/wp\/v2\/media\/19377"}],"wp:attachment":[{"href":"http:\/\/www.moda.es\/blog\/wp-json\/wp\/v2\/media?parent=19376"}],"wp:term":[{"taxonomy":"category","embeddable":true,"href":"http:\/\/www.moda.es\/blog\/wp-json\/wp\/v2\/categories?post=19376"},{"taxonomy":"post_tag","embeddable":true,"href":"http:\/\/www.moda.es\/blog\/wp-json\/wp\/v2\/tags?post=19376"}],"curies":[{"name":"wp","href":"https:\/\/api.w.org\/{rel}","templated":true}]}}