{"id":19315,"date":"2015-04-27T22:20:08","date_gmt":"2015-04-27T21:20:08","guid":{"rendered":"http:\/\/www.moda.es\/blog\/?p=19315"},"modified":"2020-04-27T16:58:52","modified_gmt":"2020-04-27T15:58:52","slug":"eva-mendes-nueva-imagen-de-estee-lauder","status":"publish","type":"post","link":"http:\/\/www.moda.es\/blog\/eva-mendes-nueva-imagen-de-estee-lauder\/","title":{"rendered":"Eva Mendes, nueva imagen de Estee Lauder"},"content":{"rendered":"<p><strong>Est\u00e9e Lauder<\/strong> ha anunciado el nombramiento de la actriz <strong>Eva Mendes<\/strong> para representar su \u00faltimo gran lanzamiento, la gama<strong> New Dimension<\/strong> para el cuidado de la piel de la marca.<\/p>\n<p><a href=\"https:\/\/i0.wp.com\/www.moda.es\/blog\/wp-content\/uploads\/2015\/04\/eva-mendes.jpg\"><img data-attachment-id=\"19317\" data-permalink=\"http:\/\/www.moda.es\/blog\/eva-mendes-nueva-imagen-de-estee-lauder\/eva-mendes\/\" data-orig-file=\"https:\/\/i0.wp.com\/www.moda.es\/blog\/wp-content\/uploads\/2015\/04\/eva-mendes.jpg?fit=650%2C650\" data-orig-size=\"650,650\" data-comments-opened=\"1\" data-image-meta=\"{&quot;aperture&quot;:&quot;0&quot;,&quot;credit&quot;:&quot;&quot;,&quot;camera&quot;:&quot;&quot;,&quot;caption&quot;:&quot;&quot;,&quot;created_timestamp&quot;:&quot;0&quot;,&quot;copyright&quot;:&quot;&quot;,&quot;focal_length&quot;:&quot;0&quot;,&quot;iso&quot;:&quot;0&quot;,&quot;shutter_speed&quot;:&quot;0&quot;,&quot;title&quot;:&quot;&quot;}\" data-image-title=\"eva mendes\" data-image-description=\"\" data-image-caption=\"\" data-medium-file=\"https:\/\/i0.wp.com\/www.moda.es\/blog\/wp-content\/uploads\/2015\/04\/eva-mendes.jpg?fit=300%2C300\" data-large-file=\"https:\/\/i0.wp.com\/www.moda.es\/blog\/wp-content\/uploads\/2015\/04\/eva-mendes.jpg?fit=640%2C640\" loading=\"lazy\" class=\"aligncenter size-medium wp-image-19317\" alt=\"eva mendes\" src=\"https:\/\/i0.wp.com\/www.moda.es\/blog\/wp-content\/uploads\/2015\/04\/eva-mendes.jpg?resize=300%2C300\" width=\"300\" height=\"300\" srcset=\"https:\/\/i0.wp.com\/www.moda.es\/blog\/wp-content\/uploads\/2015\/04\/eva-mendes.jpg?resize=300%2C300 300w, https:\/\/i0.wp.com\/www.moda.es\/blog\/wp-content\/uploads\/2015\/04\/eva-mendes.jpg?resize=150%2C150 150w, https:\/\/i0.wp.com\/www.moda.es\/blog\/wp-content\/uploads\/2015\/04\/eva-mendes.jpg?resize=420%2C420 420w, https:\/\/i0.wp.com\/www.moda.es\/blog\/wp-content\/uploads\/2015\/04\/eva-mendes.jpg?resize=120%2C120 120w, https:\/\/i0.wp.com\/www.moda.es\/blog\/wp-content\/uploads\/2015\/04\/eva-mendes.jpg?w=650 650w\" sizes=\"(max-width: 300px) 100vw, 300px\" data-recalc-dims=\"1\" \/><\/a><\/p>\n<p>\u00abDesde mi adolescencia, siempre he admirado a Est\u00e9e Lauder, tanto a la mujer como a la marca\u00bb, ha declarado Mendes. \u00abEstoy emocionada con ser imagen de <em>New <\/em>Dimension porque me identifico personalmente con lo que representa: <strong>el poder que tenemos como mujeres para tomar el control y transformar nuestra propia belleza<\/strong>\u00ab.<\/p>\n<p>Y es precisamente esta transformaci\u00f3n lo que caracteriza a New Dimension que estar\u00e1 disponible en Espa\u00f1a a partir del pr\u00f3ximo <strong>oto\u00f1o<\/strong>. Su\u00a0<strong>New Dimension Shape + Fill Expert Serum y New Dimension Expert Liquid Tape definen el contorno de la piel<\/strong>, ayudando a las mujeres a ganar confianza desde todos los \u00e1ngulos.<\/p>\n<p>Desde la casa set\u00e1n encantados con su nuevo fichaje. La presidenta global de Est\u00e9e Lauder, <strong>Jane Hudis<\/strong>, ha comentado que\u00a0\u00abcomo actriz, empresaria y ahora madre, <strong>Eva entiende el poder de transformaci\u00f3n que es la esencia de nuestro nuevo enfoque de la belleza<\/strong>. La calidez y cercan\u00eda de Eva nos ayudar\u00e1 a compartir esta historia incre\u00edble con las mujeres de todo el mundo. Estoy encantada de dar la bienvenida a Eva a la familia de Est\u00e9e Lauder como representante de la l\u00ednea New Dimension\u00bb.<\/p>\n<p><a href=\"https:\/\/i0.wp.com\/www.moda.es\/blog\/wp-content\/uploads\/2015\/04\/eva2.jpg\"><img data-attachment-id=\"19316\" data-permalink=\"http:\/\/www.moda.es\/blog\/eva-mendes-nueva-imagen-de-estee-lauder\/eva2\/\" data-orig-file=\"https:\/\/i0.wp.com\/www.moda.es\/blog\/wp-content\/uploads\/2015\/04\/eva2.jpg?fit=650%2C442\" data-orig-size=\"650,442\" data-comments-opened=\"1\" data-image-meta=\"{&quot;aperture&quot;:&quot;0&quot;,&quot;credit&quot;:&quot;&quot;,&quot;camera&quot;:&quot;&quot;,&quot;caption&quot;:&quot;&quot;,&quot;created_timestamp&quot;:&quot;0&quot;,&quot;copyright&quot;:&quot;&quot;,&quot;focal_length&quot;:&quot;0&quot;,&quot;iso&quot;:&quot;0&quot;,&quot;shutter_speed&quot;:&quot;0&quot;,&quot;title&quot;:&quot;&quot;}\" data-image-title=\"eva2\" data-image-description=\"\" data-image-caption=\"\" data-medium-file=\"https:\/\/i0.wp.com\/www.moda.es\/blog\/wp-content\/uploads\/2015\/04\/eva2.jpg?fit=300%2C204\" data-large-file=\"https:\/\/i0.wp.com\/www.moda.es\/blog\/wp-content\/uploads\/2015\/04\/eva2.jpg?fit=640%2C435\" loading=\"lazy\" class=\"aligncenter size-medium wp-image-19316\" alt=\"eva2\" src=\"https:\/\/i0.wp.com\/www.moda.es\/blog\/wp-content\/uploads\/2015\/04\/eva2.jpg?resize=300%2C204\" width=\"300\" height=\"204\" srcset=\"https:\/\/i0.wp.com\/www.moda.es\/blog\/wp-content\/uploads\/2015\/04\/eva2.jpg?resize=300%2C204 300w, https:\/\/i0.wp.com\/www.moda.es\/blog\/wp-content\/uploads\/2015\/04\/eva2.jpg?resize=420%2C285 420w, https:\/\/i0.wp.com\/www.moda.es\/blog\/wp-content\/uploads\/2015\/04\/eva2.jpg?w=650 650w\" sizes=\"(max-width: 300px) 100vw, 300px\" data-recalc-dims=\"1\" \/><\/a><\/p>\n<p>\u00a9Estee Lauder                             <\/p>\n","protected":false},"excerpt":{"rendered":"<p>Est\u00e9e Lauder ha anunciado el nombramiento de la actriz Eva Mendes para representar su \u00faltimo gran lanzamiento, la gama New Dimension para el cuidado de la piel de la marca. \u00abDesde mi adolescencia, siempre he admirado a Est\u00e9e Lauder, tanto a la mujer como a la marca\u00bb, ha declarado Mendes. [&hellip;]<\/p>\n","protected":false},"author":3,"featured_media":19316,"comment_status":"open","ping_status":"open","sticky":false,"template":"","format":"standard","meta":{"jetpack_publicize_message":"","jetpack_is_tweetstorm":false,"jetpack_publicize_feature_enabled":true},"categories":[3,6,11,14,17],"tags":[315,1221],"jetpack_publicize_connections":[],"jetpack_featured_media_url":"https:\/\/i0.wp.com\/www.moda.es\/blog\/wp-content\/uploads\/2015\/04\/eva2.jpg?fit=650%2C442","jetpack_sharing_enabled":true,"jetpack_shortlink":"https:\/\/wp.me\/p4tJCC-51x","jetpack-related-posts":[{"id":13860,"url":"http:\/\/www.moda.es\/blog\/la-liga-de-las-mujeres-extraordinarias\/","url_meta":{"origin":19315,"position":0},"title":"La liga de las mujeres extraordinarias","date":"agosto 21, 2013","format":false,"excerpt":"No s\u00f3lo son bell\u00edsimas y levantan pasiones sino que adem\u00e1s tienen la serie de amasar aut\u00e9nticas fortunas. La revista Forbes ha pubicado la lista con las modelos mejor pagadas de 2013. \u00bfQuieres saber qui\u00e9nes son? \u00a0Gisele B\u00fcndchen ha encabezado la lista de los modelos de mayores ingresos por s\u00e9ptimo a\u00f1o\u2026","rel":"","context":"En \u00abActualidad\u00bb","img":{"alt_text":"","src":"https:\/\/i0.wp.com\/www.moda.es\/blog\/wp-content\/uploads\/2013\/08\/Top-10-Forbes11.jpg?fit=300%2C450&resize=350%2C200","width":350,"height":200},"classes":[]},{"id":11028,"url":"http:\/\/www.moda.es\/blog\/la-semana-de-rihanna\/","url_meta":{"origin":19315,"position":1},"title":"La semana de Rihanna","date":"febrero 20, 2013","format":false,"excerpt":"La Semana de la Moda de Londres ha sido sin duda la semana de Rihanna. Ya te coment\u00e1bamos ayer su presentaci\u00f3n como flamante\u00a0 pero aparte tambi\u00e9n hemos podido conocer la campa\u00f1a. Fotografiada por Mario Sorrenti, las instant\u00e1neas, como con la propia ropa, se inspiran en los a\u00f1os noventa. Las modelos\u2026","rel":"","context":"En \u00abBelleza\u00bb","img":{"alt_text":"","src":"https:\/\/i0.wp.com\/www.moda.es\/blog\/wp-content\/uploads\/2013\/02\/Rihanna-para-River-Island-51.jpg?fit=1080%2C720&resize=350%2C200","width":350,"height":200},"classes":[]},{"id":761,"url":"http:\/\/www.moda.es\/blog\/tom-pecheux-pinta-y-colorea\/","url_meta":{"origin":19315,"position":2},"title":"Tom Pecheux, pinta y colorea.","date":"febrero 8, 2011","format":false,"excerpt":"Por sus manos han pasado los rostros de Lady Di, Charlize Theron, Jennifer Connelly, Julia Roberts,\u00a0Gisele B\u00fcndchen y otras muchas modelos. Su lugar ha estado -casi siempre- en los backstages de las pasarelas m\u00e1s importantes: Nueva York, Londres, Mil\u00e1n, Par\u00eds. Ahora se le conoce como el front man de Est\u00e9e\u2026","rel":"","context":"En \u00abSobre Moda.es\u00bb","img":{"alt_text":"","src":"https:\/\/i0.wp.com\/i.models.com\/oftheminute\/images\/2009\/11\/Makeup_guru_Tom_Pecheux_.jpg?resize=350%2C200","width":350,"height":200},"classes":[]},{"id":15481,"url":"http:\/\/www.moda.es\/blog\/resumen-de-la-semana-4-de-enero\/","url_meta":{"origin":19315,"position":3},"title":"Resumen de la semana. 4 de enero.","date":"enero 4, 2014","format":false,"excerpt":"Apenas quedan 3 d\u00edas para que acabe la Navidad y nos quiten las comidas sin f\u00edn, el estr\u00e9s, el tener que ver a esa parte de tu familia que podr\u00edas pasar sin encontrar... Pero tambi\u00e9n se ir\u00e1 la decoraci\u00f3n, las luces, la excusa para poder escribir todos los mensajes cari\u00f1osos\u2026","rel":"","context":"En \u00abActualidad\u00bb","img":{"alt_text":"","src":"https:\/\/i0.wp.com\/www.moda.es\/blog\/wp-content\/uploads\/2014\/01\/Celebrity-Lipstick-21.jpg?fit=350%2C350&resize=350%2C200","width":350,"height":200},"classes":[]},{"id":6950,"url":"http:\/\/www.moda.es\/blog\/operacion-bikini\/","url_meta":{"origin":19315,"position":4},"title":"Operaci\u00f3n bikini","date":"mayo 8, 2012","format":false,"excerpt":"Queda menos de dos meses para el verano y el calor que se ha podido sentir hoy, al menos en la capital, ya nos anuncia \u00a0 su cercan\u00eda. As\u00ed pues, es hora dejar de lado la pereza propia de la hibernaci\u00f3n para \u00a0tomarse en serio la operaci\u00f3n bikini. Para ello\u2026","rel":"","context":"En \u00abFirmas\u00bb","img":{"alt_text":"","src":"https:\/\/i0.wp.com\/www.moda.es\/blog\/wp-content\/uploads\/2012\/05\/260412045315_mk-detail-e13365059416971.jpg?fit=500%2C258&resize=350%2C200","width":350,"height":200},"classes":[]},{"id":14146,"url":"http:\/\/www.moda.es\/blog\/la-version-mas-sexy-de-barbie\/","url_meta":{"origin":19315,"position":5},"title":"La versi\u00f3n m\u00e1s sexy de Barbie","date":"septiembre 16, 2013","format":false,"excerpt":"Cuando era peque\u00f1a y me pon\u00eda a jugar con mis Barbies lo primero que hac\u00eda era peinarlas y cambiarles el vestido para que fueran a una fiesta. Parece ser que no fui la \u00fanica en aquel juego porque hoy todav\u00eda m\u00e1s de uno juega a lo mismo que yo. Barbie,\u2026","rel":"","context":"En \u00abActualidad\u00bb","img":{"alt_text":"","src":"https:\/\/i0.wp.com\/www.moda.es\/blog\/wp-content\/uploads\/2013\/09\/Barbie-Herve-Leger-21.jpg?fit=500%2C750&resize=350%2C200","width":350,"height":200},"classes":[]}],"_links":{"self":[{"href":"http:\/\/www.moda.es\/blog\/wp-json\/wp\/v2\/posts\/19315"}],"collection":[{"href":"http:\/\/www.moda.es\/blog\/wp-json\/wp\/v2\/posts"}],"about":[{"href":"http:\/\/www.moda.es\/blog\/wp-json\/wp\/v2\/types\/post"}],"author":[{"embeddable":true,"href":"http:\/\/www.moda.es\/blog\/wp-json\/wp\/v2\/users\/3"}],"replies":[{"embeddable":true,"href":"http:\/\/www.moda.es\/blog\/wp-json\/wp\/v2\/comments?post=19315"}],"version-history":[{"count":7,"href":"http:\/\/www.moda.es\/blog\/wp-json\/wp\/v2\/posts\/19315\/revisions"}],"predecessor-version":[{"id":36145,"href":"http:\/\/www.moda.es\/blog\/wp-json\/wp\/v2\/posts\/19315\/revisions\/36145"}],"wp:featuredmedia":[{"embeddable":true,"href":"http:\/\/www.moda.es\/blog\/wp-json\/wp\/v2\/media\/19316"}],"wp:attachment":[{"href":"http:\/\/www.moda.es\/blog\/wp-json\/wp\/v2\/media?parent=19315"}],"wp:term":[{"taxonomy":"category","embeddable":true,"href":"http:\/\/www.moda.es\/blog\/wp-json\/wp\/v2\/categories?post=19315"},{"taxonomy":"post_tag","embeddable":true,"href":"http:\/\/www.moda.es\/blog\/wp-json\/wp\/v2\/tags?post=19315"}],"curies":[{"name":"wp","href":"https:\/\/api.w.org\/{rel}","templated":true}]}}