{"id":19272,"date":"2015-04-17T22:31:12","date_gmt":"2015-04-17T21:31:12","guid":{"rendered":"http:\/\/www.moda.es\/blog\/?p=19272"},"modified":"2020-04-27T16:59:58","modified_gmt":"2020-04-27T15:59:58","slug":"un-trocito-de-londres-en-los-angeles","status":"publish","type":"post","link":"http:\/\/www.moda.es\/blog\/un-trocito-de-londres-en-los-angeles\/","title":{"rendered":"Un trocito de Londres en Los \u00c1ngeles"},"content":{"rendered":"<p>Moda, actuaciones en directo, una buena colecci\u00f3n de artistas y hasta la <strong>Guardia de Su Majestad la Reina de Inglaterra<\/strong> sobre una pasarela (s\u00ed, confirmado, dio un permiso especial) se trasladaron a <strong>Los \u00c1ngeles<\/strong> desde Londres para rendir todo un homenaje a <strong>Burberry<\/strong> y su esp\u00edritu ingl\u00e9s y de paso celebrar la apertura de una nueva boutique.<\/p>\n<p><a href=\"https:\/\/i0.wp.com\/www.moda.es\/blog\/wp-content\/uploads\/2015\/04\/bb8.jpg\"><img data-attachment-id=\"19273\" data-permalink=\"http:\/\/www.moda.es\/blog\/un-trocito-de-londres-en-los-angeles\/bb8\/\" data-orig-file=\"https:\/\/i0.wp.com\/www.moda.es\/blog\/wp-content\/uploads\/2015\/04\/bb8.jpg?fit=650%2C650\" data-orig-size=\"650,650\" data-comments-opened=\"1\" data-image-meta=\"{&quot;aperture&quot;:&quot;0&quot;,&quot;credit&quot;:&quot;&quot;,&quot;camera&quot;:&quot;&quot;,&quot;caption&quot;:&quot;&quot;,&quot;created_timestamp&quot;:&quot;0&quot;,&quot;copyright&quot;:&quot;&quot;,&quot;focal_length&quot;:&quot;0&quot;,&quot;iso&quot;:&quot;0&quot;,&quot;shutter_speed&quot;:&quot;0&quot;,&quot;title&quot;:&quot;&quot;}\" data-image-title=\"bb8\" data-image-description=\"\" data-image-caption=\"\" data-medium-file=\"https:\/\/i0.wp.com\/www.moda.es\/blog\/wp-content\/uploads\/2015\/04\/bb8.jpg?fit=300%2C300\" data-large-file=\"https:\/\/i0.wp.com\/www.moda.es\/blog\/wp-content\/uploads\/2015\/04\/bb8.jpg?fit=640%2C640\" loading=\"lazy\" class=\"aligncenter size-medium wp-image-19273\" alt=\"bb8\" src=\"https:\/\/i0.wp.com\/www.moda.es\/blog\/wp-content\/uploads\/2015\/04\/bb8.jpg?resize=300%2C300\" width=\"300\" height=\"300\" srcset=\"https:\/\/i0.wp.com\/www.moda.es\/blog\/wp-content\/uploads\/2015\/04\/bb8.jpg?resize=300%2C300 300w, https:\/\/i0.wp.com\/www.moda.es\/blog\/wp-content\/uploads\/2015\/04\/bb8.jpg?resize=150%2C150 150w, https:\/\/i0.wp.com\/www.moda.es\/blog\/wp-content\/uploads\/2015\/04\/bb8.jpg?resize=420%2C420 420w, https:\/\/i0.wp.com\/www.moda.es\/blog\/wp-content\/uploads\/2015\/04\/bb8.jpg?resize=120%2C120 120w, https:\/\/i0.wp.com\/www.moda.es\/blog\/wp-content\/uploads\/2015\/04\/bb8.jpg?w=650 650w\" sizes=\"(max-width: 300px) 100vw, 300px\" data-recalc-dims=\"1\" \/><\/a><\/p>\n<p>La colecci\u00f3n mostrada fue la de la pr\u00f3xima temporada <strong>oto\u00f1o &#8211; invierno 2015<\/strong> aunque en esta ocasi\u00f3n la ropa era lo de menos.<strong> Tom Odell, George Ezra y Claire Maguire\u00a0<\/strong> cantaron en directo, <strong>Jourdan Dunn<\/strong> abri\u00f3 el desfile y los Guardias cerraron la marcha. Entre ambos,<strong> Naomi Campbell, Malaika Firth<\/strong> e incluso <strong>James Corden<\/strong> al m\u00e1s puro estilo Ben Stiller y Owen Wilson en Valentino.<\/p>\n<p><a href=\"https:\/\/i0.wp.com\/www.moda.es\/blog\/wp-content\/uploads\/2015\/04\/bb2.jpg\"><img data-attachment-id=\"19274\" data-permalink=\"http:\/\/www.moda.es\/blog\/un-trocito-de-londres-en-los-angeles\/bb2-2\/\" data-orig-file=\"https:\/\/i0.wp.com\/www.moda.es\/blog\/wp-content\/uploads\/2015\/04\/bb2.jpg?fit=650%2C433\" data-orig-size=\"650,433\" data-comments-opened=\"1\" data-image-meta=\"{&quot;aperture&quot;:&quot;0&quot;,&quot;credit&quot;:&quot;&quot;,&quot;camera&quot;:&quot;&quot;,&quot;caption&quot;:&quot;&quot;,&quot;created_timestamp&quot;:&quot;0&quot;,&quot;copyright&quot;:&quot;&quot;,&quot;focal_length&quot;:&quot;0&quot;,&quot;iso&quot;:&quot;0&quot;,&quot;shutter_speed&quot;:&quot;0&quot;,&quot;title&quot;:&quot;&quot;}\" data-image-title=\"bb2\" data-image-description=\"\" data-image-caption=\"\" data-medium-file=\"https:\/\/i0.wp.com\/www.moda.es\/blog\/wp-content\/uploads\/2015\/04\/bb2.jpg?fit=300%2C199\" data-large-file=\"https:\/\/i0.wp.com\/www.moda.es\/blog\/wp-content\/uploads\/2015\/04\/bb2.jpg?fit=640%2C426\" loading=\"lazy\" class=\"aligncenter size-medium wp-image-19274\" alt=\"bb2\" src=\"https:\/\/i0.wp.com\/www.moda.es\/blog\/wp-content\/uploads\/2015\/04\/bb2.jpg?resize=300%2C199\" width=\"300\" height=\"199\" srcset=\"https:\/\/i0.wp.com\/www.moda.es\/blog\/wp-content\/uploads\/2015\/04\/bb2.jpg?resize=300%2C199 300w, https:\/\/i0.wp.com\/www.moda.es\/blog\/wp-content\/uploads\/2015\/04\/bb2.jpg?w=650 650w, https:\/\/i0.wp.com\/www.moda.es\/blog\/wp-content\/uploads\/2015\/04\/bb2.jpg?resize=420%2C279 420w\" sizes=\"(max-width: 300px) 100vw, 300px\" data-recalc-dims=\"1\" \/><\/a><\/p>\n<p><a href=\"https:\/\/i0.wp.com\/www.moda.es\/blog\/wp-content\/uploads\/2015\/04\/bb6.jpg\"><img data-attachment-id=\"19275\" data-permalink=\"http:\/\/www.moda.es\/blog\/un-trocito-de-londres-en-los-angeles\/bb6\/\" data-orig-file=\"https:\/\/i0.wp.com\/www.moda.es\/blog\/wp-content\/uploads\/2015\/04\/bb6.jpg?fit=650%2C650\" data-orig-size=\"650,650\" data-comments-opened=\"1\" data-image-meta=\"{&quot;aperture&quot;:&quot;0&quot;,&quot;credit&quot;:&quot;&quot;,&quot;camera&quot;:&quot;&quot;,&quot;caption&quot;:&quot;&quot;,&quot;created_timestamp&quot;:&quot;0&quot;,&quot;copyright&quot;:&quot;&quot;,&quot;focal_length&quot;:&quot;0&quot;,&quot;iso&quot;:&quot;0&quot;,&quot;shutter_speed&quot;:&quot;0&quot;,&quot;title&quot;:&quot;&quot;}\" data-image-title=\"bb6\" data-image-description=\"\" data-image-caption=\"\" data-medium-file=\"https:\/\/i0.wp.com\/www.moda.es\/blog\/wp-content\/uploads\/2015\/04\/bb6.jpg?fit=300%2C300\" data-large-file=\"https:\/\/i0.wp.com\/www.moda.es\/blog\/wp-content\/uploads\/2015\/04\/bb6.jpg?fit=640%2C640\" loading=\"lazy\" class=\"aligncenter size-medium wp-image-19275\" alt=\"bb6\" src=\"https:\/\/i0.wp.com\/www.moda.es\/blog\/wp-content\/uploads\/2015\/04\/bb6.jpg?resize=300%2C300\" width=\"300\" height=\"300\" srcset=\"https:\/\/i0.wp.com\/www.moda.es\/blog\/wp-content\/uploads\/2015\/04\/bb6.jpg?resize=300%2C300 300w, https:\/\/i0.wp.com\/www.moda.es\/blog\/wp-content\/uploads\/2015\/04\/bb6.jpg?resize=150%2C150 150w, https:\/\/i0.wp.com\/www.moda.es\/blog\/wp-content\/uploads\/2015\/04\/bb6.jpg?resize=420%2C420 420w, https:\/\/i0.wp.com\/www.moda.es\/blog\/wp-content\/uploads\/2015\/04\/bb6.jpg?resize=120%2C120 120w, https:\/\/i0.wp.com\/www.moda.es\/blog\/wp-content\/uploads\/2015\/04\/bb6.jpg?w=650 650w\" sizes=\"(max-width: 300px) 100vw, 300px\" data-recalc-dims=\"1\" \/><\/a><\/p>\n<p>Por si todav\u00eda no era todo suficientemente brit\u00e1nico, la familia <strong>Beckham<\/strong> al completo (tenemos que hablar del \u00abmomento ni\u00f1os\u00bb en los desfiles), <strong>\u00a0Sir Elton John<\/strong> y la <strong>Marquesa de<\/strong>\u00a0 <strong>Douro<\/strong> (aka Gemma Mornington).<\/p>\n<p><a href=\"https:\/\/i0.wp.com\/www.moda.es\/blog\/wp-content\/uploads\/2015\/04\/bb.jpg\"><img data-attachment-id=\"19276\" data-permalink=\"http:\/\/www.moda.es\/blog\/un-trocito-de-londres-en-los-angeles\/bb\/\" data-orig-file=\"https:\/\/i0.wp.com\/www.moda.es\/blog\/wp-content\/uploads\/2015\/04\/bb.jpg?fit=650%2C433\" data-orig-size=\"650,433\" data-comments-opened=\"1\" data-image-meta=\"{&quot;aperture&quot;:&quot;0&quot;,&quot;credit&quot;:&quot;&quot;,&quot;camera&quot;:&quot;&quot;,&quot;caption&quot;:&quot;&quot;,&quot;created_timestamp&quot;:&quot;0&quot;,&quot;copyright&quot;:&quot;&quot;,&quot;focal_length&quot;:&quot;0&quot;,&quot;iso&quot;:&quot;0&quot;,&quot;shutter_speed&quot;:&quot;0&quot;,&quot;title&quot;:&quot;&quot;}\" data-image-title=\"bb\" data-image-description=\"\" data-image-caption=\"\" data-medium-file=\"https:\/\/i0.wp.com\/www.moda.es\/blog\/wp-content\/uploads\/2015\/04\/bb.jpg?fit=300%2C199\" data-large-file=\"https:\/\/i0.wp.com\/www.moda.es\/blog\/wp-content\/uploads\/2015\/04\/bb.jpg?fit=640%2C426\" loading=\"lazy\" class=\"aligncenter size-medium wp-image-19276\" alt=\"bb\" src=\"https:\/\/i0.wp.com\/www.moda.es\/blog\/wp-content\/uploads\/2015\/04\/bb.jpg?resize=300%2C199\" width=\"300\" height=\"199\" srcset=\"https:\/\/i0.wp.com\/www.moda.es\/blog\/wp-content\/uploads\/2015\/04\/bb.jpg?resize=300%2C199 300w, https:\/\/i0.wp.com\/www.moda.es\/blog\/wp-content\/uploads\/2015\/04\/bb.jpg?w=650 650w, https:\/\/i0.wp.com\/www.moda.es\/blog\/wp-content\/uploads\/2015\/04\/bb.jpg?resize=420%2C279 420w\" sizes=\"(max-width: 300px) 100vw, 300px\" data-recalc-dims=\"1\" \/><\/a><\/p>\n<p><a href=\"https:\/\/i0.wp.com\/www.moda.es\/blog\/wp-content\/uploads\/2015\/04\/bb1.jpg\"><img data-attachment-id=\"19277\" data-permalink=\"http:\/\/www.moda.es\/blog\/un-trocito-de-londres-en-los-angeles\/bb1-2\/\" data-orig-file=\"https:\/\/i0.wp.com\/www.moda.es\/blog\/wp-content\/uploads\/2015\/04\/bb1.jpg?fit=650%2C433\" data-orig-size=\"650,433\" data-comments-opened=\"1\" data-image-meta=\"{&quot;aperture&quot;:&quot;0&quot;,&quot;credit&quot;:&quot;&quot;,&quot;camera&quot;:&quot;&quot;,&quot;caption&quot;:&quot;&quot;,&quot;created_timestamp&quot;:&quot;0&quot;,&quot;copyright&quot;:&quot;&quot;,&quot;focal_length&quot;:&quot;0&quot;,&quot;iso&quot;:&quot;0&quot;,&quot;shutter_speed&quot;:&quot;0&quot;,&quot;title&quot;:&quot;&quot;}\" data-image-title=\"bb1\" data-image-description=\"\" data-image-caption=\"\" data-medium-file=\"https:\/\/i0.wp.com\/www.moda.es\/blog\/wp-content\/uploads\/2015\/04\/bb1.jpg?fit=300%2C199\" data-large-file=\"https:\/\/i0.wp.com\/www.moda.es\/blog\/wp-content\/uploads\/2015\/04\/bb1.jpg?fit=640%2C426\" loading=\"lazy\" class=\"aligncenter size-medium wp-image-19277\" alt=\"bb1\" src=\"https:\/\/i0.wp.com\/www.moda.es\/blog\/wp-content\/uploads\/2015\/04\/bb1.jpg?resize=300%2C199\" width=\"300\" height=\"199\" srcset=\"https:\/\/i0.wp.com\/www.moda.es\/blog\/wp-content\/uploads\/2015\/04\/bb1.jpg?resize=300%2C199 300w, https:\/\/i0.wp.com\/www.moda.es\/blog\/wp-content\/uploads\/2015\/04\/bb1.jpg?w=650 650w, https:\/\/i0.wp.com\/www.moda.es\/blog\/wp-content\/uploads\/2015\/04\/bb1.jpg?resize=420%2C279 420w\" sizes=\"(max-width: 300px) 100vw, 300px\" data-recalc-dims=\"1\" \/><\/a><\/p>\n<p>Junto a ellos, algunas buenas amigas de <strong>Christopher Bailey: Cara Delevingne, Suki Waterhouse y Rosie Huntington<\/strong> con <strong>Jason Statham<\/strong>. Tampoco se lo perdieron <strong>Mila Kunis, Rose Byrne, Jeffrey Katzenberg, Kate Beckinsale, Anna Wintour y Ryan Seacrest.<\/strong><\/p>\n<p><a href=\"https:\/\/i0.wp.com\/www.moda.es\/blog\/wp-content\/uploads\/2015\/04\/bb3.jpg\"><img data-attachment-id=\"19278\" data-permalink=\"http:\/\/www.moda.es\/blog\/un-trocito-de-londres-en-los-angeles\/bb3-2\/\" data-orig-file=\"https:\/\/i0.wp.com\/www.moda.es\/blog\/wp-content\/uploads\/2015\/04\/bb3.jpg?fit=650%2C650\" data-orig-size=\"650,650\" data-comments-opened=\"1\" data-image-meta=\"{&quot;aperture&quot;:&quot;0&quot;,&quot;credit&quot;:&quot;&quot;,&quot;camera&quot;:&quot;&quot;,&quot;caption&quot;:&quot;&quot;,&quot;created_timestamp&quot;:&quot;0&quot;,&quot;copyright&quot;:&quot;&quot;,&quot;focal_length&quot;:&quot;0&quot;,&quot;iso&quot;:&quot;0&quot;,&quot;shutter_speed&quot;:&quot;0&quot;,&quot;title&quot;:&quot;&quot;}\" data-image-title=\"bb3\" data-image-description=\"\" data-image-caption=\"\" data-medium-file=\"https:\/\/i0.wp.com\/www.moda.es\/blog\/wp-content\/uploads\/2015\/04\/bb3.jpg?fit=300%2C300\" data-large-file=\"https:\/\/i0.wp.com\/www.moda.es\/blog\/wp-content\/uploads\/2015\/04\/bb3.jpg?fit=640%2C640\" loading=\"lazy\" class=\"aligncenter size-medium wp-image-19278\" alt=\"bb3\" src=\"https:\/\/i0.wp.com\/www.moda.es\/blog\/wp-content\/uploads\/2015\/04\/bb3.jpg?resize=300%2C300\" width=\"300\" height=\"300\" srcset=\"https:\/\/i0.wp.com\/www.moda.es\/blog\/wp-content\/uploads\/2015\/04\/bb3.jpg?resize=300%2C300 300w, https:\/\/i0.wp.com\/www.moda.es\/blog\/wp-content\/uploads\/2015\/04\/bb3.jpg?resize=150%2C150 150w, https:\/\/i0.wp.com\/www.moda.es\/blog\/wp-content\/uploads\/2015\/04\/bb3.jpg?resize=420%2C420 420w, https:\/\/i0.wp.com\/www.moda.es\/blog\/wp-content\/uploads\/2015\/04\/bb3.jpg?resize=120%2C120 120w, https:\/\/i0.wp.com\/www.moda.es\/blog\/wp-content\/uploads\/2015\/04\/bb3.jpg?w=650 650w\" sizes=\"(max-width: 300px) 100vw, 300px\" data-recalc-dims=\"1\" \/><\/a><\/p>\n<p><a href=\"https:\/\/i0.wp.com\/www.moda.es\/blog\/wp-content\/uploads\/2015\/04\/bb7.jpg\"><img data-attachment-id=\"19279\" data-permalink=\"http:\/\/www.moda.es\/blog\/un-trocito-de-londres-en-los-angeles\/bb7\/\" data-orig-file=\"https:\/\/i0.wp.com\/www.moda.es\/blog\/wp-content\/uploads\/2015\/04\/bb7.jpg?fit=650%2C904\" data-orig-size=\"650,904\" data-comments-opened=\"1\" data-image-meta=\"{&quot;aperture&quot;:&quot;0&quot;,&quot;credit&quot;:&quot;&quot;,&quot;camera&quot;:&quot;&quot;,&quot;caption&quot;:&quot;&quot;,&quot;created_timestamp&quot;:&quot;0&quot;,&quot;copyright&quot;:&quot;&quot;,&quot;focal_length&quot;:&quot;0&quot;,&quot;iso&quot;:&quot;0&quot;,&quot;shutter_speed&quot;:&quot;0&quot;,&quot;title&quot;:&quot;&quot;}\" data-image-title=\"bb7\" data-image-description=\"\" data-image-caption=\"\" data-medium-file=\"https:\/\/i0.wp.com\/www.moda.es\/blog\/wp-content\/uploads\/2015\/04\/bb7.jpg?fit=215%2C300\" data-large-file=\"https:\/\/i0.wp.com\/www.moda.es\/blog\/wp-content\/uploads\/2015\/04\/bb7.jpg?fit=640%2C890\" loading=\"lazy\" class=\"aligncenter size-medium wp-image-19279\" alt=\"bb7\" src=\"https:\/\/i0.wp.com\/www.moda.es\/blog\/wp-content\/uploads\/2015\/04\/bb7.jpg?resize=215%2C300\" width=\"215\" height=\"300\" srcset=\"https:\/\/i0.wp.com\/www.moda.es\/blog\/wp-content\/uploads\/2015\/04\/bb7.jpg?resize=215%2C300 215w, https:\/\/i0.wp.com\/www.moda.es\/blog\/wp-content\/uploads\/2015\/04\/bb7.jpg?resize=420%2C584 420w, https:\/\/i0.wp.com\/www.moda.es\/blog\/wp-content\/uploads\/2015\/04\/bb7.jpg?w=650 650w\" sizes=\"(max-width: 215px) 100vw, 215px\" data-recalc-dims=\"1\" \/><\/a><\/p>\n<p>Ser\u00e1 interesante ver c\u00f3mo competir\u00e1n con esto el desfile de <strong>Dior<\/strong> en Niza en un par de semanas y el<strong> Louis Vuitton<\/strong> en Palm Springs poco despu\u00e9s. Sea como sea est\u00e1 claro que resulta emocionante ver c\u00f3mo Bailey no se queda en celebrar una gran fiesta sino que la usa para proyectar al mundo la naci\u00f3n a la que tnato le enorgullece pertenecer y viendo el resultado&#8230; \u00bfSe te ocurre una mejor manera de representar un pa\u00eds?<\/p>\n<p>&nbsp;<\/p>\n<p>\u00a9Burberry \/ Fashion Telegraph                             <\/p>\n","protected":false},"excerpt":{"rendered":"<p>Moda, actuaciones en directo, una buena colecci\u00f3n de artistas y hasta la Guardia de Su Majestad la Reina de Inglaterra sobre una pasarela (s\u00ed, confirmado, dio un permiso especial) se trasladaron a Los \u00c1ngeles desde Londres para rendir todo un homenaje a Burberry y su esp\u00edritu ingl\u00e9s y de paso [&hellip;]<\/p>\n","protected":false},"author":3,"featured_media":19273,"comment_status":"open","ping_status":"open","sticky":false,"template":"","format":"standard","meta":{"jetpack_publicize_message":"","jetpack_is_tweetstorm":false,"jetpack_publicize_feature_enabled":true},"categories":[3,11,14,17],"tags":[91,148,163,199,1213,1210,452,1211,564,616,647,1209,787,1212,985],"jetpack_publicize_connections":[],"jetpack_featured_media_url":"https:\/\/i0.wp.com\/www.moda.es\/blog\/wp-content\/uploads\/2015\/04\/bb8.jpg?fit=650%2C650","jetpack_sharing_enabled":true,"jetpack_shortlink":"https:\/\/wp.me\/p4tJCC-50Q","jetpack-related-posts":[{"id":18634,"url":"http:\/\/www.moda.es\/blog\/naomi-campbell-y-jourdan-dunn-juntas-para-burberry\/","url_meta":{"origin":19272,"position":0},"title":"Naomi Campbell y Jourdan Dunn, juntas para Burberry","date":"diciembre 16, 2014","format":false,"excerpt":"Burberry, la marca brit\u00e1nica por excelencia, le est\u00e1 cogiendo el gusto \u00faltimamente a fotografiar sus campa\u00f1as por parejas. Este oto\u00f1o se unieron Cara Delevingne y Malaika Firth y recientemente su nueva fragancia My Burberry eleg\u00eda a la ni\u00f1a bonita y a Kate Moss como imagen. En su nueva campa\u00f1a para\u2026","rel":"","context":"En \u00abActualidad\u00bb","img":{"alt_text":"","src":"https:\/\/i0.wp.com\/www.moda.es\/blog\/wp-content\/uploads\/2014\/12\/bbjn3.jpg?fit=650%2C975&resize=350%2C200","width":350,"height":200},"classes":[]},{"id":20546,"url":"http:\/\/www.moda.es\/blog\/en-la-cocina-con-jourdan-dunn\/","url_meta":{"origin":19272,"position":1},"title":"En la cocina con Jourdan Dunn","date":"abril 23, 2016","format":false,"excerpt":"Aunque todav\u00eda no hay fecha de lanzamiento ni confirmaci\u00f3n del contenido, Jourdan Dunn ha anunciado la presentaci\u00f3n de su primer libro de recetas de cocina. \u00bfSorprendidos? Quiz\u00e1s no sab\u00edais que la modelo\u00a0ya cuenta con su propio canal de cocina en Youtube, Well Dunn With Dunn, por lo que es justo\u2026","rel":"","context":"En \u00abActualidad\u00bb","img":{"alt_text":"","src":"https:\/\/i0.wp.com\/www.moda.es\/blog\/wp-content\/uploads\/2016\/04\/Captura-de-pantalla-2016-04-23-a-las-19.02.46.png?fit=463%2C696&resize=350%2C200","width":350,"height":200},"classes":[]},{"id":19156,"url":"http:\/\/www.moda.es\/blog\/tenemos-otra-modelo-interesandose-por-el-diseno\/","url_meta":{"origin":19272,"position":2},"title":"Tenemos otra modelo interes\u00e1ndose por el dise\u00f1o&#8230;","date":"marzo 19, 2015","format":false,"excerpt":"...y en esta ocasi\u00f3n se trata de Jourdan Dunn. La top brit\u00e1nica est\u00e1 lanzando su propia l\u00ednea de ropa para \"ni\u00f1os y j\u00f3venes\". Desde su agencia en Londres, Storm Model Management, se ha confirmado hoy el acuerdo de licencia entre Dunn y Fluid World, que se traducir\u00e1 en al menos\u2026","rel":"","context":"En \u00abActualidad\u00bb","img":{"alt_text":"","src":"https:\/\/i0.wp.com\/www.moda.es\/blog\/wp-content\/uploads\/2015\/03\/jourdan.jpg?fit=650%2C975&resize=350%2C200","width":350,"height":200},"classes":[]},{"id":15433,"url":"http:\/\/www.moda.es\/blog\/conoce-a-malaika-firth\/","url_meta":{"origin":19272,"position":3},"title":"Conoce a Malaika Firth","date":"diciembre 28, 2013","format":false,"excerpt":"Lleva ya un tiempo col\u00e1ndose en los desfiles de los principales dise\u00f1adores (Marc Jacobs, Burberry, Giles...) y tiene todos los ingredientes para convertirse en una de las grandes de 2014. Malaika Firth inici\u00f3 su carrera en 2011 a la edad de 17 a\u00f1os y en dos ha conseguido mucho m\u00e1s\u2026","rel":"","context":"En \u00abDestacados\u00bb","img":{"alt_text":"","src":"https:\/\/i0.wp.com\/www.moda.es\/blog\/wp-content\/uploads\/2013\/12\/Malaika-Firth-71.jpg?fit=500%2C750&resize=350%2C200","width":350,"height":200},"classes":[]},{"id":20010,"url":"http:\/\/www.moda.es\/blog\/y-los-oscar-de-la-moda-son-para\/","url_meta":{"origin":19272,"position":4},"title":"Y los Oscar de la moda son para&#8230;","date":"noviembre 24, 2015","format":false,"excerpt":"Londres se llenaba de moda tendencias y glamour ayer en la ceremonia de entrega de los British Fashion Awards. Fue una gran noche para JW Anderson que recogi\u00f3 los premios de dise\u00f1o de ropa de mujer\u00a0y hombre, un curioso combinado y tambi\u00e9n para los talentos con sede en Londres compatriota\u2026","rel":"","context":"En \u00abActualidad\u00bb","img":{"alt_text":"","src":"https:\/\/i0.wp.com\/www.moda.es\/blog\/wp-content\/uploads\/2015\/11\/Captura-de-pantalla-2015-11-23-a-las-22.45.481.png?fit=291%2C438&resize=350%2C200","width":350,"height":200},"classes":[]},{"id":19402,"url":"http:\/\/www.moda.es\/blog\/dios-existe\/","url_meta":{"origin":19272,"position":5},"title":"Dios existe&#8230;","date":"mayo 20, 2015","format":false,"excerpt":"...y nos ha concedido una nueva gran colaboraci\u00f3n en H&M. Olivier Rousteing ha confirmado que est\u00e1 dise\u00f1ando una colecci\u00f3n de Balmain para H&M y todas las fans de la marca est\u00e1n revolucionadas. Con la ayuda de dos de sus famosos amigas, Jourdan Dunn y Kendall Jenner, el dise\u00f1ador anunci\u00f3 la\u2026","rel":"","context":"En \u00abActualidad\u00bb","img":{"alt_text":"","src":"https:\/\/i0.wp.com\/www.moda.es\/blog\/wp-content\/uploads\/2015\/05\/hmb3.jpg?fit=650%2C975&resize=350%2C200","width":350,"height":200},"classes":[]}],"_links":{"self":[{"href":"http:\/\/www.moda.es\/blog\/wp-json\/wp\/v2\/posts\/19272"}],"collection":[{"href":"http:\/\/www.moda.es\/blog\/wp-json\/wp\/v2\/posts"}],"about":[{"href":"http:\/\/www.moda.es\/blog\/wp-json\/wp\/v2\/types\/post"}],"author":[{"embeddable":true,"href":"http:\/\/www.moda.es\/blog\/wp-json\/wp\/v2\/users\/3"}],"replies":[{"embeddable":true,"href":"http:\/\/www.moda.es\/blog\/wp-json\/wp\/v2\/comments?post=19272"}],"version-history":[{"count":6,"href":"http:\/\/www.moda.es\/blog\/wp-json\/wp\/v2\/posts\/19272\/revisions"}],"predecessor-version":[{"id":36152,"href":"http:\/\/www.moda.es\/blog\/wp-json\/wp\/v2\/posts\/19272\/revisions\/36152"}],"wp:featuredmedia":[{"embeddable":true,"href":"http:\/\/www.moda.es\/blog\/wp-json\/wp\/v2\/media\/19273"}],"wp:attachment":[{"href":"http:\/\/www.moda.es\/blog\/wp-json\/wp\/v2\/media?parent=19272"}],"wp:term":[{"taxonomy":"category","embeddable":true,"href":"http:\/\/www.moda.es\/blog\/wp-json\/wp\/v2\/categories?post=19272"},{"taxonomy":"post_tag","embeddable":true,"href":"http:\/\/www.moda.es\/blog\/wp-json\/wp\/v2\/tags?post=19272"}],"curies":[{"name":"wp","href":"https:\/\/api.w.org\/{rel}","templated":true}]}}