{"id":19245,"date":"2015-04-10T22:17:15","date_gmt":"2015-04-10T21:17:15","guid":{"rendered":"http:\/\/www.moda.es\/blog\/?p=19245"},"modified":"2020-04-27T17:00:35","modified_gmt":"2020-04-27T16:00:35","slug":"chanel-escoge-net-a-porter-para-lanzar-su-nueva-coleccion-de-joyeria","status":"publish","type":"post","link":"http:\/\/www.moda.es\/blog\/chanel-escoge-net-a-porter-para-lanzar-su-nueva-coleccion-de-joyeria\/","title":{"rendered":"Chanel escoge Net-A-Porter para lanzar su nueva colecci\u00f3n de joyer\u00eda"},"content":{"rendered":"<p><strong>Chanel<\/strong> se ha asociado con <strong>Net-A-Porter<\/strong> para lanzar su primera colecci\u00f3n de joyer\u00eda en l\u00ednea. Esta nueva colecci\u00f3n, llamada <strong>Coco Crush,<\/strong> ha sido creada por el estudio de joyer\u00eda fina\u00a0 de la casa y se compone de cinco anillos y un brazalete en <strong>oro blanco y amarillo de 18 quilates.<\/strong><\/p>\n<p><a href=\"https:\/\/i0.wp.com\/www.moda.es\/blog\/wp-content\/uploads\/2015\/04\/chanel.jpg\"><img data-attachment-id=\"19246\" data-permalink=\"http:\/\/www.moda.es\/blog\/chanel-escoge-net-a-porter-para-lanzar-su-nueva-coleccion-de-joyeria\/chanel-12\/\" data-orig-file=\"https:\/\/i0.wp.com\/www.moda.es\/blog\/wp-content\/uploads\/2015\/04\/chanel.jpg?fit=650%2C975\" data-orig-size=\"650,975\" data-comments-opened=\"1\" data-image-meta=\"{&quot;aperture&quot;:&quot;0&quot;,&quot;credit&quot;:&quot;&quot;,&quot;camera&quot;:&quot;&quot;,&quot;caption&quot;:&quot;&quot;,&quot;created_timestamp&quot;:&quot;0&quot;,&quot;copyright&quot;:&quot;&quot;,&quot;focal_length&quot;:&quot;0&quot;,&quot;iso&quot;:&quot;0&quot;,&quot;shutter_speed&quot;:&quot;0&quot;,&quot;title&quot;:&quot;&quot;}\" data-image-title=\"chanel\" data-image-description=\"\" data-image-caption=\"\" data-medium-file=\"https:\/\/i0.wp.com\/www.moda.es\/blog\/wp-content\/uploads\/2015\/04\/chanel.jpg?fit=200%2C300\" data-large-file=\"https:\/\/i0.wp.com\/www.moda.es\/blog\/wp-content\/uploads\/2015\/04\/chanel.jpg?fit=640%2C960\" loading=\"lazy\" class=\"aligncenter size-medium wp-image-19246\" alt=\"chanel\" src=\"https:\/\/i0.wp.com\/www.moda.es\/blog\/wp-content\/uploads\/2015\/04\/chanel.jpg?resize=200%2C300\" width=\"200\" height=\"300\" srcset=\"https:\/\/i0.wp.com\/www.moda.es\/blog\/wp-content\/uploads\/2015\/04\/chanel.jpg?resize=200%2C300 200w, https:\/\/i0.wp.com\/www.moda.es\/blog\/wp-content\/uploads\/2015\/04\/chanel.jpg?resize=420%2C630 420w, https:\/\/i0.wp.com\/www.moda.es\/blog\/wp-content\/uploads\/2015\/04\/chanel.jpg?w=650 650w\" sizes=\"(max-width: 200px) 100vw, 200px\" data-recalc-dims=\"1\" \/><\/a><br \/>\nEs la primera vez que Chanel est\u00e1 disponible para la compra en el sitio web y <strong>la primera vez que, aparte de su maquillaje, algo se vende online<\/strong>. De hecho, el mes pasado Chanel habl\u00f3 de sus planes para armonizar su estructura de precios global, allanando el camino para una transici\u00f3n m\u00e1s \u00e1gil al sector minorista online. Esta asociaci\u00f3n con Net-A-Porter ofrece a la marca con la oportunidad perfecta para probar las aguas del comercio en internet.<\/p>\n<p style=\"text-align: center\"><a href=\"https:\/\/i0.wp.com\/www.moda.es\/blog\/wp-content\/uploads\/2015\/04\/chanel1.jpg\"><img data-attachment-id=\"19247\" data-permalink=\"http:\/\/www.moda.es\/blog\/chanel-escoge-net-a-porter-para-lanzar-su-nueva-coleccion-de-joyeria\/chanel1-3\/\" data-orig-file=\"https:\/\/i0.wp.com\/www.moda.es\/blog\/wp-content\/uploads\/2015\/04\/chanel1.jpg?fit=650%2C975\" data-orig-size=\"650,975\" data-comments-opened=\"1\" data-image-meta=\"{&quot;aperture&quot;:&quot;0&quot;,&quot;credit&quot;:&quot;&quot;,&quot;camera&quot;:&quot;&quot;,&quot;caption&quot;:&quot;&quot;,&quot;created_timestamp&quot;:&quot;0&quot;,&quot;copyright&quot;:&quot;&quot;,&quot;focal_length&quot;:&quot;0&quot;,&quot;iso&quot;:&quot;0&quot;,&quot;shutter_speed&quot;:&quot;0&quot;,&quot;title&quot;:&quot;&quot;}\" data-image-title=\"chanel1\" data-image-description=\"\" data-image-caption=\"\" data-medium-file=\"https:\/\/i0.wp.com\/www.moda.es\/blog\/wp-content\/uploads\/2015\/04\/chanel1.jpg?fit=200%2C300\" data-large-file=\"https:\/\/i0.wp.com\/www.moda.es\/blog\/wp-content\/uploads\/2015\/04\/chanel1.jpg?fit=640%2C960\" loading=\"lazy\" class=\"alignnone size-medium wp-image-19247\" alt=\"chanel1\" src=\"https:\/\/i0.wp.com\/www.moda.es\/blog\/wp-content\/uploads\/2015\/04\/chanel1.jpg?resize=200%2C300\" width=\"200\" height=\"300\" srcset=\"https:\/\/i0.wp.com\/www.moda.es\/blog\/wp-content\/uploads\/2015\/04\/chanel1.jpg?resize=200%2C300 200w, https:\/\/i0.wp.com\/www.moda.es\/blog\/wp-content\/uploads\/2015\/04\/chanel1.jpg?resize=420%2C630 420w, https:\/\/i0.wp.com\/www.moda.es\/blog\/wp-content\/uploads\/2015\/04\/chanel1.jpg?w=650 650w\" sizes=\"(max-width: 200px) 100vw, 200px\" data-recalc-dims=\"1\" \/><\/a> <a href=\"https:\/\/i0.wp.com\/www.moda.es\/blog\/wp-content\/uploads\/2015\/04\/chanel3.jpg\"><img data-attachment-id=\"19248\" data-permalink=\"http:\/\/www.moda.es\/blog\/chanel-escoge-net-a-porter-para-lanzar-su-nueva-coleccion-de-joyeria\/chanel3-3\/\" data-orig-file=\"https:\/\/i0.wp.com\/www.moda.es\/blog\/wp-content\/uploads\/2015\/04\/chanel3.jpg?fit=650%2C975\" data-orig-size=\"650,975\" data-comments-opened=\"1\" data-image-meta=\"{&quot;aperture&quot;:&quot;0&quot;,&quot;credit&quot;:&quot;&quot;,&quot;camera&quot;:&quot;&quot;,&quot;caption&quot;:&quot;&quot;,&quot;created_timestamp&quot;:&quot;0&quot;,&quot;copyright&quot;:&quot;&quot;,&quot;focal_length&quot;:&quot;0&quot;,&quot;iso&quot;:&quot;0&quot;,&quot;shutter_speed&quot;:&quot;0&quot;,&quot;title&quot;:&quot;&quot;}\" data-image-title=\"chanel3\" data-image-description=\"\" data-image-caption=\"\" data-medium-file=\"https:\/\/i0.wp.com\/www.moda.es\/blog\/wp-content\/uploads\/2015\/04\/chanel3.jpg?fit=200%2C300\" data-large-file=\"https:\/\/i0.wp.com\/www.moda.es\/blog\/wp-content\/uploads\/2015\/04\/chanel3.jpg?fit=640%2C960\" loading=\"lazy\" class=\"size-medium wp-image-19248 alignnone\" alt=\"chanel3\" src=\"https:\/\/i0.wp.com\/www.moda.es\/blog\/wp-content\/uploads\/2015\/04\/chanel3.jpg?resize=200%2C300\" width=\"200\" height=\"300\" srcset=\"https:\/\/i0.wp.com\/www.moda.es\/blog\/wp-content\/uploads\/2015\/04\/chanel3.jpg?resize=200%2C300 200w, https:\/\/i0.wp.com\/www.moda.es\/blog\/wp-content\/uploads\/2015\/04\/chanel3.jpg?resize=420%2C630 420w, https:\/\/i0.wp.com\/www.moda.es\/blog\/wp-content\/uploads\/2015\/04\/chanel3.jpg?w=650 650w\" sizes=\"(max-width: 200px) 100vw, 200px\" data-recalc-dims=\"1\" \/><\/a><\/p>\n<p>\u00abEstamos encantados de que Chanel haya decidido trabajar con Net-A-Porter en esta iniciativa,\u00bb ha declarado Alison Loehnis, presidenta de la tienda en l\u00ednea. \u00abChanel es una marca que admiramos mucho y estamos muy honrados y orgullosos de asociarnos con ellos en su primer proyecto de comercio electr\u00f3nico. Esta fabulosa colecci\u00f3n encarna totalmente la inequ\u00edvoca elegancia de Chanel &#8211; cl\u00e1sica, moderna y atemporal &#8211; y encantar\u00e1 a nuestros clientes\u00bb.<\/p>\n<p><a href=\"https:\/\/i0.wp.com\/www.moda.es\/blog\/wp-content\/uploads\/2015\/04\/chanel2.jpg\"><img data-attachment-id=\"19250\" data-permalink=\"http:\/\/www.moda.es\/blog\/chanel-escoge-net-a-porter-para-lanzar-su-nueva-coleccion-de-joyeria\/chanel2-3\/\" data-orig-file=\"https:\/\/i0.wp.com\/www.moda.es\/blog\/wp-content\/uploads\/2015\/04\/chanel2.jpg?fit=650%2C975\" data-orig-size=\"650,975\" data-comments-opened=\"1\" data-image-meta=\"{&quot;aperture&quot;:&quot;0&quot;,&quot;credit&quot;:&quot;&quot;,&quot;camera&quot;:&quot;&quot;,&quot;caption&quot;:&quot;&quot;,&quot;created_timestamp&quot;:&quot;0&quot;,&quot;copyright&quot;:&quot;&quot;,&quot;focal_length&quot;:&quot;0&quot;,&quot;iso&quot;:&quot;0&quot;,&quot;shutter_speed&quot;:&quot;0&quot;,&quot;title&quot;:&quot;&quot;}\" data-image-title=\"chanel2\" data-image-description=\"\" data-image-caption=\"\" data-medium-file=\"https:\/\/i0.wp.com\/www.moda.es\/blog\/wp-content\/uploads\/2015\/04\/chanel2.jpg?fit=200%2C300\" data-large-file=\"https:\/\/i0.wp.com\/www.moda.es\/blog\/wp-content\/uploads\/2015\/04\/chanel2.jpg?fit=640%2C960\" loading=\"lazy\" class=\"aligncenter size-medium wp-image-19250\" alt=\"chanel2\" src=\"https:\/\/i0.wp.com\/www.moda.es\/blog\/wp-content\/uploads\/2015\/04\/chanel2.jpg?resize=200%2C300\" width=\"200\" height=\"300\" srcset=\"https:\/\/i0.wp.com\/www.moda.es\/blog\/wp-content\/uploads\/2015\/04\/chanel2.jpg?resize=200%2C300 200w, https:\/\/i0.wp.com\/www.moda.es\/blog\/wp-content\/uploads\/2015\/04\/chanel2.jpg?resize=420%2C630 420w, https:\/\/i0.wp.com\/www.moda.es\/blog\/wp-content\/uploads\/2015\/04\/chanel2.jpg?w=650 650w\" sizes=\"(max-width: 200px) 100vw, 200px\" data-recalc-dims=\"1\" \/><\/a><br \/>\nEl anuncio se produce despues de que se revelar\u00e1 que Net-A-Porter se ha fusionado con Yoox en espera de la aprobaci\u00f3n de los accionistas.<\/p>\n<p>Coco Crush estar\u00e1 disponible desde el <strong>15 de abril hasta el 6 de mayo<\/strong> con un precio aproximado entre los<strong> 1.600 y los 15.000 euros<\/strong>.<\/p>\n<p style=\"text-align: center\"><a href=\"https:\/\/i0.wp.com\/www.moda.es\/blog\/wp-content\/uploads\/2015\/04\/chanel4.jpg\"><img data-attachment-id=\"19251\" data-permalink=\"http:\/\/www.moda.es\/blog\/chanel-escoge-net-a-porter-para-lanzar-su-nueva-coleccion-de-joyeria\/chanel4-3\/\" data-orig-file=\"https:\/\/i0.wp.com\/www.moda.es\/blog\/wp-content\/uploads\/2015\/04\/chanel4.jpg?fit=650%2C975\" data-orig-size=\"650,975\" data-comments-opened=\"1\" data-image-meta=\"{&quot;aperture&quot;:&quot;0&quot;,&quot;credit&quot;:&quot;&quot;,&quot;camera&quot;:&quot;&quot;,&quot;caption&quot;:&quot;&quot;,&quot;created_timestamp&quot;:&quot;0&quot;,&quot;copyright&quot;:&quot;&quot;,&quot;focal_length&quot;:&quot;0&quot;,&quot;iso&quot;:&quot;0&quot;,&quot;shutter_speed&quot;:&quot;0&quot;,&quot;title&quot;:&quot;&quot;}\" data-image-title=\"chanel4\" data-image-description=\"\" data-image-caption=\"\" data-medium-file=\"https:\/\/i0.wp.com\/www.moda.es\/blog\/wp-content\/uploads\/2015\/04\/chanel4.jpg?fit=200%2C300\" data-large-file=\"https:\/\/i0.wp.com\/www.moda.es\/blog\/wp-content\/uploads\/2015\/04\/chanel4.jpg?fit=640%2C960\" loading=\"lazy\" class=\"size-medium wp-image-19251 alignnone\" alt=\"chanel4\" src=\"https:\/\/i0.wp.com\/www.moda.es\/blog\/wp-content\/uploads\/2015\/04\/chanel4.jpg?resize=200%2C300\" width=\"200\" height=\"300\" srcset=\"https:\/\/i0.wp.com\/www.moda.es\/blog\/wp-content\/uploads\/2015\/04\/chanel4.jpg?resize=200%2C300 200w, https:\/\/i0.wp.com\/www.moda.es\/blog\/wp-content\/uploads\/2015\/04\/chanel4.jpg?resize=420%2C630 420w, https:\/\/i0.wp.com\/www.moda.es\/blog\/wp-content\/uploads\/2015\/04\/chanel4.jpg?w=650 650w\" sizes=\"(max-width: 200px) 100vw, 200px\" data-recalc-dims=\"1\" \/><\/a> <a href=\"https:\/\/i0.wp.com\/www.moda.es\/blog\/wp-content\/uploads\/2015\/04\/chanel5.jpg\"><img data-attachment-id=\"19252\" data-permalink=\"http:\/\/www.moda.es\/blog\/chanel-escoge-net-a-porter-para-lanzar-su-nueva-coleccion-de-joyeria\/chanel5-3\/\" data-orig-file=\"https:\/\/i0.wp.com\/www.moda.es\/blog\/wp-content\/uploads\/2015\/04\/chanel5.jpg?fit=650%2C975\" data-orig-size=\"650,975\" data-comments-opened=\"1\" data-image-meta=\"{&quot;aperture&quot;:&quot;0&quot;,&quot;credit&quot;:&quot;&quot;,&quot;camera&quot;:&quot;&quot;,&quot;caption&quot;:&quot;&quot;,&quot;created_timestamp&quot;:&quot;0&quot;,&quot;copyright&quot;:&quot;&quot;,&quot;focal_length&quot;:&quot;0&quot;,&quot;iso&quot;:&quot;0&quot;,&quot;shutter_speed&quot;:&quot;0&quot;,&quot;title&quot;:&quot;&quot;}\" data-image-title=\"chanel5\" data-image-description=\"\" data-image-caption=\"\" data-medium-file=\"https:\/\/i0.wp.com\/www.moda.es\/blog\/wp-content\/uploads\/2015\/04\/chanel5.jpg?fit=200%2C300\" data-large-file=\"https:\/\/i0.wp.com\/www.moda.es\/blog\/wp-content\/uploads\/2015\/04\/chanel5.jpg?fit=640%2C960\" loading=\"lazy\" class=\"size-medium wp-image-19252 alignnone\" alt=\"chanel5\" src=\"https:\/\/i0.wp.com\/www.moda.es\/blog\/wp-content\/uploads\/2015\/04\/chanel5.jpg?resize=200%2C300\" width=\"200\" height=\"300\" srcset=\"https:\/\/i0.wp.com\/www.moda.es\/blog\/wp-content\/uploads\/2015\/04\/chanel5.jpg?resize=200%2C300 200w, https:\/\/i0.wp.com\/www.moda.es\/blog\/wp-content\/uploads\/2015\/04\/chanel5.jpg?resize=420%2C630 420w, https:\/\/i0.wp.com\/www.moda.es\/blog\/wp-content\/uploads\/2015\/04\/chanel5.jpg?w=650 650w\" sizes=\"(max-width: 200px) 100vw, 200px\" data-recalc-dims=\"1\" \/><\/a><\/p>\n<p>\u00a9Vogue UK                             <\/p>\n","protected":false},"excerpt":{"rendered":"<p>Chanel se ha asociado con Net-A-Porter para lanzar su primera colecci\u00f3n de joyer\u00eda en l\u00ednea. Esta nueva colecci\u00f3n, llamada Coco Crush, ha sido creada por el estudio de joyer\u00eda fina\u00a0 de la casa y se compone de cinco anillos y un brazalete en oro blanco y amarillo de 18 quilates. [&hellip;]<\/p>\n","protected":false},"author":3,"featured_media":19246,"comment_status":"open","ping_status":"open","sticky":false,"template":"","format":"standard","meta":{"jetpack_publicize_message":"","jetpack_is_tweetstorm":false,"jetpack_publicize_feature_enabled":true},"categories":[3,10,11,14,29],"tags":[182,658],"jetpack_publicize_connections":[],"jetpack_featured_media_url":"https:\/\/i0.wp.com\/www.moda.es\/blog\/wp-content\/uploads\/2015\/04\/chanel.jpg?fit=650%2C975","jetpack_sharing_enabled":true,"jetpack_shortlink":"https:\/\/wp.me\/p4tJCC-50p","jetpack-related-posts":[{"id":20808,"url":"http:\/\/www.moda.es\/blog\/keira-knightley-nueva-imagen-de-chanel-joyas\/","url_meta":{"origin":19245,"position":0},"title":"Keira Knightley, nueva imagen de Chanel Joyas","date":"junio 20, 2016","format":false,"excerpt":"De\u00a0Kristen\u00a0y\u00a0Cara\u00a0a\u00a0Kendall\u00a0y\u00a0Lily-Rose,\u00a0Karl Lagerfeld\u00a0sin duda ha adoptado la actitud de\u00a0\"si no est\u00e1 roto, no lo arregles\" \u00a0cuando se trata de sus musas de Chanel. En su amplia lista de campa\u00f1as hay\u00a0modelos, actrices e it-girls de distintas \"ganader\u00edas\"\u00a0que han protagonizado im\u00e1genes muy\u00a0diferentes a lo largo de los a\u00f1os, y ninguna mujer sabe mejor\u2026","rel":"","context":"En \u00abActualidad\u00bb","img":{"alt_text":"","src":"https:\/\/i0.wp.com\/www.moda.es\/blog\/wp-content\/uploads\/2016\/06\/Captura-de-pantalla-2016-06-20-a-las-23.44.17.png?fit=697%2C491&resize=350%2C200","width":350,"height":200},"classes":[]},{"id":22196,"url":"http:\/\/www.moda.es\/blog\/lindsay-lohan-presentara-su-primera-coleccion-de-joyeria\/","url_meta":{"origin":19245,"position":1},"title":"Lindsay Lohan presentar\u00e1 su primera colecci\u00f3n de joyer\u00eda","date":"junio 2, 2017","format":false,"excerpt":"Lindsay Lohan est\u00e1 preparando el lanzamiento de\u00a0su propia l\u00ednea de joyer\u00eda. La actriz ha hecho varias apariciones p\u00fablicas recientemente en el sur de Francia, \u00a0asistiendo al Festival de Cine de Cannes y al Gran Premio de M\u00f3naco\u00a0y este tour se ha acompa\u00f1ado de varias im\u00e1genes en su perfil de\u00a0Instagram,\u00a0acompa\u00f1adas del\u2026","rel":"","context":"En \u00abAccesorios\u00bb","img":{"alt_text":"","src":"https:\/\/i0.wp.com\/www.moda.es\/blog\/wp-content\/uploads\/2017\/06\/Captura-de-pantalla-2017-06-02-a-las-18.59.10.png?fit=519%2C521&resize=350%2C200","width":350,"height":200},"classes":[]},{"id":11294,"url":"http:\/\/www.moda.es\/blog\/tilda-swinton-nueva-musa-de-chanel\/","url_meta":{"origin":19245,"position":2},"title":"Tilda Swinton, nueva musa de Chanel","date":"marzo 6, 2013","format":false,"excerpt":"A principios de diciembre lo descubrimos. M\u00e1gico, a medio camino entre la Alta Costura y el Pr\u00eat a Porter y con Escocia como tel\u00f3n de fondo y fuente de inspiraci\u00f3n. La colecci\u00f3n M\u00e9tiers d\u2019Art 2012\/2013 Par\u00eds-Edimburgo vio la luz en las ruinas del Linlithgow Palace, y hoy se prepara la\u2026","rel":"","context":"En \u00abCampa\u00f1as\u00bb","img":{"alt_text":"","src":"https:\/\/i0.wp.com\/www.moda.es\/blog\/wp-content\/uploads\/2013\/03\/Chanel-Tilda-Swinton1.jpg?fit=409%2C595&resize=350%2C200","width":350,"height":200},"classes":[]},{"id":22659,"url":"http:\/\/www.moda.es\/blog\/descubre-la-coleccion-de-burberry-para-net-a-porter\/","url_meta":{"origin":19245,"position":3},"title":"Descubre la colecci\u00f3n de Burberry para Net-a-Porter","date":"octubre 20, 2017","format":false,"excerpt":"Burberry ha elegido Net-A-Porter para lanzar la primera colecci\u00f3n c\u00e1psula inspirada en su September Collection. La marca brit\u00e1nica lleva mucho tiempo colaborando con la p\u00e1gina Net-a-Porter (se lleva distribuyendo all\u00ed desde 2005, de hecho), pero esta nueva edici\u00f3n exclusiva para el boutique de lujo en l\u00ednea supone la primera vez\u2026","rel":"","context":"En \u00abColecciones\u00bb","img":{"alt_text":"","src":"https:\/\/i0.wp.com\/www.moda.es\/blog\/wp-content\/uploads\/2017\/10\/bbnap3.jpg?fit=1020%2C1064&resize=350%2C200","width":350,"height":200},"classes":[]},{"id":18013,"url":"http:\/\/www.moda.es\/blog\/cara-delevingne-nueva-chica-chanel\/","url_meta":{"origin":19245,"position":4},"title":"Cara Delevingne, nueva chica Chanel","date":"julio 26, 2014","format":false,"excerpt":"La noticia sal\u00eda a la luz en la cuenta de Instagram de la modelo junto a una de las im\u00e1genes de nueva campa\u00f1a:\u00a0 \"New @chanelofficial campaign! Thank you @karllagerfeld\". La campa\u00f1a muestra a la modelo junto con su amiga Binx Walton, cubiertas de tweed y perlas y con rastas tambi\u00e9n\u2026","rel":"","context":"En \u00abCampa\u00f1as\u00bb","img":{"alt_text":"","src":"https:\/\/i0.wp.com\/www.moda.es\/blog\/wp-content\/uploads\/2014\/07\/Cara3_1.jpg?fit=650%2C445&resize=350%2C200","width":350,"height":200},"classes":[]},{"id":21358,"url":"http:\/\/www.moda.es\/blog\/sarah-jessica-parker-presenta-su-coleccion-para-net-a-porter\/","url_meta":{"origin":19245,"position":5},"title":"Sarah Jessica Parker presenta su colecci\u00f3n para Net-a-Porter","date":"noviembre 17, 2016","format":false,"excerpt":"\"No tengo miedo a las alturas, \u00bfhas visto mis zapatos?\" esa es\u00a0s\u00f3lo una de las c\u00e9lebres frases sobre\u00a0zapatos de Carrie Bradshaw. Ahora, Sarah Jessica Parker est\u00e1 viviendo los sue\u00f1os de Carrie a trav\u00e9s de una colaboraci\u00f3n con Net-a-Porter. La colecci\u00f3n de 16 piezas de SJP by Sarah Jessica Parker se\u2026","rel":"","context":"En \u00abAccesorios\u00bb","img":{"alt_text":"","src":"https:\/\/i0.wp.com\/www.moda.es\/blog\/wp-content\/uploads\/2016\/11\/Captura-de-pantalla-2016-11-17-a-las-20.46.17.png?fit=681%2C444&resize=350%2C200","width":350,"height":200},"classes":[]}],"_links":{"self":[{"href":"http:\/\/www.moda.es\/blog\/wp-json\/wp\/v2\/posts\/19245"}],"collection":[{"href":"http:\/\/www.moda.es\/blog\/wp-json\/wp\/v2\/posts"}],"about":[{"href":"http:\/\/www.moda.es\/blog\/wp-json\/wp\/v2\/types\/post"}],"author":[{"embeddable":true,"href":"http:\/\/www.moda.es\/blog\/wp-json\/wp\/v2\/users\/3"}],"replies":[{"embeddable":true,"href":"http:\/\/www.moda.es\/blog\/wp-json\/wp\/v2\/comments?post=19245"}],"version-history":[{"count":7,"href":"http:\/\/www.moda.es\/blog\/wp-json\/wp\/v2\/posts\/19245\/revisions"}],"predecessor-version":[{"id":36156,"href":"http:\/\/www.moda.es\/blog\/wp-json\/wp\/v2\/posts\/19245\/revisions\/36156"}],"wp:featuredmedia":[{"embeddable":true,"href":"http:\/\/www.moda.es\/blog\/wp-json\/wp\/v2\/media\/19246"}],"wp:attachment":[{"href":"http:\/\/www.moda.es\/blog\/wp-json\/wp\/v2\/media?parent=19245"}],"wp:term":[{"taxonomy":"category","embeddable":true,"href":"http:\/\/www.moda.es\/blog\/wp-json\/wp\/v2\/categories?post=19245"},{"taxonomy":"post_tag","embeddable":true,"href":"http:\/\/www.moda.es\/blog\/wp-json\/wp\/v2\/tags?post=19245"}],"curies":[{"name":"wp","href":"https:\/\/api.w.org\/{rel}","templated":true}]}}