{"id":19208,"date":"2015-03-31T22:47:36","date_gmt":"2015-03-31T21:47:36","guid":{"rendered":"http:\/\/www.moda.es\/blog\/?p=19208"},"modified":"2020-04-27T17:01:40","modified_gmt":"2020-04-27T16:01:40","slug":"nuevos-tiempos-para-el-shopping-online","status":"publish","type":"post","link":"http:\/\/www.moda.es\/blog\/nuevos-tiempos-para-el-shopping-online\/","title":{"rendered":"Nuevos tiempos para el shopping online"},"content":{"rendered":"<p>Fans del shopping en internet, est\u00e1is de enhorabuena: nuevos aires soplan para dos de las principales plataformas de las compras de <strong>lujo online<\/strong>.<\/p>\n<p><strong>Net-A-Porter<\/strong> se est\u00e1 fusionando con <strong>Yoox<\/strong>, seg\u00fan se ha confirmado esta ma\u00f1ana. La fusi\u00f3n, anunciada en un comunicado por el propietario, <strong>Richemont,<\/strong> pone fin a meses de especulaci\u00f3n febril que sugirieron varios resultados para la casa brit\u00e1nica, incluyendo una posible compra por Amazon y e incluso una oferta p\u00fablica inicial. Casi dos a\u00f1os de rumores que han finalizado hoy con esta gran uni\u00f3n.<\/p>\n<p>Sin embargo esto no va a significar el fin para quien fundadora Net-A-Porter en el a\u00f1o <strong>2000, Natalie Massenet<\/strong>; ella ha accedido a permanecer como presidente ejecutivo de la nueva compa\u00f1\u00eda que a partir de ahora ser\u00e1 conocida como <strong>Yoox Net-a-Porter Group<\/strong>. \u00abHoy, abrimos las puertas a la tienda de moda de lujo m\u00e1s importante del mundo\u00bb, ha afirmado Massenet. \u00abEs una tienda que<strong> nunca cierra<\/strong>, una tienda <strong>sin fronteras geogr\u00e1ficas<\/strong>, una tienda que se conecta con la gente, inspira, sirve y ofrece a millones de consumidores mundiales preocupados por el estilo acceder a las mejores marcas y los mayores dise\u00f1adores de moda. Una tienda que ofrece firmas establecidas y marcas emergentes con el mayor escaparate interactivo del mundo \u00ab.<\/p>\n<p>La sociedad se constituir\u00e1 en Italia y cotizar\u00e1 en la bolsa de valores italiana, y aunque los t\u00e9rminos financieros no han sido revelados, la transacci\u00f3n se completar\u00e1 este oto\u00f1o, en espera de la aprobaci\u00f3n de los accionistas.<\/p>\n<p>&nbsp;<\/p>\n<p><a href=\"https:\/\/i0.wp.com\/www.moda.es\/blog\/wp-content\/uploads\/2015\/03\/Natalie-Massenet.jpg\"><img data-attachment-id=\"19209\" data-permalink=\"http:\/\/www.moda.es\/blog\/nuevos-tiempos-para-el-shopping-online\/natalie-massenet\/\" data-orig-file=\"https:\/\/i0.wp.com\/www.moda.es\/blog\/wp-content\/uploads\/2015\/03\/Natalie-Massenet.jpg?fit=650%2C975\" data-orig-size=\"650,975\" data-comments-opened=\"1\" data-image-meta=\"{&quot;aperture&quot;:&quot;0&quot;,&quot;credit&quot;:&quot;&quot;,&quot;camera&quot;:&quot;&quot;,&quot;caption&quot;:&quot;&quot;,&quot;created_timestamp&quot;:&quot;0&quot;,&quot;copyright&quot;:&quot;&quot;,&quot;focal_length&quot;:&quot;0&quot;,&quot;iso&quot;:&quot;0&quot;,&quot;shutter_speed&quot;:&quot;0&quot;,&quot;title&quot;:&quot;&quot;}\" data-image-title=\"Natalie-Massenet\" data-image-description=\"\" data-image-caption=\"\" data-medium-file=\"https:\/\/i0.wp.com\/www.moda.es\/blog\/wp-content\/uploads\/2015\/03\/Natalie-Massenet.jpg?fit=200%2C300\" data-large-file=\"https:\/\/i0.wp.com\/www.moda.es\/blog\/wp-content\/uploads\/2015\/03\/Natalie-Massenet.jpg?fit=640%2C960\" loading=\"lazy\" class=\"aligncenter size-medium wp-image-19209\" alt=\"Natalie-Massenet\" src=\"https:\/\/i0.wp.com\/www.moda.es\/blog\/wp-content\/uploads\/2015\/03\/Natalie-Massenet.jpg?resize=200%2C300\" width=\"200\" height=\"300\" srcset=\"https:\/\/i0.wp.com\/www.moda.es\/blog\/wp-content\/uploads\/2015\/03\/Natalie-Massenet.jpg?resize=200%2C300 200w, https:\/\/i0.wp.com\/www.moda.es\/blog\/wp-content\/uploads\/2015\/03\/Natalie-Massenet.jpg?resize=420%2C630 420w, https:\/\/i0.wp.com\/www.moda.es\/blog\/wp-content\/uploads\/2015\/03\/Natalie-Massenet.jpg?w=650 650w\" sizes=\"(max-width: 200px) 100vw, 200px\" data-recalc-dims=\"1\" \/><\/a><\/p>\n<p>&nbsp;<\/p>\n<p>\u00a9Vogue UK                             <\/p>\n","protected":false},"excerpt":{"rendered":"<p>Fans del shopping en internet, est\u00e1is de enhorabuena: nuevos aires soplan para dos de las principales plataformas de las compras de lujo online. Net-A-Porter se est\u00e1 fusionando con Yoox, seg\u00fan se ha confirmado esta ma\u00f1ana. La fusi\u00f3n, anunciada en un comunicado por el propietario, Richemont, pone fin a meses de [&hellip;]<\/p>\n","protected":false},"author":3,"featured_media":19209,"comment_status":"open","ping_status":"open","sticky":false,"template":"","format":"standard","meta":{"jetpack_publicize_message":"","jetpack_is_tweetstorm":false,"jetpack_publicize_feature_enabled":true},"categories":[3,11,29],"tags":[658,1197],"jetpack_publicize_connections":[],"jetpack_featured_media_url":"https:\/\/i0.wp.com\/www.moda.es\/blog\/wp-content\/uploads\/2015\/03\/Natalie-Massenet.jpg?fit=650%2C975","jetpack_sharing_enabled":true,"jetpack_shortlink":"https:\/\/wp.me\/p4tJCC-4ZO","jetpack-related-posts":[{"id":22208,"url":"http:\/\/www.moda.es\/blog\/la-conciencia-eco-de-yoox-net-a-porter\/","url_meta":{"origin":19208,"position":0},"title":"La conciencia eco de Yoox Net-A-Porter","date":"junio 6, 2017","format":false,"excerpt":"El Grupo Yoox Net-a-Porter -conocido como YNAP desde la fusi\u00f3n en 2015- ha anunciado que ya no vender\u00e1 pieles en ninguna de sus plataformas de comercio electr\u00f3nico, incluyendo Net-A-Porter, Porter, The Outnet y Yoox . \"El grupo inici\u00f3 su camino hacia la creaci\u00f3n de un futuro sostenible en 2009 con\u2026","rel":"","context":"En \u00abActualidad\u00bb","img":{"alt_text":"","src":"https:\/\/i0.wp.com\/www.moda.es\/blog\/wp-content\/uploads\/2017\/06\/Captura-de-pantalla-2017-06-06-a-las-23.26.36.png?fit=364%2C549&resize=350%2C200","width":350,"height":200},"classes":[]},{"id":19245,"url":"http:\/\/www.moda.es\/blog\/chanel-escoge-net-a-porter-para-lanzar-su-nueva-coleccion-de-joyeria\/","url_meta":{"origin":19208,"position":1},"title":"Chanel escoge Net-A-Porter para lanzar su nueva colecci\u00f3n de joyer\u00eda","date":"abril 10, 2015","format":false,"excerpt":"Chanel se ha asociado con Net-A-Porter para lanzar su primera colecci\u00f3n de joyer\u00eda en l\u00ednea. Esta nueva colecci\u00f3n, llamada Coco Crush, ha sido creada por el estudio de joyer\u00eda fina\u00a0 de la casa y se compone de cinco anillos y un brazalete en oro blanco y amarillo de 18 quilates.\u2026","rel":"","context":"En \u00abActualidad\u00bb","img":{"alt_text":"","src":"https:\/\/i0.wp.com\/www.moda.es\/blog\/wp-content\/uploads\/2015\/04\/chanel.jpg?fit=650%2C975&resize=350%2C200","width":350,"height":200},"classes":[]},{"id":4267,"url":"http:\/\/www.moda.es\/blog\/la-hermana-vanguardista-de-yoox-thecorner-com\/","url_meta":{"origin":19208,"position":2},"title":"La hermana vanguardista de YOOX: thecorner.com","date":"noviembre 12, 2011","format":false,"excerpt":"Una selecci\u00f3n exclusiva de marcas y dise\u00f1adores, eso es lo que ofrece thecorner.com. \u00bfPor qu\u00e9 \"thecorner\"? Porque cada marca se presenta en el interior de un Corner, una minitienda personalizada, como si fuera el espacio exclusivo de una sola marca dentro de un centro comercial multimarca. thecorner.com forma parte del\u2026","rel":"","context":"En \u00abTiendas online\u00bb","img":{"alt_text":"","src":"https:\/\/i0.wp.com\/www.moda.es\/blog\/wp-content\/uploads\/2011\/11\/the-corner-portada-e13211192254801.jpg?fit=367%2C500&resize=350%2C200","width":350,"height":200},"classes":[]},{"id":14401,"url":"http:\/\/www.moda.es\/blog\/resumen-de-la-semana-12-de-octubre\/","url_meta":{"origin":19208,"position":3},"title":"Resumen de la semana. 12 de octubre","date":"octubre 12, 2013","format":false,"excerpt":"\u00a1Lleg\u00f3 el fin de semana del Pilar! Independientemente de que est\u00e9s o no a favor de eesta fiesta felicitamos a todos los zaragozanos que celebran su gran fiesta... Y seguimos hablando de moda... Tamara Mellon, co fundadora de Jimmy Choo, se desmarc\u00f3 ayer en una pol\u00e9mica conferencia celebrada en el\u2026","rel":"","context":"En \u00abActualidad\u00bb","img":{"alt_text":"","src":"https:\/\/i0.wp.com\/www.moda.es\/blog\/wp-content\/uploads\/2013\/10\/Tamara-Mellon1.jpg?fit=500%2C750&resize=350%2C200","width":350,"height":200},"classes":[]},{"id":21306,"url":"http:\/\/www.moda.es\/blog\/net-a-porter-se-reforma\/","url_meta":{"origin":19208,"position":4},"title":"Net-A-Porter se \u00abReforma\u00bb","date":"noviembre 8, 2016","format":false,"excerpt":"Net-A-Porter y Reformation han colaborado en una edici\u00f3n exclusiva para la temporada de fiesta, siendo\u00a0la primera vez que la marca americana\u00a0de moda sostenible\u00a0estar\u00e1\u00a0disponible para comprar a nivel mundial. \u201cReformation es una marca con una gran conciencia eco que no es normalmente algo que vaya de la mano con la moda.\u2026","rel":"","context":"En \u00abActualidad\u00bb","img":{"alt_text":"","src":"https:\/\/i0.wp.com\/www.moda.es\/blog\/wp-content\/uploads\/2016\/11\/Captura-de-pantalla-2016-11-08-a-las-19.57.32.png?fit=368%2C452&resize=350%2C200","width":350,"height":200},"classes":[]},{"id":19521,"url":"http:\/\/www.moda.es\/blog\/cual-sera-el-shopping-del-futuro\/","url_meta":{"origin":19208,"position":5},"title":"\u00bfCu\u00e1l ser\u00e1 el shopping del futuro?","date":"junio 23, 2015","format":false,"excerpt":"Net-a-Porter cumple 15 este a\u00f1o, y no se puede negar que es una adolescente aventajada. Desde que se lanzara en 2000, el e-tailer con sede en Londres, ha ampliado la familia con la creaci\u00f3n de The Outnet y Mr. Porter, ha lanzado una revista, y recientemente ha introducido ropa deportiva\u2026","rel":"","context":"En \u00abActualidad\u00bb","img":{"alt_text":"","src":"https:\/\/i0.wp.com\/www.moda.es\/blog\/wp-content\/uploads\/2015\/06\/netset.jpg?fit=650%2C653&resize=350%2C200","width":350,"height":200},"classes":[]}],"_links":{"self":[{"href":"http:\/\/www.moda.es\/blog\/wp-json\/wp\/v2\/posts\/19208"}],"collection":[{"href":"http:\/\/www.moda.es\/blog\/wp-json\/wp\/v2\/posts"}],"about":[{"href":"http:\/\/www.moda.es\/blog\/wp-json\/wp\/v2\/types\/post"}],"author":[{"embeddable":true,"href":"http:\/\/www.moda.es\/blog\/wp-json\/wp\/v2\/users\/3"}],"replies":[{"embeddable":true,"href":"http:\/\/www.moda.es\/blog\/wp-json\/wp\/v2\/comments?post=19208"}],"version-history":[{"count":8,"href":"http:\/\/www.moda.es\/blog\/wp-json\/wp\/v2\/posts\/19208\/revisions"}],"predecessor-version":[{"id":36163,"href":"http:\/\/www.moda.es\/blog\/wp-json\/wp\/v2\/posts\/19208\/revisions\/36163"}],"wp:featuredmedia":[{"embeddable":true,"href":"http:\/\/www.moda.es\/blog\/wp-json\/wp\/v2\/media\/19209"}],"wp:attachment":[{"href":"http:\/\/www.moda.es\/blog\/wp-json\/wp\/v2\/media?parent=19208"}],"wp:term":[{"taxonomy":"category","embeddable":true,"href":"http:\/\/www.moda.es\/blog\/wp-json\/wp\/v2\/categories?post=19208"},{"taxonomy":"post_tag","embeddable":true,"href":"http:\/\/www.moda.es\/blog\/wp-json\/wp\/v2\/tags?post=19208"}],"curies":[{"name":"wp","href":"https:\/\/api.w.org\/{rel}","templated":true}]}}