{"id":19188,"date":"2015-03-26T23:59:54","date_gmt":"2015-03-26T22:59:54","guid":{"rendered":"http:\/\/www.moda.es\/blog\/?p=19188"},"modified":"2020-04-27T17:02:08","modified_gmt":"2020-04-27T16:02:08","slug":"kendall-jenner-nueva-imagen-de-calvin-klein-jeans","status":"publish","type":"post","link":"http:\/\/www.moda.es\/blog\/kendall-jenner-nueva-imagen-de-calvin-klein-jeans\/","title":{"rendered":"Kendall Jenner nueva imagen de Calvin Klein Jeans"},"content":{"rendered":"<p>Se o\u00edan rumores y hab\u00eda una foto sospechosa en el perfil de <strong>Instagram<\/strong> de la modelo pero no nos atrev\u00edamos a creerlo.<strong> Kendall Jenner<\/strong> ha sido confirmada como la \u00faltima cara de la serie de campa\u00f1as <strong>#mycalvins<\/strong> de <strong>Calvin Klein<\/strong>.<\/p>\n<p><a href=\"https:\/\/i0.wp.com\/www.moda.es\/blog\/wp-content\/uploads\/2015\/03\/kj.jpg\"><img data-attachment-id=\"19189\" data-permalink=\"http:\/\/www.moda.es\/blog\/kendall-jenner-nueva-imagen-de-calvin-klein-jeans\/kj\/\" data-orig-file=\"https:\/\/i0.wp.com\/www.moda.es\/blog\/wp-content\/uploads\/2015\/03\/kj.jpg?fit=650%2C975\" data-orig-size=\"650,975\" data-comments-opened=\"1\" data-image-meta=\"{&quot;aperture&quot;:&quot;0&quot;,&quot;credit&quot;:&quot;&quot;,&quot;camera&quot;:&quot;&quot;,&quot;caption&quot;:&quot;&quot;,&quot;created_timestamp&quot;:&quot;0&quot;,&quot;copyright&quot;:&quot;&quot;,&quot;focal_length&quot;:&quot;0&quot;,&quot;iso&quot;:&quot;0&quot;,&quot;shutter_speed&quot;:&quot;0&quot;,&quot;title&quot;:&quot;&quot;}\" data-image-title=\"kj\" data-image-description=\"\" data-image-caption=\"\" data-medium-file=\"https:\/\/i0.wp.com\/www.moda.es\/blog\/wp-content\/uploads\/2015\/03\/kj.jpg?fit=200%2C300\" data-large-file=\"https:\/\/i0.wp.com\/www.moda.es\/blog\/wp-content\/uploads\/2015\/03\/kj.jpg?fit=640%2C960\" loading=\"lazy\" class=\"aligncenter size-medium wp-image-19189\" alt=\"kj\" src=\"https:\/\/i0.wp.com\/www.moda.es\/blog\/wp-content\/uploads\/2015\/03\/kj.jpg?resize=200%2C300\" width=\"200\" height=\"300\" srcset=\"https:\/\/i0.wp.com\/www.moda.es\/blog\/wp-content\/uploads\/2015\/03\/kj.jpg?resize=200%2C300 200w, https:\/\/i0.wp.com\/www.moda.es\/blog\/wp-content\/uploads\/2015\/03\/kj.jpg?resize=420%2C630 420w, https:\/\/i0.wp.com\/www.moda.es\/blog\/wp-content\/uploads\/2015\/03\/kj.jpg?w=650 650w\" sizes=\"(max-width: 200px) 100vw, 200px\" data-recalc-dims=\"1\" \/><\/a><\/p>\n<p>El rumor de que era casi demasiado bueno para ser verdad, se dec\u00eda que\u00a0Jenner hab\u00eda sido fotografiado por la marca en Nueva York\u00a0 y ahora esas im\u00e1genes al fin han sido reveladas.<\/p>\n<p>\u00abTrabajar para Calvin Klein Jeans es realmente <strong>un sue\u00f1o hecho realidad<\/strong>\u00ab, ha declarado hoy Jenner. \u00abHe crecido vistiendo la marca y viendo la ic\u00f3nica publicidad en las revistas y en las vallas publicitarias mostrando algunas de las mejores supermodelos del mundo. \u00e7ser ahora una parte de ese legado es un verdadero honor\u00bb.<\/p>\n<p><a href=\"https:\/\/i0.wp.com\/www.moda.es\/blog\/wp-content\/uploads\/2015\/03\/kj3.jpg\"><img data-attachment-id=\"19195\" data-permalink=\"http:\/\/www.moda.es\/blog\/kendall-jenner-nueva-imagen-de-calvin-klein-jeans\/kj3\/\" data-orig-file=\"https:\/\/i0.wp.com\/www.moda.es\/blog\/wp-content\/uploads\/2015\/03\/kj3.jpg?fit=650%2C975\" data-orig-size=\"650,975\" data-comments-opened=\"1\" data-image-meta=\"{&quot;aperture&quot;:&quot;0&quot;,&quot;credit&quot;:&quot;&quot;,&quot;camera&quot;:&quot;&quot;,&quot;caption&quot;:&quot;&quot;,&quot;created_timestamp&quot;:&quot;0&quot;,&quot;copyright&quot;:&quot;&quot;,&quot;focal_length&quot;:&quot;0&quot;,&quot;iso&quot;:&quot;0&quot;,&quot;shutter_speed&quot;:&quot;0&quot;,&quot;title&quot;:&quot;&quot;}\" data-image-title=\"kj3\" data-image-description=\"\" data-image-caption=\"\" data-medium-file=\"https:\/\/i0.wp.com\/www.moda.es\/blog\/wp-content\/uploads\/2015\/03\/kj3.jpg?fit=200%2C300\" data-large-file=\"https:\/\/i0.wp.com\/www.moda.es\/blog\/wp-content\/uploads\/2015\/03\/kj3.jpg?fit=640%2C960\" loading=\"lazy\" class=\"aligncenter size-medium wp-image-19195\" alt=\"kj3\" src=\"https:\/\/i0.wp.com\/www.moda.es\/blog\/wp-content\/uploads\/2015\/03\/kj3.jpg?resize=200%2C300\" width=\"200\" height=\"300\" srcset=\"https:\/\/i0.wp.com\/www.moda.es\/blog\/wp-content\/uploads\/2015\/03\/kj3.jpg?resize=200%2C300 200w, https:\/\/i0.wp.com\/www.moda.es\/blog\/wp-content\/uploads\/2015\/03\/kj3.jpg?resize=420%2C630 420w, https:\/\/i0.wp.com\/www.moda.es\/blog\/wp-content\/uploads\/2015\/03\/kj3.jpg?w=650 650w\" sizes=\"(max-width: 200px) 100vw, 200px\" data-recalc-dims=\"1\" \/><\/a><\/p>\n<p>Jenner, que ha tenido una fuerte temporada de pasarela, desfilando para marcas como <strong>Chanel, Balmain y Oscar de la Renta<\/strong>, aparecer\u00e1 en la campa\u00f1a impresa y digital y auguramos un gran impacto teniendo en cuenta la legi\u00f3n de fans que la siguen en las redes.<\/p>\n<p><a href=\"https:\/\/i0.wp.com\/www.moda.es\/blog\/wp-content\/uploads\/2015\/03\/kj4.jpg\"><img data-attachment-id=\"19196\" data-permalink=\"http:\/\/www.moda.es\/blog\/kendall-jenner-nueva-imagen-de-calvin-klein-jeans\/kj4\/\" data-orig-file=\"https:\/\/i0.wp.com\/www.moda.es\/blog\/wp-content\/uploads\/2015\/03\/kj4.jpg?fit=650%2C975\" data-orig-size=\"650,975\" data-comments-opened=\"1\" data-image-meta=\"{&quot;aperture&quot;:&quot;0&quot;,&quot;credit&quot;:&quot;&quot;,&quot;camera&quot;:&quot;&quot;,&quot;caption&quot;:&quot;&quot;,&quot;created_timestamp&quot;:&quot;0&quot;,&quot;copyright&quot;:&quot;&quot;,&quot;focal_length&quot;:&quot;0&quot;,&quot;iso&quot;:&quot;0&quot;,&quot;shutter_speed&quot;:&quot;0&quot;,&quot;title&quot;:&quot;&quot;}\" data-image-title=\"kj4\" data-image-description=\"\" data-image-caption=\"\" data-medium-file=\"https:\/\/i0.wp.com\/www.moda.es\/blog\/wp-content\/uploads\/2015\/03\/kj4.jpg?fit=200%2C300\" data-large-file=\"https:\/\/i0.wp.com\/www.moda.es\/blog\/wp-content\/uploads\/2015\/03\/kj4.jpg?fit=640%2C960\" loading=\"lazy\" class=\"aligncenter size-medium wp-image-19196\" alt=\"kj4\" src=\"https:\/\/i0.wp.com\/www.moda.es\/blog\/wp-content\/uploads\/2015\/03\/kj4.jpg?resize=200%2C300\" width=\"200\" height=\"300\" srcset=\"https:\/\/i0.wp.com\/www.moda.es\/blog\/wp-content\/uploads\/2015\/03\/kj4.jpg?resize=200%2C300 200w, https:\/\/i0.wp.com\/www.moda.es\/blog\/wp-content\/uploads\/2015\/03\/kj4.jpg?resize=420%2C630 420w, https:\/\/i0.wp.com\/www.moda.es\/blog\/wp-content\/uploads\/2015\/03\/kj4.jpg?w=650 650w\" sizes=\"(max-width: 200px) 100vw, 200px\" data-recalc-dims=\"1\" \/><\/a><\/p>\n<p>\u00abKendall tiene una belleza moderna que aporta su esp\u00edritu juvenil a Calvin Klein Jeans,\u00bb agreg\u00f3 <strong>Melisa Goldie,<\/strong> directora de marketing de Calvin Klein Inc. \u00abSu gran cantidad de fans y su alcance global amplificar\u00e1 a\u00fan m\u00e1s la actual conversaci\u00f3n cultural que rodea la marca Calvin Klein Jeans y resaltar\u00e1 esta emocionante edici\u00f3n limitada.\u00bb<\/p>\n<p><a href=\"https:\/\/i0.wp.com\/www.moda.es\/blog\/wp-content\/uploads\/2015\/03\/kj2.jpg\"><img data-attachment-id=\"19197\" data-permalink=\"http:\/\/www.moda.es\/blog\/kendall-jenner-nueva-imagen-de-calvin-klein-jeans\/kj2\/\" data-orig-file=\"https:\/\/i0.wp.com\/www.moda.es\/blog\/wp-content\/uploads\/2015\/03\/kj2.jpg?fit=650%2C975\" data-orig-size=\"650,975\" data-comments-opened=\"1\" data-image-meta=\"{&quot;aperture&quot;:&quot;0&quot;,&quot;credit&quot;:&quot;&quot;,&quot;camera&quot;:&quot;&quot;,&quot;caption&quot;:&quot;&quot;,&quot;created_timestamp&quot;:&quot;0&quot;,&quot;copyright&quot;:&quot;&quot;,&quot;focal_length&quot;:&quot;0&quot;,&quot;iso&quot;:&quot;0&quot;,&quot;shutter_speed&quot;:&quot;0&quot;,&quot;title&quot;:&quot;&quot;}\" data-image-title=\"kj2\" data-image-description=\"\" data-image-caption=\"\" data-medium-file=\"https:\/\/i0.wp.com\/www.moda.es\/blog\/wp-content\/uploads\/2015\/03\/kj2.jpg?fit=200%2C300\" data-large-file=\"https:\/\/i0.wp.com\/www.moda.es\/blog\/wp-content\/uploads\/2015\/03\/kj2.jpg?fit=640%2C960\" loading=\"lazy\" class=\"aligncenter size-medium wp-image-19197\" alt=\"kj2\" src=\"https:\/\/i0.wp.com\/www.moda.es\/blog\/wp-content\/uploads\/2015\/03\/kj2.jpg?resize=200%2C300\" width=\"200\" height=\"300\" srcset=\"https:\/\/i0.wp.com\/www.moda.es\/blog\/wp-content\/uploads\/2015\/03\/kj2.jpg?resize=200%2C300 200w, https:\/\/i0.wp.com\/www.moda.es\/blog\/wp-content\/uploads\/2015\/03\/kj2.jpg?resize=420%2C630 420w, https:\/\/i0.wp.com\/www.moda.es\/blog\/wp-content\/uploads\/2015\/03\/kj2.jpg?w=650 650w\" sizes=\"(max-width: 200px) 100vw, 200px\" data-recalc-dims=\"1\" \/><\/a><\/p>\n<p>\u00a9Vogue UK                             <\/p>\n","protected":false},"excerpt":{"rendered":"<p>Se o\u00edan rumores y hab\u00eda una foto sospechosa en el perfil de Instagram de la modelo pero no nos atrev\u00edamos a creerlo. Kendall Jenner ha sido confirmada como la \u00faltima cara de la serie de campa\u00f1as #mycalvins de Calvin Klein. El rumor de que era casi demasiado bueno para ser [&hellip;]<\/p>\n","protected":false},"author":3,"featured_media":19189,"comment_status":"open","ping_status":"open","sticky":false,"template":"","format":"standard","meta":{"jetpack_publicize_message":"","jetpack_is_tweetstorm":false,"jetpack_publicize_feature_enabled":true},"categories":[3,8,11,14,15,17],"tags":[1194,155,157,182,1170],"jetpack_publicize_connections":[],"jetpack_featured_media_url":"https:\/\/i0.wp.com\/www.moda.es\/blog\/wp-content\/uploads\/2015\/03\/kj.jpg?fit=650%2C975","jetpack_sharing_enabled":true,"jetpack_shortlink":"https:\/\/wp.me\/p4tJCC-4Zu","jetpack-related-posts":[{"id":20647,"url":"http:\/\/www.moda.es\/blog\/la-campana-mas-provocativa-de-calvin-klein\/","url_meta":{"origin":19188,"position":0},"title":"La campa\u00f1a m\u00e1s provocativa de Calvin Klein","date":"mayo 10, 2016","format":false,"excerpt":"Si Calvin Klein tiene una se\u00f1a de identidad\u00a0es su cara tendencia a publicar\u00a0sugerentes campa\u00f1as publicitarias. Que la sexualidad est\u00e1 relacionada\u00a0con el ADN de la marca es obvio\u00a0y con\u00a0los a\u00f1os, hemos aprendido a prepararnos para cierto impacto cada vez que se presentaba una nueva campa\u00f1a\u00a0(en 2015 sus anuncios mostraban la tem\u00e1tica\u2026","rel":"","context":"En \u00abActualidad\u00bb","img":{"alt_text":"","src":"https:\/\/i0.wp.com\/www.moda.es\/blog\/wp-content\/uploads\/2016\/05\/Captura-de-pantalla-2016-05-10-a-las-22.27.34.png?fit=615%2C418&resize=350%2C200","width":350,"height":200},"classes":[]},{"id":18748,"url":"http:\/\/www.moda.es\/blog\/justin-bieber-nuevo-chico-calvin-klein\/","url_meta":{"origin":19188,"position":1},"title":"Justin Bieber nuevo chico Calvin Klein","date":"enero 10, 2015","format":false,"excerpt":"Calvin Kelin Jeans y Calvin Kelin Underwear estrenan campa\u00f1a para la temproada primavera - verano 2015 con una sorprendente pareja: la modelo holandesa Lara Stone y el cantante pop Justin Bieber. \"Calvin Klein es una marca ic\u00f3nica y estoy emocionado y honrado de ser parte de su herencia con esta\u2026","rel":"","context":"En \u00abCampa\u00f1as\u00bb","img":{"alt_text":"","src":"https:\/\/i0.wp.com\/www.moda.es\/blog\/wp-content\/uploads\/2015\/01\/jbck.jpg?fit=650%2C910&resize=350%2C200","width":350,"height":200},"classes":[]},{"id":20586,"url":"http:\/\/www.moda.es\/blog\/la-noche-de-los-oscars-de-la-moda\/","url_meta":{"origin":19188,"position":2},"title":"La noche de los Oscars de la moda","date":"mayo 5, 2016","format":false,"excerpt":"No hay un s\u00f3lo evento al a\u00f1o que re\u00fana tantas celebrities, tantos dise\u00f1adores ni tanta moda en todo el a\u00f1o. En la noche de la moda,\u00a0el MET se visti\u00f3 con el tema\u00a0de la noche, Manus x Machina: modelos en los que las m\u00e1quinas han tenido mucho que ver. Por un\u2026","rel":"","context":"En \u00abActualidad\u00bb","img":{"alt_text":"","src":"https:\/\/i0.wp.com\/www.moda.es\/blog\/wp-content\/uploads\/2016\/05\/Captura-de-pantalla-2016-05-05-a-las-1.00.36.png?resize=350%2C200","width":350,"height":200},"classes":[]},{"id":20911,"url":"http:\/\/www.moda.es\/blog\/raf-simons-nuevo-director-creativo-de-calvin-klein\/","url_meta":{"origin":19188,"position":3},"title":"Raf Simons, nuevo director creativo de Calvin Klein","date":"agosto 4, 2016","format":false,"excerpt":"Raf Simons\u00a0ha sido nombrado oficialmente como director creativo de Calvin Klein, llenando la vacante dejada por Francisco Costa en abril. La noticia confirma los rumores\u00a0que llevan semanas sacudiendo\u00a0la industria, aunque la marca y Simons han sido incapaces de hacer ning\u00fan anuncio debido a la cl\u00e1usula de no competencia de un\u2026","rel":"","context":"En \u00abActualidad\u00bb","img":{"alt_text":"","src":"https:\/\/i0.wp.com\/www.moda.es\/blog\/wp-content\/uploads\/2016\/08\/Captura-de-pantalla-2016-08-04-a-las-23.20.30.png?fit=550%2C364&resize=350%2C200","width":350,"height":200},"classes":[]},{"id":20480,"url":"http:\/\/www.moda.es\/blog\/jane-birkin-nueva-imagen-de-saint-laurent\/","url_meta":{"origin":19188,"position":4},"title":"Jane Birkin nueva imagen de Saint Laurent","date":"marzo 29, 2016","format":false,"excerpt":"Los grandes\u00a0de la industria han estado en un enfrentamiento de clases durante las \u00faltimas temporadas tratando de ser quienes mostraran a\u00a0los rostros m\u00e1s emblem\u00e1ticos en sus campa\u00f1as. Desde \u00a0C\u00e9line\u00a0en 2015 con Joan Didion a los anuncios de\u00a0Calvin Klein y Balmain\u00a0con Justin Bieber, el clan Kardashian \/ Jenner y las\u00a0supermodelos de\u2026","rel":"","context":"En \u00abActualidad\u00bb","img":{"alt_text":"","src":"https:\/\/i0.wp.com\/www.moda.es\/blog\/wp-content\/uploads\/2016\/03\/Captura-de-pantalla-2016-03-29-a-las-23.53.49.png?fit=558%2C416&resize=350%2C200","width":350,"height":200},"classes":[]},{"id":20853,"url":"http:\/\/www.moda.es\/blog\/grace-coddington-en-la-ultima-campana-de-calvin-klein\/","url_meta":{"origin":19188,"position":5},"title":"Grace Coddington en la \u00faltima campa\u00f1a de Calvin Klein","date":"julio 11, 2016","format":false,"excerpt":"En su momento, Brooke Shields o Kate Moss marcaron la historia de la moda con sus campa\u00f1as para Calvin Klein, y una vez m\u00e1s, una chica de campa\u00f1a de la marca americana va a marcar un hito. Grace Coddington, la dama de la moda de Vogue, quien ha jugado con\u2026","rel":"","context":"En \u00abActualidad\u00bb","img":{"alt_text":"","src":"https:\/\/i0.wp.com\/www.moda.es\/blog\/wp-content\/uploads\/2016\/07\/Captura-de-pantalla-2016-07-11-a-las-22.01.03.png?fit=445%2C625&resize=350%2C200","width":350,"height":200},"classes":[]}],"_links":{"self":[{"href":"http:\/\/www.moda.es\/blog\/wp-json\/wp\/v2\/posts\/19188"}],"collection":[{"href":"http:\/\/www.moda.es\/blog\/wp-json\/wp\/v2\/posts"}],"about":[{"href":"http:\/\/www.moda.es\/blog\/wp-json\/wp\/v2\/types\/post"}],"author":[{"embeddable":true,"href":"http:\/\/www.moda.es\/blog\/wp-json\/wp\/v2\/users\/3"}],"replies":[{"embeddable":true,"href":"http:\/\/www.moda.es\/blog\/wp-json\/wp\/v2\/comments?post=19188"}],"version-history":[{"count":11,"href":"http:\/\/www.moda.es\/blog\/wp-json\/wp\/v2\/posts\/19188\/revisions"}],"predecessor-version":[{"id":36166,"href":"http:\/\/www.moda.es\/blog\/wp-json\/wp\/v2\/posts\/19188\/revisions\/36166"}],"wp:featuredmedia":[{"embeddable":true,"href":"http:\/\/www.moda.es\/blog\/wp-json\/wp\/v2\/media\/19189"}],"wp:attachment":[{"href":"http:\/\/www.moda.es\/blog\/wp-json\/wp\/v2\/media?parent=19188"}],"wp:term":[{"taxonomy":"category","embeddable":true,"href":"http:\/\/www.moda.es\/blog\/wp-json\/wp\/v2\/categories?post=19188"},{"taxonomy":"post_tag","embeddable":true,"href":"http:\/\/www.moda.es\/blog\/wp-json\/wp\/v2\/tags?post=19188"}],"curies":[{"name":"wp","href":"https:\/\/api.w.org\/{rel}","templated":true}]}}