{"id":19160,"date":"2015-03-19T21:58:55","date_gmt":"2015-03-19T20:58:55","guid":{"rendered":"http:\/\/www.moda.es\/blog\/?p=19160"},"modified":"2020-04-27T17:02:55","modified_gmt":"2020-04-27T16:02:55","slug":"peter-dundas-nuevo-director-creativo-de-cavalli","status":"publish","type":"post","link":"http:\/\/www.moda.es\/blog\/peter-dundas-nuevo-director-creativo-de-cavalli\/","title":{"rendered":"Peter Dundas, nuevo Director Creativo de Cavalli"},"content":{"rendered":"<p>Peter Dundas ha sido nombrado <strong>Director Creativo<\/strong> de <strong>Roberto Cavalli<\/strong>. En lo que es sin duda el nombramiento menos sorprendente del a\u00f1o. Dundas asumir\u00e1 el cargo de inmediato tras abandonar su posici\u00f3n a la cabeza de <strong>Emilio Pucci<\/strong>.<\/p>\n<p>\u00abEste es un regreso a casa para m\u00ed\u00bb, ha asegurado Dundas, que trabaja\u00f3 en la casa <strong>desde 2002 hasta 2005<\/strong>. \u00abEs un honor para m\u00ed continuar evolucionando el maravilloso mundo de Roberto Cavalli y estoy muy emocionado por las posibilidades y el potencial de esta marca \u00fanica. <strong>No puedo esperar para empezar<\/strong>.\u00bb<\/p>\n<p>\u00abLa elecci\u00f3n de Peter Dundas se hizo con el deseo de evolucionar hacia un estilo que combina el <strong>glamour,<\/strong> la <strong>tradici\u00f3n<\/strong> y la <strong>innovaci\u00f3n,<\/strong> por los que la marca es reconocida a nivel mundial desde su nacimiento\u00bb, a\u00f1adieron Roberto y Eva Cavalli.<\/p>\n<p>El curr\u00edculum de Dundas no puede ser m\u00e1s impresionante. Estudi\u00f3 en <strong>Parsons<\/strong> en Nueva York antes de trasladarse a Par\u00eds, donde se convirti\u00f3 en ayudante de <strong>Jean Paul Gaultier<\/strong> en 1992. Ocho a\u00f1os m\u00e1s tarde, se traslad\u00f3 a <strong>Christian Lacroix<\/strong> donde permaneci\u00f3 durante dos a\u00f1os antes de llegar a <strong>Cavalli.<\/strong> Tras tres a\u00f1os en Florencia recibi\u00f3 grandes influencias que marcaron gran medida su est\u00e9tica futura. \u00abLa grandeza de la ciudad que se desarrolla en las horas de la ma\u00f1ana, es abrumadora y me reta a dejar mi huella. Pero tambi\u00e9n me provoca, y saca de m\u00ed cierto lado travieso y punky que quiere desarrollarse \u00ab, ese estilo ha ido perfeccion\u00e1ndose en la d\u00e9cada posterior como director creativo de<strong> Emanuel Ungaro y Emilio Pucci<\/strong>, a donde lleg\u00f3 en 2008.<\/p>\n<p>Estamos deseando ver su primera colecci\u00f3n.<\/p>\n<p><a href=\"https:\/\/i0.wp.com\/www.moda.es\/blog\/wp-content\/uploads\/2015\/03\/dundas.jpg\"><img data-attachment-id=\"19161\" data-permalink=\"http:\/\/www.moda.es\/blog\/peter-dundas-nuevo-director-creativo-de-cavalli\/dundas\/\" data-orig-file=\"https:\/\/i0.wp.com\/www.moda.es\/blog\/wp-content\/uploads\/2015\/03\/dundas.jpg?fit=650%2C975\" data-orig-size=\"650,975\" data-comments-opened=\"1\" data-image-meta=\"{&quot;aperture&quot;:&quot;0&quot;,&quot;credit&quot;:&quot;&quot;,&quot;camera&quot;:&quot;&quot;,&quot;caption&quot;:&quot;&quot;,&quot;created_timestamp&quot;:&quot;0&quot;,&quot;copyright&quot;:&quot;&quot;,&quot;focal_length&quot;:&quot;0&quot;,&quot;iso&quot;:&quot;0&quot;,&quot;shutter_speed&quot;:&quot;0&quot;,&quot;title&quot;:&quot;&quot;}\" data-image-title=\"dundas\" data-image-description=\"\" data-image-caption=\"\" data-medium-file=\"https:\/\/i0.wp.com\/www.moda.es\/blog\/wp-content\/uploads\/2015\/03\/dundas.jpg?fit=200%2C300\" data-large-file=\"https:\/\/i0.wp.com\/www.moda.es\/blog\/wp-content\/uploads\/2015\/03\/dundas.jpg?fit=640%2C960\" loading=\"lazy\" class=\"aligncenter size-medium wp-image-19161\" alt=\"dundas\" src=\"https:\/\/i0.wp.com\/www.moda.es\/blog\/wp-content\/uploads\/2015\/03\/dundas.jpg?resize=200%2C300\" width=\"200\" height=\"300\" srcset=\"https:\/\/i0.wp.com\/www.moda.es\/blog\/wp-content\/uploads\/2015\/03\/dundas.jpg?resize=200%2C300 200w, https:\/\/i0.wp.com\/www.moda.es\/blog\/wp-content\/uploads\/2015\/03\/dundas.jpg?resize=420%2C630 420w, https:\/\/i0.wp.com\/www.moda.es\/blog\/wp-content\/uploads\/2015\/03\/dundas.jpg?w=650 650w\" sizes=\"(max-width: 200px) 100vw, 200px\" data-recalc-dims=\"1\" \/><\/a><\/p>\n<p>&nbsp;<\/p>\n<p>\u00a9Vogue UK                             <\/p>\n","protected":false},"excerpt":{"rendered":"<p>Peter Dundas ha sido nombrado Director Creativo de Roberto Cavalli. En lo que es sin duda el nombramiento menos sorprendente del a\u00f1o. Dundas asumir\u00e1 el cargo de inmediato tras abandonar su posici\u00f3n a la cabeza de Emilio Pucci. \u00abEste es un regreso a casa para m\u00ed\u00bb, ha asegurado Dundas, que [&hellip;]<\/p>\n","protected":false},"author":3,"featured_media":19161,"comment_status":"open","ping_status":"open","sticky":false,"template":"","format":"standard","meta":{"jetpack_publicize_message":"","jetpack_is_tweetstorm":false,"jetpack_publicize_feature_enabled":true},"categories":[3,11,12],"tags":[194,303,305,423,708,773],"jetpack_publicize_connections":[],"jetpack_featured_media_url":"https:\/\/i0.wp.com\/www.moda.es\/blog\/wp-content\/uploads\/2015\/03\/dundas.jpg?fit=650%2C975","jetpack_sharing_enabled":true,"jetpack_shortlink":"https:\/\/wp.me\/p4tJCC-4Z2","jetpack-related-posts":[{"id":21221,"url":"http:\/\/www.moda.es\/blog\/peter-dundas-sale-de-roberto-cavalli\/","url_meta":{"origin":19160,"position":0},"title":"Peter Dundas sale de Roberto Cavalli","date":"octubre 12, 2016","format":false,"excerpt":"La moda no se cansa del juego de sillas y Peter Dundas\u00a0ha anunciado su marcha\u00a0de Roberto Cavalli, despu\u00e9s de haber mostrado su \u00faltima colecci\u00f3n para la marca durante la Semana de la Moda de Mil\u00e1n el mes pasado. \"Quiero agradecer a Roberto Cavalli y al grupo de esta valiosa experiencia\u2026","rel":"","context":"En \u00abActualidad\u00bb","img":{"alt_text":"","src":"https:\/\/i0.wp.com\/www.moda.es\/blog\/wp-content\/uploads\/2016\/10\/Captura-de-pantalla-2016-10-12-a-las-17.40.42.png?fit=615%2C405&resize=350%2C200","width":350,"height":200},"classes":[]},{"id":19163,"url":"http:\/\/www.moda.es\/blog\/tu-a-boston-y-yo-a-california\/","url_meta":{"origin":19160,"position":1},"title":"T\u00fa a Boston y yo a California","date":"marzo 20, 2015","format":false,"excerpt":"Bueno as\u00ed se llamaba la pel\u00edcula... En terreno fashion deber\u00edamos decir, t\u00fa a Cavalli y yo a Pucci... Porque si ayer te anunci\u00e1bamos la entrada de Peter Dundas como Director Creativo de Roberto Cavalli hoy tenemos el nombre de quien ocupar\u00e1 la silla que ha dejado vac\u00eda en Emilio Pucci.\u2026","rel":"","context":"En \u00abActualidad\u00bb","img":{"alt_text":"","src":"https:\/\/i0.wp.com\/www.moda.es\/blog\/wp-content\/uploads\/2015\/03\/giorgetti.jpg?fit=650%2C975&resize=350%2C200","width":350,"height":200},"classes":[]},{"id":21338,"url":"http:\/\/www.moda.es\/blog\/alexis-martial-y-adrien-caillaudad-salen-de-carven\/","url_meta":{"origin":19160,"position":2},"title":"Alexis Martial y Adrien Caillaudad salen de Carven","date":"noviembre 12, 2016","format":false,"excerpt":"La \u00faltima colecci\u00f3n de Carven que Alexis Martial y Adrien Caillaudaud\u00a0presentaron en la pasarela Primavera - Verano 2017 de vestidos de mu\u00f1eca y medias llena de color\u00a0tambi\u00e9n marca su despedida de la casa francesa. La pareja de dise\u00f1adores abandona la casa, seg\u00fan un comunicado, \"de mutuo acuerdo\". Marcial y Caillaudaud\u2026","rel":"","context":"En \u00abActualidad\u00bb","img":{"alt_text":"","src":"https:\/\/i0.wp.com\/www.moda.es\/blog\/wp-content\/uploads\/2016\/11\/Captura-de-pantalla-2016-11-12-a-las-17.53.25.png?fit=439%2C473&resize=350%2C200","width":350,"height":200},"classes":[]},{"id":19431,"url":"http:\/\/www.moda.es\/blog\/ciara-nueva-imagen-de-roberto-cavalli\/","url_meta":{"origin":19160,"position":3},"title":"Ciara, nueva imagen de Roberto Cavalli","date":"mayo 30, 2015","format":false,"excerpt":"Tras Nicki Minaj, la cantante de hip-hop toma el relevo en el que es su debut como modelo. Ciara es as\u00ed\u00a0 la nueva imagen de campa\u00f1a para la marca italiana en la temporada oto\u00f1o - invierno 2015. Las im\u00e1genes, que han sido fotografiadas por Francesco Carrozzini, muestran a la artista\u2026","rel":"","context":"En \u00abActualidad\u00bb","img":{"alt_text":"","src":"https:\/\/i0.wp.com\/www.moda.es\/blog\/wp-content\/uploads\/2015\/05\/ciara1.jpg?fit=650%2C433&resize=350%2C200","width":350,"height":200},"classes":[]},{"id":21748,"url":"http:\/\/www.moda.es\/blog\/riccardo-tisci-abandona-givenchy\/","url_meta":{"origin":19160,"position":4},"title":"Riccardo Tisci abandona Givenchy","date":"febrero 3, 2017","format":false,"excerpt":"Riccardo Tisci\u00a0ha dejado su papel en Givenchy despu\u00e9s de 12 a\u00f1os al tim\u00f3n\u00a0seg\u00fan se ha\u00a0confirmado desde la casa:\u00a0\"El cap\u00edtulo que Riccardo Tisci ha escrito con la casa Givenchy en los \u00faltimos 12 a\u00f1os representa una visi\u00f3n incre\u00edble\u00a0que ha sostenido su continuo\u00a0\u00e9xito, y me gustar\u00eda darle las gracias calurosamente por su\u2026","rel":"","context":"En \u00abActualidad\u00bb","img":{"alt_text":"","src":"https:\/\/i0.wp.com\/www.moda.es\/blog\/wp-content\/uploads\/2017\/02\/Captura-de-pantalla-2017-02-03-a-las-21.37.52.png?fit=597%2C329&resize=350%2C200","width":350,"height":200},"classes":[]},{"id":22127,"url":"http:\/\/www.moda.es\/blog\/paul-surridge-nuevo-director-creativo-de-roberto-cavalli\/","url_meta":{"origin":19160,"position":5},"title":"Paul Surridge nuevo director creativo de Roberto Cavalli","date":"mayo 11, 2017","format":false,"excerpt":"Roberto Cavalli ha nombrado a Paul Surridge su nuevo director creativo, continuando la tendencia reciente de promover el talento \"secundario\", en lugar de contratar a un dise\u00f1ador estrella. Graduado en la\u00a0Central Saint Martins, Surridge es un desconocido relativo con larga experiencia en marcas de lujo en Nueva York, Londres y\u2026","rel":"","context":"En \u00abActualidad\u00bb","img":{"alt_text":"","src":"https:\/\/i0.wp.com\/www.moda.es\/blog\/wp-content\/uploads\/2017\/05\/3APaulSurridge1.jpg?fit=810%2C500&resize=350%2C200","width":350,"height":200},"classes":[]}],"_links":{"self":[{"href":"http:\/\/www.moda.es\/blog\/wp-json\/wp\/v2\/posts\/19160"}],"collection":[{"href":"http:\/\/www.moda.es\/blog\/wp-json\/wp\/v2\/posts"}],"about":[{"href":"http:\/\/www.moda.es\/blog\/wp-json\/wp\/v2\/types\/post"}],"author":[{"embeddable":true,"href":"http:\/\/www.moda.es\/blog\/wp-json\/wp\/v2\/users\/3"}],"replies":[{"embeddable":true,"href":"http:\/\/www.moda.es\/blog\/wp-json\/wp\/v2\/comments?post=19160"}],"version-history":[{"count":6,"href":"http:\/\/www.moda.es\/blog\/wp-json\/wp\/v2\/posts\/19160\/revisions"}],"predecessor-version":[{"id":36171,"href":"http:\/\/www.moda.es\/blog\/wp-json\/wp\/v2\/posts\/19160\/revisions\/36171"}],"wp:featuredmedia":[{"embeddable":true,"href":"http:\/\/www.moda.es\/blog\/wp-json\/wp\/v2\/media\/19161"}],"wp:attachment":[{"href":"http:\/\/www.moda.es\/blog\/wp-json\/wp\/v2\/media?parent=19160"}],"wp:term":[{"taxonomy":"category","embeddable":true,"href":"http:\/\/www.moda.es\/blog\/wp-json\/wp\/v2\/categories?post=19160"},{"taxonomy":"post_tag","embeddable":true,"href":"http:\/\/www.moda.es\/blog\/wp-json\/wp\/v2\/tags?post=19160"}],"curies":[{"name":"wp","href":"https:\/\/api.w.org\/{rel}","templated":true}]}}