{"id":19150,"date":"2015-03-17T23:38:31","date_gmt":"2015-03-17T22:38:31","guid":{"rendered":"http:\/\/www.moda.es\/blog\/?p=19150"},"modified":"2020-04-27T17:03:14","modified_gmt":"2020-04-27T16:03:14","slug":"camisetas-por-una-buena-causa","status":"publish","type":"post","link":"http:\/\/www.moda.es\/blog\/camisetas-por-una-buena-causa\/","title":{"rendered":"Camisetas por una buena causa"},"content":{"rendered":"<p><strong>Stella McCartney<\/strong> se ha sumado al dise\u00f1o solidario y en beneficio de War Child ha creado dos camisetas inspiradas en dibujos infantiles.<\/p>\n<p><a href=\"https:\/\/i0.wp.com\/www.moda.es\/blog\/wp-content\/uploads\/2015\/03\/stella3.jpg\"><img data-attachment-id=\"19153\" data-permalink=\"http:\/\/www.moda.es\/blog\/camisetas-por-una-buena-causa\/stella3\/\" data-orig-file=\"https:\/\/i0.wp.com\/www.moda.es\/blog\/wp-content\/uploads\/2015\/03\/stella3.jpg?fit=650%2C650\" data-orig-size=\"650,650\" data-comments-opened=\"1\" data-image-meta=\"{&quot;aperture&quot;:&quot;0&quot;,&quot;credit&quot;:&quot;&quot;,&quot;camera&quot;:&quot;&quot;,&quot;caption&quot;:&quot;&quot;,&quot;created_timestamp&quot;:&quot;0&quot;,&quot;copyright&quot;:&quot;&quot;,&quot;focal_length&quot;:&quot;0&quot;,&quot;iso&quot;:&quot;0&quot;,&quot;shutter_speed&quot;:&quot;0&quot;,&quot;title&quot;:&quot;&quot;}\" data-image-title=\"stella3\" data-image-description=\"\" data-image-caption=\"\" data-medium-file=\"https:\/\/i0.wp.com\/www.moda.es\/blog\/wp-content\/uploads\/2015\/03\/stella3.jpg?fit=300%2C300\" data-large-file=\"https:\/\/i0.wp.com\/www.moda.es\/blog\/wp-content\/uploads\/2015\/03\/stella3.jpg?fit=640%2C640\" loading=\"lazy\" class=\"aligncenter size-medium wp-image-19153\" alt=\"stella3\" src=\"https:\/\/i0.wp.com\/www.moda.es\/blog\/wp-content\/uploads\/2015\/03\/stella3.jpg?resize=300%2C300\" width=\"300\" height=\"300\" srcset=\"https:\/\/i0.wp.com\/www.moda.es\/blog\/wp-content\/uploads\/2015\/03\/stella3.jpg?resize=300%2C300 300w, https:\/\/i0.wp.com\/www.moda.es\/blog\/wp-content\/uploads\/2015\/03\/stella3.jpg?resize=150%2C150 150w, https:\/\/i0.wp.com\/www.moda.es\/blog\/wp-content\/uploads\/2015\/03\/stella3.jpg?resize=420%2C420 420w, https:\/\/i0.wp.com\/www.moda.es\/blog\/wp-content\/uploads\/2015\/03\/stella3.jpg?resize=120%2C120 120w, https:\/\/i0.wp.com\/www.moda.es\/blog\/wp-content\/uploads\/2015\/03\/stella3.jpg?w=650 650w\" sizes=\"(max-width: 300px) 100vw, 300px\" data-recalc-dims=\"1\" \/><\/a>Cuando pensamos en el estudio de dise\u00f1o de un creador imaginamos un <em>moodboard<\/em> lleno de muestras de tejido, bocetos, fotograf\u00edas y referencias pero nunca pensar\u00edamos en una pared llena de <strong>dibujos hechos por ni\u00f1os<\/strong>.<\/p>\n<p>Pero as\u00ed ha sido para esta iniciativa. Los dos dise\u00f1os se inspiraron en las contribuciones a <strong>Draw Me to Safety<\/strong>, un proyecto que fue lanzado por McCartney y la <strong>Enviada Especial\u00a0<\/strong> <strong>de la ONU, Angelina Jolie<\/strong> en la cumbre por la Prevenci\u00f3n de la Violencia Sexual en\u00a0 Lugares de Conflicto del a\u00f1o pasado (ceremonia en la que por cierto, Jolie llevaba un vestido de Atelier Versace impreso con colores, dibujos y garabatos de sus hijos.<\/p>\n<p><a href=\"https:\/\/i0.wp.com\/www.moda.es\/blog\/wp-content\/uploads\/2015\/03\/stella2.jpg\"><img data-attachment-id=\"19152\" data-permalink=\"http:\/\/www.moda.es\/blog\/camisetas-por-una-buena-causa\/stella2\/\" data-orig-file=\"https:\/\/i0.wp.com\/www.moda.es\/blog\/wp-content\/uploads\/2015\/03\/stella2.jpg?fit=650%2C800\" data-orig-size=\"650,800\" data-comments-opened=\"1\" data-image-meta=\"{&quot;aperture&quot;:&quot;0&quot;,&quot;credit&quot;:&quot;&quot;,&quot;camera&quot;:&quot;&quot;,&quot;caption&quot;:&quot;&quot;,&quot;created_timestamp&quot;:&quot;0&quot;,&quot;copyright&quot;:&quot;&quot;,&quot;focal_length&quot;:&quot;0&quot;,&quot;iso&quot;:&quot;0&quot;,&quot;shutter_speed&quot;:&quot;0&quot;,&quot;title&quot;:&quot;&quot;}\" data-image-title=\"stella2\" data-image-description=\"\" data-image-caption=\"\" data-medium-file=\"https:\/\/i0.wp.com\/www.moda.es\/blog\/wp-content\/uploads\/2015\/03\/stella2.jpg?fit=243%2C300\" data-large-file=\"https:\/\/i0.wp.com\/www.moda.es\/blog\/wp-content\/uploads\/2015\/03\/stella2.jpg?fit=640%2C788\" loading=\"lazy\" class=\"aligncenter size-medium wp-image-19152\" alt=\"stella2\" src=\"https:\/\/i0.wp.com\/www.moda.es\/blog\/wp-content\/uploads\/2015\/03\/stella2.jpg?resize=243%2C300\" width=\"243\" height=\"300\" srcset=\"https:\/\/i0.wp.com\/www.moda.es\/blog\/wp-content\/uploads\/2015\/03\/stella2.jpg?resize=243%2C300 243w, https:\/\/i0.wp.com\/www.moda.es\/blog\/wp-content\/uploads\/2015\/03\/stella2.jpg?resize=420%2C516 420w, https:\/\/i0.wp.com\/www.moda.es\/blog\/wp-content\/uploads\/2015\/03\/stella2.jpg?w=650 650w\" sizes=\"(max-width: 243px) 100vw, 243px\" data-recalc-dims=\"1\" \/><\/a><br \/>\nMcCartney y Jolie pidieron a ni\u00f1os de<strong> 8 a 15 a\u00f1os<\/strong> en el Reino Unido y a los proyectos de War Child que dibujaran respondiendo a una simple pregunta: \u00ab\u00bfQu\u00e9 te hace sentir seguro?\u00bb\u00a0 con la idea de crear conciencia acerca de lo que significa seguridad a los ni\u00f1os de todo el mundo.<\/p>\n<p>Los dise\u00f1os de McCartney se basaron en la mejor propuesta. Al parecer el artista en ciernes favorece dibujos de l\u00edneas, as\u00ed como los corazones y osos de peluche &#8211; y est\u00e1n disponibles en su sitio web y tiendas. La camiseta de ni\u00f1os cuesta 37 euros y las de mujer 80 euros; todos los beneficios de las ventas ser\u00e1n donados a War Child.<\/p>\n<p><a href=\"https:\/\/i0.wp.com\/www.moda.es\/blog\/wp-content\/uploads\/2015\/03\/stella.jpg\"><img data-attachment-id=\"19151\" data-permalink=\"http:\/\/www.moda.es\/blog\/camisetas-por-una-buena-causa\/stella-2\/\" data-orig-file=\"https:\/\/i0.wp.com\/www.moda.es\/blog\/wp-content\/uploads\/2015\/03\/stella.jpg?fit=650%2C799\" data-orig-size=\"650,799\" data-comments-opened=\"1\" data-image-meta=\"{&quot;aperture&quot;:&quot;0&quot;,&quot;credit&quot;:&quot;&quot;,&quot;camera&quot;:&quot;&quot;,&quot;caption&quot;:&quot;&quot;,&quot;created_timestamp&quot;:&quot;0&quot;,&quot;copyright&quot;:&quot;&quot;,&quot;focal_length&quot;:&quot;0&quot;,&quot;iso&quot;:&quot;0&quot;,&quot;shutter_speed&quot;:&quot;0&quot;,&quot;title&quot;:&quot;&quot;}\" data-image-title=\"stella\" data-image-description=\"\" data-image-caption=\"\" data-medium-file=\"https:\/\/i0.wp.com\/www.moda.es\/blog\/wp-content\/uploads\/2015\/03\/stella.jpg?fit=244%2C300\" data-large-file=\"https:\/\/i0.wp.com\/www.moda.es\/blog\/wp-content\/uploads\/2015\/03\/stella.jpg?fit=640%2C787\" loading=\"lazy\" class=\"aligncenter size-medium wp-image-19151\" alt=\"stella\" src=\"https:\/\/i0.wp.com\/www.moda.es\/blog\/wp-content\/uploads\/2015\/03\/stella.jpg?resize=244%2C300\" width=\"244\" height=\"300\" srcset=\"https:\/\/i0.wp.com\/www.moda.es\/blog\/wp-content\/uploads\/2015\/03\/stella.jpg?resize=244%2C300 244w, https:\/\/i0.wp.com\/www.moda.es\/blog\/wp-content\/uploads\/2015\/03\/stella.jpg?resize=420%2C516 420w, https:\/\/i0.wp.com\/www.moda.es\/blog\/wp-content\/uploads\/2015\/03\/stella.jpg?w=650 650w\" sizes=\"(max-width: 244px) 100vw, 244px\" data-recalc-dims=\"1\" \/><\/a><\/p>\n<p>\u00a9Fashion Telegraph                             <\/p>\n","protected":false},"excerpt":{"rendered":"<p>Stella McCartney se ha sumado al dise\u00f1o solidario y en beneficio de War Child ha creado dos camisetas inspiradas en dibujos infantiles. Cuando pensamos en el estudio de dise\u00f1o de un creador imaginamos un moodboard lleno de muestras de tejido, bocetos, fotograf\u00edas y referencias pero nunca pensar\u00edamos en una pared [&hellip;]<\/p>\n","protected":false},"author":3,"featured_media":19151,"comment_status":"open","ping_status":"open","sticky":false,"template":"","format":"standard","meta":{"jetpack_publicize_message":"","jetpack_is_tweetstorm":false,"jetpack_publicize_feature_enabled":true},"categories":[3,11,12],"tags":[842],"jetpack_publicize_connections":[],"jetpack_featured_media_url":"https:\/\/i0.wp.com\/www.moda.es\/blog\/wp-content\/uploads\/2015\/03\/stella.jpg?fit=650%2C799","jetpack_sharing_enabled":true,"jetpack_shortlink":"https:\/\/wp.me\/p4tJCC-4YS","jetpack-related-posts":[{"id":16184,"url":"http:\/\/www.moda.es\/blog\/el-influjo-de-malefica\/","url_meta":{"origin":19150,"position":0},"title":"El influjo de Mal\u00e9fica&#8230;","date":"marzo 22, 2014","format":false,"excerpt":"...ya empieza a notarse. La pel\u00edcula de Disney que rescatar\u00e1 la historia de La Bella Durmiente desde el punto de vista de \"la mala\", tienen previsto su estreno en mayo, pero la moda ya empieza a sentir su influencia. Su protagonista, Angelina Jolie, que encarnar\u00e1 a una de las burjas\u2026","rel":"","context":"En \u00abColecciones\u00bb","img":{"alt_text":"","src":"https:\/\/i0.wp.com\/www.moda.es\/blog\/wp-content\/uploads\/2014\/03\/Stella-McCartney-1.jpg?fit=500%2C750&resize=350%2C200","width":350,"height":200},"classes":[]},{"id":13996,"url":"http:\/\/www.moda.es\/blog\/que-tienen-en-comun-stella-mccartney-y-gwyneth-paltrow\/","url_meta":{"origin":19150,"position":1},"title":"\u00bfQu\u00e9 tienen en com\u00fan Stella McCartney y Gwyneth Paltrow?","date":"agosto 30, 2013","format":false,"excerpt":"...pues tienen en com\u00fan una palabra breve, sonora y misteriosa : Goop. \u00bfUna nueva colecci\u00f3n de ropa deportiva? \u00bfUna l\u00ednea de lencer\u00eda? \u00bfUn manual para aprender a \"domesticar\" a tus hijos? El mundo de la moda se rasca la cabeza y hace c\u00e1balas sobre lo que puede haber unido a\u2026","rel":"","context":"En \u00abActualidad\u00bb","img":{"alt_text":"","src":"https:\/\/i0.wp.com\/www.moda.es\/blog\/wp-content\/uploads\/2013\/08\/stella-y-gwyneth1.jpg?fit=500%2C599&resize=350%2C200","width":350,"height":200},"classes":[]},{"id":19859,"url":"http:\/\/www.moda.es\/blog\/stella-mccartney-contra-steve-madden\/","url_meta":{"origin":19150,"position":2},"title":"Stella McCartney contra Steve Madden","date":"octubre 9, 2015","format":false,"excerpt":"Frente a una audiencia repleta durante el Vogue Festival, la dise\u00f1adora Stella McCartney revel\u00f3 que se sent\u00eda muy halagada por haber encontrado varias imitaciones de sus bolsos y brome\u00f3 diciendo que si sus dise\u00f1os eran lo suficientemente deseables para ser copiados, entonces es que definitivamente estaba haciendo algo bien .\u2026","rel":"","context":"En \u00abAccesorios\u00bb","img":{"alt_text":"","src":"https:\/\/i0.wp.com\/www.moda.es\/blog\/wp-content\/uploads\/2015\/10\/Captura-de-pantalla-2015-10-09-a-las-21.55.25.png?fit=365%2C585&resize=350%2C200","width":350,"height":200},"classes":[]},{"id":20320,"url":"http:\/\/www.moda.es\/blog\/stella-mccartney-tiene-nuevos-planes\/","url_meta":{"origin":19150,"position":3},"title":"Stella McCartney tiene nuevos planes&#8230;","date":"febrero 17, 2016","format":false,"excerpt":"Despu\u00e9s de haber\u00a0conquistado el mercado de ropa de mujer, Stella McCartney ha fijado su mirada en el mundo de la moda masculina seg\u00fan se ha informado\u00a0esta ma\u00f1ana. La dise\u00f1adora londinense ha anunciado el lanzamiento\u00a0de su primera colecci\u00f3n masculina para la temporada primavera \/ verano 2017 en junio, seg\u00fan informa hoy\u2026","rel":"","context":"En \u00abActualidad\u00bb","img":{"alt_text":"","src":"https:\/\/i0.wp.com\/www.moda.es\/blog\/wp-content\/uploads\/2016\/02\/Captura-de-pantalla-2016-02-16-a-las-23.59.41.png?fit=292%2C432&resize=350%2C200","width":350,"height":200},"classes":[]},{"id":8472,"url":"http:\/\/www.moda.es\/blog\/la-otra-mccartney\/","url_meta":{"origin":19150,"position":4},"title":"La otra McCartney","date":"agosto 25, 2012","format":false,"excerpt":"Vayamos en orden cronol\u00f3gico. Es hija de Paul, el superviviente m\u00e1s activo de los Beatles, y su mujer Linda, y hermana mayor de la dise\u00f1adora Stella. Dentro de una familia dedicada a las actividades art\u00edsticas, Mary, que ha heredado los dones de su madre, se dedica a la fotograf\u00eda. Nacida\u2026","rel":"","context":"En \u00abFot\u00f3grafos\u00bb","img":{"alt_text":"","src":"https:\/\/i0.wp.com\/www.moda.es\/blog\/wp-content\/uploads\/2012\/08\/Copyright-Mary-McCartney_Cover-Image1.jpg?fit=500%2C333&resize=350%2C200","width":350,"height":200},"classes":[]},{"id":9967,"url":"http:\/\/www.moda.es\/blog\/god-save-stella-mccartney\/","url_meta":{"origin":19150,"position":5},"title":"God Save Stella McCartney","date":"enero 2, 2013","format":false,"excerpt":"\u00a0 Los hay con estrella, los hay estrellados y est\u00e1n los que brillan por s\u00ed mismos como tal y ellos mismos son el astro m\u00e1s brillante. Stella McCartney es una de esas personas, por talento, por visi\u00f3n, por aptitud, por derecho adquirido y ahora tambi\u00e9n por reconocimiento. \u00a0 Despu\u00e9s de\u2026","rel":"","context":"En \u00abActualidad\u00bb","img":{"alt_text":"","src":"https:\/\/i0.wp.com\/www.moda.es\/blog\/wp-content\/uploads\/2013\/01\/Stella-McCartney1.jpg?fit=500%2C333&resize=350%2C200","width":350,"height":200},"classes":[]}],"_links":{"self":[{"href":"http:\/\/www.moda.es\/blog\/wp-json\/wp\/v2\/posts\/19150"}],"collection":[{"href":"http:\/\/www.moda.es\/blog\/wp-json\/wp\/v2\/posts"}],"about":[{"href":"http:\/\/www.moda.es\/blog\/wp-json\/wp\/v2\/types\/post"}],"author":[{"embeddable":true,"href":"http:\/\/www.moda.es\/blog\/wp-json\/wp\/v2\/users\/3"}],"replies":[{"embeddable":true,"href":"http:\/\/www.moda.es\/blog\/wp-json\/wp\/v2\/comments?post=19150"}],"version-history":[{"count":7,"href":"http:\/\/www.moda.es\/blog\/wp-json\/wp\/v2\/posts\/19150\/revisions"}],"predecessor-version":[{"id":36173,"href":"http:\/\/www.moda.es\/blog\/wp-json\/wp\/v2\/posts\/19150\/revisions\/36173"}],"wp:featuredmedia":[{"embeddable":true,"href":"http:\/\/www.moda.es\/blog\/wp-json\/wp\/v2\/media\/19151"}],"wp:attachment":[{"href":"http:\/\/www.moda.es\/blog\/wp-json\/wp\/v2\/media?parent=19150"}],"wp:term":[{"taxonomy":"category","embeddable":true,"href":"http:\/\/www.moda.es\/blog\/wp-json\/wp\/v2\/categories?post=19150"},{"taxonomy":"post_tag","embeddable":true,"href":"http:\/\/www.moda.es\/blog\/wp-json\/wp\/v2\/tags?post=19150"}],"curies":[{"name":"wp","href":"https:\/\/api.w.org\/{rel}","templated":true}]}}