{"id":19126,"date":"2015-03-13T23:27:35","date_gmt":"2015-03-13T22:27:35","guid":{"rendered":"http:\/\/www.moda.es\/blog\/?p=19126"},"modified":"2020-04-27T17:03:43","modified_gmt":"2020-04-27T16:03:43","slug":"los-bolsos-que-amaras","status":"publish","type":"post","link":"http:\/\/www.moda.es\/blog\/los-bolsos-que-amaras\/","title":{"rendered":"Los bolsos que amar\u00e1s"},"content":{"rendered":"<p>Cl\u00e1sico o exc\u00e9ntrico, \u00fatil o poco pr\u00e1ctico, retro o futurista, sencillo o muy barroco&#8230; hemos visto casi todos los tipos de <strong>bolsos<\/strong> posibles en el escaparate de los desfiles del pr\u00f3ximo <strong>oto\u00f1o 2015 <\/strong>y nuesta lista de deseos no ha \u00e0rado de crecer desde entonces.<\/p>\n<figure id=\"attachment_19127\" aria-describedby=\"caption-attachment-19127\" style=\"width: 200px\" class=\"wp-caption aligncenter\"><a href=\"https:\/\/i0.wp.com\/www.moda.es\/blog\/wp-content\/uploads\/2015\/03\/chanel.jpg\"><img data-attachment-id=\"19127\" data-permalink=\"http:\/\/www.moda.es\/blog\/los-bolsos-que-amaras\/chanel-11\/\" data-orig-file=\"https:\/\/i0.wp.com\/www.moda.es\/blog\/wp-content\/uploads\/2015\/03\/chanel.jpg?fit=650%2C975\" data-orig-size=\"650,975\" data-comments-opened=\"1\" data-image-meta=\"{&quot;aperture&quot;:&quot;0&quot;,&quot;credit&quot;:&quot;&quot;,&quot;camera&quot;:&quot;&quot;,&quot;caption&quot;:&quot;&quot;,&quot;created_timestamp&quot;:&quot;0&quot;,&quot;copyright&quot;:&quot;&quot;,&quot;focal_length&quot;:&quot;0&quot;,&quot;iso&quot;:&quot;0&quot;,&quot;shutter_speed&quot;:&quot;0&quot;,&quot;title&quot;:&quot;&quot;}\" data-image-title=\"chanel\" data-image-description=\"\" data-image-caption=\"&lt;p&gt;Chanel&lt;\/p&gt;\n\" data-medium-file=\"https:\/\/i0.wp.com\/www.moda.es\/blog\/wp-content\/uploads\/2015\/03\/chanel.jpg?fit=200%2C300\" data-large-file=\"https:\/\/i0.wp.com\/www.moda.es\/blog\/wp-content\/uploads\/2015\/03\/chanel.jpg?fit=640%2C960\" loading=\"lazy\" class=\"size-medium wp-image-19127 \" alt=\"Chanel\" src=\"https:\/\/i0.wp.com\/www.moda.es\/blog\/wp-content\/uploads\/2015\/03\/chanel.jpg?resize=200%2C300\" width=\"200\" height=\"300\" srcset=\"https:\/\/i0.wp.com\/www.moda.es\/blog\/wp-content\/uploads\/2015\/03\/chanel.jpg?resize=200%2C300 200w, https:\/\/i0.wp.com\/www.moda.es\/blog\/wp-content\/uploads\/2015\/03\/chanel.jpg?resize=420%2C630 420w, https:\/\/i0.wp.com\/www.moda.es\/blog\/wp-content\/uploads\/2015\/03\/chanel.jpg?w=650 650w\" sizes=\"(max-width: 200px) 100vw, 200px\" data-recalc-dims=\"1\" \/><\/a><figcaption id=\"caption-attachment-19127\" class=\"wp-caption-text\">Chanel<\/figcaption><\/figure>\n<figure id=\"attachment_19128\" aria-describedby=\"caption-attachment-19128\" style=\"width: 200px\" class=\"wp-caption aligncenter\"><a href=\"https:\/\/i0.wp.com\/www.moda.es\/blog\/wp-content\/uploads\/2015\/03\/dg.jpg\"><img data-attachment-id=\"19128\" data-permalink=\"http:\/\/www.moda.es\/blog\/los-bolsos-que-amaras\/dg-4\/\" data-orig-file=\"https:\/\/i0.wp.com\/www.moda.es\/blog\/wp-content\/uploads\/2015\/03\/dg.jpg?fit=650%2C975\" data-orig-size=\"650,975\" data-comments-opened=\"1\" data-image-meta=\"{&quot;aperture&quot;:&quot;0&quot;,&quot;credit&quot;:&quot;&quot;,&quot;camera&quot;:&quot;&quot;,&quot;caption&quot;:&quot;&quot;,&quot;created_timestamp&quot;:&quot;0&quot;,&quot;copyright&quot;:&quot;&quot;,&quot;focal_length&quot;:&quot;0&quot;,&quot;iso&quot;:&quot;0&quot;,&quot;shutter_speed&quot;:&quot;0&quot;,&quot;title&quot;:&quot;&quot;}\" data-image-title=\"dg\" data-image-description=\"\" data-image-caption=\"&lt;p&gt;Dolce &amp;amp; Gabbana&lt;\/p&gt;\n\" data-medium-file=\"https:\/\/i0.wp.com\/www.moda.es\/blog\/wp-content\/uploads\/2015\/03\/dg.jpg?fit=200%2C300\" data-large-file=\"https:\/\/i0.wp.com\/www.moda.es\/blog\/wp-content\/uploads\/2015\/03\/dg.jpg?fit=640%2C960\" loading=\"lazy\" class=\"size-medium wp-image-19128 \" alt=\"Dolce &amp; Gabbana\" src=\"https:\/\/i0.wp.com\/www.moda.es\/blog\/wp-content\/uploads\/2015\/03\/dg.jpg?resize=200%2C300\" width=\"200\" height=\"300\" srcset=\"https:\/\/i0.wp.com\/www.moda.es\/blog\/wp-content\/uploads\/2015\/03\/dg.jpg?resize=200%2C300 200w, https:\/\/i0.wp.com\/www.moda.es\/blog\/wp-content\/uploads\/2015\/03\/dg.jpg?resize=420%2C630 420w, https:\/\/i0.wp.com\/www.moda.es\/blog\/wp-content\/uploads\/2015\/03\/dg.jpg?w=650 650w\" sizes=\"(max-width: 200px) 100vw, 200px\" data-recalc-dims=\"1\" \/><\/a><figcaption id=\"caption-attachment-19128\" class=\"wp-caption-text\">Dolce &amp; Gabbana<\/figcaption><\/figure>\n<p>Con los a\u00f1os setenta todav\u00eda encabezando muchas colecciones\u00a0 no ha sido una sorpresa ver bolsos con forma de <strong>cubo<\/strong> y<strong> sillas de montar<\/strong> en tonos oto\u00f1ales y ante color canela. <strong>Burberry Prorsum<\/strong> a\u00f1adi\u00f3 piel de pony con estampado de\u00a0 leopardo, <strong>Celine y Miu Miu<\/strong> tambi\u00e9n se apuntaron al print animal y<strong> Altuzarra<\/strong> y <strong>Chlo\u00e9<\/strong> debutaron con bolsos en color burdeos con flecos.<\/p>\n<div data-carousel-extra='{\"blog_id\":1,\"permalink\":\"http:\\\/\\\/www.moda.es\\\/blog\\\/los-bolsos-que-amaras\\\/\"}' id='gallery-1' class='gallery galleryid-19126 gallery-columns-2 gallery-size-thumbnail'><figure class='gallery-item'>\n\t\t\t<div class='gallery-icon portrait'>\n\t\t\t\t<a href='http:\/\/www.moda.es\/blog\/los-bolsos-que-amaras\/3-1pl\/'><img width=\"150\" height=\"150\" src=\"https:\/\/i0.wp.com\/www.moda.es\/blog\/wp-content\/uploads\/2015\/03\/3.1pl.jpg?resize=150%2C150\" class=\"attachment-thumbnail size-thumbnail\" alt=\"\" loading=\"lazy\" aria-describedby=\"gallery-1-19130\" srcset=\"https:\/\/i0.wp.com\/www.moda.es\/blog\/wp-content\/uploads\/2015\/03\/3.1pl.jpg?resize=150%2C150 150w, https:\/\/i0.wp.com\/www.moda.es\/blog\/wp-content\/uploads\/2015\/03\/3.1pl.jpg?resize=120%2C120 120w, https:\/\/i0.wp.com\/www.moda.es\/blog\/wp-content\/uploads\/2015\/03\/3.1pl.jpg?zoom=2&amp;resize=150%2C150 300w, https:\/\/i0.wp.com\/www.moda.es\/blog\/wp-content\/uploads\/2015\/03\/3.1pl.jpg?zoom=3&amp;resize=150%2C150 450w\" sizes=\"(max-width: 150px) 100vw, 150px\" data-attachment-id=\"19130\" data-permalink=\"http:\/\/www.moda.es\/blog\/los-bolsos-que-amaras\/3-1pl\/\" data-orig-file=\"https:\/\/i0.wp.com\/www.moda.es\/blog\/wp-content\/uploads\/2015\/03\/3.1pl.jpg?fit=650%2C975\" data-orig-size=\"650,975\" data-comments-opened=\"1\" data-image-meta=\"{&quot;aperture&quot;:&quot;0&quot;,&quot;credit&quot;:&quot;&quot;,&quot;camera&quot;:&quot;&quot;,&quot;caption&quot;:&quot;&quot;,&quot;created_timestamp&quot;:&quot;0&quot;,&quot;copyright&quot;:&quot;&quot;,&quot;focal_length&quot;:&quot;0&quot;,&quot;iso&quot;:&quot;0&quot;,&quot;shutter_speed&quot;:&quot;0&quot;,&quot;title&quot;:&quot;&quot;}\" data-image-title=\"3.1pl\" data-image-description=\"\" data-image-caption=\"&lt;p&gt;3.1 Philip Lim&lt;\/p&gt;\n\" data-medium-file=\"https:\/\/i0.wp.com\/www.moda.es\/blog\/wp-content\/uploads\/2015\/03\/3.1pl.jpg?fit=200%2C300\" data-large-file=\"https:\/\/i0.wp.com\/www.moda.es\/blog\/wp-content\/uploads\/2015\/03\/3.1pl.jpg?fit=640%2C960\" \/><\/a>\n\t\t\t<\/div>\n\t\t\t\t<figcaption class='wp-caption-text gallery-caption' id='gallery-1-19130'>\n\t\t\t\t3.1 Philip Lim\n\t\t\t\t<\/figcaption><\/figure><figure class='gallery-item'>\n\t\t\t<div class='gallery-icon portrait'>\n\t\t\t\t<a href='http:\/\/www.moda.es\/blog\/los-bolsos-que-amaras\/celine-8\/'><img width=\"150\" height=\"150\" src=\"https:\/\/i0.wp.com\/www.moda.es\/blog\/wp-content\/uploads\/2015\/03\/celine.jpg?resize=150%2C150\" class=\"attachment-thumbnail size-thumbnail\" alt=\"\" loading=\"lazy\" aria-describedby=\"gallery-1-19131\" srcset=\"https:\/\/i0.wp.com\/www.moda.es\/blog\/wp-content\/uploads\/2015\/03\/celine.jpg?resize=150%2C150 150w, https:\/\/i0.wp.com\/www.moda.es\/blog\/wp-content\/uploads\/2015\/03\/celine.jpg?resize=120%2C120 120w, https:\/\/i0.wp.com\/www.moda.es\/blog\/wp-content\/uploads\/2015\/03\/celine.jpg?zoom=2&amp;resize=150%2C150 300w, https:\/\/i0.wp.com\/www.moda.es\/blog\/wp-content\/uploads\/2015\/03\/celine.jpg?zoom=3&amp;resize=150%2C150 450w\" sizes=\"(max-width: 150px) 100vw, 150px\" data-attachment-id=\"19131\" data-permalink=\"http:\/\/www.moda.es\/blog\/los-bolsos-que-amaras\/celine-8\/\" data-orig-file=\"https:\/\/i0.wp.com\/www.moda.es\/blog\/wp-content\/uploads\/2015\/03\/celine.jpg?fit=650%2C975\" data-orig-size=\"650,975\" data-comments-opened=\"1\" data-image-meta=\"{&quot;aperture&quot;:&quot;0&quot;,&quot;credit&quot;:&quot;&quot;,&quot;camera&quot;:&quot;&quot;,&quot;caption&quot;:&quot;&quot;,&quot;created_timestamp&quot;:&quot;0&quot;,&quot;copyright&quot;:&quot;&quot;,&quot;focal_length&quot;:&quot;0&quot;,&quot;iso&quot;:&quot;0&quot;,&quot;shutter_speed&quot;:&quot;0&quot;,&quot;title&quot;:&quot;&quot;}\" data-image-title=\"celine\" data-image-description=\"\" data-image-caption=\"&lt;p&gt;Celine&lt;\/p&gt;\n\" data-medium-file=\"https:\/\/i0.wp.com\/www.moda.es\/blog\/wp-content\/uploads\/2015\/03\/celine.jpg?fit=200%2C300\" data-large-file=\"https:\/\/i0.wp.com\/www.moda.es\/blog\/wp-content\/uploads\/2015\/03\/celine.jpg?fit=640%2C960\" \/><\/a>\n\t\t\t<\/div>\n\t\t\t\t<figcaption class='wp-caption-text gallery-caption' id='gallery-1-19131'>\n\t\t\t\tCeline\n\t\t\t\t<\/figcaption><\/figure><figure class='gallery-item'>\n\t\t\t<div class='gallery-icon portrait'>\n\t\t\t\t<a href='http:\/\/www.moda.es\/blog\/los-bolsos-que-amaras\/chloe-2\/'><img width=\"150\" height=\"150\" src=\"https:\/\/i0.wp.com\/www.moda.es\/blog\/wp-content\/uploads\/2015\/03\/chloe.jpg?resize=150%2C150\" class=\"attachment-thumbnail size-thumbnail\" alt=\"\" loading=\"lazy\" aria-describedby=\"gallery-1-19132\" srcset=\"https:\/\/i0.wp.com\/www.moda.es\/blog\/wp-content\/uploads\/2015\/03\/chloe.jpg?resize=150%2C150 150w, https:\/\/i0.wp.com\/www.moda.es\/blog\/wp-content\/uploads\/2015\/03\/chloe.jpg?resize=120%2C120 120w, https:\/\/i0.wp.com\/www.moda.es\/blog\/wp-content\/uploads\/2015\/03\/chloe.jpg?zoom=2&amp;resize=150%2C150 300w, https:\/\/i0.wp.com\/www.moda.es\/blog\/wp-content\/uploads\/2015\/03\/chloe.jpg?zoom=3&amp;resize=150%2C150 450w\" sizes=\"(max-width: 150px) 100vw, 150px\" data-attachment-id=\"19132\" data-permalink=\"http:\/\/www.moda.es\/blog\/los-bolsos-que-amaras\/chloe-2\/\" data-orig-file=\"https:\/\/i0.wp.com\/www.moda.es\/blog\/wp-content\/uploads\/2015\/03\/chloe.jpg?fit=650%2C975\" data-orig-size=\"650,975\" data-comments-opened=\"1\" data-image-meta=\"{&quot;aperture&quot;:&quot;0&quot;,&quot;credit&quot;:&quot;&quot;,&quot;camera&quot;:&quot;&quot;,&quot;caption&quot;:&quot;&quot;,&quot;created_timestamp&quot;:&quot;0&quot;,&quot;copyright&quot;:&quot;&quot;,&quot;focal_length&quot;:&quot;0&quot;,&quot;iso&quot;:&quot;0&quot;,&quot;shutter_speed&quot;:&quot;0&quot;,&quot;title&quot;:&quot;&quot;}\" data-image-title=\"chloe\" data-image-description=\"\" data-image-caption=\"&lt;p&gt;Chlo\u00e9&lt;\/p&gt;\n\" data-medium-file=\"https:\/\/i0.wp.com\/www.moda.es\/blog\/wp-content\/uploads\/2015\/03\/chloe.jpg?fit=200%2C300\" data-large-file=\"https:\/\/i0.wp.com\/www.moda.es\/blog\/wp-content\/uploads\/2015\/03\/chloe.jpg?fit=640%2C960\" \/><\/a>\n\t\t\t<\/div>\n\t\t\t\t<figcaption class='wp-caption-text gallery-caption' id='gallery-1-19132'>\n\t\t\t\tChlo\u00e9\n\t\t\t\t<\/figcaption><\/figure><figure class='gallery-item'>\n\t\t\t<div class='gallery-icon portrait'>\n\t\t\t\t<a href='http:\/\/www.moda.es\/blog\/los-bolsos-que-amaras\/miu-miu-3\/'><img width=\"150\" height=\"150\" src=\"https:\/\/i0.wp.com\/www.moda.es\/blog\/wp-content\/uploads\/2015\/03\/miu-miu.jpg?resize=150%2C150\" class=\"attachment-thumbnail size-thumbnail\" alt=\"\" loading=\"lazy\" aria-describedby=\"gallery-1-19133\" srcset=\"https:\/\/i0.wp.com\/www.moda.es\/blog\/wp-content\/uploads\/2015\/03\/miu-miu.jpg?resize=150%2C150 150w, https:\/\/i0.wp.com\/www.moda.es\/blog\/wp-content\/uploads\/2015\/03\/miu-miu.jpg?resize=120%2C120 120w, https:\/\/i0.wp.com\/www.moda.es\/blog\/wp-content\/uploads\/2015\/03\/miu-miu.jpg?zoom=2&amp;resize=150%2C150 300w, https:\/\/i0.wp.com\/www.moda.es\/blog\/wp-content\/uploads\/2015\/03\/miu-miu.jpg?zoom=3&amp;resize=150%2C150 450w\" sizes=\"(max-width: 150px) 100vw, 150px\" data-attachment-id=\"19133\" data-permalink=\"http:\/\/www.moda.es\/blog\/los-bolsos-que-amaras\/miu-miu-3\/\" data-orig-file=\"https:\/\/i0.wp.com\/www.moda.es\/blog\/wp-content\/uploads\/2015\/03\/miu-miu.jpg?fit=650%2C975\" data-orig-size=\"650,975\" data-comments-opened=\"1\" data-image-meta=\"{&quot;aperture&quot;:&quot;0&quot;,&quot;credit&quot;:&quot;&quot;,&quot;camera&quot;:&quot;&quot;,&quot;caption&quot;:&quot;&quot;,&quot;created_timestamp&quot;:&quot;0&quot;,&quot;copyright&quot;:&quot;&quot;,&quot;focal_length&quot;:&quot;0&quot;,&quot;iso&quot;:&quot;0&quot;,&quot;shutter_speed&quot;:&quot;0&quot;,&quot;title&quot;:&quot;&quot;}\" data-image-title=\"miu miu\" data-image-description=\"\" data-image-caption=\"&lt;p&gt;Miu Miiu&lt;\/p&gt;\n\" data-medium-file=\"https:\/\/i0.wp.com\/www.moda.es\/blog\/wp-content\/uploads\/2015\/03\/miu-miu.jpg?fit=200%2C300\" data-large-file=\"https:\/\/i0.wp.com\/www.moda.es\/blog\/wp-content\/uploads\/2015\/03\/miu-miu.jpg?fit=640%2C960\" \/><\/a>\n\t\t\t<\/div>\n\t\t\t\t<figcaption class='wp-caption-text gallery-caption' id='gallery-1-19133'>\n\t\t\t\tMiu Miiu\n\t\t\t\t<\/figcaption><\/figure>\n\t\t<\/div>\n\n<p>Opciones ladylike est\u00e1n tambi\u00e9n disponibles en todos los colores para adaptarse a tu estado de \u00e1nimo y se acompa\u00f1an de diferentes estampados: los motivos moleculares de <strong>Prada<\/strong>, las plumas de <strong>Michael Kors, <\/strong>el ic\u00f3nico monogram de <strong>Gucci<\/strong> y las\u00a0 cadena de <strong>Dior<\/strong> en colores electrizantes sobre rayas y motivos gr\u00e1ficos.<\/p>\n<figure id=\"attachment_19135\" aria-describedby=\"caption-attachment-19135\" style=\"width: 200px\" class=\"wp-caption aligncenter\"><a href=\"https:\/\/i0.wp.com\/www.moda.es\/blog\/wp-content\/uploads\/2015\/03\/dries-van-noten.jpg\"><img data-attachment-id=\"19135\" data-permalink=\"http:\/\/www.moda.es\/blog\/los-bolsos-que-amaras\/dries-van-noten-5\/\" data-orig-file=\"https:\/\/i0.wp.com\/www.moda.es\/blog\/wp-content\/uploads\/2015\/03\/dries-van-noten.jpg?fit=650%2C975\" data-orig-size=\"650,975\" data-comments-opened=\"1\" data-image-meta=\"{&quot;aperture&quot;:&quot;0&quot;,&quot;credit&quot;:&quot;&quot;,&quot;camera&quot;:&quot;&quot;,&quot;caption&quot;:&quot;&quot;,&quot;created_timestamp&quot;:&quot;0&quot;,&quot;copyright&quot;:&quot;&quot;,&quot;focal_length&quot;:&quot;0&quot;,&quot;iso&quot;:&quot;0&quot;,&quot;shutter_speed&quot;:&quot;0&quot;,&quot;title&quot;:&quot;&quot;}\" data-image-title=\"dries van noten\" data-image-description=\"\" data-image-caption=\"&lt;p&gt;Dries van Noten&lt;\/p&gt;\n\" data-medium-file=\"https:\/\/i0.wp.com\/www.moda.es\/blog\/wp-content\/uploads\/2015\/03\/dries-van-noten.jpg?fit=200%2C300\" data-large-file=\"https:\/\/i0.wp.com\/www.moda.es\/blog\/wp-content\/uploads\/2015\/03\/dries-van-noten.jpg?fit=640%2C960\" loading=\"lazy\" class=\"size-medium wp-image-19135\" alt=\"Dries van Noten\" src=\"https:\/\/i0.wp.com\/www.moda.es\/blog\/wp-content\/uploads\/2015\/03\/dries-van-noten.jpg?resize=200%2C300\" width=\"200\" height=\"300\" srcset=\"https:\/\/i0.wp.com\/www.moda.es\/blog\/wp-content\/uploads\/2015\/03\/dries-van-noten.jpg?resize=200%2C300 200w, https:\/\/i0.wp.com\/www.moda.es\/blog\/wp-content\/uploads\/2015\/03\/dries-van-noten.jpg?resize=420%2C630 420w, https:\/\/i0.wp.com\/www.moda.es\/blog\/wp-content\/uploads\/2015\/03\/dries-van-noten.jpg?w=650 650w\" sizes=\"(max-width: 200px) 100vw, 200px\" data-recalc-dims=\"1\" \/><\/a><figcaption id=\"caption-attachment-19135\" class=\"wp-caption-text\">Dries van Noten<\/figcaption><\/figure>\n<figure id=\"attachment_19140\" aria-describedby=\"caption-attachment-19140\" style=\"width: 200px\" class=\"wp-caption aligncenter\"><a href=\"https:\/\/i0.wp.com\/www.moda.es\/blog\/wp-content\/uploads\/2015\/03\/gucci.jpg\"><img data-attachment-id=\"19140\" data-permalink=\"http:\/\/www.moda.es\/blog\/los-bolsos-que-amaras\/gucci-10\/\" data-orig-file=\"https:\/\/i0.wp.com\/www.moda.es\/blog\/wp-content\/uploads\/2015\/03\/gucci.jpg?fit=650%2C975\" data-orig-size=\"650,975\" data-comments-opened=\"1\" data-image-meta=\"{&quot;aperture&quot;:&quot;0&quot;,&quot;credit&quot;:&quot;&quot;,&quot;camera&quot;:&quot;&quot;,&quot;caption&quot;:&quot;&quot;,&quot;created_timestamp&quot;:&quot;0&quot;,&quot;copyright&quot;:&quot;&quot;,&quot;focal_length&quot;:&quot;0&quot;,&quot;iso&quot;:&quot;0&quot;,&quot;shutter_speed&quot;:&quot;0&quot;,&quot;title&quot;:&quot;&quot;}\" data-image-title=\"gucci\" data-image-description=\"\" data-image-caption=\"&lt;p&gt;Gucci&lt;\/p&gt;\n\" data-medium-file=\"https:\/\/i0.wp.com\/www.moda.es\/blog\/wp-content\/uploads\/2015\/03\/gucci.jpg?fit=200%2C300\" data-large-file=\"https:\/\/i0.wp.com\/www.moda.es\/blog\/wp-content\/uploads\/2015\/03\/gucci.jpg?fit=640%2C960\" loading=\"lazy\" class=\"size-medium wp-image-19140\" alt=\"Gucci\" src=\"https:\/\/i0.wp.com\/www.moda.es\/blog\/wp-content\/uploads\/2015\/03\/gucci.jpg?resize=200%2C300\" width=\"200\" height=\"300\" srcset=\"https:\/\/i0.wp.com\/www.moda.es\/blog\/wp-content\/uploads\/2015\/03\/gucci.jpg?resize=200%2C300 200w, https:\/\/i0.wp.com\/www.moda.es\/blog\/wp-content\/uploads\/2015\/03\/gucci.jpg?resize=420%2C630 420w, https:\/\/i0.wp.com\/www.moda.es\/blog\/wp-content\/uploads\/2015\/03\/gucci.jpg?w=650 650w\" sizes=\"(max-width: 200px) 100vw, 200px\" data-recalc-dims=\"1\" \/><\/a><figcaption id=\"caption-attachment-19140\" class=\"wp-caption-text\">Gucci<\/figcaption><\/figure>\n<p>Si prefieres un cl\u00e1sico de los que nunca se pasan siempre nos quedar\u00e1 el sencillo bauletto de <strong>Nina Ricci<\/strong>.<\/p>\n<figure id=\"attachment_19137\" aria-describedby=\"caption-attachment-19137\" style=\"width: 200px\" class=\"wp-caption aligncenter\"><a href=\"https:\/\/i0.wp.com\/www.moda.es\/blog\/wp-content\/uploads\/2015\/03\/nina-ricci.jpg\"><img data-attachment-id=\"19137\" data-permalink=\"http:\/\/www.moda.es\/blog\/los-bolsos-que-amaras\/nina-ricci-5\/\" data-orig-file=\"https:\/\/i0.wp.com\/www.moda.es\/blog\/wp-content\/uploads\/2015\/03\/nina-ricci.jpg?fit=650%2C975\" data-orig-size=\"650,975\" data-comments-opened=\"1\" data-image-meta=\"{&quot;aperture&quot;:&quot;0&quot;,&quot;credit&quot;:&quot;&quot;,&quot;camera&quot;:&quot;&quot;,&quot;caption&quot;:&quot;&quot;,&quot;created_timestamp&quot;:&quot;0&quot;,&quot;copyright&quot;:&quot;&quot;,&quot;focal_length&quot;:&quot;0&quot;,&quot;iso&quot;:&quot;0&quot;,&quot;shutter_speed&quot;:&quot;0&quot;,&quot;title&quot;:&quot;&quot;}\" data-image-title=\"nina ricci\" data-image-description=\"\" data-image-caption=\"&lt;p&gt;Nina Ricci&lt;\/p&gt;\n\" data-medium-file=\"https:\/\/i0.wp.com\/www.moda.es\/blog\/wp-content\/uploads\/2015\/03\/nina-ricci.jpg?fit=200%2C300\" data-large-file=\"https:\/\/i0.wp.com\/www.moda.es\/blog\/wp-content\/uploads\/2015\/03\/nina-ricci.jpg?fit=640%2C960\" loading=\"lazy\" class=\"size-medium wp-image-19137\" alt=\"Nina Ricci\" src=\"https:\/\/i0.wp.com\/www.moda.es\/blog\/wp-content\/uploads\/2015\/03\/nina-ricci.jpg?resize=200%2C300\" width=\"200\" height=\"300\" srcset=\"https:\/\/i0.wp.com\/www.moda.es\/blog\/wp-content\/uploads\/2015\/03\/nina-ricci.jpg?resize=200%2C300 200w, https:\/\/i0.wp.com\/www.moda.es\/blog\/wp-content\/uploads\/2015\/03\/nina-ricci.jpg?resize=420%2C630 420w, https:\/\/i0.wp.com\/www.moda.es\/blog\/wp-content\/uploads\/2015\/03\/nina-ricci.jpg?w=650 650w\" sizes=\"(max-width: 200px) 100vw, 200px\" data-recalc-dims=\"1\" \/><\/a><figcaption id=\"caption-attachment-19137\" class=\"wp-caption-text\">Nina Ricci<\/figcaption><\/figure>\n<p>\u00bfCu\u00e1l es tu preferido?<\/p>\n<p>&nbsp;<\/p>\n<p>\u00a9Grazia UK                             <\/p>\n","protected":false},"excerpt":{"rendered":"<p>Cl\u00e1sico o exc\u00e9ntrico, \u00fatil o poco pr\u00e1ctico, retro o futurista, sencillo o muy barroco&#8230; hemos visto casi todos los tipos de bolsos posibles en el escaparate de los desfiles del pr\u00f3ximo oto\u00f1o 2015 y nuesta lista de deseos no ha \u00e0rado de crecer desde entonces. Con los a\u00f1os setenta todav\u00eda [&hellip;]<\/p>\n","protected":false},"author":3,"featured_media":19127,"comment_status":"open","ping_status":"open","sticky":false,"template":"","format":"standard","meta":{"jetpack_publicize_message":"","jetpack_is_tweetstorm":false,"jetpack_publicize_feature_enabled":true},"categories":[2,11,12,14,27],"tags":[73,151,179,189,371,610,669,731],"jetpack_publicize_connections":[],"jetpack_featured_media_url":"https:\/\/i0.wp.com\/www.moda.es\/blog\/wp-content\/uploads\/2015\/03\/chanel.jpg?fit=650%2C975","jetpack_sharing_enabled":true,"jetpack_shortlink":"https:\/\/wp.me\/p4tJCC-4Yu","jetpack-related-posts":[{"id":629,"url":"http:\/\/www.moda.es\/blog\/los-bolsos-tienen-nombre\/","url_meta":{"origin":19126,"position":0},"title":"Los bolsos tienen nombre","date":"enero 26, 2011","format":false,"excerpt":"Durante el siglo pasado (c\u00f3mo suena para hablar\u00a0con este t\u00e9rmino de un siglo que acab\u00f3\u00a0hace s\u00f3lo\u00a011 a\u00f1os) una serie de bolsos se fueron convirtiendo en iconos de moda. El primero que me viene a la cabeza y quiz\u00e1 lo sea oficialmente, el Kelly de H\u00e8rmes, un bolso nombrado as\u00ed por\u2026","rel":"","context":"En \u00abAccesorios\u00bb","img":{"alt_text":"","src":"https:\/\/i0.wp.com\/blog.stylehive.com\/images\/uploads\/birkin_big.jpg?resize=350%2C200","width":350,"height":200},"classes":[]},{"id":19657,"url":"http:\/\/www.moda.es\/blog\/manolo-blahnik-presenta-su-primera-coleccion-de-clutches\/","url_meta":{"origin":19126,"position":1},"title":"Manolo Blahnik presenta su primera colecci\u00f3n de clutches","date":"agosto 1, 2015","format":false,"excerpt":"Despu\u00e9s de haber hecho de sus zapatos algunos de los objetos m\u00e1s deseados del planeta, Manolo Blahnik ha vuelto a ejercer su magia en una nueva categor\u00eda para \u00e9l, lanz\u00e1ndose a presentar su primera colecci\u00f3n de bolsos. Y como la colecci\u00f3n llegar\u00e1 a las tiendas durante estos d\u00edas, la nueva\u2026","rel":"","context":"En \u00abAccesorios\u00bb","img":{"alt_text":"","src":"https:\/\/i0.wp.com\/www.moda.es\/blog\/wp-content\/uploads\/2015\/08\/Captura-de-pantalla-2015-08-01-a-las-16.34.34.png?fit=472%2C456&resize=350%2C200","width":350,"height":200},"classes":[]},{"id":18378,"url":"http:\/\/www.moda.es\/blog\/el-non-bag-the-phillip-lim\/","url_meta":{"origin":19126,"position":2},"title":"El Non Bag the Phillip Lim","date":"octubre 8, 2014","format":false,"excerpt":"Los desfiles de la temporada primavera - verano 2015 han venido cargados de novedades y una de las m\u00e1s interesantes ha sido el nuevo \"Non Bag\" (podr\u00edamos llamarlo quiz\u00e1s Anti Bolso? \u00bfBolso No?) de Phillip Lim. \"Siempre me gusta mejorar o renovar las cosas as\u00ed que a veces cuando dise\u00f1o\u2026","rel":"","context":"En \u00abAccesorios\u00bb","img":{"alt_text":"","src":"https:\/\/i0.wp.com\/www.moda.es\/blog\/wp-content\/uploads\/2014\/10\/plb1.jpg?fit=650%2C975&resize=350%2C200","width":350,"height":200},"classes":[]},{"id":7374,"url":"http:\/\/www.moda.es\/blog\/bolsos-de-verano\/","url_meta":{"origin":19126,"position":3},"title":"Bolsos de verano","date":"junio 16, 2012","format":false,"excerpt":"En las tendencias de verano, tambi\u00e9n hay un apartado para las tendencias de los accesorios y hoy en concreto, de los bolsos. \u00bfHas visto esos bolsos que se cierran por la parte superior con una cuerda? El bolso-saco ya se ve\u00eda por las calles el a\u00f1o pasado, pero este a\u00f1o\u2026","rel":"","context":"En \u00abTendencias\u00bb","img":{"alt_text":"","src":"https:\/\/i0.wp.com\/www.moda.es\/blog\/wp-content\/uploads\/2012\/06\/5822322711_2_1_2-e13387620307901.jpg?fit=391%2C500&resize=350%2C200","width":350,"height":200},"classes":[]},{"id":21891,"url":"http:\/\/www.moda.es\/blog\/pharrell-williams-primer-hombre-que-protagoniza-una-campana-de-bolsos-de-chanel\/","url_meta":{"origin":19126,"position":4},"title":"Pharrell Williams, primer hombre que protagoniza una campa\u00f1a de bolsos de Chanel","date":"marzo 14, 2017","format":false,"excerpt":"Pharrell Williams, la rara musa masculina de Chanel, presenta\u00a0el nuevo\u00a0bolso Gabrielle en la \u00faltima campa\u00f1a de la casa francesa. A pesar de que ya ha aparecido en anuncios \u00a0de la marca antes, esta la primera vez que \u00e9l o cualquier hombre ha protagonizado una campa\u00f1a de bolsos de Chanel. Karl\u2026","rel":"","context":"En \u00abActualidad\u00bb","img":{"alt_text":"","src":"https:\/\/i0.wp.com\/www.moda.es\/blog\/wp-content\/uploads\/2017\/03\/Captura-de-pantalla-2017-03-14-a-las-23.02.12.png?fit=1196%2C707&resize=350%2C200","width":350,"height":200},"classes":[]},{"id":2408,"url":"http:\/\/www.moda.es\/blog\/bolsos-de-pelicula\/","url_meta":{"origin":19126,"position":5},"title":"Bolsos de pel\u00edcula","date":"junio 24, 2011","format":false,"excerpt":"Esta ma\u00f1ana he estado por el centro de mi ciudad natal en b\u00fasqueda de algunos b\u00e1sicos de la temporada: sandalias trotamundos y una pieza de ba\u00f1o. En mi recorrido, primera parada: Bimba & Lola, mi sitio preferido a la hora de buscar zapatos. Y qu\u00e9 sorpresa, estos d\u00edas hay un\u2026","rel":"","context":"En \u00abAccesorios\u00bb","img":{"alt_text":"","src":"https:\/\/i0.wp.com\/www.moda.es\/blog\/wp-content\/uploads\/2011\/06\/palmeras+bimba+y+lola138.jpg?fit=379%2C324&resize=350%2C200","width":350,"height":200},"classes":[]}],"_links":{"self":[{"href":"http:\/\/www.moda.es\/blog\/wp-json\/wp\/v2\/posts\/19126"}],"collection":[{"href":"http:\/\/www.moda.es\/blog\/wp-json\/wp\/v2\/posts"}],"about":[{"href":"http:\/\/www.moda.es\/blog\/wp-json\/wp\/v2\/types\/post"}],"author":[{"embeddable":true,"href":"http:\/\/www.moda.es\/blog\/wp-json\/wp\/v2\/users\/3"}],"replies":[{"embeddable":true,"href":"http:\/\/www.moda.es\/blog\/wp-json\/wp\/v2\/comments?post=19126"}],"version-history":[{"count":10,"href":"http:\/\/www.moda.es\/blog\/wp-json\/wp\/v2\/posts\/19126\/revisions"}],"predecessor-version":[{"id":36176,"href":"http:\/\/www.moda.es\/blog\/wp-json\/wp\/v2\/posts\/19126\/revisions\/36176"}],"wp:featuredmedia":[{"embeddable":true,"href":"http:\/\/www.moda.es\/blog\/wp-json\/wp\/v2\/media\/19127"}],"wp:attachment":[{"href":"http:\/\/www.moda.es\/blog\/wp-json\/wp\/v2\/media?parent=19126"}],"wp:term":[{"taxonomy":"category","embeddable":true,"href":"http:\/\/www.moda.es\/blog\/wp-json\/wp\/v2\/categories?post=19126"},{"taxonomy":"post_tag","embeddable":true,"href":"http:\/\/www.moda.es\/blog\/wp-json\/wp\/v2\/tags?post=19126"}],"curies":[{"name":"wp","href":"https:\/\/api.w.org\/{rel}","templated":true}]}}