{"id":19103,"date":"2015-03-04T23:00:26","date_gmt":"2015-03-04T22:00:26","guid":{"rendered":"http:\/\/www.moda.es\/blog\/?p=19103"},"modified":"2020-04-27T17:04:29","modified_gmt":"2020-04-27T16:04:29","slug":"el-regreso-de-quien-nunca-se-fue","status":"publish","type":"post","link":"http:\/\/www.moda.es\/blog\/el-regreso-de-quien-nunca-se-fue\/","title":{"rendered":"El regreso&#8230; de quien nunca se fue"},"content":{"rendered":"<p>No hace mucho que <strong>Jean Paul Gaultier<\/strong> informaba de su gran retirada de su l\u00ednea <strong><em>ready to wear<\/em><\/strong> para dedicarse a lo que realmete le divierte, la alta costura. \u00bfMent\u00eda? \u00bfEra una estrategia? Nunca lo sabremos pero hoy mismo ha anunciado el lanzamiento de su primera colecci\u00f3n de pret a porter desde aquella informaci\u00f3n.<\/p>\n<p>Nace <strong>una nueva marca <\/strong>con el objetivo de ofrecer moda de calidad a precios aseguibles y lo hace gracias a la asociaci\u00f3n del creador con el minorista japon\u00e9s <strong>Seven and i Holdings<\/strong>.<\/p>\n<p>La colecci\u00f3n c\u00e1psula estar\u00e1 compuesta de m\u00e1s de 50 art\u00edculos y se llamar\u00e1 \u00abJean Paul Gaultier for Sept Premi\u00e8res\u00bb\u00a0 citando la nueva empresa que pondr\u00e1 en marcha bajo el paraguas Siete y iHoldings al mismo tiempo, informa WWD. Los precios de las prendas variar\u00e1n<strong> entre los 32 y los 250 euros<\/strong> y en principio durar\u00e1 dos temporadas.<\/p>\n<p>La nueva colecci\u00f3n estar\u00e1 disponible a partir de finales de este a\u00f1o, y se distribuir\u00e1 en diferentes grandes almacenes propiedad de iHolding en <strong>Jap\u00f3n.<\/strong><\/p>\n<p><strong>Mantenemos<\/strong> la esperanza de que la colecci\u00f3n emprenda pronto su camino hacia las costas europeas.<\/p>\n<p>&nbsp;<\/p>\n<p><a href=\"https:\/\/i0.wp.com\/www.moda.es\/blog\/wp-content\/uploads\/2015\/03\/jpg.jpg\"><img data-attachment-id=\"19104\" data-permalink=\"http:\/\/www.moda.es\/blog\/el-regreso-de-quien-nunca-se-fue\/jpg\/\" data-orig-file=\"https:\/\/i0.wp.com\/www.moda.es\/blog\/wp-content\/uploads\/2015\/03\/jpg.jpg?fit=650%2C975\" data-orig-size=\"650,975\" data-comments-opened=\"1\" data-image-meta=\"{&quot;aperture&quot;:&quot;0&quot;,&quot;credit&quot;:&quot;&quot;,&quot;camera&quot;:&quot;&quot;,&quot;caption&quot;:&quot;&quot;,&quot;created_timestamp&quot;:&quot;0&quot;,&quot;copyright&quot;:&quot;&quot;,&quot;focal_length&quot;:&quot;0&quot;,&quot;iso&quot;:&quot;0&quot;,&quot;shutter_speed&quot;:&quot;0&quot;,&quot;title&quot;:&quot;&quot;}\" data-image-title=\"jpg\" data-image-description=\"\" data-image-caption=\"\" data-medium-file=\"https:\/\/i0.wp.com\/www.moda.es\/blog\/wp-content\/uploads\/2015\/03\/jpg.jpg?fit=200%2C300\" data-large-file=\"https:\/\/i0.wp.com\/www.moda.es\/blog\/wp-content\/uploads\/2015\/03\/jpg.jpg?fit=640%2C960\" loading=\"lazy\" class=\"aligncenter size-medium wp-image-19104\" alt=\"jpg\" src=\"https:\/\/i0.wp.com\/www.moda.es\/blog\/wp-content\/uploads\/2015\/03\/jpg.jpg?resize=200%2C300\" width=\"200\" height=\"300\" srcset=\"https:\/\/i0.wp.com\/www.moda.es\/blog\/wp-content\/uploads\/2015\/03\/jpg.jpg?resize=200%2C300 200w, https:\/\/i0.wp.com\/www.moda.es\/blog\/wp-content\/uploads\/2015\/03\/jpg.jpg?resize=420%2C630 420w, https:\/\/i0.wp.com\/www.moda.es\/blog\/wp-content\/uploads\/2015\/03\/jpg.jpg?w=650 650w\" sizes=\"(max-width: 200px) 100vw, 200px\" data-recalc-dims=\"1\" \/><\/a><\/p>\n<p>\u00a9Vogue UK                             <\/p>\n","protected":false},"excerpt":{"rendered":"<p>No hace mucho que Jean Paul Gaultier informaba de su gran retirada de su l\u00ednea ready to wear para dedicarse a lo que realmete le divierte, la alta costura. \u00bfMent\u00eda? \u00bfEra una estrategia? Nunca lo sabremos pero hoy mismo ha anunciado el lanzamiento de su primera colecci\u00f3n de pret a [&hellip;]<\/p>\n","protected":false},"author":3,"featured_media":19104,"comment_status":"open","ping_status":"open","sticky":false,"template":"","format":"standard","meta":{"jetpack_publicize_message":"","jetpack_is_tweetstorm":false,"jetpack_publicize_feature_enabled":true},"categories":[3,11,12,14],"tags":[423],"jetpack_publicize_connections":[],"jetpack_featured_media_url":"https:\/\/i0.wp.com\/www.moda.es\/blog\/wp-content\/uploads\/2015\/03\/jpg.jpg?fit=650%2C975","jetpack_sharing_enabled":true,"jetpack_shortlink":"https:\/\/wp.me\/p4tJCC-4Y7","jetpack-related-posts":[{"id":9073,"url":"http:\/\/www.moda.es\/blog\/jean-paul-gaultier-moda-cosida-con-esencia-espanola\/","url_meta":{"origin":19103,"position":0},"title":"Jean Paul Gaultier, moda cosida con esencia espa\u00f1ola","date":"octubre 8, 2012","format":false,"excerpt":"La moda va ocupando cada vez m\u00e1s un lugar en los museos, y en los espa\u00f1oles -m\u00e1s all\u00e1 del Museo del Traje- va teniendo tambi\u00e9n m\u00e1s presencia. En la capital, el a\u00f1o pasado se pudo disfrutar de una amplia retrospectiva sobre Yves Saint Laurent que aliment\u00f3 los esp\u00edritus m\u00e1s apasionados\u2026","rel":"","context":"En \u00abExposiciones\u00bb","img":{"alt_text":"","src":"https:\/\/i0.wp.com\/www.moda.es\/blog\/wp-content\/uploads\/2012\/10\/383x279-jean-paul-gautier1.jpg?fit=383%2C279&resize=350%2C200","width":350,"height":200},"classes":[]},{"id":13078,"url":"http:\/\/www.moda.es\/blog\/karlie-kloss-nueva-chica-jean-paul-gaultier\/","url_meta":{"origin":19103,"position":1},"title":"Karlie Kloss, nueva chica Jean Paul Gaultier","date":"junio 20, 2013","format":false,"excerpt":"Aunque el fot\u00f3grafo, artista, foto - ensayista y director de videos musicales St\u00e9phane Sednaoui es conocido por ser muy polifac\u00e9tico, su fotograf\u00eda de moda no es exactamente lo que le hizo famoso. Al no haber disparado ninguna campa\u00f1a publicitaria de moda notable desde la de Etro para la Primavera de\u2026","rel":"","context":"En \u00abCampa\u00f1as\u00bb","img":{"alt_text":"","src":"https:\/\/i0.wp.com\/www.moda.es\/blog\/wp-content\/uploads\/2013\/06\/JPGKarlie-Kloss1.jpg?fit=400%2C519&resize=350%2C200","width":350,"height":200},"classes":[]},{"id":18296,"url":"http:\/\/www.moda.es\/blog\/jean-paul-gaultier-dice-adios-al-ready-to-wear\/","url_meta":{"origin":19103,"position":2},"title":"Jean Paul Gaultier dice adios al ready to wear","date":"septiembre 15, 2014","format":false,"excerpt":"Jean Paul Gaultier ha hecho hoy un anuncio que seguramente no haya sido f\u00e1cil ni agradable de comunicar. El creador ha comunicado el final de sus colecciones ready to wear de hombre y mujercitando \"restricciones comerciales\" y el \"ritmo fren\u00e9tico de las colecciones\" como las razones. Gaultier, y su principal\u2026","rel":"","context":"En \u00abActualidad\u00bb","img":{"alt_text":"","src":"https:\/\/i0.wp.com\/www.moda.es\/blog\/wp-content\/uploads\/2014\/09\/jpgrtw.jpg?fit=650%2C975&resize=350%2C200","width":350,"height":200},"classes":[]},{"id":2652,"url":"http:\/\/www.moda.es\/blog\/revival-gaultier-por-jean-paul\/","url_meta":{"origin":19103,"position":3},"title":"Revival Gaultier por Jean Paul","date":"julio 13, 2011","format":false,"excerpt":"No se puede entender la semana de la alta costura sin Jean Paul Gaultier, que es esencia condensada de los elementos ic\u00f3nicos que han marcado la moda francesa en las \u00faltimas d\u00e9cadas -sobre todo en los 80-. Muchos de estos iconos, obsesiones de monsieur, las faldas de canc\u00e1n, los tut\u00fas,\u2026","rel":"","context":"En \u00abPasarelas\u00bb","img":{"alt_text":"","src":"https:\/\/i0.wp.com\/www.moda.es\/blog\/wp-content\/uploads\/2011\/07\/00010m21.jpg?fit=320%2C480&resize=350%2C200","width":350,"height":200},"classes":[]},{"id":10335,"url":"http:\/\/www.moda.es\/blog\/paris-alta-costura-ii\/","url_meta":{"origin":19103,"position":4},"title":"Par\u00eds Alta Costura II","date":"enero 24, 2013","format":false,"excerpt":"Termina la Alta Costura con las \u00faltimas propuestas. \u00a0 En general las firmas nos han dejado satisfechos, m\u00e1s quiz\u00e1s que en otras ocasiones, y se van dej\u00e1ndonos ganas de m\u00e1s. M\u00e1s fantas\u00eda, m\u00e1s tejidos incre\u00edbles, m\u00e1s opulencia, m\u00e1s\u00a0 savor fair y conocimiento de la costura y la construcci\u00f3n de un\u2026","rel":"","context":"En \u00abPasarelas\u00bb","img":{"alt_text":"","src":"https:\/\/i0.wp.com\/www.moda.es\/blog\/wp-content\/uploads\/2013\/01\/Alexis-Mabille-21.jpg?fit=500%2C236&resize=350%2C200","width":350,"height":200},"classes":[]},{"id":16157,"url":"http:\/\/www.moda.es\/blog\/y-ahora-que-haremos-senor-ghesquiere\/","url_meta":{"origin":19103,"position":5},"title":"Y ahora, \u00bfqu\u00e9 haremos se\u00f1or Ghesqui\u00e8re?","date":"marzo 15, 2014","format":false,"excerpt":"Vanity Fair ha hablado por primera vez sobre sus planes para Louis Vuitton, despu\u00e9s del triunfo de su primera colecci\u00f3n para la marca, y lo ha hecho con Vanity Fair. \"Nunca olvides que lo que se convierte en atemporal vez fue al mismo tiempo realmente nuevo \", asegura en la\u2026","rel":"","context":"En \u00abActualidad\u00bb","img":{"alt_text":"","src":"https:\/\/i0.wp.com\/www.moda.es\/blog\/wp-content\/uploads\/2014\/03\/nicolas-ghesquiere1.jpg?fit=500%2C750&resize=350%2C200","width":350,"height":200},"classes":[]}],"_links":{"self":[{"href":"http:\/\/www.moda.es\/blog\/wp-json\/wp\/v2\/posts\/19103"}],"collection":[{"href":"http:\/\/www.moda.es\/blog\/wp-json\/wp\/v2\/posts"}],"about":[{"href":"http:\/\/www.moda.es\/blog\/wp-json\/wp\/v2\/types\/post"}],"author":[{"embeddable":true,"href":"http:\/\/www.moda.es\/blog\/wp-json\/wp\/v2\/users\/3"}],"replies":[{"embeddable":true,"href":"http:\/\/www.moda.es\/blog\/wp-json\/wp\/v2\/comments?post=19103"}],"version-history":[{"count":6,"href":"http:\/\/www.moda.es\/blog\/wp-json\/wp\/v2\/posts\/19103\/revisions"}],"predecessor-version":[{"id":36181,"href":"http:\/\/www.moda.es\/blog\/wp-json\/wp\/v2\/posts\/19103\/revisions\/36181"}],"wp:featuredmedia":[{"embeddable":true,"href":"http:\/\/www.moda.es\/blog\/wp-json\/wp\/v2\/media\/19104"}],"wp:attachment":[{"href":"http:\/\/www.moda.es\/blog\/wp-json\/wp\/v2\/media?parent=19103"}],"wp:term":[{"taxonomy":"category","embeddable":true,"href":"http:\/\/www.moda.es\/blog\/wp-json\/wp\/v2\/categories?post=19103"},{"taxonomy":"post_tag","embeddable":true,"href":"http:\/\/www.moda.es\/blog\/wp-json\/wp\/v2\/tags?post=19103"}],"curies":[{"name":"wp","href":"https:\/\/api.w.org\/{rel}","templated":true}]}}