{"id":18927,"date":"2015-02-10T21:59:15","date_gmt":"2015-02-10T20:59:15","guid":{"rendered":"http:\/\/www.moda.es\/blog\/?p=18927"},"modified":"2020-04-27T17:06:31","modified_gmt":"2020-04-27T16:06:31","slug":"creias-que-ya-lo-habias-visto-todo-en-levis","status":"publish","type":"post","link":"http:\/\/www.moda.es\/blog\/creias-que-ya-lo-habias-visto-todo-en-levis\/","title":{"rendered":"\u00bfCre\u00edas que ya lo hab\u00edas visto todo en Levi&#8217;s?"},"content":{"rendered":"<p>Pues te equivocas.<\/p>\n<p>La marca a la que debemos nuestros adorados jeans ha hecho un aut\u00e9ntico trabajo de calle fichando las tendencias de <strong><em>streetstyle<\/em><\/strong> y adaptando a un nuevo modelo el manual de uso de las chicas m\u00e1s estilosas de la calle.<\/p>\n<p><a href=\"https:\/\/i0.wp.com\/www.moda.es\/blog\/wp-content\/uploads\/2015\/02\/levis3.jpg\"><img data-attachment-id=\"18928\" data-permalink=\"http:\/\/www.moda.es\/blog\/creias-que-ya-lo-habias-visto-todo-en-levis\/levis3\/\" data-orig-file=\"https:\/\/i0.wp.com\/www.moda.es\/blog\/wp-content\/uploads\/2015\/02\/levis3.jpg?fit=650%2C975\" data-orig-size=\"650,975\" data-comments-opened=\"1\" data-image-meta=\"{&quot;aperture&quot;:&quot;0&quot;,&quot;credit&quot;:&quot;&quot;,&quot;camera&quot;:&quot;&quot;,&quot;caption&quot;:&quot;&quot;,&quot;created_timestamp&quot;:&quot;0&quot;,&quot;copyright&quot;:&quot;&quot;,&quot;focal_length&quot;:&quot;0&quot;,&quot;iso&quot;:&quot;0&quot;,&quot;shutter_speed&quot;:&quot;0&quot;,&quot;title&quot;:&quot;&quot;}\" data-image-title=\"levis3\" data-image-description=\"\" data-image-caption=\"\" data-medium-file=\"https:\/\/i0.wp.com\/www.moda.es\/blog\/wp-content\/uploads\/2015\/02\/levis3.jpg?fit=200%2C300\" data-large-file=\"https:\/\/i0.wp.com\/www.moda.es\/blog\/wp-content\/uploads\/2015\/02\/levis3.jpg?fit=640%2C960\" loading=\"lazy\" class=\"aligncenter size-medium wp-image-18928\" alt=\"levis3\" src=\"https:\/\/i0.wp.com\/www.moda.es\/blog\/wp-content\/uploads\/2015\/02\/levis3.jpg?resize=200%2C300\" width=\"200\" height=\"300\" srcset=\"https:\/\/i0.wp.com\/www.moda.es\/blog\/wp-content\/uploads\/2015\/02\/levis3.jpg?resize=200%2C300 200w, https:\/\/i0.wp.com\/www.moda.es\/blog\/wp-content\/uploads\/2015\/02\/levis3.jpg?resize=420%2C630 420w, https:\/\/i0.wp.com\/www.moda.es\/blog\/wp-content\/uploads\/2015\/02\/levis3.jpg?w=650 650w\" sizes=\"(max-width: 200px) 100vw, 200px\" data-recalc-dims=\"1\" \/><\/a><\/p>\n<p>Bas\u00e1ndose en la manera en la que las fans de la marca usaban los m\u00edticos 501, <strong>Levi&#8217;s<\/strong> ha lanzado los nuevos<strong> 501 CT<\/strong> (customised and tapered &#8211; customizados y ajustados).<\/p>\n<p>\u00abSomos los creadores y l\u00edderes mundiales en denim y tenemos la obligaci\u00f3n de continuar evolucionando nuestros estilos ic\u00f3nicos con<strong> soluciones diferentes e innovadoras<\/strong>, que es exactamente lo que estamos haciendo con nuestro nuevo 501 CT,\u00bb ha afirmado el presidente de la marca, <strong>James Curleigh. <\/strong>\u00abHemos visto que gran cantidad de usuarios\u00a0 estrechan sus 501 jeans &#8211; bloggers, celebrities y clientes.\u00a0 De hecho, es <strong>una de las peticiones m\u00e1s frecuentes<\/strong> que recibimos en nuestras tiendas, as\u00ed que la idea detr\u00e1s de 501 CT vino de escuchar a nuestros fans. Esta temporada pensamos: vamos a hacer el trabajo por ellos y a crear el jean que les gustar\u00eda que tener. Nuestros originales 501\u00a0 son un cl\u00e1sico atemporal y que continuar\u00e1 siendo disponible para nuestros fans para comprar adem\u00e1s de la nueva interpretaci\u00f3n\u00bb.<\/p>\n<p><a href=\"https:\/\/i0.wp.com\/www.moda.es\/blog\/wp-content\/uploads\/2015\/02\/levis5.jpg\"><img data-attachment-id=\"18929\" data-permalink=\"http:\/\/www.moda.es\/blog\/creias-que-ya-lo-habias-visto-todo-en-levis\/levis5\/\" data-orig-file=\"https:\/\/i0.wp.com\/www.moda.es\/blog\/wp-content\/uploads\/2015\/02\/levis5.jpg?fit=650%2C975\" data-orig-size=\"650,975\" data-comments-opened=\"1\" data-image-meta=\"{&quot;aperture&quot;:&quot;0&quot;,&quot;credit&quot;:&quot;&quot;,&quot;camera&quot;:&quot;&quot;,&quot;caption&quot;:&quot;&quot;,&quot;created_timestamp&quot;:&quot;0&quot;,&quot;copyright&quot;:&quot;&quot;,&quot;focal_length&quot;:&quot;0&quot;,&quot;iso&quot;:&quot;0&quot;,&quot;shutter_speed&quot;:&quot;0&quot;,&quot;title&quot;:&quot;&quot;}\" data-image-title=\"levis5\" data-image-description=\"\" data-image-caption=\"\" data-medium-file=\"https:\/\/i0.wp.com\/www.moda.es\/blog\/wp-content\/uploads\/2015\/02\/levis5.jpg?fit=200%2C300\" data-large-file=\"https:\/\/i0.wp.com\/www.moda.es\/blog\/wp-content\/uploads\/2015\/02\/levis5.jpg?fit=640%2C960\" loading=\"lazy\" class=\"aligncenter size-medium wp-image-18929\" alt=\"levis5\" src=\"https:\/\/i0.wp.com\/www.moda.es\/blog\/wp-content\/uploads\/2015\/02\/levis5.jpg?resize=200%2C300\" width=\"200\" height=\"300\" srcset=\"https:\/\/i0.wp.com\/www.moda.es\/blog\/wp-content\/uploads\/2015\/02\/levis5.jpg?resize=200%2C300 200w, https:\/\/i0.wp.com\/www.moda.es\/blog\/wp-content\/uploads\/2015\/02\/levis5.jpg?resize=420%2C630 420w, https:\/\/i0.wp.com\/www.moda.es\/blog\/wp-content\/uploads\/2015\/02\/levis5.jpg?w=650 650w\" sizes=\"(max-width: 200px) 100vw, 200px\" data-recalc-dims=\"1\" \/><\/a><\/p>\n<p>\u00bfY cu\u00e1les son las peculiaridades de este neuvo modelo construido a pedir de boca de los m\u00e1s fieles a la marca? La <strong>cintura<\/strong> es ligeramente <strong>cuadrada<\/strong> y el<strong> tiro amplio<\/strong>. La pernera se ha <strong>estrechado hacia el tobillo<\/strong> aunque est\u00e1 diponible en versi\u00f3n regular, boyfriend o recto.<\/p>\n<p><a href=\"https:\/\/i0.wp.com\/www.moda.es\/blog\/wp-content\/uploads\/2015\/02\/levis2.jpg\"><img data-attachment-id=\"18931\" data-permalink=\"http:\/\/www.moda.es\/blog\/creias-que-ya-lo-habias-visto-todo-en-levis\/levis2\/\" data-orig-file=\"https:\/\/i0.wp.com\/www.moda.es\/blog\/wp-content\/uploads\/2015\/02\/levis2.jpg?fit=650%2C975\" data-orig-size=\"650,975\" data-comments-opened=\"1\" data-image-meta=\"{&quot;aperture&quot;:&quot;0&quot;,&quot;credit&quot;:&quot;&quot;,&quot;camera&quot;:&quot;&quot;,&quot;caption&quot;:&quot;&quot;,&quot;created_timestamp&quot;:&quot;0&quot;,&quot;copyright&quot;:&quot;&quot;,&quot;focal_length&quot;:&quot;0&quot;,&quot;iso&quot;:&quot;0&quot;,&quot;shutter_speed&quot;:&quot;0&quot;,&quot;title&quot;:&quot;&quot;}\" data-image-title=\"levis2\" data-image-description=\"\" data-image-caption=\"\" data-medium-file=\"https:\/\/i0.wp.com\/www.moda.es\/blog\/wp-content\/uploads\/2015\/02\/levis2.jpg?fit=200%2C300\" data-large-file=\"https:\/\/i0.wp.com\/www.moda.es\/blog\/wp-content\/uploads\/2015\/02\/levis2.jpg?fit=640%2C960\" loading=\"lazy\" class=\"aligncenter size-medium wp-image-18931\" alt=\"levis2\" src=\"https:\/\/i0.wp.com\/www.moda.es\/blog\/wp-content\/uploads\/2015\/02\/levis2.jpg?resize=200%2C300\" width=\"200\" height=\"300\" srcset=\"https:\/\/i0.wp.com\/www.moda.es\/blog\/wp-content\/uploads\/2015\/02\/levis2.jpg?resize=200%2C300 200w, https:\/\/i0.wp.com\/www.moda.es\/blog\/wp-content\/uploads\/2015\/02\/levis2.jpg?resize=420%2C630 420w, https:\/\/i0.wp.com\/www.moda.es\/blog\/wp-content\/uploads\/2015\/02\/levis2.jpg?w=650 650w\" sizes=\"(max-width: 200px) 100vw, 200px\" data-recalc-dims=\"1\" \/><\/a><\/p>\n<p>Ya puedes encontrar los tuyos en la web de la marca.<\/p>\n<p><a href=\"https:\/\/i0.wp.com\/www.moda.es\/blog\/wp-content\/uploads\/2015\/02\/levis4.jpg\"><img data-attachment-id=\"18930\" data-permalink=\"http:\/\/www.moda.es\/blog\/creias-que-ya-lo-habias-visto-todo-en-levis\/levis4\/\" data-orig-file=\"https:\/\/i0.wp.com\/www.moda.es\/blog\/wp-content\/uploads\/2015\/02\/levis4.jpg?fit=650%2C975\" data-orig-size=\"650,975\" data-comments-opened=\"1\" data-image-meta=\"{&quot;aperture&quot;:&quot;0&quot;,&quot;credit&quot;:&quot;&quot;,&quot;camera&quot;:&quot;&quot;,&quot;caption&quot;:&quot;&quot;,&quot;created_timestamp&quot;:&quot;0&quot;,&quot;copyright&quot;:&quot;&quot;,&quot;focal_length&quot;:&quot;0&quot;,&quot;iso&quot;:&quot;0&quot;,&quot;shutter_speed&quot;:&quot;0&quot;,&quot;title&quot;:&quot;&quot;}\" data-image-title=\"levis4\" data-image-description=\"\" data-image-caption=\"\" data-medium-file=\"https:\/\/i0.wp.com\/www.moda.es\/blog\/wp-content\/uploads\/2015\/02\/levis4.jpg?fit=200%2C300\" data-large-file=\"https:\/\/i0.wp.com\/www.moda.es\/blog\/wp-content\/uploads\/2015\/02\/levis4.jpg?fit=640%2C960\" loading=\"lazy\" class=\"aligncenter size-medium wp-image-18930\" alt=\"levis4\" src=\"https:\/\/i0.wp.com\/www.moda.es\/blog\/wp-content\/uploads\/2015\/02\/levis4.jpg?resize=200%2C300\" width=\"200\" height=\"300\" srcset=\"https:\/\/i0.wp.com\/www.moda.es\/blog\/wp-content\/uploads\/2015\/02\/levis4.jpg?resize=200%2C300 200w, https:\/\/i0.wp.com\/www.moda.es\/blog\/wp-content\/uploads\/2015\/02\/levis4.jpg?resize=420%2C630 420w, https:\/\/i0.wp.com\/www.moda.es\/blog\/wp-content\/uploads\/2015\/02\/levis4.jpg?w=650 650w\" sizes=\"(max-width: 200px) 100vw, 200px\" data-recalc-dims=\"1\" \/><\/a><\/p>\n<p>\u00a9Vogue Uk                             <\/p>\n","protected":false},"excerpt":{"rendered":"<p>Pues te equivocas. La marca a la que debemos nuestros adorados jeans ha hecho un aut\u00e9ntico trabajo de calle fichando las tendencias de streetstyle y adaptando a un nuevo modelo el manual de uso de las chicas m\u00e1s estilosas de la calle. Bas\u00e1ndose en la manera en la que las [&hellip;]<\/p>\n","protected":false},"author":3,"featured_media":18928,"comment_status":"open","ping_status":"open","sticky":false,"template":"","format":"standard","meta":{"jetpack_publicize_message":"","jetpack_is_tweetstorm":false,"jetpack_publicize_feature_enabled":true},"categories":[11,14,16,26],"tags":[],"jetpack_publicize_connections":[],"jetpack_featured_media_url":"https:\/\/i0.wp.com\/www.moda.es\/blog\/wp-content\/uploads\/2015\/02\/levis3.jpg?fit=650%2C975","jetpack_sharing_enabled":true,"jetpack_shortlink":"https:\/\/wp.me\/p4tJCC-4Vh","jetpack-related-posts":[{"id":20921,"url":"http:\/\/www.moda.es\/blog\/customiza-tus-vaqueros-en-la-levis-tailor-shop\/","url_meta":{"origin":18927,"position":0},"title":"Customiza tus vaqueros en la Levi&#8217;s Tailor Shop","date":"agosto 7, 2016","format":false,"excerpt":"Los vaqueros con parches y prints son una de las grandes tendencias de esta temporada y seguir\u00e1 si\u00e9ndolo el pr\u00f3ximo oto\u00f1o. Por eso a\u00fan est\u00e1s a tiempo de customizar tus Levi's preferidos en la Levi's Tailor Shop con los parches dise\u00f1ados por Poppy Delevingne. La modelo inglesa ha creado en\u2026","rel":"","context":"En \u00abColecciones\u00bb","img":{"alt_text":"","src":"https:\/\/i0.wp.com\/www.moda.es\/blog\/wp-content\/uploads\/2016\/08\/Captura-de-pantalla-2016-08-07-a-las-21.39.23.png?fit=600%2C426&resize=350%2C200","width":350,"height":200},"classes":[]},{"id":12031,"url":"http:\/\/www.moda.es\/blog\/levis-y-liberty-grandes-asociaciones\/","url_meta":{"origin":18927,"position":1},"title":"Levi&#8217;s y Liberty, grandes asociaciones","date":"abril 15, 2013","format":false,"excerpt":"\u00bfHoras bajas y necesidad de popularizarse o \u00e9xito rotundo? Hace poco nos enter\u00e1bamos de la colaboraci\u00f3n de Liberty London con la marca de vaqueros Adriano Goldschmied y hoy descubrimos que\u00a0la firma brit\u00e1nica se ha aficionado con el denim y el nuevo elegido es Levi's. El gigante americano de los jeans\u2026","rel":"","context":"En \u00abColecciones\u00bb","img":{"alt_text":"","src":"https:\/\/i0.wp.com\/www.moda.es\/blog\/wp-content\/uploads\/2013\/04\/Levis-Liberty-71.jpg?fit=500%2C333&resize=350%2C200","width":350,"height":200},"classes":[]},{"id":12691,"url":"http:\/\/www.moda.es\/blog\/140-anos-del-vaquero-mas-famoso-del-mundo\/","url_meta":{"origin":18927,"position":2},"title":"140 a\u00f1os del vaquero m\u00e1s famoso del mundo","date":"mayo 20, 2013","format":false,"excerpt":"Desde Nick Kamen desnud\u00e1ndose en una lavander\u00eda hasta Marilyn Monroe en The Misfits, los pantalones vaqueros Levi's 501 han tenido su minuto de gloria en los cuerpos de los personajes m\u00e1s carism\u00e1ticos a lo largo de su larga historia. Ahora, a medida que se acerca a su 140 aniversario, el\u2026","rel":"","context":"En \u00abActualidad\u00bb","img":{"alt_text":"","src":"https:\/\/i0.wp.com\/www.moda.es\/blog\/wp-content\/uploads\/2013\/05\/Levis2.jpg?fit=500%2C300&resize=350%2C200","width":350,"height":200},"classes":[]},{"id":5965,"url":"http:\/\/www.moda.es\/blog\/la-sudadera-de-los-80-golpea-de-nuevo\/","url_meta":{"origin":18927,"position":3},"title":"La sudadera de los 80 golpea de nuevo","date":"marzo 24, 2012","format":false,"excerpt":"Lo has visto en m\u00e1s de una foto, incluso en la tele, llev\u00e1ndola Mario Vaquerizo en el reality m\u00e1s divertido de la temporada. Pero puede que no te hayas detenido a pensarlo. Ya ten\u00edas grabada esa imagen en tu memoria desde hace muchos a\u00f1os porque seguro que tus padres tambi\u00e9n\u2026","rel":"","context":"En \u00abFirmas\u00bb","img":{"alt_text":"","src":"https:\/\/i0.wp.com\/www.moda.es\/blog\/wp-content\/uploads\/2012\/03\/379979_164289583675664_137580559679900_221344_1559003003_n-e13325185368831.jpg?fit=500%2C345&resize=350%2C200","width":350,"height":200},"classes":[]},{"id":15893,"url":"http:\/\/www.moda.es\/blog\/el-debut-de-stuart-vevers-para-coach\/","url_meta":{"origin":18927,"position":4},"title":"El debut de Stuart Vevers para Coach","date":"febrero 10, 2014","format":false,"excerpt":"Stuart Vevers ha sido llamado a reinventar una marca de setenta a\u00f1os de historia, y no puede estar m\u00e1s encantado. Y lo est\u00e1 porque ha conseguido imbuir a su primera colecci\u00f3n para la marca de un estilo muy suyo: un poco preppy, urbano de esp\u00edritu y totalmente americano. En los\u2026","rel":"","context":"En \u00abActualidad\u00bb","img":{"alt_text":"","src":"https:\/\/i0.wp.com\/www.moda.es\/blog\/wp-content\/uploads\/2014\/02\/Coach-41.jpg?fit=500%2C743&resize=350%2C200","width":350,"height":200},"classes":[]},{"id":20814,"url":"http:\/\/www.moda.es\/blog\/descubre-lo-ultimo-de-urban-outfitters\/","url_meta":{"origin":18927,"position":5},"title":"Descubre lo \u00faltimo de Urban Outfitters","date":"junio 22, 2016","format":false,"excerpt":"Urban Outfitters\u00a0ha lanzado la \u00faltima l\u00ednea de su marca que est\u00e1\u00a0en pleno crecimiento. Llamada Re Work, pretende fusionar los mundos de la creatividad y la comercialidad mediante el empleo de un enfoque muy diferente al que habitualmente se ha utilizado por las marcas de \u00a0la calle: los tejidos se decidieron\u2026","rel":"","context":"En \u00abActualidad\u00bb","img":{"alt_text":"","src":"https:\/\/i0.wp.com\/www.moda.es\/blog\/wp-content\/uploads\/2016\/06\/Captura-de-pantalla-2016-06-23-a-las-0.14.46.png?fit=436%2C730&resize=350%2C200","width":350,"height":200},"classes":[]}],"_links":{"self":[{"href":"http:\/\/www.moda.es\/blog\/wp-json\/wp\/v2\/posts\/18927"}],"collection":[{"href":"http:\/\/www.moda.es\/blog\/wp-json\/wp\/v2\/posts"}],"about":[{"href":"http:\/\/www.moda.es\/blog\/wp-json\/wp\/v2\/types\/post"}],"author":[{"embeddable":true,"href":"http:\/\/www.moda.es\/blog\/wp-json\/wp\/v2\/users\/3"}],"replies":[{"embeddable":true,"href":"http:\/\/www.moda.es\/blog\/wp-json\/wp\/v2\/comments?post=18927"}],"version-history":[{"count":6,"href":"http:\/\/www.moda.es\/blog\/wp-json\/wp\/v2\/posts\/18927\/revisions"}],"predecessor-version":[{"id":36194,"href":"http:\/\/www.moda.es\/blog\/wp-json\/wp\/v2\/posts\/18927\/revisions\/36194"}],"wp:featuredmedia":[{"embeddable":true,"href":"http:\/\/www.moda.es\/blog\/wp-json\/wp\/v2\/media\/18928"}],"wp:attachment":[{"href":"http:\/\/www.moda.es\/blog\/wp-json\/wp\/v2\/media?parent=18927"}],"wp:term":[{"taxonomy":"category","embeddable":true,"href":"http:\/\/www.moda.es\/blog\/wp-json\/wp\/v2\/categories?post=18927"},{"taxonomy":"post_tag","embeddable":true,"href":"http:\/\/www.moda.es\/blog\/wp-json\/wp\/v2\/tags?post=18927"}],"curies":[{"name":"wp","href":"https:\/\/api.w.org\/{rel}","templated":true}]}}