{"id":18878,"date":"2015-02-06T22:49:37","date_gmt":"2015-02-06T21:49:37","guid":{"rendered":"http:\/\/www.moda.es\/blog\/?p=18878"},"modified":"2020-04-27T17:07:00","modified_gmt":"2020-04-27T16:07:00","slug":"la-edad-perfecta-segun-loreal","status":"publish","type":"post","link":"http:\/\/www.moda.es\/blog\/la-edad-perfecta-segun-loreal\/","title":{"rendered":"La edad perfecta, seg\u00fan L&#8217;Oreal"},"content":{"rendered":"<p>Tiene ese aire de <em>lady,<\/em> de gran dama que s\u00f3lo pocas poseen y que la acreditan como eternamente elegante, haga lo que haga. Es inteligente, ir\u00f3nica y chic, y abandera con orgullo la campa\u00f1a de la l\u00ednea antiedad <strong>Age Perfect<\/strong> de <strong>L&#8217;Oreal Paris<\/strong>.<\/p>\n<p><a href=\"https:\/\/i0.wp.com\/www.moda.es\/blog\/wp-content\/uploads\/2015\/02\/hml2.jpg\"><img data-attachment-id=\"18879\" data-permalink=\"http:\/\/www.moda.es\/blog\/la-edad-perfecta-segun-loreal\/hml2\/\" data-orig-file=\"https:\/\/i0.wp.com\/www.moda.es\/blog\/wp-content\/uploads\/2015\/02\/hml2.jpg?fit=650%2C800\" data-orig-size=\"650,800\" data-comments-opened=\"1\" data-image-meta=\"{&quot;aperture&quot;:&quot;0&quot;,&quot;credit&quot;:&quot;&quot;,&quot;camera&quot;:&quot;&quot;,&quot;caption&quot;:&quot;&quot;,&quot;created_timestamp&quot;:&quot;0&quot;,&quot;copyright&quot;:&quot;Charlotte Medlicott 2014&quot;,&quot;focal_length&quot;:&quot;0&quot;,&quot;iso&quot;:&quot;0&quot;,&quot;shutter_speed&quot;:&quot;0&quot;,&quot;title&quot;:&quot;&quot;}\" data-image-title=\"hml2\" data-image-description=\"\" data-image-caption=\"\" data-medium-file=\"https:\/\/i0.wp.com\/www.moda.es\/blog\/wp-content\/uploads\/2015\/02\/hml2.jpg?fit=243%2C300\" data-large-file=\"https:\/\/i0.wp.com\/www.moda.es\/blog\/wp-content\/uploads\/2015\/02\/hml2.jpg?fit=640%2C788\" loading=\"lazy\" class=\"aligncenter size-medium wp-image-18879\" alt=\"hml2\" src=\"https:\/\/i0.wp.com\/www.moda.es\/blog\/wp-content\/uploads\/2015\/02\/hml2.jpg?resize=243%2C300\" width=\"243\" height=\"300\" srcset=\"https:\/\/i0.wp.com\/www.moda.es\/blog\/wp-content\/uploads\/2015\/02\/hml2.jpg?resize=243%2C300 243w, https:\/\/i0.wp.com\/www.moda.es\/blog\/wp-content\/uploads\/2015\/02\/hml2.jpg?resize=420%2C516 420w, https:\/\/i0.wp.com\/www.moda.es\/blog\/wp-content\/uploads\/2015\/02\/hml2.jpg?w=650 650w\" sizes=\"(max-width: 243px) 100vw, 243px\" data-recalc-dims=\"1\" \/><\/a><br \/>\nMirren se ha convertido en la chica de cartel de las mujeres maduras que buscan su edad desde que insistiera en que <strong>su imagen no deb\u00eda ser retocada<\/strong> cuando firm\u00f3 como nueva embajadora de L&#8217;Or\u00e9al Par\u00eds el a\u00f1o pasado. La actriz sigue a <strong>Karlie Kloss, Naomi Watts, Julianne Moore y Jane Fonda<\/strong> que ya han sido \u00abchicas L&#8217;Oreal\u00bb en el pasado.<\/p>\n<p><a href=\"https:\/\/i0.wp.com\/www.moda.es\/blog\/wp-content\/uploads\/2015\/02\/hml.jpg\"><img data-attachment-id=\"18880\" data-permalink=\"http:\/\/www.moda.es\/blog\/la-edad-perfecta-segun-loreal\/hml\/\" data-orig-file=\"https:\/\/i0.wp.com\/www.moda.es\/blog\/wp-content\/uploads\/2015\/02\/hml.jpg?fit=650%2C800\" data-orig-size=\"650,800\" data-comments-opened=\"1\" data-image-meta=\"{&quot;aperture&quot;:&quot;0&quot;,&quot;credit&quot;:&quot;&quot;,&quot;camera&quot;:&quot;&quot;,&quot;caption&quot;:&quot;&quot;,&quot;created_timestamp&quot;:&quot;0&quot;,&quot;copyright&quot;:&quot;Charlotte Medlicott 2014&quot;,&quot;focal_length&quot;:&quot;0&quot;,&quot;iso&quot;:&quot;0&quot;,&quot;shutter_speed&quot;:&quot;0&quot;,&quot;title&quot;:&quot;&quot;}\" data-image-title=\"hml\" data-image-description=\"\" data-image-caption=\"\" data-medium-file=\"https:\/\/i0.wp.com\/www.moda.es\/blog\/wp-content\/uploads\/2015\/02\/hml.jpg?fit=243%2C300\" data-large-file=\"https:\/\/i0.wp.com\/www.moda.es\/blog\/wp-content\/uploads\/2015\/02\/hml.jpg?fit=640%2C788\" loading=\"lazy\" class=\"aligncenter size-medium wp-image-18880\" alt=\"hml\" src=\"https:\/\/i0.wp.com\/www.moda.es\/blog\/wp-content\/uploads\/2015\/02\/hml.jpg?resize=243%2C300\" width=\"243\" height=\"300\" srcset=\"https:\/\/i0.wp.com\/www.moda.es\/blog\/wp-content\/uploads\/2015\/02\/hml.jpg?resize=243%2C300 243w, https:\/\/i0.wp.com\/www.moda.es\/blog\/wp-content\/uploads\/2015\/02\/hml.jpg?resize=420%2C516 420w, https:\/\/i0.wp.com\/www.moda.es\/blog\/wp-content\/uploads\/2015\/02\/hml.jpg?w=650 650w\" sizes=\"(max-width: 243px) 100vw, 243px\" data-recalc-dims=\"1\" \/><\/a><\/p>\n<p>La nueva Age Perfect con p\u00e9ptidos de soja afina las l\u00edneas de expresi\u00f3n y reduce las manchas de la piel aportando luz e hidrataci\u00f3n extra al rostro.<\/p>\n<p>\u00abThe perfect age is now\u00bb (La edad perfecta es ahora) es como muestra Helen Mirren en el nuevo spot la nueva l\u00ednea de tratamiento, y casi me parece que podr\u00eda desbancar sin rubor al ya m\u00edtico \u00abT\u00fa lo vales\u00bb, que obviamente vuelve a aparecer con m\u00e1s picard\u00eda que nunca: \u00ab\u00bfEntonces nosotras lo valemos? <strong>M\u00e1s que nunca<\/strong>\u00ab,<\/p>\n<div class=\"jetpack-video-wrapper\"><span class=\"embed-youtube\" style=\"text-align:center; display: block;\"><iframe loading=\"lazy\" class=\"youtube-player\" width=\"640\" height=\"360\" src=\"https:\/\/www.youtube.com\/embed\/2ZPIqfpM3-s?version=3&#038;rel=1&#038;showsearch=0&#038;showinfo=1&#038;iv_load_policy=1&#038;fs=1&#038;hl=es-ES&#038;autohide=2&#038;wmode=transparent\" allowfullscreen=\"true\" style=\"border:0;\" sandbox=\"allow-scripts allow-same-origin allow-popups allow-presentation\"><\/iframe><\/span><\/div>\n<p>&nbsp;<\/p>\n<p>\u00a9Fashion Telegraph                             <\/p>\n","protected":false},"excerpt":{"rendered":"<p>Tiene ese aire de lady, de gran dama que s\u00f3lo pocas poseen y que la acreditan como eternamente elegante, haga lo que haga. Es inteligente, ir\u00f3nica y chic, y abandera con orgullo la campa\u00f1a de la l\u00ednea antiedad Age Perfect de L&#8217;Oreal Paris. Mirren se ha convertido en la chica [&hellip;]<\/p>\n","protected":false},"author":3,"featured_media":18879,"comment_status":"open","ping_status":"open","sticky":false,"template":"","format":"standard","meta":{"jetpack_publicize_message":"","jetpack_is_tweetstorm":false,"jetpack_publicize_feature_enabled":true},"categories":[6,8,11,14,17],"tags":[1174,1043,466,494,1173,648],"jetpack_publicize_connections":[],"jetpack_featured_media_url":"https:\/\/i0.wp.com\/www.moda.es\/blog\/wp-content\/uploads\/2015\/02\/hml2.jpg?fit=650%2C800","jetpack_sharing_enabled":true,"jetpack_shortlink":"https:\/\/wp.me\/p4tJCC-4Uu","jetpack-related-posts":[{"id":19629,"url":"http:\/\/www.moda.es\/blog\/karlie-kloss-ahora-blogger\/","url_meta":{"origin":18878,"position":0},"title":"Karlie Kloss, ahora blogger","date":"julio 23, 2015","format":false,"excerpt":"Por si Karlie Kloss no era ya suficientemente perfecta en todo, ha decidido iniciarse como video blogger para que literalmente nos enganchemos a ella. La modelo, estudiante, fil\u00e1ntropa, cocinera, empresaria e imagen de distintas marcas lanz\u00f3 su propio canal en YouTube ayer, ofreciendo una visi\u00f3n de su vida loca y\u2026","rel":"","context":"En \u00abActualidad\u00bb","img":{"alt_text":"","src":"https:\/\/i0.wp.com\/www.moda.es\/blog\/wp-content\/uploads\/2015\/07\/Captura-de-pantalla-2015-07-23-a-las-22.33.12.png?fit=316%2C480&resize=350%2C200","width":350,"height":200},"classes":[]},{"id":20144,"url":"http:\/\/www.moda.es\/blog\/karlie-kloss-nueva-imagen-de-topshop\/","url_meta":{"origin":18878,"position":1},"title":"Karlie Kloss nueva imagen de TopShop","date":"enero 4, 2016","format":false,"excerpt":"Es dif\u00edcil creer que Karlie Kloss y su bonita cara de duende\u00a0lleven ya protagonizando campa\u00f1as\u00a0\u00a0ocho a\u00f1os(todav\u00eda tiene s\u00f3lo 23 a\u00f1os de edad) pero as\u00ed es. Su \u00faltima campa\u00f1a la lleva a su punto de partida devolvi\u00e9ndola a una de las primeras marcas con las que\u00a0trabaj\u00f3 en 2008, el gigante brit\u00e1nico\u00a0Topshop.\u2026","rel":"","context":"En \u00abCampa\u00f1as\u00bb","img":{"alt_text":"","src":"https:\/\/i0.wp.com\/www.moda.es\/blog\/wp-content\/uploads\/2016\/01\/Captura-de-pantalla-2016-01-04-a-las-20.28.42.png?fit=362%2C583&resize=350%2C200","width":350,"height":200},"classes":[]},{"id":14409,"url":"http:\/\/www.moda.es\/blog\/nude-cuero-y-accesorios\/","url_meta":{"origin":18878,"position":2},"title":"Nude, cuero y accesorios","date":"octubre 14, 2013","format":false,"excerpt":"\u00bfQu\u00e9 tal ha empeado el lunes? Espero que muy bien. Yo hoy no es que lo vea todo de color de rosa, pero lo veo en nude, que es parecido... Y es que hoy tres noticias de moda se han declinado en este color. Es un comod\u00edn, pega con todo\u2026","rel":"","context":"En \u00abAccesorios\u00bb","img":{"alt_text":"","src":"https:\/\/i0.wp.com\/www.moda.es\/blog\/wp-content\/uploads\/2013\/10\/Loewe.jpg?resize=350%2C200","width":350,"height":200},"classes":[]},{"id":22505,"url":"http:\/\/www.moda.es\/blog\/karlie-kloss-vuelve-a-la-pasarela-de-victorias-secret-tras-dos-anos\/","url_meta":{"origin":18878,"position":3},"title":"Karlie Kloss vuelve a la pasarela de Victoria&#8217;s Secret tras dos a\u00f1os","date":"septiembre 4, 2017","format":false,"excerpt":"Karlie Kloss est\u00e1 rompiendo su descanso de modelado para regresar al famoso desfile de Victoria's Secret de este a\u00f1o. La modelo anunci\u00f3 la noticia en Instagram ayer con una bonita imagen del backstage del desfile de moda de 2014. \"Nos vemos en Shanghai @VictoriasSecret \ud83d\ude07\ud83d\udc97\", escribi\u00f3 en el pie de\u2026","rel":"","context":"En \u00abDestacados\u00bb","img":{"alt_text":"","src":"https:\/\/i0.wp.com\/www.moda.es\/blog\/wp-content\/uploads\/2017\/09\/Captura-de-pantalla-2017-09-04-a-las-23.02.50.png?fit=675%2C343&resize=350%2C200","width":350,"height":200},"classes":[]},{"id":13078,"url":"http:\/\/www.moda.es\/blog\/karlie-kloss-nueva-chica-jean-paul-gaultier\/","url_meta":{"origin":18878,"position":4},"title":"Karlie Kloss, nueva chica Jean Paul Gaultier","date":"junio 20, 2013","format":false,"excerpt":"Aunque el fot\u00f3grafo, artista, foto - ensayista y director de videos musicales St\u00e9phane Sednaoui es conocido por ser muy polifac\u00e9tico, su fotograf\u00eda de moda no es exactamente lo que le hizo famoso. Al no haber disparado ninguna campa\u00f1a publicitaria de moda notable desde la de Etro para la Primavera de\u2026","rel":"","context":"En \u00abCampa\u00f1as\u00bb","img":{"alt_text":"","src":"https:\/\/i0.wp.com\/www.moda.es\/blog\/wp-content\/uploads\/2013\/06\/JPGKarlie-Kloss1.jpg?fit=400%2C519&resize=350%2C200","width":350,"height":200},"classes":[]},{"id":19509,"url":"http:\/\/www.moda.es\/blog\/karlie-kloss-nueva-chica-versace\/","url_meta":{"origin":18878,"position":5},"title":"Karlie Kloss, nueva chica Versace","date":"junio 16, 2015","format":false,"excerpt":"Karlie Kloss sigue explorando nuevas campa\u00f1as ahora como imagen de la nueva temporada oto\u00f1o - invierno 2015 de Versace. Despu\u00e9s de anunciar que no renovar\u00e1 su contrato con Victoria's Secret, la modelo ha optado por alistarse en las filas de las grandes marcas de siempre. La modelo comparti\u00f3 el escenario\u2026","rel":"","context":"En \u00abActualidad\u00bb","img":{"alt_text":"","src":"https:\/\/i0.wp.com\/www.moda.es\/blog\/wp-content\/uploads\/2015\/06\/versace.jpg?fit=650%2C867&resize=350%2C200","width":350,"height":200},"classes":[]}],"_links":{"self":[{"href":"http:\/\/www.moda.es\/blog\/wp-json\/wp\/v2\/posts\/18878"}],"collection":[{"href":"http:\/\/www.moda.es\/blog\/wp-json\/wp\/v2\/posts"}],"about":[{"href":"http:\/\/www.moda.es\/blog\/wp-json\/wp\/v2\/types\/post"}],"author":[{"embeddable":true,"href":"http:\/\/www.moda.es\/blog\/wp-json\/wp\/v2\/users\/3"}],"replies":[{"embeddable":true,"href":"http:\/\/www.moda.es\/blog\/wp-json\/wp\/v2\/comments?post=18878"}],"version-history":[{"count":6,"href":"http:\/\/www.moda.es\/blog\/wp-json\/wp\/v2\/posts\/18878\/revisions"}],"predecessor-version":[{"id":36197,"href":"http:\/\/www.moda.es\/blog\/wp-json\/wp\/v2\/posts\/18878\/revisions\/36197"}],"wp:featuredmedia":[{"embeddable":true,"href":"http:\/\/www.moda.es\/blog\/wp-json\/wp\/v2\/media\/18879"}],"wp:attachment":[{"href":"http:\/\/www.moda.es\/blog\/wp-json\/wp\/v2\/media?parent=18878"}],"wp:term":[{"taxonomy":"category","embeddable":true,"href":"http:\/\/www.moda.es\/blog\/wp-json\/wp\/v2\/categories?post=18878"},{"taxonomy":"post_tag","embeddable":true,"href":"http:\/\/www.moda.es\/blog\/wp-json\/wp\/v2\/tags?post=18878"}],"curies":[{"name":"wp","href":"https:\/\/api.w.org\/{rel}","templated":true}]}}