{"id":18865,"date":"2015-02-05T21:49:12","date_gmt":"2015-02-05T20:49:12","guid":{"rendered":"http:\/\/www.moda.es\/blog\/?p=18865"},"modified":"2020-04-27T17:07:09","modified_gmt":"2020-04-27T16:07:09","slug":"tenemos-chica-nueva-en-mango-2","status":"publish","type":"post","link":"http:\/\/www.moda.es\/blog\/tenemos-chica-nueva-en-mango-2\/","title":{"rendered":"Tenemos chica nueva en Mango"},"content":{"rendered":"<p><strong>Mango<\/strong> comienza el a\u00f1o con su habitual renovaci\u00f3n de chica de campa\u00f1a. Tras el doblete de <strong>Miranda Kerr<\/strong> y <strong>Darja Daria Werbowy<\/strong>, 2015 ser\u00e1 el a\u00f1o de <strong>Anna Ewers<\/strong>.<\/p>\n<p><a href=\"https:\/\/i0.wp.com\/www.moda.es\/blog\/wp-content\/uploads\/2015\/02\/mango7.jpg\"><img data-attachment-id=\"18871\" data-permalink=\"http:\/\/www.moda.es\/blog\/tenemos-chica-nueva-en-mango-2\/mango7\/\" data-orig-file=\"https:\/\/i0.wp.com\/www.moda.es\/blog\/wp-content\/uploads\/2015\/02\/mango7.jpg?fit=650%2C881\" data-orig-size=\"650,881\" data-comments-opened=\"1\" data-image-meta=\"{&quot;aperture&quot;:&quot;0&quot;,&quot;credit&quot;:&quot;&quot;,&quot;camera&quot;:&quot;&quot;,&quot;caption&quot;:&quot;&quot;,&quot;created_timestamp&quot;:&quot;0&quot;,&quot;copyright&quot;:&quot;&quot;,&quot;focal_length&quot;:&quot;0&quot;,&quot;iso&quot;:&quot;0&quot;,&quot;shutter_speed&quot;:&quot;0&quot;,&quot;title&quot;:&quot;&quot;}\" data-image-title=\"mango7\" data-image-description=\"\" data-image-caption=\"\" data-medium-file=\"https:\/\/i0.wp.com\/www.moda.es\/blog\/wp-content\/uploads\/2015\/02\/mango7.jpg?fit=221%2C300\" data-large-file=\"https:\/\/i0.wp.com\/www.moda.es\/blog\/wp-content\/uploads\/2015\/02\/mango7.jpg?fit=640%2C867\" loading=\"lazy\" class=\"aligncenter size-medium wp-image-18871\" alt=\"mango7\" src=\"https:\/\/i0.wp.com\/www.moda.es\/blog\/wp-content\/uploads\/2015\/02\/mango7.jpg?resize=221%2C300\" width=\"221\" height=\"300\" srcset=\"https:\/\/i0.wp.com\/www.moda.es\/blog\/wp-content\/uploads\/2015\/02\/mango7.jpg?resize=221%2C300 221w, https:\/\/i0.wp.com\/www.moda.es\/blog\/wp-content\/uploads\/2015\/02\/mango7.jpg?resize=420%2C569 420w, https:\/\/i0.wp.com\/www.moda.es\/blog\/wp-content\/uploads\/2015\/02\/mango7.jpg?w=650 650w\" sizes=\"(max-width: 221px) 100vw, 221px\" data-recalc-dims=\"1\" \/><\/a><\/p>\n<p>A sus 21 a\u00f1os, la participaci\u00f3n de esta modelo alemana en las pasarelas m\u00e1s internacionales se ha hecho frecuente, especialmente desde que su debut como \u201c<i>New Face<\/i>\u201d en la pasada temporada <strong>Oto\u00f1o\/Invierno 2013<\/strong>. Desde entonces, firmas de alta costura han contado con el rosto de <b>Anna Ewers<\/b> no solo para su implicaci\u00f3n como modelo de desfiles sino como protagonista de campa\u00f1as para varias marcas de moda.<\/p>\n<p style=\"text-align: center\"><a href=\"https:\/\/i0.wp.com\/www.moda.es\/blog\/wp-content\/uploads\/2015\/02\/mango3.jpg\"><img data-attachment-id=\"18872\" data-permalink=\"http:\/\/www.moda.es\/blog\/tenemos-chica-nueva-en-mango-2\/mango3-3\/\" data-orig-file=\"https:\/\/i0.wp.com\/www.moda.es\/blog\/wp-content\/uploads\/2015\/02\/mango3.jpg?fit=650%2C881\" data-orig-size=\"650,881\" data-comments-opened=\"1\" data-image-meta=\"{&quot;aperture&quot;:&quot;0&quot;,&quot;credit&quot;:&quot;&quot;,&quot;camera&quot;:&quot;&quot;,&quot;caption&quot;:&quot;&quot;,&quot;created_timestamp&quot;:&quot;0&quot;,&quot;copyright&quot;:&quot;&quot;,&quot;focal_length&quot;:&quot;0&quot;,&quot;iso&quot;:&quot;0&quot;,&quot;shutter_speed&quot;:&quot;0&quot;,&quot;title&quot;:&quot;&quot;}\" data-image-title=\"mango3\" data-image-description=\"\" data-image-caption=\"\" data-medium-file=\"https:\/\/i0.wp.com\/www.moda.es\/blog\/wp-content\/uploads\/2015\/02\/mango3.jpg?fit=221%2C300\" data-large-file=\"https:\/\/i0.wp.com\/www.moda.es\/blog\/wp-content\/uploads\/2015\/02\/mango3.jpg?fit=640%2C867\" loading=\"lazy\" class=\"alignnone size-medium wp-image-18872\" alt=\"mango3\" src=\"https:\/\/i0.wp.com\/www.moda.es\/blog\/wp-content\/uploads\/2015\/02\/mango3.jpg?resize=221%2C300\" width=\"221\" height=\"300\" srcset=\"https:\/\/i0.wp.com\/www.moda.es\/blog\/wp-content\/uploads\/2015\/02\/mango3.jpg?resize=221%2C300 221w, https:\/\/i0.wp.com\/www.moda.es\/blog\/wp-content\/uploads\/2015\/02\/mango3.jpg?resize=420%2C569 420w, https:\/\/i0.wp.com\/www.moda.es\/blog\/wp-content\/uploads\/2015\/02\/mango3.jpg?w=650 650w\" sizes=\"(max-width: 221px) 100vw, 221px\" data-recalc-dims=\"1\" \/><\/a> <a href=\"https:\/\/i0.wp.com\/www.moda.es\/blog\/wp-content\/uploads\/2015\/02\/mango6.jpg\"><img data-attachment-id=\"18873\" data-permalink=\"http:\/\/www.moda.es\/blog\/tenemos-chica-nueva-en-mango-2\/mango6-3\/\" data-orig-file=\"https:\/\/i0.wp.com\/www.moda.es\/blog\/wp-content\/uploads\/2015\/02\/mango6.jpg?fit=650%2C881\" data-orig-size=\"650,881\" data-comments-opened=\"1\" data-image-meta=\"{&quot;aperture&quot;:&quot;0&quot;,&quot;credit&quot;:&quot;&quot;,&quot;camera&quot;:&quot;&quot;,&quot;caption&quot;:&quot;&quot;,&quot;created_timestamp&quot;:&quot;0&quot;,&quot;copyright&quot;:&quot;&quot;,&quot;focal_length&quot;:&quot;0&quot;,&quot;iso&quot;:&quot;0&quot;,&quot;shutter_speed&quot;:&quot;0&quot;,&quot;title&quot;:&quot;&quot;}\" data-image-title=\"mango6\" data-image-description=\"\" data-image-caption=\"\" data-medium-file=\"https:\/\/i0.wp.com\/www.moda.es\/blog\/wp-content\/uploads\/2015\/02\/mango6.jpg?fit=221%2C300\" data-large-file=\"https:\/\/i0.wp.com\/www.moda.es\/blog\/wp-content\/uploads\/2015\/02\/mango6.jpg?fit=640%2C867\" loading=\"lazy\" class=\"size-medium wp-image-18873 alignnone\" alt=\"mango6\" src=\"https:\/\/i0.wp.com\/www.moda.es\/blog\/wp-content\/uploads\/2015\/02\/mango6.jpg?resize=221%2C300\" width=\"221\" height=\"300\" srcset=\"https:\/\/i0.wp.com\/www.moda.es\/blog\/wp-content\/uploads\/2015\/02\/mango6.jpg?resize=221%2C300 221w, https:\/\/i0.wp.com\/www.moda.es\/blog\/wp-content\/uploads\/2015\/02\/mango6.jpg?resize=420%2C569 420w, https:\/\/i0.wp.com\/www.moda.es\/blog\/wp-content\/uploads\/2015\/02\/mango6.jpg?w=650 650w\" sizes=\"(max-width: 221px) 100vw, 221px\" data-recalc-dims=\"1\" \/><\/a><\/p>\n<p>Anna posee esa belleza dulce pero llena de fuerza y tiene un indiscutible parecido a la m\u00edtica <strong>Brigitte Bardot<\/strong> lo que adem\u00e1s la hace super sexy. En las instant\u00e1neas nos muestra la nueva colecci\u00f3n <strong>primavera &#8211; verano 2015<\/strong> que con un marcado acento seventies, ofrece looks c\u00f3modos, urbanos y femeninos.<\/p>\n<p><a href=\"https:\/\/i0.wp.com\/www.moda.es\/blog\/wp-content\/uploads\/2015\/02\/mango5.jpg\"><img data-attachment-id=\"18875\" data-permalink=\"http:\/\/www.moda.es\/blog\/tenemos-chica-nueva-en-mango-2\/mango5\/\" data-orig-file=\"https:\/\/i0.wp.com\/www.moda.es\/blog\/wp-content\/uploads\/2015\/02\/mango5.jpg?fit=650%2C881\" data-orig-size=\"650,881\" data-comments-opened=\"1\" data-image-meta=\"{&quot;aperture&quot;:&quot;0&quot;,&quot;credit&quot;:&quot;&quot;,&quot;camera&quot;:&quot;&quot;,&quot;caption&quot;:&quot;&quot;,&quot;created_timestamp&quot;:&quot;0&quot;,&quot;copyright&quot;:&quot;&quot;,&quot;focal_length&quot;:&quot;0&quot;,&quot;iso&quot;:&quot;0&quot;,&quot;shutter_speed&quot;:&quot;0&quot;,&quot;title&quot;:&quot;&quot;}\" data-image-title=\"mango5\" data-image-description=\"\" data-image-caption=\"\" data-medium-file=\"https:\/\/i0.wp.com\/www.moda.es\/blog\/wp-content\/uploads\/2015\/02\/mango5.jpg?fit=221%2C300\" data-large-file=\"https:\/\/i0.wp.com\/www.moda.es\/blog\/wp-content\/uploads\/2015\/02\/mango5.jpg?fit=640%2C867\" loading=\"lazy\" class=\"aligncenter size-medium wp-image-18875\" alt=\"mango5\" src=\"https:\/\/i0.wp.com\/www.moda.es\/blog\/wp-content\/uploads\/2015\/02\/mango5.jpg?resize=221%2C300\" width=\"221\" height=\"300\" srcset=\"https:\/\/i0.wp.com\/www.moda.es\/blog\/wp-content\/uploads\/2015\/02\/mango5.jpg?resize=221%2C300 221w, https:\/\/i0.wp.com\/www.moda.es\/blog\/wp-content\/uploads\/2015\/02\/mango5.jpg?resize=420%2C569 420w, https:\/\/i0.wp.com\/www.moda.es\/blog\/wp-content\/uploads\/2015\/02\/mango5.jpg?w=650 650w\" sizes=\"(max-width: 221px) 100vw, 221px\" data-recalc-dims=\"1\" \/><\/a><\/p>\n<p>La campa\u00f1a fue fotografiada en <strong>Nueva York.<\/strong> El conocido fot\u00f3grafo de moda <b>Josh Olins<\/b> ha sido el encargado de fotografiar a Anna Ewers en las im\u00e1genes que formar\u00e1n parte del cat\u00e1logo para la pr\u00f3xima temporada junto con <b>Sally Branka<\/b> y <b>Esther Langham<\/b> a cargo del maquillaje y peluquer\u00eda.<\/p>\n<p><a href=\"https:\/\/i0.wp.com\/www.moda.es\/blog\/wp-content\/uploads\/2015\/02\/mango4.jpg\"><img data-attachment-id=\"18874\" data-permalink=\"http:\/\/www.moda.es\/blog\/tenemos-chica-nueva-en-mango-2\/mango4-3\/\" data-orig-file=\"https:\/\/i0.wp.com\/www.moda.es\/blog\/wp-content\/uploads\/2015\/02\/mango4.jpg?fit=650%2C441\" data-orig-size=\"650,441\" data-comments-opened=\"1\" data-image-meta=\"{&quot;aperture&quot;:&quot;0&quot;,&quot;credit&quot;:&quot;&quot;,&quot;camera&quot;:&quot;&quot;,&quot;caption&quot;:&quot;&quot;,&quot;created_timestamp&quot;:&quot;0&quot;,&quot;copyright&quot;:&quot;&quot;,&quot;focal_length&quot;:&quot;0&quot;,&quot;iso&quot;:&quot;0&quot;,&quot;shutter_speed&quot;:&quot;0&quot;,&quot;title&quot;:&quot;&quot;}\" data-image-title=\"mango4\" data-image-description=\"\" data-image-caption=\"\" data-medium-file=\"https:\/\/i0.wp.com\/www.moda.es\/blog\/wp-content\/uploads\/2015\/02\/mango4.jpg?fit=300%2C203\" data-large-file=\"https:\/\/i0.wp.com\/www.moda.es\/blog\/wp-content\/uploads\/2015\/02\/mango4.jpg?fit=640%2C434\" loading=\"lazy\" class=\"size-medium wp-image-18874 aligncenter\" alt=\"mango4\" src=\"https:\/\/i0.wp.com\/www.moda.es\/blog\/wp-content\/uploads\/2015\/02\/mango4.jpg?resize=300%2C203\" width=\"300\" height=\"203\" srcset=\"https:\/\/i0.wp.com\/www.moda.es\/blog\/wp-content\/uploads\/2015\/02\/mango4.jpg?resize=300%2C203 300w, https:\/\/i0.wp.com\/www.moda.es\/blog\/wp-content\/uploads\/2015\/02\/mango4.jpg?resize=420%2C284 420w, https:\/\/i0.wp.com\/www.moda.es\/blog\/wp-content\/uploads\/2015\/02\/mango4.jpg?w=650 650w\" sizes=\"(max-width: 300px) 100vw, 300px\" data-recalc-dims=\"1\" \/><\/a><\/p>\n<p>Ewers se suma a la larga lista de colaboraciones anteriores con Pen\u00e9lope Cruz, Milla Jovovich o Lizzy Jagger, entre otras y est\u00e1 encantada por ello: \u201cLo he pasado muy bien estos dos \u00faltimos d\u00edas en el set. Estaba muy contenta de trabajar con el equipo Mango por primera vez. Me gust\u00f3 mucho que el estudio estuviera en <strong>Brooklyn,<\/strong> muy cerca de donde vivo, y a\u00fan m\u00e1s me gust\u00f3 trabajar con Josh y Geraldine, con los que ya hab\u00eda trabajado. Siempre es tranquilizador rodearse de gente que ya conoces y que te cae tan bien como ellos. Adem\u00e1s, dos de mis mejores amigos alemanes tambi\u00e9n trabajan con Josh, as\u00ed que de alguna forma<strong> me sent\u00ed como en casa<\/strong>\u00ab.<\/p>\n<p><a href=\"https:\/\/i0.wp.com\/www.moda.es\/blog\/wp-content\/uploads\/2015\/02\/mango1.jpg\"><img data-attachment-id=\"18870\" data-permalink=\"http:\/\/www.moda.es\/blog\/tenemos-chica-nueva-en-mango-2\/mango1-2\/\" data-orig-file=\"https:\/\/i0.wp.com\/www.moda.es\/blog\/wp-content\/uploads\/2015\/02\/mango1.jpg?fit=650%2C881\" data-orig-size=\"650,881\" data-comments-opened=\"1\" data-image-meta=\"{&quot;aperture&quot;:&quot;0&quot;,&quot;credit&quot;:&quot;&quot;,&quot;camera&quot;:&quot;&quot;,&quot;caption&quot;:&quot;&quot;,&quot;created_timestamp&quot;:&quot;0&quot;,&quot;copyright&quot;:&quot;&quot;,&quot;focal_length&quot;:&quot;0&quot;,&quot;iso&quot;:&quot;0&quot;,&quot;shutter_speed&quot;:&quot;0&quot;,&quot;title&quot;:&quot;&quot;}\" data-image-title=\"mango1\" data-image-description=\"\" data-image-caption=\"\" data-medium-file=\"https:\/\/i0.wp.com\/www.moda.es\/blog\/wp-content\/uploads\/2015\/02\/mango1.jpg?fit=221%2C300\" data-large-file=\"https:\/\/i0.wp.com\/www.moda.es\/blog\/wp-content\/uploads\/2015\/02\/mango1.jpg?fit=640%2C867\" loading=\"lazy\" class=\"aligncenter size-medium wp-image-18870\" alt=\"mango1\" src=\"https:\/\/i0.wp.com\/www.moda.es\/blog\/wp-content\/uploads\/2015\/02\/mango1.jpg?resize=221%2C300\" width=\"221\" height=\"300\" srcset=\"https:\/\/i0.wp.com\/www.moda.es\/blog\/wp-content\/uploads\/2015\/02\/mango1.jpg?resize=221%2C300 221w, https:\/\/i0.wp.com\/www.moda.es\/blog\/wp-content\/uploads\/2015\/02\/mango1.jpg?resize=420%2C569 420w, https:\/\/i0.wp.com\/www.moda.es\/blog\/wp-content\/uploads\/2015\/02\/mango1.jpg?w=650 650w\" sizes=\"(max-width: 221px) 100vw, 221px\" data-recalc-dims=\"1\" \/><\/a><\/p>\n<p>&nbsp;<\/p>\n<p>\u00a9Mango                             <\/p>\n","protected":false},"excerpt":{"rendered":"<p>Mango comienza el a\u00f1o con su habitual renovaci\u00f3n de chica de campa\u00f1a. Tras el doblete de Miranda Kerr y Darja Daria Werbowy, 2015 ser\u00e1 el a\u00f1o de Anna Ewers. A sus 21 a\u00f1os, la participaci\u00f3n de esta modelo alemana en las pasarelas m\u00e1s internacionales se ha hecho frecuente, especialmente desde [&hellip;]<\/p>\n","protected":false},"author":3,"featured_media":18870,"comment_status":"open","ping_status":"open","sticky":false,"template":"","format":"standard","meta":{"jetpack_publicize_message":"","jetpack_is_tweetstorm":false,"jetpack_publicize_feature_enabled":true},"categories":[8,11,14,15,17],"tags":[1027,1172,566,622],"jetpack_publicize_connections":[],"jetpack_featured_media_url":"https:\/\/i0.wp.com\/www.moda.es\/blog\/wp-content\/uploads\/2015\/02\/mango1.jpg?fit=650%2C881","jetpack_sharing_enabled":true,"jetpack_shortlink":"https:\/\/wp.me\/p4tJCC-4Uh","jetpack-related-posts":[{"id":18526,"url":"http:\/\/www.moda.es\/blog\/tenemos-chica-nueva-en-mango\/","url_meta":{"origin":18865,"position":0},"title":"Tenemos chica nueva en Mango","date":"noviembre 18, 2014","format":false,"excerpt":"Aunque estamos pensando en las compras de navidad, Mango ya ha desvelado el nombre de la que ser\u00e1 la nueva imagen en su pr\u00f3xima temporada Primavera\/Verano 2015: Anna Ewers. Aunque la modelo debuta en la marca catalana, hace tiempo que esta alemana de 21 a\u00f1os comenz\u00f3\u00a0 a caminar sobre las\u2026","rel":"","context":"En \u00abActualidad\u00bb","img":{"alt_text":"","src":"https:\/\/i0.wp.com\/www.moda.es\/blog\/wp-content\/uploads\/2014\/11\/MANGO-Anna-Ewers.jpg?fit=650%2C872&resize=350%2C200","width":350,"height":200},"classes":[]},{"id":15492,"url":"http:\/\/www.moda.es\/blog\/ya-esta-aqui-daria-werbowy-para-mango\/","url_meta":{"origin":18865,"position":1},"title":"Ya est\u00e1 aqu\u00ed: Daria Werbowy para Mango","date":"enero 8, 2014","format":false,"excerpt":"Entre tarde de rebajas y b\u00fasqueda de chollos, la temporada Primavera - Verano 2014 est\u00e1 a la vuelta de la esquina y con ella una de las campa\u00f1as m\u00e1s esperadas. Ya te contamos que la canadiense Daria Werbowy ha sido la elegida por Mango para recoger el testigo de una\u2026","rel":"","context":"En \u00abCampa\u00f1as\u00bb","img":{"alt_text":"","src":"https:\/\/i0.wp.com\/www.moda.es\/blog\/wp-content\/uploads\/2014\/01\/Mango-11.jpg?fit=350%2C450&resize=350%2C200","width":350,"height":200},"classes":[]},{"id":14895,"url":"http:\/\/www.moda.es\/blog\/daria-werbowy-nueva-chica-mango\/","url_meta":{"origin":18865,"position":2},"title":"Daria Werbowy, nueva chica Mango","date":"noviembre 18, 2013","format":false,"excerpt":"Normalmente las musas de la marca repet\u00edan m\u00e1s de una temporada, pero parece ser que el acuerdo con Miranda Kerr s\u00f3lo contemplaba 6 meses, o que quiz\u00e1s (aqu\u00ed hablo por m\u00ed, la chica es preciosa pero no termina de transmitir) no ha dado los resultados que cab\u00eda esperar. El caso\u2026","rel":"","context":"En \u00abCampa\u00f1as\u00bb","img":{"alt_text":"","src":"https:\/\/i0.wp.com\/www.moda.es\/blog\/wp-content\/uploads\/2013\/11\/Mango-11.jpg?fit=500%2C334&resize=350%2C200","width":350,"height":200},"classes":[]},{"id":15619,"url":"http:\/\/www.moda.es\/blog\/mango-y-daria-capitulo-dos\/","url_meta":{"origin":18865,"position":3},"title":"Mango y Daria, cap\u00edtulo dos","date":"enero 16, 2014","format":false,"excerpt":"En el mes de Daria Werbowy, ya tenemos m\u00e1s im\u00e1genes de la campa\u00f1a que protagoniza para Mango. En noviembre se anunci\u00f3 que la modelo Daria Werbowy sustituir\u00eda a Miranda Kerr como la cara de Mango, con una campa\u00f1a fotografiada por Josh Olins en Lanzarote. Ahora las im\u00e1genes de una Daria\u2026","rel":"","context":"En \u00abCampa\u00f1as\u00bb","img":{"alt_text":"","src":"https:\/\/i0.wp.com\/www.moda.es\/blog\/wp-content\/uploads\/2014\/01\/Mango-311.jpg?fit=500%2C375&resize=350%2C200","width":350,"height":200},"classes":[]},{"id":15612,"url":"http:\/\/www.moda.es\/blog\/daria-werbowy-para-balenciaga\/","url_meta":{"origin":18865,"position":4},"title":"Daria Werbowy para Balenciaga","date":"enero 15, 2014","format":false,"excerpt":"Es como si estuvi\u00e9ramos siendo invitados al resurgimiento de las m\u00edticas que estaban dejando paso a las nuevas generaciones. Las modelos que siempre nos han gustado siguen pisando fuerte, y si no que se lo digan a Daria Werbowy. A\u00fan esperando las im\u00e1genes de la canadiense como estrella invitada de\u2026","rel":"","context":"En \u00abCampa\u00f1as\u00bb","img":{"alt_text":"","src":"https:\/\/i0.wp.com\/www.moda.es\/blog\/wp-content\/uploads\/2014\/01\/Balenciaga-11.jpg?fit=500%2C333&resize=350%2C200","width":350,"height":200},"classes":[]},{"id":15850,"url":"http:\/\/www.moda.es\/blog\/adivina-quien-sera-la-proxima-chica-hm\/","url_meta":{"origin":18865,"position":5},"title":"Adivina qui\u00e9n ser\u00e1 la pr\u00f3xima chica H&amp;M","date":"febrero 5, 2014","format":false,"excerpt":"No, no hay tiendas de H&M en Australia, aunque los suecos planean desembarcar en Melbourne a mediados de a\u00f1o, pero eso no impide que la nueva estrella de la marca venga de la tierra de los canguros (y seguramente sea causa de ello). La marca ha jugado a las adivinanzas\u2026","rel":"","context":"En \u00abActualidad\u00bb","img":{"alt_text":"","src":"https:\/\/i0.wp.com\/www.moda.es\/blog\/wp-content\/uploads\/2014\/02\/21.jpg?fit=300%2C260&resize=350%2C200","width":350,"height":200},"classes":[]}],"_links":{"self":[{"href":"http:\/\/www.moda.es\/blog\/wp-json\/wp\/v2\/posts\/18865"}],"collection":[{"href":"http:\/\/www.moda.es\/blog\/wp-json\/wp\/v2\/posts"}],"about":[{"href":"http:\/\/www.moda.es\/blog\/wp-json\/wp\/v2\/types\/post"}],"author":[{"embeddable":true,"href":"http:\/\/www.moda.es\/blog\/wp-json\/wp\/v2\/users\/3"}],"replies":[{"embeddable":true,"href":"http:\/\/www.moda.es\/blog\/wp-json\/wp\/v2\/comments?post=18865"}],"version-history":[{"count":7,"href":"http:\/\/www.moda.es\/blog\/wp-json\/wp\/v2\/posts\/18865\/revisions"}],"predecessor-version":[{"id":36200,"href":"http:\/\/www.moda.es\/blog\/wp-json\/wp\/v2\/posts\/18865\/revisions\/36200"}],"wp:featuredmedia":[{"embeddable":true,"href":"http:\/\/www.moda.es\/blog\/wp-json\/wp\/v2\/media\/18870"}],"wp:attachment":[{"href":"http:\/\/www.moda.es\/blog\/wp-json\/wp\/v2\/media?parent=18865"}],"wp:term":[{"taxonomy":"category","embeddable":true,"href":"http:\/\/www.moda.es\/blog\/wp-json\/wp\/v2\/categories?post=18865"},{"taxonomy":"post_tag","embeddable":true,"href":"http:\/\/www.moda.es\/blog\/wp-json\/wp\/v2\/tags?post=18865"}],"curies":[{"name":"wp","href":"https:\/\/api.w.org\/{rel}","templated":true}]}}