{"id":18843,"date":"2015-01-29T22:17:51","date_gmt":"2015-01-29T21:17:51","guid":{"rendered":"http:\/\/www.moda.es\/blog\/?p=18843"},"modified":"2020-04-27T17:07:55","modified_gmt":"2020-04-27T16:07:55","slug":"el-debut-como-disenadora-de-candice-swanepoel","status":"publish","type":"post","link":"http:\/\/www.moda.es\/blog\/el-debut-como-disenadora-de-candice-swanepoel\/","title":{"rendered":"El debut como dise\u00f1adora de Candice Swanepoel"},"content":{"rendered":"<p>La top model sudafricana ha dise\u00f1ado una colecci\u00f3n c\u00e1psula para la marca denim <strong>Mother<\/strong> con el fin de recaudar dinero para <strong>mothers2mothers<\/strong>.<\/p>\n<p><a href=\"https:\/\/i0.wp.com\/www.moda.es\/blog\/wp-content\/uploads\/2015\/01\/csj3.jpg\"><img data-attachment-id=\"18844\" data-permalink=\"http:\/\/www.moda.es\/blog\/el-debut-como-disenadora-de-candice-swanepoel\/csj3\/\" data-orig-file=\"https:\/\/i0.wp.com\/www.moda.es\/blog\/wp-content\/uploads\/2015\/01\/csj3.jpg?fit=650%2C430\" data-orig-size=\"650,430\" data-comments-opened=\"1\" data-image-meta=\"{&quot;aperture&quot;:&quot;0&quot;,&quot;credit&quot;:&quot;&quot;,&quot;camera&quot;:&quot;&quot;,&quot;caption&quot;:&quot;&quot;,&quot;created_timestamp&quot;:&quot;0&quot;,&quot;copyright&quot;:&quot;RUSSELL JAMES&quot;,&quot;focal_length&quot;:&quot;0&quot;,&quot;iso&quot;:&quot;0&quot;,&quot;shutter_speed&quot;:&quot;0&quot;,&quot;title&quot;:&quot;&quot;}\" data-image-title=\"csj3\" data-image-description=\"\" data-image-caption=\"\" data-medium-file=\"https:\/\/i0.wp.com\/www.moda.es\/blog\/wp-content\/uploads\/2015\/01\/csj3.jpg?fit=300%2C198\" data-large-file=\"https:\/\/i0.wp.com\/www.moda.es\/blog\/wp-content\/uploads\/2015\/01\/csj3.jpg?fit=640%2C423\" loading=\"lazy\" class=\"aligncenter size-medium wp-image-18844\" alt=\"csj3\" src=\"https:\/\/i0.wp.com\/www.moda.es\/blog\/wp-content\/uploads\/2015\/01\/csj3.jpg?resize=300%2C198\" width=\"300\" height=\"198\" srcset=\"https:\/\/i0.wp.com\/www.moda.es\/blog\/wp-content\/uploads\/2015\/01\/csj3.jpg?resize=300%2C198 300w, https:\/\/i0.wp.com\/www.moda.es\/blog\/wp-content\/uploads\/2015\/01\/csj3.jpg?resize=420%2C277 420w, https:\/\/i0.wp.com\/www.moda.es\/blog\/wp-content\/uploads\/2015\/01\/csj3.jpg?w=650 650w\" sizes=\"(max-width: 300px) 100vw, 300px\" data-recalc-dims=\"1\" \/><\/a><\/p>\n<p>A sus 26 a\u00f1os de edad, la supermodelo ha dise\u00f1ado una colecci\u00f3n c\u00e1psula de<strong> siete piezas<\/strong> para la marca de vaqueros de alta gama y parte de los beneficios obtenidos se destinar\u00e1 a la organizaci\u00f3nben\u00e9fica que tiene sede en la <strong>Sud\u00e1frica<\/strong> natal de Swanepoel.<\/p>\n<p>Los fundadores de Mother, <strong>Lela Becker y Tim Kaeding<\/strong>, se acercaron a Candice para el proyecto atra\u00eddos por su estilo personal, que se inspira en el estilo de los a\u00f1os 90. Ella trabaj\u00f3 mano a mano con Keading para dise\u00f1ar cada detalle de la colecci\u00f3n, incluso incorporando el escudo de su apellido, un cisne nadando, en cada pieza.<\/p>\n<p><a href=\"https:\/\/i0.wp.com\/www.moda.es\/blog\/wp-content\/uploads\/2015\/01\/csj2.jpg\"><img data-attachment-id=\"18845\" data-permalink=\"http:\/\/www.moda.es\/blog\/el-debut-como-disenadora-de-candice-swanepoel\/csj2\/\" data-orig-file=\"https:\/\/i0.wp.com\/www.moda.es\/blog\/wp-content\/uploads\/2015\/01\/csj2.jpg?fit=650%2C975\" data-orig-size=\"650,975\" data-comments-opened=\"1\" data-image-meta=\"{&quot;aperture&quot;:&quot;0&quot;,&quot;credit&quot;:&quot;&quot;,&quot;camera&quot;:&quot;&quot;,&quot;caption&quot;:&quot;&quot;,&quot;created_timestamp&quot;:&quot;0&quot;,&quot;copyright&quot;:&quot;RUSSELL JAMES&quot;,&quot;focal_length&quot;:&quot;0&quot;,&quot;iso&quot;:&quot;0&quot;,&quot;shutter_speed&quot;:&quot;0&quot;,&quot;title&quot;:&quot;&quot;}\" data-image-title=\"csj2\" data-image-description=\"\" data-image-caption=\"\" data-medium-file=\"https:\/\/i0.wp.com\/www.moda.es\/blog\/wp-content\/uploads\/2015\/01\/csj2.jpg?fit=200%2C300\" data-large-file=\"https:\/\/i0.wp.com\/www.moda.es\/blog\/wp-content\/uploads\/2015\/01\/csj2.jpg?fit=640%2C960\" loading=\"lazy\" class=\"aligncenter size-medium wp-image-18845\" alt=\"csj2\" src=\"https:\/\/i0.wp.com\/www.moda.es\/blog\/wp-content\/uploads\/2015\/01\/csj2.jpg?resize=200%2C300\" width=\"200\" height=\"300\" srcset=\"https:\/\/i0.wp.com\/www.moda.es\/blog\/wp-content\/uploads\/2015\/01\/csj2.jpg?resize=200%2C300 200w, https:\/\/i0.wp.com\/www.moda.es\/blog\/wp-content\/uploads\/2015\/01\/csj2.jpg?resize=420%2C630 420w, https:\/\/i0.wp.com\/www.moda.es\/blog\/wp-content\/uploads\/2015\/01\/csj2.jpg?w=650 650w\" sizes=\"(max-width: 200px) 100vw, 200px\" data-recalc-dims=\"1\" \/><\/a><\/p>\n<p>\u00abEl desarrollo de esta colecci\u00f3n con Tim y Lela llev\u00f3 su tiempo\u00bb, ha afirmado Candice. \u00abNo s\u00f3lo fui capaz de explorar mi propia creatividad, sino tambi\u00e9n de atraer la atenci\u00f3n y el apoyo a una organizaci\u00f3n que salva vidas y apoya a las <strong>mujeres y futuras madres<\/strong>.\u00bb<\/p>\n<p>La colecci\u00f3n estar\u00e1 disponible a partir del <strong>15 de febrero<\/strong> en<strong> stylebop.com y en la web de Mother,<\/strong> con la colecci\u00f3n entera, incluyendo la camiseta de Candice\u00a0 \u00abI Want To Swim In The Swanepoel\u00bb (Quiero nadar en el Swanepoel).<\/p>\n<p><a href=\"https:\/\/i0.wp.com\/www.moda.es\/blog\/wp-content\/uploads\/2015\/01\/csj4.jpg\"><img data-attachment-id=\"18847\" data-permalink=\"http:\/\/www.moda.es\/blog\/el-debut-como-disenadora-de-candice-swanepoel\/csj4\/\" data-orig-file=\"https:\/\/i0.wp.com\/www.moda.es\/blog\/wp-content\/uploads\/2015\/01\/csj4.jpg?fit=650%2C678\" data-orig-size=\"650,678\" data-comments-opened=\"1\" data-image-meta=\"{&quot;aperture&quot;:&quot;0&quot;,&quot;credit&quot;:&quot;&quot;,&quot;camera&quot;:&quot;&quot;,&quot;caption&quot;:&quot;&quot;,&quot;created_timestamp&quot;:&quot;0&quot;,&quot;copyright&quot;:&quot;&quot;,&quot;focal_length&quot;:&quot;0&quot;,&quot;iso&quot;:&quot;0&quot;,&quot;shutter_speed&quot;:&quot;0&quot;,&quot;title&quot;:&quot;&quot;}\" data-image-title=\"csj4\" data-image-description=\"\" data-image-caption=\"\" data-medium-file=\"https:\/\/i0.wp.com\/www.moda.es\/blog\/wp-content\/uploads\/2015\/01\/csj4.jpg?fit=287%2C300\" data-large-file=\"https:\/\/i0.wp.com\/www.moda.es\/blog\/wp-content\/uploads\/2015\/01\/csj4.jpg?fit=640%2C668\" loading=\"lazy\" class=\"aligncenter size-medium wp-image-18847\" alt=\"csj4\" src=\"https:\/\/i0.wp.com\/www.moda.es\/blog\/wp-content\/uploads\/2015\/01\/csj4.jpg?resize=287%2C300\" width=\"287\" height=\"300\" srcset=\"https:\/\/i0.wp.com\/www.moda.es\/blog\/wp-content\/uploads\/2015\/01\/csj4.jpg?resize=287%2C300 287w, https:\/\/i0.wp.com\/www.moda.es\/blog\/wp-content\/uploads\/2015\/01\/csj4.jpg?resize=420%2C438 420w, https:\/\/i0.wp.com\/www.moda.es\/blog\/wp-content\/uploads\/2015\/01\/csj4.jpg?w=650 650w\" sizes=\"(max-width: 287px) 100vw, 287px\" data-recalc-dims=\"1\" \/><\/a><\/p>\n<p>Mothers2mothers emplea, entrena y capacita a las madres que padecen el VIH y que se conocen como madres mentoras, quienes a su vez brindan educaci\u00f3n y apoyo para salvar la vida a otras madres sero-positivas y a mujeres embarazadas.<\/p>\n<p><a href=\"https:\/\/i0.wp.com\/www.moda.es\/blog\/wp-content\/uploads\/2015\/01\/csj1.jpg\"><img data-attachment-id=\"18846\" data-permalink=\"http:\/\/www.moda.es\/blog\/el-debut-como-disenadora-de-candice-swanepoel\/csj1\/\" data-orig-file=\"https:\/\/i0.wp.com\/www.moda.es\/blog\/wp-content\/uploads\/2015\/01\/csj1.jpg?fit=650%2C974\" data-orig-size=\"650,974\" data-comments-opened=\"1\" data-image-meta=\"{&quot;aperture&quot;:&quot;0&quot;,&quot;credit&quot;:&quot;&quot;,&quot;camera&quot;:&quot;&quot;,&quot;caption&quot;:&quot;&quot;,&quot;created_timestamp&quot;:&quot;0&quot;,&quot;copyright&quot;:&quot;&quot;,&quot;focal_length&quot;:&quot;0&quot;,&quot;iso&quot;:&quot;0&quot;,&quot;shutter_speed&quot;:&quot;0&quot;,&quot;title&quot;:&quot;&quot;}\" data-image-title=\"csj1\" data-image-description=\"\" data-image-caption=\"\" data-medium-file=\"https:\/\/i0.wp.com\/www.moda.es\/blog\/wp-content\/uploads\/2015\/01\/csj1.jpg?fit=200%2C300\" data-large-file=\"https:\/\/i0.wp.com\/www.moda.es\/blog\/wp-content\/uploads\/2015\/01\/csj1.jpg?fit=640%2C959\" loading=\"lazy\" class=\"aligncenter size-medium wp-image-18846\" alt=\"csj1\" src=\"https:\/\/i0.wp.com\/www.moda.es\/blog\/wp-content\/uploads\/2015\/01\/csj1.jpg?resize=200%2C300\" width=\"200\" height=\"300\" srcset=\"https:\/\/i0.wp.com\/www.moda.es\/blog\/wp-content\/uploads\/2015\/01\/csj1.jpg?resize=200%2C300 200w, https:\/\/i0.wp.com\/www.moda.es\/blog\/wp-content\/uploads\/2015\/01\/csj1.jpg?resize=420%2C629 420w, https:\/\/i0.wp.com\/www.moda.es\/blog\/wp-content\/uploads\/2015\/01\/csj1.jpg?w=650 650w\" sizes=\"(max-width: 200px) 100vw, 200px\" data-recalc-dims=\"1\" \/><\/a><\/p>\n<p>&nbsp;<\/p>\n<p>\u00a9Vogue UK                             <\/p>\n","protected":false},"excerpt":{"rendered":"<p>La top model sudafricana ha dise\u00f1ado una colecci\u00f3n c\u00e1psula para la marca denim Mother con el fin de recaudar dinero para mothers2mothers. A sus 26 a\u00f1os de edad, la supermodelo ha dise\u00f1ado una colecci\u00f3n c\u00e1psula de siete piezas para la marca de vaqueros de alta gama y parte de los [&hellip;]<\/p>\n","protected":false},"author":3,"featured_media":18844,"comment_status":"open","ping_status":"open","sticky":false,"template":"","format":"standard","meta":{"jetpack_publicize_message":"","jetpack_is_tweetstorm":false,"jetpack_publicize_feature_enabled":true},"categories":[3,10,11,17,29],"tags":[161],"jetpack_publicize_connections":[],"jetpack_featured_media_url":"https:\/\/i0.wp.com\/www.moda.es\/blog\/wp-content\/uploads\/2015\/01\/csj3.jpg?fit=650%2C430","jetpack_sharing_enabled":true,"jetpack_shortlink":"https:\/\/wp.me\/p4tJCC-4TV","jetpack-related-posts":[{"id":18100,"url":"http:\/\/www.moda.es\/blog\/candice-swanepoel-imagen-de-la-coleccion-de-victorias-secret-sport\/","url_meta":{"origin":18843,"position":0},"title":"Candice Swanepoel, imagen de la colecci\u00f3n de Victoria&#8217;s Secret Sport","date":"agosto 21, 2014","format":false,"excerpt":"Porque la tendencia al fitness en las marcas de moda es, de cada vez m\u00e1s frecuente, casi obvia e inevitable, Victoria's Secret ha publicado por primera vez el cat\u00e1logo de su l\u00ednea deportiva Victoria's Secret Sport. En las im\u00e1genes, los \u00e1ngeles de la marca, Candice Swanepoel y Lily Aldridge que\u2026","rel":"","context":"En \u00abCampa\u00f1as\u00bb","img":{"alt_text":"","src":"https:\/\/i0.wp.com\/www.moda.es\/blog\/wp-content\/uploads\/2014\/08\/cvs.jpg?fit=650%2C975&resize=350%2C200","width":350,"height":200},"classes":[]},{"id":18967,"url":"http:\/\/www.moda.es\/blog\/los-vaqueros-de-joan-smalls\/","url_meta":{"origin":18843,"position":1},"title":"Los vaqueros de Joan Smalls","date":"febrero 18, 2015","format":false,"excerpt":"Joan Smalls ha seguido los pasos\u00a0 de su compa\u00f1era en Victoria Secret, Candice Swanepoel, y ha dise\u00f1ado su propia colecci\u00f3n de denim. La modelo ha creado una colecci\u00f3n de diecis\u00e9is piezas para la marca True Religion. Desde el denim m\u00e1s tradicional a las opciones m\u00e1s contempor\u00e1neos perfectas para conseguir el\u2026","rel":"","context":"En \u00abColecciones\u00bb","img":{"alt_text":"","src":"https:\/\/i0.wp.com\/www.moda.es\/blog\/wp-content\/uploads\/2015\/02\/joan-smalls-2.jpg?fit=426%2C639&resize=350%2C200","width":350,"height":200},"classes":[]},{"id":10093,"url":"http:\/\/www.moda.es\/blog\/empieza-a-pensar-en-el-verano\/","url_meta":{"origin":18843,"position":2},"title":"Empieza a pensar en el verano","date":"enero 10, 2013","format":false,"excerpt":"Rayos de sol, arena blanca, palmeras, fiestas, color, m\u00fasica \u00a1y bikinis! De acuerdo, la temperatura ah\u00ed fuera no es la m\u00e1s agradable, \u00bfpero no est\u00e1s harta de este ambiente gris?\u00a0 Victoria Secret ya nos est\u00e1 hablando de vacaciones en la presentaci\u00f3n de su nueva colecci\u00f3n de ba\u00f1o, Victoria Secret Swim\u2026","rel":"","context":"En \u00abColecciones\u00bb","img":{"alt_text":"","src":"https:\/\/i0.wp.com\/www.moda.es\/blog\/wp-content\/uploads\/2013\/01\/Victoria-Secret-Swim-2013-31.jpg?fit=439%2C300&resize=350%2C200","width":350,"height":200},"classes":[]},{"id":21479,"url":"http:\/\/www.moda.es\/blog\/candice-swanepoel-o-como-estar-orgullosa-de-la-maternidad\/","url_meta":{"origin":18843,"position":3},"title":"Candice Swanepoel o c\u00f3mo estar orgullosa de la maternidad","date":"diciembre 20, 2016","format":false,"excerpt":"La modelo\u00a0Candice Swanepoel\u00a0ha reaccionado y llamado\u00a0hip\u00f3critas a aquellos que tienen un problema con las mujeres que amamantan en p\u00fablico, pero no parpadean un segundo al ver\u00a0fotograf\u00edas de desnudos\u00a0en las revistas. La modelo comparti\u00f3\u00a0su opini\u00f3n en su perfil\u00a0de Instagram, donde\u00a0tambi\u00e9n ha compartido\u00a0im\u00e1genes de su hijo, Anac\u00e3, que naci\u00f3 en octubre. \"Muchas\u2026","rel":"","context":"En \u00abActualidad\u00bb","img":{"alt_text":"","src":"https:\/\/i0.wp.com\/www.moda.es\/blog\/wp-content\/uploads\/2016\/12\/Captura-de-pantalla-2016-12-20-a-las-20.19.08.png?fit=367%2C549&resize=350%2C200","width":350,"height":200},"classes":[]},{"id":14488,"url":"http:\/\/www.moda.es\/blog\/el-sujetador-de-los-10-millones-de-dolares\/","url_meta":{"origin":18843,"position":4},"title":"El sujetador de los 10 millones de d\u00f3lares","date":"octubre 18, 2013","format":false,"excerpt":"La temporada de desfiles ya se nos ha olvidado y a\u00fan falta mucho para que vuelva a empezar. No pasa nada. Vemos la luz al final del t\u00fanel, exactamenete el pr\u00f3ximo 10 de diciembre. Victoria Secret celebra su famos\u00edsimo show y por el momento se ha confirmado la participaci\u00f3n de\u2026","rel":"","context":"En \u00abActualidad\u00bb","img":{"alt_text":"","src":"https:\/\/i0.wp.com\/www.moda.es\/blog\/wp-content\/uploads\/2013\/10\/candice_sweanopel1.jpg?fit=500%2C382&resize=350%2C200","width":350,"height":200},"classes":[]},{"id":14811,"url":"http:\/\/www.moda.es\/blog\/la-noche-de-los-angeles\/","url_meta":{"origin":18843,"position":5},"title":"La noche de los \u00e1ngeles","date":"noviembre 15, 2013","format":false,"excerpt":"Lleg\u00f3 el gran d\u00eda y desplegaron su magia. Al fin lleg\u00f3 uno de los desfiles m\u00e1s esperados del a\u00f1o: las chicas de Victoria's Secret vinieron para mostrarnos la \u00faltima colecci\u00f3n y llenarnos de \u00bfsana? envidia. Nueva York fue como siempre el escenario y las estrellas invitadas para hacer bailar a\u2026","rel":"","context":"En \u00abDestacados\u00bb","img":{"alt_text":"","src":"https:\/\/i0.wp.com\/www.moda.es\/blog\/wp-content\/uploads\/2013\/11\/Victorias-Secret-1.jpg?resize=350%2C200","width":350,"height":200},"classes":[]}],"_links":{"self":[{"href":"http:\/\/www.moda.es\/blog\/wp-json\/wp\/v2\/posts\/18843"}],"collection":[{"href":"http:\/\/www.moda.es\/blog\/wp-json\/wp\/v2\/posts"}],"about":[{"href":"http:\/\/www.moda.es\/blog\/wp-json\/wp\/v2\/types\/post"}],"author":[{"embeddable":true,"href":"http:\/\/www.moda.es\/blog\/wp-json\/wp\/v2\/users\/3"}],"replies":[{"embeddable":true,"href":"http:\/\/www.moda.es\/blog\/wp-json\/wp\/v2\/comments?post=18843"}],"version-history":[{"count":6,"href":"http:\/\/www.moda.es\/blog\/wp-json\/wp\/v2\/posts\/18843\/revisions"}],"predecessor-version":[{"id":36205,"href":"http:\/\/www.moda.es\/blog\/wp-json\/wp\/v2\/posts\/18843\/revisions\/36205"}],"wp:featuredmedia":[{"embeddable":true,"href":"http:\/\/www.moda.es\/blog\/wp-json\/wp\/v2\/media\/18844"}],"wp:attachment":[{"href":"http:\/\/www.moda.es\/blog\/wp-json\/wp\/v2\/media?parent=18843"}],"wp:term":[{"taxonomy":"category","embeddable":true,"href":"http:\/\/www.moda.es\/blog\/wp-json\/wp\/v2\/categories?post=18843"},{"taxonomy":"post_tag","embeddable":true,"href":"http:\/\/www.moda.es\/blog\/wp-json\/wp\/v2\/tags?post=18843"}],"curies":[{"name":"wp","href":"https:\/\/api.w.org\/{rel}","templated":true}]}}