{"id":18806,"date":"2015-01-20T00:26:53","date_gmt":"2015-01-19T23:26:53","guid":{"rendered":"http:\/\/www.moda.es\/blog\/?p=18806"},"modified":"2020-04-27T17:08:33","modified_gmt":"2020-04-27T16:08:33","slug":"sarah-jessica-parker-disenara-para-fendi","status":"publish","type":"post","link":"http:\/\/www.moda.es\/blog\/sarah-jessica-parker-disenara-para-fendi\/","title":{"rendered":"Sarah Jessica Parker dise\u00f1ar\u00e1 para Fendi"},"content":{"rendered":"<p>Y tambi\u00e9n<strong> Rihanna, Jourdan Dunn y Leandra Medine<\/strong> (Man Repeller). Todas ellas se han unido con la marca italiana de lujo para personalizar su propio bolso <strong>3Baguette<\/strong> como parte de un proyecto en beneficio de organizaciones solidarias.<\/p>\n<p>Los bolsos se dar\u00e1n a conocer durante un c\u00f3ctel que contar\u00e1n con Karl Lagerfeld, Silvia Venturini Fendi y el\u00a0 presidente y director ejecutivo de la marca Pietro Beccari como anfitriones en la nueva tienda insignia de Fendi en <strong>Madison Avenue de Nueva York el 13 de febrero y permanecer\u00e1 en exhibici\u00f3n durante un mes<\/strong>.<\/p>\n<p>Durante ese tiempo los accesorios estar\u00e1n disponibles para comprar en l\u00ednea desde el sitio de subastas <strong>launch3baguetteauction.fendi.com<\/strong> y los beneficios se destinar\u00e1n a una organizaci\u00f3n ben\u00e9fica escogida por cada celebridad.<\/p>\n<p>Rihanna ha elegido su propia organizaci\u00f3n, la <strong>Clara Lionel Foundation<\/strong>, que fund\u00f3 en 2012, Jourdan ha seleccionado la\u00a0Sickle Cell Disease Association of America ( Asociaci\u00f3n de la Enfermedad de c\u00e9lulas falciformes de Am\u00e9rica) y Leandra est\u00e1 apoyando el Fondo de Investigaci\u00f3n del C\u00e1ncer de ovario. Las ganancias de dise\u00f1o del Sarah Jessica Parker se destinar\u00e1n a la Fundaci\u00f3n del Trauma Cerebral.<\/p>\n<p>El proyecto llega un a\u00f1o despu\u00e9s de que el director creativo, <strong>Karl Lagerfeld<\/strong> contar\u00e1 con <strong>Gwyneth Paltrow, Cara Delevingne y Adele<\/strong> para dise\u00f1ar sus propios bolsos Peekabo, con los que recaudaron dinero para <strong>Kids Company.<\/strong><\/p>\n<p><a href=\"https:\/\/i0.wp.com\/www.moda.es\/blog\/wp-content\/uploads\/2015\/01\/sjpf1.jpg\"><img data-attachment-id=\"18807\" data-permalink=\"http:\/\/www.moda.es\/blog\/sarah-jessica-parker-disenara-para-fendi\/sjpf1\/\" data-orig-file=\"https:\/\/i0.wp.com\/www.moda.es\/blog\/wp-content\/uploads\/2015\/01\/sjpf1.jpg?fit=500%2C750\" data-orig-size=\"500,750\" data-comments-opened=\"1\" data-image-meta=\"{&quot;aperture&quot;:&quot;0&quot;,&quot;credit&quot;:&quot;&quot;,&quot;camera&quot;:&quot;&quot;,&quot;caption&quot;:&quot;&quot;,&quot;created_timestamp&quot;:&quot;0&quot;,&quot;copyright&quot;:&quot;&quot;,&quot;focal_length&quot;:&quot;0&quot;,&quot;iso&quot;:&quot;0&quot;,&quot;shutter_speed&quot;:&quot;0&quot;,&quot;title&quot;:&quot;&quot;}\" data-image-title=\"sjpf1\" data-image-description=\"\" data-image-caption=\"\" data-medium-file=\"https:\/\/i0.wp.com\/www.moda.es\/blog\/wp-content\/uploads\/2015\/01\/sjpf1.jpg?fit=200%2C300\" data-large-file=\"https:\/\/i0.wp.com\/www.moda.es\/blog\/wp-content\/uploads\/2015\/01\/sjpf1.jpg?fit=500%2C750\" loading=\"lazy\" class=\"aligncenter size-medium wp-image-18807\" alt=\"sjpf1\" src=\"https:\/\/i0.wp.com\/www.moda.es\/blog\/wp-content\/uploads\/2015\/01\/sjpf1.jpg?resize=200%2C300\" width=\"200\" height=\"300\" srcset=\"https:\/\/i0.wp.com\/www.moda.es\/blog\/wp-content\/uploads\/2015\/01\/sjpf1.jpg?resize=200%2C300 200w, https:\/\/i0.wp.com\/www.moda.es\/blog\/wp-content\/uploads\/2015\/01\/sjpf1.jpg?resize=420%2C630 420w, https:\/\/i0.wp.com\/www.moda.es\/blog\/wp-content\/uploads\/2015\/01\/sjpf1.jpg?w=500 500w\" sizes=\"(max-width: 200px) 100vw, 200px\" data-recalc-dims=\"1\" \/><\/a><\/p>\n<p>&nbsp;<\/p>\n<p>\u00a9Harper&#8217;s Bazaar UK                             <\/p>\n","protected":false},"excerpt":{"rendered":"<p>Y tambi\u00e9n Rihanna, Jourdan Dunn y Leandra Medine (Man Repeller). Todas ellas se han unido con la marca italiana de lujo para personalizar su propio bolso 3Baguette como parte de un proyecto en beneficio de organizaciones solidarias. Los bolsos se dar\u00e1n a conocer durante un c\u00f3ctel que contar\u00e1n con Karl [&hellip;]<\/p>\n","protected":false},"author":3,"featured_media":18807,"comment_status":"open","ping_status":"open","sticky":false,"template":"","format":"standard","meta":{"jetpack_publicize_message":"","jetpack_is_tweetstorm":false,"jetpack_publicize_feature_enabled":true},"categories":[2,3,12,14,17],"tags":[45,163,375,452,464,515,767],"jetpack_publicize_connections":[],"jetpack_featured_media_url":"https:\/\/i0.wp.com\/www.moda.es\/blog\/wp-content\/uploads\/2015\/01\/sjpf1.jpg?fit=500%2C750","jetpack_sharing_enabled":true,"jetpack_shortlink":"https:\/\/wp.me\/p4tJCC-4Tk","jetpack-related-posts":[{"id":11234,"url":"http:\/\/www.moda.es\/blog\/karl-lagerfeld-a-ritmo-de-samba\/","url_meta":{"origin":18806,"position":0},"title":"Karl Lagerfeld, a ritmo de samba","date":"febrero 28, 2013","format":false,"excerpt":"\u00a0 El k\u00e1iser literalmente no para. Entre el desfile de Fendi en Mil\u00e1n, el pr\u00f3ximo show de Chanel en Par\u00eds, el lanzamiento de la nueva boutique high tech de la marca en la capital francesa o su colaboraci\u00f3n con las l\u00edneas de maquillaje de Shu Uemura o los relojes Fossil,\u2026","rel":"","context":"En \u00abDise\u00f1adores\u00bb","img":{"alt_text":"","src":"https:\/\/i0.wp.com\/www.moda.es\/blog\/wp-content\/uploads\/2013\/03\/Karl-Lagerfeld1.jpg?fit=426%2C639&resize=350%2C200","width":350,"height":200},"classes":[]},{"id":19544,"url":"http:\/\/www.moda.es\/blog\/50-anos-de-karl-lagerfeld-en-fendi\/","url_meta":{"origin":18806,"position":1},"title":"50 a\u00f1os de Karl Lagerfeld en Fendi","date":"julio 8, 2015","format":false,"excerpt":"Este es un gran a\u00f1o para Karl Lagerfeld y Fendi. En este 2015 Lagerfeld est\u00e1 celebrando 50 a\u00f1os como director creativo de la marca italiana, siendo su \"mandato\" la colaboraci\u00f3n m\u00e1s larga entre un dise\u00f1ador y una casa de moda de lujo, y para conmemorar la ocasi\u00f3n,\u00a0se ha creado uno\u2026","rel":"","context":"En \u00abActualidad\u00bb","img":{"alt_text":"","src":"https:\/\/i0.wp.com\/www.moda.es\/blog\/wp-content\/uploads\/2015\/07\/Captura-de-pantalla-2015-07-08-a-las-21.07.53.png?fit=499%2C751&resize=350%2C200","width":350,"height":200},"classes":[]},{"id":19090,"url":"http:\/\/www.moda.es\/blog\/nuevos-vientos-en-la-alta-costura\/","url_meta":{"origin":18806,"position":2},"title":"Nuevos vientos en la Alta Costura","date":"febrero 28, 2015","format":false,"excerpt":"Si a pesar de que siempre nos deja sin habla necesitabas un poquito m\u00e1s de Lagerfeld en la Alta Costura, est\u00e1s de suerte. Fendi har\u00e1 su debut en el calendario de Alta Costura de Par\u00eds en julio. La casa de moda italiana dar\u00e1 a conocer la primera\u00a0colecci\u00f3n Haute Fourrure, rindiendo\u2026","rel":"","context":"En \u00abActualidad\u00bb","img":{"alt_text":"","src":"https:\/\/i0.wp.com\/www.moda.es\/blog\/wp-content\/uploads\/2015\/02\/fendi.jpg?fit=650%2C650&resize=350%2C200","width":350,"height":200},"classes":[]},{"id":14111,"url":"http:\/\/www.moda.es\/blog\/por-que-llora-cara-delevingne\/","url_meta":{"origin":18806,"position":3},"title":"\u00bfPor qu\u00e9 llora Cara Delevingne?","date":"septiembre 11, 2013","format":false,"excerpt":"Por Fendi. Tanto Karl Lagerfeld como Cara Delevingne han expresado su deseo de salir de la moda y entrar en el negocio del cine. Hoy este deseo se convierte en realidad con el nuevo cortometraje Invito Pericoloso (Invitaci\u00f3n Peligrosa) de Fendi. Las magn\u00edficas pieles de la colecci\u00f3n Oto\u00f1o - Invierno\u2026","rel":"","context":"En \u00abCampa\u00f1as\u00bb","img":{"alt_text":"","src":"https:\/\/i0.wp.com\/www.moda.es\/blog\/wp-content\/uploads\/2013\/09\/Cara-Fendi1.jpg?fit=500%2C297&resize=350%2C200","width":350,"height":200},"classes":[]},{"id":17545,"url":"http:\/\/www.moda.es\/blog\/fendi-las-vips-y-las-buenas-causas\/","url_meta":{"origin":18806,"position":4},"title":"Fendi, las VIPs y las buenas causas","date":"abril 24, 2014","format":false,"excerpt":"La casa de moda italiana, que est\u00e1 dirigida por Karl Lagerfeld, ha reunido una verdadera tropa de nombres de nivel y les ha dado rienda suelta para crear su propia versi\u00f3n de una de sus piezas estrella, el bolso Peekaboo. La cantante Adele, las actrices Gwyneth Paltrow y Naomie Harris,\u2026","rel":"","context":"En \u00abActualidad\u00bb","img":{"alt_text":"","src":"https:\/\/i0.wp.com\/www.moda.es\/blog\/wp-content\/uploads\/2014\/04\/Fendi.jpg?fit=650%2C650&resize=350%2C200","width":350,"height":200},"classes":[]},{"id":22235,"url":"http:\/\/www.moda.es\/blog\/adios-a-carla-fendi\/","url_meta":{"origin":18806,"position":5},"title":"Adios a Carla Fendi","date":"junio 21, 2017","format":false,"excerpt":"Carla Fendi una de las cinco formidables hermanas Fendi (Paola, Anna, Franca, Carla y Alda), heredera de la casa de la familia ha muerto en Roma a los 79 a\u00f1os. Como homenaje, la compa\u00f1\u00eda Fendi dijo en una declaraci\u00f3n que Carla \"nunca dej\u00f3 de contribuir activamente por su pasi\u00f3n por\u2026","rel":"","context":"En \u00abActualidad\u00bb","img":{"alt_text":"","src":"https:\/\/i0.wp.com\/www.moda.es\/blog\/wp-content\/uploads\/2017\/06\/Captura-de-pantalla.png?fit=362%2C537&resize=350%2C200","width":350,"height":200},"classes":[]}],"_links":{"self":[{"href":"http:\/\/www.moda.es\/blog\/wp-json\/wp\/v2\/posts\/18806"}],"collection":[{"href":"http:\/\/www.moda.es\/blog\/wp-json\/wp\/v2\/posts"}],"about":[{"href":"http:\/\/www.moda.es\/blog\/wp-json\/wp\/v2\/types\/post"}],"author":[{"embeddable":true,"href":"http:\/\/www.moda.es\/blog\/wp-json\/wp\/v2\/users\/3"}],"replies":[{"embeddable":true,"href":"http:\/\/www.moda.es\/blog\/wp-json\/wp\/v2\/comments?post=18806"}],"version-history":[{"count":6,"href":"http:\/\/www.moda.es\/blog\/wp-json\/wp\/v2\/posts\/18806\/revisions"}],"predecessor-version":[{"id":36209,"href":"http:\/\/www.moda.es\/blog\/wp-json\/wp\/v2\/posts\/18806\/revisions\/36209"}],"wp:featuredmedia":[{"embeddable":true,"href":"http:\/\/www.moda.es\/blog\/wp-json\/wp\/v2\/media\/18807"}],"wp:attachment":[{"href":"http:\/\/www.moda.es\/blog\/wp-json\/wp\/v2\/media?parent=18806"}],"wp:term":[{"taxonomy":"category","embeddable":true,"href":"http:\/\/www.moda.es\/blog\/wp-json\/wp\/v2\/categories?post=18806"},{"taxonomy":"post_tag","embeddable":true,"href":"http:\/\/www.moda.es\/blog\/wp-json\/wp\/v2\/tags?post=18806"}],"curies":[{"name":"wp","href":"https:\/\/api.w.org\/{rel}","templated":true}]}}