{"id":18693,"date":"2014-12-27T21:29:57","date_gmt":"2014-12-27T20:29:57","guid":{"rendered":"http:\/\/www.moda.es\/blog\/?p=18693"},"modified":"2020-04-27T17:10:52","modified_gmt":"2020-04-27T16:10:52","slug":"2014-un-ano-lleno-de-moda-i","status":"publish","type":"post","link":"http:\/\/www.moda.es\/blog\/2014-un-ano-lleno-de-moda-i\/","title":{"rendered":"2014, un a\u00f1o lleno de moda (I)"},"content":{"rendered":"<p>Ya no queda nada. En apenas 4 d\u00edas <strong>2014<\/strong> terminar\u00e1 y dar\u00e1 paso a un nuevo <strong>2015<\/strong> lleno de sorpresas y sobre todo de mucha moda. Vamos a dar un repaso a las noticias m\u00e1s importantes que nos ha dejado el mundo fashion en este a\u00f1o.<\/p>\n<p><a href=\"https:\/\/i0.wp.com\/www.moda.es\/blog\/wp-content\/uploads\/2014\/12\/20141.jpg\"><img data-attachment-id=\"18694\" data-permalink=\"http:\/\/www.moda.es\/blog\/2014-un-ano-lleno-de-moda-i\/attachment\/20141\/\" data-orig-file=\"https:\/\/i0.wp.com\/www.moda.es\/blog\/wp-content\/uploads\/2014\/12\/20141.jpg?fit=650%2C729\" data-orig-size=\"650,729\" data-comments-opened=\"1\" data-image-meta=\"{&quot;aperture&quot;:&quot;0&quot;,&quot;credit&quot;:&quot;&quot;,&quot;camera&quot;:&quot;&quot;,&quot;caption&quot;:&quot;Mandatory Credit: Photo by Startraks Photo\\\/REX (4102888d)\\r\\rKarlie Kloss, Daria Strokous, Oscar de la Renta\\r\\rOscar De La Renta show, Spring Summer 2015, Mercedes-Benz Fashion Week, New York, America - 09 Sep 2014&quot;,&quot;created_timestamp&quot;:&quot;0&quot;,&quot;copyright&quot;:&quot;Copyright (c) 2014 Rex Features. No use without permission.&quot;,&quot;focal_length&quot;:&quot;0&quot;,&quot;iso&quot;:&quot;0&quot;,&quot;shutter_speed&quot;:&quot;0&quot;,&quot;title&quot;:&quot;&quot;}\" data-image-title=\"20141\" data-image-description=\"&lt;p&gt;Mandatory Credit: Photo by Startraks Photo\/REX (4102888d)&lt;\/p&gt;\n&lt;p&gt;Karlie Kloss, Daria Strokous, Oscar de la Renta&lt;\/p&gt;\n&lt;p&gt;Oscar De La Renta show, Spring Summer 2015, Mercedes-Benz Fashion Week, New York, America &#8211; 09 Sep 2014&lt;\/p&gt;\n\" data-image-caption=\"\" data-medium-file=\"https:\/\/i0.wp.com\/www.moda.es\/blog\/wp-content\/uploads\/2014\/12\/20141.jpg?fit=267%2C300\" data-large-file=\"https:\/\/i0.wp.com\/www.moda.es\/blog\/wp-content\/uploads\/2014\/12\/20141.jpg?fit=640%2C718\" loading=\"lazy\" class=\"aligncenter size-medium wp-image-18694\" alt=\"20141\" src=\"https:\/\/i0.wp.com\/www.moda.es\/blog\/wp-content\/uploads\/2014\/12\/20141.jpg?resize=267%2C300\" width=\"267\" height=\"300\" srcset=\"https:\/\/i0.wp.com\/www.moda.es\/blog\/wp-content\/uploads\/2014\/12\/20141.jpg?resize=267%2C300 267w, https:\/\/i0.wp.com\/www.moda.es\/blog\/wp-content\/uploads\/2014\/12\/20141.jpg?resize=420%2C471 420w, https:\/\/i0.wp.com\/www.moda.es\/blog\/wp-content\/uploads\/2014\/12\/20141.jpg?w=650 650w\" sizes=\"(max-width: 267px) 100vw, 267px\" data-recalc-dims=\"1\" \/><\/a><\/p>\n<p>Adi\u00f3s maestro. El gran <strong>\u00d3scar de la Renta<\/strong> nos dej\u00f3 en octubre despu\u00e9s de haber luchado contra el c\u00e1ncer desde <strong>2006. <\/strong>Tambi\u00e9n sufrimos la p\u00e9rdida de <strong>L&#8217;Wren Scott<\/strong> quien se suicid\u00f3 en marzo a los 49 a\u00f1os de edad y la gran actriz <strong>Lauren Bacall<\/strong>, aut\u00e9ntico icono de estilo.<\/p>\n<p><a href=\"https:\/\/i0.wp.com\/www.moda.es\/blog\/wp-content\/uploads\/2014\/12\/20142.jpg\"><img data-attachment-id=\"18695\" data-permalink=\"http:\/\/www.moda.es\/blog\/2014-un-ano-lleno-de-moda-i\/attachment\/20142\/\" data-orig-file=\"https:\/\/i0.wp.com\/www.moda.es\/blog\/wp-content\/uploads\/2014\/12\/20142.jpg?fit=650%2C650\" data-orig-size=\"650,650\" data-comments-opened=\"1\" data-image-meta=\"{&quot;aperture&quot;:&quot;0&quot;,&quot;credit&quot;:&quot;&quot;,&quot;camera&quot;:&quot;&quot;,&quot;caption&quot;:&quot;Mandatory Credit: Photo by Richard Young\\\/REX (4273160cv)\\r\\rJohn Galliano and Naomi Campbell\\r\\rEdward Enninful party in Oscar Wilde Bar, Hotel Cafe Royal, London, Britain - 01 Dec 2014&quot;,&quot;created_timestamp&quot;:&quot;0&quot;,&quot;copyright&quot;:&quot;Copyright (c) 2014 Rex Features. No use without permission.&quot;,&quot;focal_length&quot;:&quot;0&quot;,&quot;iso&quot;:&quot;0&quot;,&quot;shutter_speed&quot;:&quot;0&quot;,&quot;title&quot;:&quot;&quot;}\" data-image-title=\"20142\" data-image-description=\"&lt;p&gt;Mandatory Credit: Photo by Richard Young\/REX (4273160cv)&lt;\/p&gt;\n&lt;p&gt;John Galliano and Naomi Campbell&lt;\/p&gt;\n&lt;p&gt;Edward Enninful party in Oscar Wilde Bar, Hotel Cafe Royal, London, Britain &#8211; 01 Dec 2014&lt;\/p&gt;\n\" data-image-caption=\"\" data-medium-file=\"https:\/\/i0.wp.com\/www.moda.es\/blog\/wp-content\/uploads\/2014\/12\/20142.jpg?fit=300%2C300\" data-large-file=\"https:\/\/i0.wp.com\/www.moda.es\/blog\/wp-content\/uploads\/2014\/12\/20142.jpg?fit=640%2C640\" loading=\"lazy\" class=\"aligncenter size-medium wp-image-18695\" alt=\"20142\" src=\"https:\/\/i0.wp.com\/www.moda.es\/blog\/wp-content\/uploads\/2014\/12\/20142.jpg?resize=300%2C300\" width=\"300\" height=\"300\" srcset=\"https:\/\/i0.wp.com\/www.moda.es\/blog\/wp-content\/uploads\/2014\/12\/20142.jpg?resize=300%2C300 300w, https:\/\/i0.wp.com\/www.moda.es\/blog\/wp-content\/uploads\/2014\/12\/20142.jpg?resize=150%2C150 150w, https:\/\/i0.wp.com\/www.moda.es\/blog\/wp-content\/uploads\/2014\/12\/20142.jpg?resize=420%2C420 420w, https:\/\/i0.wp.com\/www.moda.es\/blog\/wp-content\/uploads\/2014\/12\/20142.jpg?resize=120%2C120 120w, https:\/\/i0.wp.com\/www.moda.es\/blog\/wp-content\/uploads\/2014\/12\/20142.jpg?w=650 650w\" sizes=\"(max-width: 300px) 100vw, 300px\" data-recalc-dims=\"1\" \/><\/a><\/p>\n<p>Pero no todo fueron p\u00e9rdidas. <strong>John Galliano<\/strong> (a sus pies) volvi\u00f3 al mundo de la moda como director creativo de <strong>Maison Martin Margiela<\/strong>. Adem\u00e1s <strong>Nicol\u00e1s Ghesqui\u00e8re<\/strong> hizo su debut en <strong>Louis Vuitton<\/strong> en uno de los desfiles m\u00e1s esperados de la <strong>Semana de la Moda de Par\u00eds <\/strong>de marzo.<\/p>\n<p><a href=\"https:\/\/i0.wp.com\/www.moda.es\/blog\/wp-content\/uploads\/2014\/12\/20143.jpg\"><img data-attachment-id=\"18696\" data-permalink=\"http:\/\/www.moda.es\/blog\/2014-un-ano-lleno-de-moda-i\/attachment\/20143\/\" data-orig-file=\"https:\/\/i0.wp.com\/www.moda.es\/blog\/wp-content\/uploads\/2014\/12\/20143.jpg?fit=650%2C650\" data-orig-size=\"650,650\" data-comments-opened=\"1\" data-image-meta=\"{&quot;aperture&quot;:&quot;0&quot;,&quot;credit&quot;:&quot;&quot;,&quot;camera&quot;:&quot;&quot;,&quot;caption&quot;:&quot;&quot;,&quot;created_timestamp&quot;:&quot;0&quot;,&quot;copyright&quot;:&quot;&quot;,&quot;focal_length&quot;:&quot;0&quot;,&quot;iso&quot;:&quot;0&quot;,&quot;shutter_speed&quot;:&quot;0&quot;,&quot;title&quot;:&quot;&quot;}\" data-image-title=\"20143\" data-image-description=\"\" data-image-caption=\"\" data-medium-file=\"https:\/\/i0.wp.com\/www.moda.es\/blog\/wp-content\/uploads\/2014\/12\/20143.jpg?fit=300%2C300\" data-large-file=\"https:\/\/i0.wp.com\/www.moda.es\/blog\/wp-content\/uploads\/2014\/12\/20143.jpg?fit=640%2C640\" loading=\"lazy\" class=\"aligncenter size-medium wp-image-18696\" alt=\"20143\" src=\"https:\/\/i0.wp.com\/www.moda.es\/blog\/wp-content\/uploads\/2014\/12\/20143.jpg?resize=300%2C300\" width=\"300\" height=\"300\" srcset=\"https:\/\/i0.wp.com\/www.moda.es\/blog\/wp-content\/uploads\/2014\/12\/20143.jpg?resize=300%2C300 300w, https:\/\/i0.wp.com\/www.moda.es\/blog\/wp-content\/uploads\/2014\/12\/20143.jpg?resize=150%2C150 150w, https:\/\/i0.wp.com\/www.moda.es\/blog\/wp-content\/uploads\/2014\/12\/20143.jpg?resize=420%2C420 420w, https:\/\/i0.wp.com\/www.moda.es\/blog\/wp-content\/uploads\/2014\/12\/20143.jpg?resize=120%2C120 120w, https:\/\/i0.wp.com\/www.moda.es\/blog\/wp-content\/uploads\/2014\/12\/20143.jpg?w=650 650w\" sizes=\"(max-width: 300px) 100vw, 300px\" data-recalc-dims=\"1\" \/><\/a><\/p>\n<p>Adem\u00e1s, <strong>Mulberry<\/strong> al fin nombr\u00f3 nuevo director creativo. La marca languidec\u00eda por la mala gesti\u00f3n financiera tras la marcha de <strong>Emma Hill<\/strong> en 2013 pero ha llegado <strong>Johnny Coca,<\/strong> el ex timonel de la divisi\u00f3n de accesorios de <strong>C\u00e9line<\/strong>, y resposanble de algunas de las mayores tendencias de los \u00faltimos <strong>cuatro a\u00f1os<\/strong>. Eso significa que tenemos muchas esperanzas para el nuevo Mulberry, estamos deseando verlo saltar a la vida en 2015.<\/p>\n<p><a href=\"https:\/\/i0.wp.com\/www.moda.es\/blog\/wp-content\/uploads\/2014\/12\/20144.jpg\"><img data-attachment-id=\"18697\" data-permalink=\"http:\/\/www.moda.es\/blog\/2014-un-ano-lleno-de-moda-i\/attachment\/20144\/\" data-orig-file=\"https:\/\/i0.wp.com\/www.moda.es\/blog\/wp-content\/uploads\/2014\/12\/20144.jpg?fit=650%2C841\" data-orig-size=\"650,841\" data-comments-opened=\"1\" data-image-meta=\"{&quot;aperture&quot;:&quot;0&quot;,&quot;credit&quot;:&quot;&quot;,&quot;camera&quot;:&quot;&quot;,&quot;caption&quot;:&quot;&quot;,&quot;created_timestamp&quot;:&quot;0&quot;,&quot;copyright&quot;:&quot;H &amp; M Hennes &amp; Mauritz&quot;,&quot;focal_length&quot;:&quot;0&quot;,&quot;iso&quot;:&quot;0&quot;,&quot;shutter_speed&quot;:&quot;0&quot;,&quot;title&quot;:&quot;&quot;}\" data-image-title=\"20144\" data-image-description=\"\" data-image-caption=\"\" data-medium-file=\"https:\/\/i0.wp.com\/www.moda.es\/blog\/wp-content\/uploads\/2014\/12\/20144.jpg?fit=231%2C300\" data-large-file=\"https:\/\/i0.wp.com\/www.moda.es\/blog\/wp-content\/uploads\/2014\/12\/20144.jpg?fit=640%2C828\" loading=\"lazy\" class=\"aligncenter size-medium wp-image-18697\" alt=\"20144\" src=\"https:\/\/i0.wp.com\/www.moda.es\/blog\/wp-content\/uploads\/2014\/12\/20144.jpg?resize=231%2C300\" width=\"231\" height=\"300\" srcset=\"https:\/\/i0.wp.com\/www.moda.es\/blog\/wp-content\/uploads\/2014\/12\/20144.jpg?resize=231%2C300 231w, https:\/\/i0.wp.com\/www.moda.es\/blog\/wp-content\/uploads\/2014\/12\/20144.jpg?resize=420%2C543 420w, https:\/\/i0.wp.com\/www.moda.es\/blog\/wp-content\/uploads\/2014\/12\/20144.jpg?w=650 650w\" sizes=\"(max-width: 231px) 100vw, 231px\" data-recalc-dims=\"1\" \/><\/a><\/p>\n<p>En el plano<em><strong> low cost<\/strong><\/em>, tuvimos el ya tradicional <em>affair<\/em> entre <strong>H&amp;M<\/strong> y una gran dise\u00f1ador. El flamante elegido fue Alexander Wang, que desarroll\u00f3 una colecci\u00f3n de clara tendencia <strong><em>sporty.<\/em><\/strong><\/p>\n<p>\u00bfCu\u00e1l ha sido en tu opini\u00f3n la noticia m\u00e1s sorprendente de este a\u00f1o?<\/p>\n<p>\u00a9Fashion Telegraph                             <\/p>\n","protected":false},"excerpt":{"rendered":"<p>Ya no queda nada. En apenas 4 d\u00edas 2014 terminar\u00e1 y dar\u00e1 paso a un nuevo 2015 lleno de sorpresas y sobre todo de mucha moda. Vamos a dar un repaso a las noticias m\u00e1s importantes que nos ha dejado el mundo fashion en este a\u00f1o. Adi\u00f3s maestro. El gran [&hellip;]<\/p>\n","protected":false},"author":3,"featured_media":18694,"comment_status":"open","ping_status":"open","sticky":false,"template":"","format":"standard","meta":{"jetpack_publicize_message":"","jetpack_is_tweetstorm":false,"jetpack_publicize_feature_enabled":true},"categories":[3,11,12,14],"tags":[179,306,443,1119,495,548,643,665,682,818],"jetpack_publicize_connections":[],"jetpack_featured_media_url":"https:\/\/i0.wp.com\/www.moda.es\/blog\/wp-content\/uploads\/2014\/12\/20141.jpg?fit=650%2C729","jetpack_sharing_enabled":true,"jetpack_shortlink":"https:\/\/wp.me\/p4tJCC-4Rv","jetpack-related-posts":[{"id":18789,"url":"http:\/\/www.moda.es\/blog\/mick-jagger-dona-becas-lwren-scott-a-la-central-saint-martins\/","url_meta":{"origin":18693,"position":0},"title":"Mick Jagger dona becas L&#8217;Wren Scott a la Central Saint Martins","date":"enero 17, 2015","format":false,"excerpt":"Sir Mick Jagger ha donado un programa de becas de tres a\u00f1os para los estudiantes de moda de la Central Saint Martins de Londres, en memoria de su fallecida amiga L'Wren Scott. El programa de becas se llevar\u00e1 a cabo durante tres a\u00f1os, y cubrir\u00e1 los gastos de un estudiante\u00a0\u2026","rel":"","context":"En \u00abActualidad\u00bb","img":{"alt_text":"","src":"https:\/\/i0.wp.com\/www.moda.es\/blog\/wp-content\/uploads\/2015\/01\/mjlws.jpg?fit=650%2C395&resize=350%2C200","width":350,"height":200},"classes":[]},{"id":17333,"url":"http:\/\/www.moda.es\/blog\/lwren-scott-el-nuevo-premio-de-la-moda\/","url_meta":{"origin":18693,"position":1},"title":"L&#8217;Wren Scott, el nuevo premio de la moda","date":"marzo 29, 2014","format":false,"excerpt":"Porque siempre hay que sacar algo bueno de los acontecimientos negativos, se ha creado un nuevo premio de moda con el nombre de L' Wren Scott para celebrar los nuevos talentos del sector. Despu\u00e9s de la muerte de Scott el pasado 17 de marzo, la familia de la creadora pidi\u00f3\u2026","rel":"","context":"En \u00abActualidad\u00bb","img":{"alt_text":"","src":"https:\/\/i0.wp.com\/www.moda.es\/blog\/wp-content\/uploads\/2014\/03\/lwren.jpg?fit=650%2C971&resize=350%2C200","width":350,"height":200},"classes":[]},{"id":13285,"url":"http:\/\/www.moda.es\/blog\/lwren-scott-se-une-a-banana-republic\/","url_meta":{"origin":18693,"position":2},"title":"L&#8217;Wren Scott se une a Banana Republic","date":"julio 10, 2013","format":false,"excerpt":"Es conocida por sus vestidos de corte de Alta Costura y precios disparatados, y este proyecto\u00a0 ha supuesto todo un reto que ha afrontado con ganas e ilusi\u00f3n. Tras recibir m\u00faltiples propuestas de diferentes marcas pero finalmente ha sido Banana Republic quien se ha llevado el \"s\u00ed, quiero\". La dise\u00f1adora\u2026","rel":"","context":"En \u00abColecciones\u00bb","img":{"alt_text":"","src":"https:\/\/i0.wp.com\/www.moda.es\/blog\/wp-content\/uploads\/2013\/07\/LWren-Scott.jpg?fit=400%2C600&resize=350%2C200","width":350,"height":200},"classes":[]},{"id":16163,"url":"http:\/\/www.moda.es\/blog\/hasta-siempre-senora-scott\/","url_meta":{"origin":18693,"position":3},"title":"Hasta siempre se\u00f1ora Scott","date":"marzo 17, 2014","format":false,"excerpt":"Como siempre, los grandes se van demasiado pronto y hoy la moda cierra el d\u00eda con una partida que se adelanta en exceso. La creadora L'Wren Scott ha decidido hoy acabar con su vida y la moda se siente un poquito m\u00e1s hu\u00e9rfana. La alt\u00edsima\u00a0 dise\u00f1adora fue una ni\u00f1a\u00a0 feliz\u2026","rel":"","context":"En \u00abActualidad\u00bb","img":{"alt_text":"","src":"https:\/\/i0.wp.com\/www.moda.es\/blog\/wp-content\/uploads\/2014\/03\/lwren-scott1.jpg?fit=500%2C818&resize=350%2C200","width":350,"height":200},"classes":[]},{"id":15324,"url":"http:\/\/www.moda.es\/blog\/un-ano-lleno-de-grandes-momentos-de-alfombra-roja\/","url_meta":{"origin":18693,"position":4},"title":"Un a\u00f1o lleno de grandes momentos de alfombra roja","date":"diciembre 27, 2013","format":false,"excerpt":"Con 2014 a punto de llegar y pensado en nuestros propios vestidos para todas las fiestas que se suceden estos d\u00edas, es un buen momento para echar la vista atr\u00e1s y recordar los vetidos con los que las celebrities nos han sorprendido este a\u00f1o en su paso por la alfombra\u2026","rel":"","context":"En \u00abAlfombra Roja\u00bb","img":{"alt_text":"","src":"https:\/\/i0.wp.com\/www.moda.es\/blog\/wp-content\/uploads\/2013\/12\/Los-vestidos-de-2013-1.jpg?resize=350%2C200","width":350,"height":200},"classes":[]},{"id":13647,"url":"http:\/\/www.moda.es\/blog\/hasta-donde-va-a-llegar-galliano-en-oscar-de-la-renta\/","url_meta":{"origin":18693,"position":5},"title":"\u00bfHasta d\u00f3nde va a llegar Galliano en \u00d3scar de la Renta?","date":"agosto 9, 2013","format":false,"excerpt":"Desde que en marzo de 2011 John Galliano fuera fulminantemente despedido de Christian Dior, todos sus fans nos hicimos la gran pregunta: \u00bfVa a ser desterrado permanentemente del mundo de la moda? \u00bfVa a perder el dise\u00f1o a este maestro de la creaci\u00f3n? No se nos ocurr\u00eda peor noticia. Sin\u2026","rel":"","context":"En \u00abActualidad\u00bb","img":{"alt_text":"","src":"https:\/\/i0.wp.com\/www.moda.es\/blog\/wp-content\/uploads\/2013\/08\/John-Galliano.jpg?fit=500%2C750&resize=350%2C200","width":350,"height":200},"classes":[]}],"_links":{"self":[{"href":"http:\/\/www.moda.es\/blog\/wp-json\/wp\/v2\/posts\/18693"}],"collection":[{"href":"http:\/\/www.moda.es\/blog\/wp-json\/wp\/v2\/posts"}],"about":[{"href":"http:\/\/www.moda.es\/blog\/wp-json\/wp\/v2\/types\/post"}],"author":[{"embeddable":true,"href":"http:\/\/www.moda.es\/blog\/wp-json\/wp\/v2\/users\/3"}],"replies":[{"embeddable":true,"href":"http:\/\/www.moda.es\/blog\/wp-json\/wp\/v2\/comments?post=18693"}],"version-history":[{"count":6,"href":"http:\/\/www.moda.es\/blog\/wp-json\/wp\/v2\/posts\/18693\/revisions"}],"predecessor-version":[{"id":36224,"href":"http:\/\/www.moda.es\/blog\/wp-json\/wp\/v2\/posts\/18693\/revisions\/36224"}],"wp:featuredmedia":[{"embeddable":true,"href":"http:\/\/www.moda.es\/blog\/wp-json\/wp\/v2\/media\/18694"}],"wp:attachment":[{"href":"http:\/\/www.moda.es\/blog\/wp-json\/wp\/v2\/media?parent=18693"}],"wp:term":[{"taxonomy":"category","embeddable":true,"href":"http:\/\/www.moda.es\/blog\/wp-json\/wp\/v2\/categories?post=18693"},{"taxonomy":"post_tag","embeddable":true,"href":"http:\/\/www.moda.es\/blog\/wp-json\/wp\/v2\/tags?post=18693"}],"curies":[{"name":"wp","href":"https:\/\/api.w.org\/{rel}","templated":true}]}}