{"id":18657,"date":"2014-12-20T16:56:48","date_gmt":"2014-12-20T15:56:48","guid":{"rendered":"http:\/\/www.moda.es\/blog\/?p=18657"},"modified":"2020-04-27T17:11:30","modified_gmt":"2020-04-27T16:11:30","slug":"nicki-minaj-para-roberto-cavalli","status":"publish","type":"post","link":"http:\/\/www.moda.es\/blog\/nicki-minaj-para-roberto-cavalli\/","title":{"rendered":"Nicki Minaj para Roberto Cavalli"},"content":{"rendered":"<p>Cantante, rapera, curvil\u00ednea, actriz ocasional y ahora tambi\u00e9n modelo. La cantante <strong>Nick Minaj<\/strong> quiere seguir ampliando su curr\u00edculum protagonizando la campa\u00f1a <strong>primavera &#8211; verano 2015<\/strong> de <strong>Roberto Cavalli, <\/strong>tomando as\u00ed el relevo de <strong>Rita Ora<\/strong> que fue la imagen para la campa\u00f1a de este oto\u00f1o.<\/p>\n<p><a href=\"https:\/\/i0.wp.com\/www.moda.es\/blog\/wp-content\/uploads\/2014\/12\/nmrc.jpg\"><img data-attachment-id=\"18658\" data-permalink=\"http:\/\/www.moda.es\/blog\/nicki-minaj-para-roberto-cavalli\/nmrc\/\" data-orig-file=\"https:\/\/i0.wp.com\/www.moda.es\/blog\/wp-content\/uploads\/2014\/12\/nmrc.jpg?fit=650%2C884\" data-orig-size=\"650,884\" data-comments-opened=\"1\" data-image-meta=\"{&quot;aperture&quot;:&quot;0&quot;,&quot;credit&quot;:&quot;&quot;,&quot;camera&quot;:&quot;&quot;,&quot;caption&quot;:&quot;&quot;,&quot;created_timestamp&quot;:&quot;0&quot;,&quot;copyright&quot;:&quot;&quot;,&quot;focal_length&quot;:&quot;0&quot;,&quot;iso&quot;:&quot;0&quot;,&quot;shutter_speed&quot;:&quot;0&quot;,&quot;title&quot;:&quot;&quot;}\" data-image-title=\"nmrc\" data-image-description=\"\" data-image-caption=\"\" data-medium-file=\"https:\/\/i0.wp.com\/www.moda.es\/blog\/wp-content\/uploads\/2014\/12\/nmrc.jpg?fit=220%2C300\" data-large-file=\"https:\/\/i0.wp.com\/www.moda.es\/blog\/wp-content\/uploads\/2014\/12\/nmrc.jpg?fit=640%2C870\" loading=\"lazy\" class=\"aligncenter size-medium wp-image-18658\" alt=\"nmrc\" src=\"https:\/\/i0.wp.com\/www.moda.es\/blog\/wp-content\/uploads\/2014\/12\/nmrc.jpg?resize=220%2C300\" width=\"220\" height=\"300\" srcset=\"https:\/\/i0.wp.com\/www.moda.es\/blog\/wp-content\/uploads\/2014\/12\/nmrc.jpg?resize=220%2C300 220w, https:\/\/i0.wp.com\/www.moda.es\/blog\/wp-content\/uploads\/2014\/12\/nmrc.jpg?resize=420%2C571 420w, https:\/\/i0.wp.com\/www.moda.es\/blog\/wp-content\/uploads\/2014\/12\/nmrc.jpg?w=650 650w\" sizes=\"(max-width: 220px) 100vw, 220px\" data-recalc-dims=\"1\" \/><\/a><br \/>\n\u00abEleg\u00ed a Nicki Minaj porque encarna la <strong>feminidad exuberante y moderna<\/strong> de la mujer Cavalli\u00bb explic\u00f3 el dise\u00f1ador 74 a\u00f1os de edad. Y es que si algo caracteriza a Cavalli son sus dise\u00f1os extravaganttes de cortes descarados.<\/p>\n<p><a href=\"https:\/\/i0.wp.com\/www.moda.es\/blog\/wp-content\/uploads\/2014\/12\/nmrc6.jpg\"><img data-attachment-id=\"18659\" data-permalink=\"http:\/\/www.moda.es\/blog\/nicki-minaj-para-roberto-cavalli\/nmrc6\/\" data-orig-file=\"https:\/\/i0.wp.com\/www.moda.es\/blog\/wp-content\/uploads\/2014\/12\/nmrc6.jpg?fit=650%2C408\" data-orig-size=\"650,408\" data-comments-opened=\"1\" data-image-meta=\"{&quot;aperture&quot;:&quot;0&quot;,&quot;credit&quot;:&quot;&quot;,&quot;camera&quot;:&quot;&quot;,&quot;caption&quot;:&quot;&quot;,&quot;created_timestamp&quot;:&quot;0&quot;,&quot;copyright&quot;:&quot;&quot;,&quot;focal_length&quot;:&quot;0&quot;,&quot;iso&quot;:&quot;0&quot;,&quot;shutter_speed&quot;:&quot;0&quot;,&quot;title&quot;:&quot;&quot;}\" data-image-title=\"nmrc6\" data-image-description=\"\" data-image-caption=\"\" data-medium-file=\"https:\/\/i0.wp.com\/www.moda.es\/blog\/wp-content\/uploads\/2014\/12\/nmrc6.jpg?fit=300%2C188\" data-large-file=\"https:\/\/i0.wp.com\/www.moda.es\/blog\/wp-content\/uploads\/2014\/12\/nmrc6.jpg?fit=640%2C402\" loading=\"lazy\" class=\"aligncenter size-medium wp-image-18659\" alt=\"nmrc6\" src=\"https:\/\/i0.wp.com\/www.moda.es\/blog\/wp-content\/uploads\/2014\/12\/nmrc6.jpg?resize=300%2C188\" width=\"300\" height=\"188\" srcset=\"https:\/\/i0.wp.com\/www.moda.es\/blog\/wp-content\/uploads\/2014\/12\/nmrc6.jpg?resize=300%2C188 300w, https:\/\/i0.wp.com\/www.moda.es\/blog\/wp-content\/uploads\/2014\/12\/nmrc6.jpg?resize=420%2C263 420w, https:\/\/i0.wp.com\/www.moda.es\/blog\/wp-content\/uploads\/2014\/12\/nmrc6.jpg?w=650 650w\" sizes=\"(max-width: 300px) 100vw, 300px\" data-recalc-dims=\"1\" \/><\/a><\/p>\n<p><a href=\"https:\/\/i0.wp.com\/www.moda.es\/blog\/wp-content\/uploads\/2014\/12\/nmrc3.jpg\"><img data-attachment-id=\"18660\" data-permalink=\"http:\/\/www.moda.es\/blog\/nicki-minaj-para-roberto-cavalli\/nmrc3\/\" data-orig-file=\"https:\/\/i0.wp.com\/www.moda.es\/blog\/wp-content\/uploads\/2014\/12\/nmrc3.jpg?fit=650%2C535\" data-orig-size=\"650,535\" data-comments-opened=\"1\" data-image-meta=\"{&quot;aperture&quot;:&quot;0&quot;,&quot;credit&quot;:&quot;&quot;,&quot;camera&quot;:&quot;&quot;,&quot;caption&quot;:&quot;&quot;,&quot;created_timestamp&quot;:&quot;0&quot;,&quot;copyright&quot;:&quot;&quot;,&quot;focal_length&quot;:&quot;0&quot;,&quot;iso&quot;:&quot;0&quot;,&quot;shutter_speed&quot;:&quot;0&quot;,&quot;title&quot;:&quot;&quot;}\" data-image-title=\"nmrc3\" data-image-description=\"\" data-image-caption=\"\" data-medium-file=\"https:\/\/i0.wp.com\/www.moda.es\/blog\/wp-content\/uploads\/2014\/12\/nmrc3.jpg?fit=300%2C246\" data-large-file=\"https:\/\/i0.wp.com\/www.moda.es\/blog\/wp-content\/uploads\/2014\/12\/nmrc3.jpg?fit=640%2C527\" loading=\"lazy\" class=\"aligncenter size-medium wp-image-18660\" alt=\"nmrc3\" src=\"https:\/\/i0.wp.com\/www.moda.es\/blog\/wp-content\/uploads\/2014\/12\/nmrc3.jpg?resize=300%2C246\" width=\"300\" height=\"246\" srcset=\"https:\/\/i0.wp.com\/www.moda.es\/blog\/wp-content\/uploads\/2014\/12\/nmrc3.jpg?resize=300%2C246 300w, https:\/\/i0.wp.com\/www.moda.es\/blog\/wp-content\/uploads\/2014\/12\/nmrc3.jpg?resize=420%2C345 420w, https:\/\/i0.wp.com\/www.moda.es\/blog\/wp-content\/uploads\/2014\/12\/nmrc3.jpg?w=650 650w\" sizes=\"(max-width: 300px) 100vw, 300px\" data-recalc-dims=\"1\" \/><\/a><\/p>\n<p>Y es que al parecer, ha sido el generoso trasero de Minaj lo que despert\u00f3 la atenci\u00f3n del florentino: \u00abEn los \u00faltimos a\u00f1os nos hemos acostumbrado a las mujeres castigadas con <strong>prendas que ocultan las formas de su cuerpo<\/strong>\u00ab, ha afirmado. \u00abCon esta campa\u00f1a, qe quer\u00eda enviar un mensaje fuerte de <strong>contratendencia.<\/strong> Buscaba una <strong>mujer sensual<\/strong> que es <strong>consciente de su cuerpo<\/strong>, que no tiene miedo de mostrar sus curvas, y que hacen de ellas una fortaleza\u00bb. \u00a1Bravo se\u00f1or Cavalli! S\u00f3lo espero que en su pr\u00f3ximo desfile sigue con estos pensamientos.<\/p>\n<p><a href=\"https:\/\/i0.wp.com\/www.moda.es\/blog\/wp-content\/uploads\/2014\/12\/nmrc2.jpg\"><img data-attachment-id=\"18661\" data-permalink=\"http:\/\/www.moda.es\/blog\/nicki-minaj-para-roberto-cavalli\/nmrc2\/\" data-orig-file=\"https:\/\/i0.wp.com\/www.moda.es\/blog\/wp-content\/uploads\/2014\/12\/nmrc2.jpg?fit=650%2C401\" data-orig-size=\"650,401\" data-comments-opened=\"1\" data-image-meta=\"{&quot;aperture&quot;:&quot;0&quot;,&quot;credit&quot;:&quot;&quot;,&quot;camera&quot;:&quot;&quot;,&quot;caption&quot;:&quot;&quot;,&quot;created_timestamp&quot;:&quot;0&quot;,&quot;copyright&quot;:&quot;&quot;,&quot;focal_length&quot;:&quot;0&quot;,&quot;iso&quot;:&quot;0&quot;,&quot;shutter_speed&quot;:&quot;0&quot;,&quot;title&quot;:&quot;&quot;}\" data-image-title=\"nmrc2\" data-image-description=\"\" data-image-caption=\"\" data-medium-file=\"https:\/\/i0.wp.com\/www.moda.es\/blog\/wp-content\/uploads\/2014\/12\/nmrc2.jpg?fit=300%2C185\" data-large-file=\"https:\/\/i0.wp.com\/www.moda.es\/blog\/wp-content\/uploads\/2014\/12\/nmrc2.jpg?fit=640%2C395\" loading=\"lazy\" class=\"aligncenter size-medium wp-image-18661\" alt=\"nmrc2\" src=\"https:\/\/i0.wp.com\/www.moda.es\/blog\/wp-content\/uploads\/2014\/12\/nmrc2.jpg?resize=300%2C185\" width=\"300\" height=\"185\" srcset=\"https:\/\/i0.wp.com\/www.moda.es\/blog\/wp-content\/uploads\/2014\/12\/nmrc2.jpg?resize=300%2C185 300w, https:\/\/i0.wp.com\/www.moda.es\/blog\/wp-content\/uploads\/2014\/12\/nmrc2.jpg?resize=420%2C259 420w, https:\/\/i0.wp.com\/www.moda.es\/blog\/wp-content\/uploads\/2014\/12\/nmrc2.jpg?w=650 650w\" sizes=\"(max-width: 300px) 100vw, 300px\" data-recalc-dims=\"1\" \/><\/a><\/p>\n<p><strong>Francesco Carrozzini<\/strong> fotografi\u00f3 a la cantante con una conjunto de im\u00e1genes que evocan el estilo de vida lujoso de la mujer de Roberto Cavalli con vestidos con los ic\u00f3nicos estampados de <strong>cebra<\/strong> de Cavalli y tops bordados.<\/p>\n<p><a href=\"https:\/\/i0.wp.com\/www.moda.es\/blog\/wp-content\/uploads\/2014\/12\/nmrc5.jpg\"><img data-attachment-id=\"18662\" data-permalink=\"http:\/\/www.moda.es\/blog\/nicki-minaj-para-roberto-cavalli\/nmrc5\/\" data-orig-file=\"https:\/\/i0.wp.com\/www.moda.es\/blog\/wp-content\/uploads\/2014\/12\/nmrc5.jpg?fit=650%2C502\" data-orig-size=\"650,502\" data-comments-opened=\"1\" data-image-meta=\"{&quot;aperture&quot;:&quot;0&quot;,&quot;credit&quot;:&quot;&quot;,&quot;camera&quot;:&quot;&quot;,&quot;caption&quot;:&quot;&quot;,&quot;created_timestamp&quot;:&quot;0&quot;,&quot;copyright&quot;:&quot;&quot;,&quot;focal_length&quot;:&quot;0&quot;,&quot;iso&quot;:&quot;0&quot;,&quot;shutter_speed&quot;:&quot;0&quot;,&quot;title&quot;:&quot;&quot;}\" data-image-title=\"nmrc5\" data-image-description=\"\" data-image-caption=\"\" data-medium-file=\"https:\/\/i0.wp.com\/www.moda.es\/blog\/wp-content\/uploads\/2014\/12\/nmrc5.jpg?fit=300%2C231\" data-large-file=\"https:\/\/i0.wp.com\/www.moda.es\/blog\/wp-content\/uploads\/2014\/12\/nmrc5.jpg?fit=640%2C494\" loading=\"lazy\" class=\"aligncenter size-medium wp-image-18662\" alt=\"nmrc5\" src=\"https:\/\/i0.wp.com\/www.moda.es\/blog\/wp-content\/uploads\/2014\/12\/nmrc5.jpg?resize=300%2C231\" width=\"300\" height=\"231\" srcset=\"https:\/\/i0.wp.com\/www.moda.es\/blog\/wp-content\/uploads\/2014\/12\/nmrc5.jpg?resize=300%2C231 300w, https:\/\/i0.wp.com\/www.moda.es\/blog\/wp-content\/uploads\/2014\/12\/nmrc5.jpg?resize=420%2C324 420w, https:\/\/i0.wp.com\/www.moda.es\/blog\/wp-content\/uploads\/2014\/12\/nmrc5.jpg?w=650 650w\" sizes=\"(max-width: 300px) 100vw, 300px\" data-recalc-dims=\"1\" \/><\/a><br \/>\nEl hecho de que uno de los grandes hits de Minaj se titule <strong>Anaconda<\/strong> y que el logotipo de Roberto Cavalli sea la serpiente hace a\u00fan m\u00e1s l\u00f3gica esta uni\u00f3n.\u00a0 \u00a1Moveremos las caderas con Minaj y Cavalli!<\/p>\n<p>&nbsp;<\/p>\n<p>\u00a9Fashion Telegraph                             <\/p>\n","protected":false},"excerpt":{"rendered":"<p>Cantante, rapera, curvil\u00ednea, actriz ocasional y ahora tambi\u00e9n modelo. La cantante Nick Minaj quiere seguir ampliando su curr\u00edculum protagonizando la campa\u00f1a primavera &#8211; verano 2015 de Roberto Cavalli, tomando as\u00ed el relevo de Rita Ora que fue la imagen para la campa\u00f1a de este oto\u00f1o. \u00abEleg\u00ed a Nicki Minaj porque [&hellip;]<\/p>\n","protected":false},"author":3,"featured_media":18658,"comment_status":"open","ping_status":"open","sticky":false,"template":"","format":"standard","meta":{"jetpack_publicize_message":"","jetpack_is_tweetstorm":false,"jetpack_publicize_feature_enabled":true},"categories":[3,8,11,12,15],"tags":[1133,1132,769,773],"jetpack_publicize_connections":[],"jetpack_featured_media_url":"https:\/\/i0.wp.com\/www.moda.es\/blog\/wp-content\/uploads\/2014\/12\/nmrc.jpg?fit=650%2C884","jetpack_sharing_enabled":true,"jetpack_shortlink":"https:\/\/wp.me\/p4tJCC-4QV","jetpack-related-posts":[{"id":19431,"url":"http:\/\/www.moda.es\/blog\/ciara-nueva-imagen-de-roberto-cavalli\/","url_meta":{"origin":18657,"position":0},"title":"Ciara, nueva imagen de Roberto Cavalli","date":"mayo 30, 2015","format":false,"excerpt":"Tras Nicki Minaj, la cantante de hip-hop toma el relevo en el que es su debut como modelo. Ciara es as\u00ed\u00a0 la nueva imagen de campa\u00f1a para la marca italiana en la temporada oto\u00f1o - invierno 2015. Las im\u00e1genes, que han sido fotografiadas por Francesco Carrozzini, muestran a la artista\u2026","rel":"","context":"En \u00abActualidad\u00bb","img":{"alt_text":"","src":"https:\/\/i0.wp.com\/www.moda.es\/blog\/wp-content\/uploads\/2015\/05\/ciara1.jpg?fit=650%2C433&resize=350%2C200","width":350,"height":200},"classes":[]},{"id":17594,"url":"http:\/\/www.moda.es\/blog\/rita-ora-posible-nueva-imagen-de-roberto-cavalli\/","url_meta":{"origin":18657,"position":1},"title":"Rita Ora, posible nueva imagen de Roberto Cavalli","date":"mayo 1, 2014","format":false,"excerpt":"Se oyen rumores y apuntan a que la cantante Rita Ora podr\u00eda ser nueva chica Cavalli. Quiz\u00e1s no es la elecci\u00f3n que cualquiera hubiera hecho despu\u00e9s de haber sido denunciado por Superga tras violar su contrato dej\u00e1ndose fotografiar con zapatillas Converse pero este detalle no ha parecido importarle al dise\u00f1ador\u2026","rel":"","context":"En \u00abActualidad\u00bb","img":{"alt_text":"","src":"https:\/\/i0.wp.com\/www.moda.es\/blog\/wp-content\/uploads\/2014\/05\/rita-ora.jpg?fit=650%2C946&resize=350%2C200","width":350,"height":200},"classes":[]},{"id":15673,"url":"http:\/\/www.moda.es\/blog\/roberto-cavalli-responsable-de-la-transformacion-de-miley-cyrus\/","url_meta":{"origin":18657,"position":2},"title":"Roberto Cavalli, responsable de la transformaci\u00f3n de Miley Cyrus","date":"enero 23, 2014","format":false,"excerpt":"Con la campa\u00f1a primavera - verano 2014 de Miley Cyrus para Marc Jacobs reci\u00e9n estrenada, la cantante contin\u00faa su relaci\u00f3n con la moda con el anuncio de que Roberto Cavalli va a crear el vestuario para su pr\u00f3xima gira Bangerz. La pieza clave del look de Miley son los monos.\u2026","rel":"","context":"En \u00abDestacados\u00bb","img":{"alt_text":"","src":"https:\/\/i0.wp.com\/www.moda.es\/blog\/wp-content\/uploads\/2014\/01\/Roberto-Cavalli-31.jpg?fit=500%2C750&resize=350%2C200","width":350,"height":200},"classes":[]},{"id":18184,"url":"http:\/\/www.moda.es\/blog\/roberto-cavalli-denunciado-por-un-grupo-de-grafiteros\/","url_meta":{"origin":18657,"position":3},"title":"Roberto Cavalli denunciado por un grupo de grafiteros","date":"agosto 30, 2014","format":false,"excerpt":"Roberto Cavalli est\u00e1 siendo demandado por un grupo de artistas de graffiti con sede en California del Norte que lo han acusado de copiar su trabajo. Los artistas de la calle, Jason Williams, V\u00edctor Chapa y Jeffrey Rubin, presentaron una demanda en el Distrito Central de corte de California, alegando\u2026","rel":"","context":"En \u00abDestacados\u00bb","img":{"alt_text":"","src":"https:\/\/i0.wp.com\/www.moda.es\/blog\/wp-content\/uploads\/2014\/08\/Zara.jpg?fit=650%2C975&resize=350%2C200","width":350,"height":200},"classes":[]},{"id":22127,"url":"http:\/\/www.moda.es\/blog\/paul-surridge-nuevo-director-creativo-de-roberto-cavalli\/","url_meta":{"origin":18657,"position":4},"title":"Paul Surridge nuevo director creativo de Roberto Cavalli","date":"mayo 11, 2017","format":false,"excerpt":"Roberto Cavalli ha nombrado a Paul Surridge su nuevo director creativo, continuando la tendencia reciente de promover el talento \"secundario\", en lugar de contratar a un dise\u00f1ador estrella. Graduado en la\u00a0Central Saint Martins, Surridge es un desconocido relativo con larga experiencia en marcas de lujo en Nueva York, Londres y\u2026","rel":"","context":"En \u00abActualidad\u00bb","img":{"alt_text":"","src":"https:\/\/i0.wp.com\/www.moda.es\/blog\/wp-content\/uploads\/2017\/05\/3APaulSurridge1.jpg?fit=810%2C500&resize=350%2C200","width":350,"height":200},"classes":[]},{"id":21221,"url":"http:\/\/www.moda.es\/blog\/peter-dundas-sale-de-roberto-cavalli\/","url_meta":{"origin":18657,"position":5},"title":"Peter Dundas sale de Roberto Cavalli","date":"octubre 12, 2016","format":false,"excerpt":"La moda no se cansa del juego de sillas y Peter Dundas\u00a0ha anunciado su marcha\u00a0de Roberto Cavalli, despu\u00e9s de haber mostrado su \u00faltima colecci\u00f3n para la marca durante la Semana de la Moda de Mil\u00e1n el mes pasado. \"Quiero agradecer a Roberto Cavalli y al grupo de esta valiosa experiencia\u2026","rel":"","context":"En \u00abActualidad\u00bb","img":{"alt_text":"","src":"https:\/\/i0.wp.com\/www.moda.es\/blog\/wp-content\/uploads\/2016\/10\/Captura-de-pantalla-2016-10-12-a-las-17.40.42.png?fit=615%2C405&resize=350%2C200","width":350,"height":200},"classes":[]}],"_links":{"self":[{"href":"http:\/\/www.moda.es\/blog\/wp-json\/wp\/v2\/posts\/18657"}],"collection":[{"href":"http:\/\/www.moda.es\/blog\/wp-json\/wp\/v2\/posts"}],"about":[{"href":"http:\/\/www.moda.es\/blog\/wp-json\/wp\/v2\/types\/post"}],"author":[{"embeddable":true,"href":"http:\/\/www.moda.es\/blog\/wp-json\/wp\/v2\/users\/3"}],"replies":[{"embeddable":true,"href":"http:\/\/www.moda.es\/blog\/wp-json\/wp\/v2\/comments?post=18657"}],"version-history":[{"count":6,"href":"http:\/\/www.moda.es\/blog\/wp-json\/wp\/v2\/posts\/18657\/revisions"}],"predecessor-version":[{"id":36228,"href":"http:\/\/www.moda.es\/blog\/wp-json\/wp\/v2\/posts\/18657\/revisions\/36228"}],"wp:featuredmedia":[{"embeddable":true,"href":"http:\/\/www.moda.es\/blog\/wp-json\/wp\/v2\/media\/18658"}],"wp:attachment":[{"href":"http:\/\/www.moda.es\/blog\/wp-json\/wp\/v2\/media?parent=18657"}],"wp:term":[{"taxonomy":"category","embeddable":true,"href":"http:\/\/www.moda.es\/blog\/wp-json\/wp\/v2\/categories?post=18657"},{"taxonomy":"post_tag","embeddable":true,"href":"http:\/\/www.moda.es\/blog\/wp-json\/wp\/v2\/tags?post=18657"}],"curies":[{"name":"wp","href":"https:\/\/api.w.org\/{rel}","templated":true}]}}