{"id":18645,"date":"2014-12-16T23:45:48","date_gmt":"2014-12-16T22:45:48","guid":{"rendered":"http:\/\/www.moda.es\/blog\/?p=18645"},"modified":"2020-04-27T17:11:49","modified_gmt":"2020-04-27T16:11:49","slug":"dita-von-teese-y-louboutin-se-ponen-muy-sexies","status":"publish","type":"post","link":"http:\/\/www.moda.es\/blog\/dita-von-teese-y-louboutin-se-ponen-muy-sexies\/","title":{"rendered":"Dita von Teese y Louboutin se ponen muy sexies"},"content":{"rendered":"<p><strong>Dita Von Teese<\/strong> ha unido fuerzas con <strong>Christian Louboutin<\/strong> para lanzar una nueva colecci\u00f3n de <strong>lencer\u00eda.<\/strong> Se llamar\u00e1 <strong>XXXtian<\/strong> y ser\u00e1 lanzada como parte de la l\u00ednea de ropa interior de inspiraci\u00f3n <strong><em>vintage<\/em><\/strong> de la estrella del burlesque, <strong>Dita Von Teese Lingerie<\/strong>.<\/p>\n<p><a href=\"https:\/\/i0.wp.com\/www.moda.es\/blog\/wp-content\/uploads\/2014\/12\/ditavonteese2.jpg\"><img data-attachment-id=\"18646\" data-permalink=\"http:\/\/www.moda.es\/blog\/dita-von-teese-y-louboutin-se-ponen-muy-sexies\/ditavonteese2\/\" data-orig-file=\"https:\/\/i0.wp.com\/www.moda.es\/blog\/wp-content\/uploads\/2014\/12\/ditavonteese2.jpg?fit=650%2C975\" data-orig-size=\"650,975\" data-comments-opened=\"1\" data-image-meta=\"{&quot;aperture&quot;:&quot;0&quot;,&quot;credit&quot;:&quot;&quot;,&quot;camera&quot;:&quot;&quot;,&quot;caption&quot;:&quot;&quot;,&quot;created_timestamp&quot;:&quot;0&quot;,&quot;copyright&quot;:&quot;&quot;,&quot;focal_length&quot;:&quot;0&quot;,&quot;iso&quot;:&quot;0&quot;,&quot;shutter_speed&quot;:&quot;0&quot;,&quot;title&quot;:&quot;&quot;}\" data-image-title=\"ditavonteese2\" data-image-description=\"\" data-image-caption=\"\" data-medium-file=\"https:\/\/i0.wp.com\/www.moda.es\/blog\/wp-content\/uploads\/2014\/12\/ditavonteese2.jpg?fit=200%2C300\" data-large-file=\"https:\/\/i0.wp.com\/www.moda.es\/blog\/wp-content\/uploads\/2014\/12\/ditavonteese2.jpg?fit=640%2C960\" loading=\"lazy\" class=\"aligncenter size-medium wp-image-18646\" alt=\"ditavonteese2\" src=\"https:\/\/i0.wp.com\/www.moda.es\/blog\/wp-content\/uploads\/2014\/12\/ditavonteese2.jpg?resize=200%2C300\" width=\"200\" height=\"300\" srcset=\"https:\/\/i0.wp.com\/www.moda.es\/blog\/wp-content\/uploads\/2014\/12\/ditavonteese2.jpg?resize=200%2C300 200w, https:\/\/i0.wp.com\/www.moda.es\/blog\/wp-content\/uploads\/2014\/12\/ditavonteese2.jpg?resize=420%2C630 420w, https:\/\/i0.wp.com\/www.moda.es\/blog\/wp-content\/uploads\/2014\/12\/ditavonteese2.jpg?w=650 650w\" sizes=\"(max-width: 200px) 100vw, 200px\" data-recalc-dims=\"1\" \/><\/a><\/p>\n<p>Como parte de la colaboraci\u00f3n, Louboutin ha creado un exclusivo<strong> Toile de Jouy de seda italiana<\/strong>, con la que Von Teese ha dise\u00f1ado una\u00a0<strong>colecci\u00f3n c\u00e1psula<\/strong> de siete piezas de edici\u00f3n limitada muy sensuales que incluyen cors\u00e9s, ligueros y batas. Su nombre, XXXtian, hace referencia a la firma que el dise\u00f1ador de zapatos franc\u00e9s utiliza al final de sus mensajes de correo electr\u00f3nico, \u00abXtian\u00bb.<\/p>\n<p>\u00abLa Toile de Jouy es la esencia de la <strong>sofisticaci\u00f3n francesa<\/strong> femenina del siglo XVIII\u00bb, ha afirmado Louboutin. \u00abNadie puede estar m\u00e1s cerca de una moderna Mar\u00eda Antonieta que Dita sus curvas e ingenio est\u00e1n dedicados a adornar un lienzo ya sea un zapato o ropa interior divina.\u00bb<\/p>\n<p><a href=\"https:\/\/i0.wp.com\/www.moda.es\/blog\/wp-content\/uploads\/2014\/12\/ditavonteese3.jpg\"><img data-attachment-id=\"18647\" data-permalink=\"http:\/\/www.moda.es\/blog\/dita-von-teese-y-louboutin-se-ponen-muy-sexies\/ditavonteese3\/\" data-orig-file=\"https:\/\/i0.wp.com\/www.moda.es\/blog\/wp-content\/uploads\/2014\/12\/ditavonteese3.jpg?fit=650%2C433\" data-orig-size=\"650,433\" data-comments-opened=\"1\" data-image-meta=\"{&quot;aperture&quot;:&quot;0&quot;,&quot;credit&quot;:&quot;&quot;,&quot;camera&quot;:&quot;&quot;,&quot;caption&quot;:&quot;&quot;,&quot;created_timestamp&quot;:&quot;0&quot;,&quot;copyright&quot;:&quot;&quot;,&quot;focal_length&quot;:&quot;0&quot;,&quot;iso&quot;:&quot;0&quot;,&quot;shutter_speed&quot;:&quot;0&quot;,&quot;title&quot;:&quot;&quot;}\" data-image-title=\"ditavonteese3\" data-image-description=\"\" data-image-caption=\"\" data-medium-file=\"https:\/\/i0.wp.com\/www.moda.es\/blog\/wp-content\/uploads\/2014\/12\/ditavonteese3.jpg?fit=300%2C199\" data-large-file=\"https:\/\/i0.wp.com\/www.moda.es\/blog\/wp-content\/uploads\/2014\/12\/ditavonteese3.jpg?fit=640%2C426\" loading=\"lazy\" class=\"aligncenter size-medium wp-image-18647\" alt=\"ditavonteese3\" src=\"https:\/\/i0.wp.com\/www.moda.es\/blog\/wp-content\/uploads\/2014\/12\/ditavonteese3.jpg?resize=300%2C199\" width=\"300\" height=\"199\" srcset=\"https:\/\/i0.wp.com\/www.moda.es\/blog\/wp-content\/uploads\/2014\/12\/ditavonteese3.jpg?resize=300%2C199 300w, https:\/\/i0.wp.com\/www.moda.es\/blog\/wp-content\/uploads\/2014\/12\/ditavonteese3.jpg?w=650 650w, https:\/\/i0.wp.com\/www.moda.es\/blog\/wp-content\/uploads\/2014\/12\/ditavonteese3.jpg?resize=420%2C279 420w\" sizes=\"(max-width: 300px) 100vw, 300px\" data-recalc-dims=\"1\" \/><\/a><br \/>\nCon esta colecci\u00f3n es la primera incursi\u00f3n del dise\u00f1ador de zapatos franc\u00e9s en el mercado de la ropa interior y podemos prever grandes cosas.<\/p>\n<p>La estrella del <strong>burlesque<\/strong> de 42 a\u00f1os (s\u00ed, 42!) es conocido por su amor por la ropa interior, y ha creado varias l\u00edneas de ropa interior en el pasado.<\/p>\n<p><a href=\"https:\/\/i0.wp.com\/www.moda.es\/blog\/wp-content\/uploads\/2014\/12\/ditavonteese.jpg\"><img data-attachment-id=\"18648\" data-permalink=\"http:\/\/www.moda.es\/blog\/dita-von-teese-y-louboutin-se-ponen-muy-sexies\/ditavonteese\/\" data-orig-file=\"https:\/\/i0.wp.com\/www.moda.es\/blog\/wp-content\/uploads\/2014\/12\/ditavonteese.jpg?fit=650%2C650\" data-orig-size=\"650,650\" data-comments-opened=\"1\" data-image-meta=\"{&quot;aperture&quot;:&quot;0&quot;,&quot;credit&quot;:&quot;&quot;,&quot;camera&quot;:&quot;&quot;,&quot;caption&quot;:&quot;&quot;,&quot;created_timestamp&quot;:&quot;0&quot;,&quot;copyright&quot;:&quot;&quot;,&quot;focal_length&quot;:&quot;0&quot;,&quot;iso&quot;:&quot;0&quot;,&quot;shutter_speed&quot;:&quot;0&quot;,&quot;title&quot;:&quot;&quot;}\" data-image-title=\"ditavonteese\" data-image-description=\"\" data-image-caption=\"\" data-medium-file=\"https:\/\/i0.wp.com\/www.moda.es\/blog\/wp-content\/uploads\/2014\/12\/ditavonteese.jpg?fit=300%2C300\" data-large-file=\"https:\/\/i0.wp.com\/www.moda.es\/blog\/wp-content\/uploads\/2014\/12\/ditavonteese.jpg?fit=640%2C640\" loading=\"lazy\" class=\"aligncenter size-medium wp-image-18648\" alt=\"ditavonteese\" src=\"https:\/\/i0.wp.com\/www.moda.es\/blog\/wp-content\/uploads\/2014\/12\/ditavonteese.jpg?resize=300%2C300\" width=\"300\" height=\"300\" srcset=\"https:\/\/i0.wp.com\/www.moda.es\/blog\/wp-content\/uploads\/2014\/12\/ditavonteese.jpg?resize=300%2C300 300w, https:\/\/i0.wp.com\/www.moda.es\/blog\/wp-content\/uploads\/2014\/12\/ditavonteese.jpg?resize=150%2C150 150w, https:\/\/i0.wp.com\/www.moda.es\/blog\/wp-content\/uploads\/2014\/12\/ditavonteese.jpg?resize=420%2C420 420w, https:\/\/i0.wp.com\/www.moda.es\/blog\/wp-content\/uploads\/2014\/12\/ditavonteese.jpg?resize=120%2C120 120w, https:\/\/i0.wp.com\/www.moda.es\/blog\/wp-content\/uploads\/2014\/12\/ditavonteese.jpg?w=650 650w\" sizes=\"(max-width: 300px) 100vw, 300px\" data-recalc-dims=\"1\" \/><\/a><\/p>\n<p>\u00a9Glamour UK                             <\/p>\n","protected":false},"excerpt":{"rendered":"<p>Dita Von Teese ha unido fuerzas con Christian Louboutin para lanzar una nueva colecci\u00f3n de lencer\u00eda. Se llamar\u00e1 XXXtian y ser\u00e1 lanzada como parte de la l\u00ednea de ropa interior de inspiraci\u00f3n vintage de la estrella del burlesque, Dita Von Teese Lingerie. Como parte de la colaboraci\u00f3n, Louboutin ha creado [&hellip;]<\/p>\n","protected":false},"author":3,"featured_media":18646,"comment_status":"open","ping_status":"open","sticky":false,"template":"","format":"standard","meta":{"jetpack_publicize_message":"","jetpack_is_tweetstorm":false,"jetpack_publicize_feature_enabled":true},"categories":[3,11,12,14,17],"tags":[195,270,1131,547],"jetpack_publicize_connections":[],"jetpack_featured_media_url":"https:\/\/i0.wp.com\/www.moda.es\/blog\/wp-content\/uploads\/2014\/12\/ditavonteese2.jpg?fit=650%2C975","jetpack_sharing_enabled":true,"jetpack_shortlink":"https:\/\/wp.me\/p4tJCC-4QJ","jetpack-related-posts":[{"id":9454,"url":"http:\/\/www.moda.es\/blog\/de-maniqui-a-disenadora\/","url_meta":{"origin":18645,"position":0},"title":"De maniqu\u00ed a dise\u00f1adora","date":"diciembre 12, 2012","format":false,"excerpt":"Bailarina, modelo, actriz, gur\u00fa de la cosm\u00e9tica, \u00a0y sexy por naturaleza. Dita von Teese se ha creado a s\u00ed misma, su estilo, su personaje, su historia y todo un negocio alrededor de s\u00ed misma. Ella es \u00fanica. Hoy da un paso m\u00e1s y se lanza a crear su propia l\u00ednea\u2026","rel":"","context":"En \u00abColecciones\u00bb","img":{"alt_text":"","src":"https:\/\/i0.wp.com\/www.moda.es\/blog\/wp-content\/uploads\/2012\/12\/dita_von_teese_lanza_su_linea_de_lenceria_695214406_650x.jpg?fit=500%2C333&resize=350%2C200","width":350,"height":200},"classes":[]},{"id":7216,"url":"http:\/\/www.moda.es\/blog\/retrospectiva-de-las-suelas-rojas\/","url_meta":{"origin":18645,"position":1},"title":"Retrospectiva de las suelas rojas","date":"mayo 26, 2012","format":false,"excerpt":"Si decimos suela roja, adem\u00e1s de pensar en zapatos de alt\u00edsimos tacones, un nombre se dibujar\u00e1 en tu mente: Christian Louboutin. El dise\u00f1ador franc\u00e9s, que ha alzado al zapato como una accesorio de alta costura, recibe ahora un homenaje en forma de exposici\u00f3n retrospectiva en el Design Museum de Londres\u2026","rel":"","context":"En \u00abExposiciones\u00bb","img":{"alt_text":"","src":"https:\/\/i0.wp.com\/www.moda.es\/blog\/wp-content\/uploads\/2012\/05\/217120-e13380632911521.jpg?fit=450%2C675&resize=350%2C200","width":350,"height":200},"classes":[]},{"id":12562,"url":"http:\/\/www.moda.es\/blog\/el-lado-solidario-de-cara-y-marc-jacobs\/","url_meta":{"origin":18645,"position":2},"title":"El lado solidario de Cara y Marc Jacobs","date":"mayo 14, 2013","format":false,"excerpt":"No s\u00f3lo de fiestas, desfiles y nuevas colecciones vive la moda. A veces tambi\u00e9n sacan su lado m\u00e1s amable y comprometido y utilizan su poder para llevar iniciativas interesantes a las conciencias de las fashionistas. Cara\u00a0 Delevingne es la \u00faltima cara fashion (y por la naturaleza de la instant\u00e1nea, el\u2026","rel":"","context":"En \u00abDestacados\u00bb","img":{"alt_text":"","src":"https:\/\/i0.wp.com\/www.moda.es\/blog\/wp-content\/uploads\/2013\/05\/Cara-Delevingne-Marc-Jacobs-11.jpg?fit=500%2C750&resize=350%2C200","width":350,"height":200},"classes":[]},{"id":492,"url":"http:\/\/www.moda.es\/blog\/desnudando-la-piel-el-encaje-negro\/","url_meta":{"origin":18645,"position":3},"title":"Desnudando la piel: el encaje negro","date":"enero 11, 2011","format":false,"excerpt":"Del interior bien pegado al cuerpo al exterior m\u00e1s sugerente. Este ha sido el corto pero revelador camino que ha hecho el encaje. Hubo un tiempo en que este tejido s\u00f3lo se ve\u00eda en la intimidad. Hace a\u00f1os que se convirti\u00f3 en una elegante prenda o remate delicado para\u00a0sofisticados atuendos\u00a0femeninos.\u2026","rel":"","context":"En \u00abTendencias\u00bb","img":{"alt_text":"","src":"https:\/\/i0.wp.com\/www.moda.es\/blog\/wp-content\/uploads\/2011\/01\/oscar-de-la-renta-resort-2011-black-lace-flutter-skirt-with-jet-embroidered-waistband-mobile-wallpaper1.jpg?fit=320%2C480&resize=350%2C200","width":350,"height":200},"classes":[]},{"id":10541,"url":"http:\/\/www.moda.es\/blog\/louboutin-se-va-de-pesca\/","url_meta":{"origin":18645,"position":4},"title":"Louboutin se va de pesca","date":"febrero 2, 2013","format":false,"excerpt":"Cruzar las olas en un catamar\u00e1n, bucear, practicar esqu\u00ed acu\u00e1tico... \u00bfYa est\u00e1s pensando en las actividades playeras del pr\u00f3ximo verano? Pues olv\u00eddate de las emociones fuertes, este a\u00f1o practicaremos el sereno, apacible y noble arte de la pesca. Christian Louboutin ha presentado su \u00faltima colecci\u00f3n. Sexies, coquetos, atrevidos, femeninos y\u2026","rel":"","context":"En \u00abAccesorios\u00bb","img":{"alt_text":"","src":"https:\/\/i0.wp.com\/www.moda.es\/blog\/wp-content\/uploads\/2013\/02\/CB.jpg?fit=500%2C300&resize=350%2C200","width":350,"height":200},"classes":[]},{"id":1648,"url":"http:\/\/www.moda.es\/blog\/sombreros-imposibles\/","url_meta":{"origin":18645,"position":5},"title":"Sombreros imposibles","date":"abril 23, 2011","format":false,"excerpt":"As\u00ed son los que crea Stephen Jones, sombreros inconcebibles que se vuelven reales. \u00c9ste ingl\u00e9s es la mano m\u00e1gica de los sombreros.\u00a0Nacido en Cheshire y formado en Liverpool, lleg\u00f3 a la moda londinense en el momento de la explosi\u00f3n del llamado 'street style' de finales de los a\u00f1os 70. Por\u2026","rel":"","context":"En \u00abAccesorios\u00bb","img":{"alt_text":"","src":"https:\/\/i0.wp.com\/www.moda.es\/blog\/wp-content\/uploads\/2011\/04\/2-stephen-jones-hat-1982-de-241522421.jpg?fit=360%2C460&resize=350%2C200","width":350,"height":200},"classes":[]}],"_links":{"self":[{"href":"http:\/\/www.moda.es\/blog\/wp-json\/wp\/v2\/posts\/18645"}],"collection":[{"href":"http:\/\/www.moda.es\/blog\/wp-json\/wp\/v2\/posts"}],"about":[{"href":"http:\/\/www.moda.es\/blog\/wp-json\/wp\/v2\/types\/post"}],"author":[{"embeddable":true,"href":"http:\/\/www.moda.es\/blog\/wp-json\/wp\/v2\/users\/3"}],"replies":[{"embeddable":true,"href":"http:\/\/www.moda.es\/blog\/wp-json\/wp\/v2\/comments?post=18645"}],"version-history":[{"count":8,"href":"http:\/\/www.moda.es\/blog\/wp-json\/wp\/v2\/posts\/18645\/revisions"}],"predecessor-version":[{"id":36230,"href":"http:\/\/www.moda.es\/blog\/wp-json\/wp\/v2\/posts\/18645\/revisions\/36230"}],"wp:featuredmedia":[{"embeddable":true,"href":"http:\/\/www.moda.es\/blog\/wp-json\/wp\/v2\/media\/18646"}],"wp:attachment":[{"href":"http:\/\/www.moda.es\/blog\/wp-json\/wp\/v2\/media?parent=18645"}],"wp:term":[{"taxonomy":"category","embeddable":true,"href":"http:\/\/www.moda.es\/blog\/wp-json\/wp\/v2\/categories?post=18645"},{"taxonomy":"post_tag","embeddable":true,"href":"http:\/\/www.moda.es\/blog\/wp-json\/wp\/v2\/tags?post=18645"}],"curies":[{"name":"wp","href":"https:\/\/api.w.org\/{rel}","templated":true}]}}