{"id":18641,"date":"2014-12-16T23:08:21","date_gmt":"2014-12-16T22:08:21","guid":{"rendered":"http:\/\/www.moda.es\/blog\/?p=18641"},"modified":"2020-04-27T17:11:58","modified_gmt":"2020-04-27T16:11:58","slug":"como-resucitar-una-marca-de-capa-caida","status":"publish","type":"post","link":"http:\/\/www.moda.es\/blog\/como-resucitar-una-marca-de-capa-caida\/","title":{"rendered":"\u00bfC\u00f3mo resucitar una marca de capa ca\u00edda?"},"content":{"rendered":"<div id=\"gt-res-content\">\n<div dir=\"ltr\">Contratando a una gran estrella como directora creativa. <strong>Rihanna<\/strong> ha sido nombrado directora creativa y embajadora mundial de <strong>Puma<\/strong>. La cantante\u00a0 dise\u00f1ar para las colecciones de ropa de mujer de la marca de ropa deportiva y ser\u00e1 la protagonista de la campa\u00f1a publicitaria de la marca en la temporada <strong>oto\u00f1o \/ invierno 15.<\/strong>\u00abLa firma de Rihanna es un paso fant\u00e1stico para Puma\u00bb, ha afirmado el <strong>CEO de Puma, Bj\u00f8rn Gulden<\/strong>. \u00abSu perfil global, su <strong>carisma<\/strong> y su individualidad, su ambici\u00f3n &#8211; todas estas cosas la convierten en<strong> la embajadora perfecta<\/strong> para nuestra marca. Con una s\u00f3lida cartera en el f\u00fatbol, correr y los deportes de motor, la b\u00fasqueda de un socio inspirador para la capacitaci\u00f3n de las mujeres era muy importante. Rihanna fue una elecci\u00f3n natural para nosotros. Estamos encantados de tenerla como compa\u00f1era, y estamos deseando ver lo que est\u00e1 por venir \u00ab.<\/p>\n<p>No es la primera incursi\u00f3n en el dise\u00f1o para la cantante de 26 a\u00f1os de edad: ella ya hab\u00eda colaborado con <strong>River Island<\/strong> en una colecci\u00f3n c\u00e1psula y se asoci\u00f3 con<strong> MAC Cosmetics.<\/strong><\/p>\n<p>Tampoco ella es la \u00fanica estrella que ha colaborado con Puma: <strong>Solange Knowles<\/strong> tambi\u00e9n ha colaborado con la marca en una gama de zapatillas, y en su lista de embajadores aparece el hombre m\u00e1s r\u00e1pido del mundo, <strong>Usain Bolt<\/strong>. El nuevo papel de Rihanna implicar\u00e1 la creaci\u00f3n de l\u00edneas de calzado, accesorios y ropa.<\/p>\n<\/div>\n<div dir=\"ltr\"><\/div>\n<div dir=\"ltr\"><a href=\"https:\/\/i0.wp.com\/www.moda.es\/blog\/wp-content\/uploads\/2014\/12\/ripuma.jpg\"><img data-attachment-id=\"18642\" data-permalink=\"http:\/\/www.moda.es\/blog\/como-resucitar-una-marca-de-capa-caida\/ripuma\/\" data-orig-file=\"https:\/\/i0.wp.com\/www.moda.es\/blog\/wp-content\/uploads\/2014\/12\/ripuma.jpg?fit=590%2C590\" data-orig-size=\"590,590\" data-comments-opened=\"1\" data-image-meta=\"{&quot;aperture&quot;:&quot;0&quot;,&quot;credit&quot;:&quot;&quot;,&quot;camera&quot;:&quot;&quot;,&quot;caption&quot;:&quot;&quot;,&quot;created_timestamp&quot;:&quot;0&quot;,&quot;copyright&quot;:&quot;&quot;,&quot;focal_length&quot;:&quot;0&quot;,&quot;iso&quot;:&quot;0&quot;,&quot;shutter_speed&quot;:&quot;0&quot;,&quot;title&quot;:&quot;&quot;}\" data-image-title=\"ripuma\" data-image-description=\"\" data-image-caption=\"\" data-medium-file=\"https:\/\/i0.wp.com\/www.moda.es\/blog\/wp-content\/uploads\/2014\/12\/ripuma.jpg?fit=300%2C300\" data-large-file=\"https:\/\/i0.wp.com\/www.moda.es\/blog\/wp-content\/uploads\/2014\/12\/ripuma.jpg?fit=590%2C590\" loading=\"lazy\" class=\"aligncenter size-medium wp-image-18642\" alt=\"ripuma\" src=\"https:\/\/i0.wp.com\/www.moda.es\/blog\/wp-content\/uploads\/2014\/12\/ripuma.jpg?resize=300%2C300\" width=\"300\" height=\"300\" srcset=\"https:\/\/i0.wp.com\/www.moda.es\/blog\/wp-content\/uploads\/2014\/12\/ripuma.jpg?resize=300%2C300 300w, https:\/\/i0.wp.com\/www.moda.es\/blog\/wp-content\/uploads\/2014\/12\/ripuma.jpg?resize=150%2C150 150w, https:\/\/i0.wp.com\/www.moda.es\/blog\/wp-content\/uploads\/2014\/12\/ripuma.jpg?resize=420%2C420 420w, https:\/\/i0.wp.com\/www.moda.es\/blog\/wp-content\/uploads\/2014\/12\/ripuma.jpg?resize=120%2C120 120w, https:\/\/i0.wp.com\/www.moda.es\/blog\/wp-content\/uploads\/2014\/12\/ripuma.jpg?w=590 590w\" sizes=\"(max-width: 300px) 100vw, 300px\" data-recalc-dims=\"1\" \/><\/a><\/div>\n<div dir=\"ltr\"><\/div>\n<div dir=\"ltr\"><\/div>\n<div dir=\"ltr\">\u00a9Harper&#8217;s Bazaar UK<\/div>\n<\/div>\n","protected":false},"excerpt":{"rendered":"<p>Contratando a una gran estrella como directora creativa. Rihanna ha sido nombrado directora creativa y embajadora mundial de Puma. La cantante\u00a0 dise\u00f1ar para las colecciones de ropa de mujer de la marca de ropa deportiva y ser\u00e1 la protagonista de la campa\u00f1a publicitaria de la marca en la temporada oto\u00f1o [&hellip;]<\/p>\n","protected":false},"author":3,"featured_media":18642,"comment_status":"open","ping_status":"open","sticky":false,"template":"","format":"standard","meta":{"jetpack_publicize_message":"","jetpack_is_tweetstorm":false,"jetpack_publicize_feature_enabled":true},"categories":[3,11,14,17],"tags":[1130,744,767,770],"jetpack_publicize_connections":[],"jetpack_featured_media_url":"https:\/\/i0.wp.com\/www.moda.es\/blog\/wp-content\/uploads\/2014\/12\/ripuma.jpg?fit=590%2C590","jetpack_sharing_enabled":true,"jetpack_shortlink":"https:\/\/wp.me\/p4tJCC-4QF","jetpack-related-posts":[{"id":19360,"url":"http:\/\/www.moda.es\/blog\/el-primer-vistazo-a-la-coleccion-de-rihanna-para-puma\/","url_meta":{"origin":18641,"position":0},"title":"El primer vistazo a la colecci\u00f3n de Rihanna para Puma","date":"mayo 6, 2015","format":false,"excerpt":"El fitness est\u00e1 de moda y en plena operaci\u00f3n bikini esta imagen nos motiva mucho m\u00e1s. Nos dej\u00f3 un poco sorprendidos que Rihanna fuera anunciada como la nueva directora creativa de Puma y embajadora global de la marca de ropa deportiva en diciembre del a\u00f1o pasado, pero ya es una\u2026","rel":"","context":"En \u00abColecciones\u00bb","img":{"alt_text":"","src":"https:\/\/i0.wp.com\/www.moda.es\/blog\/wp-content\/uploads\/2015\/05\/rih2.jpg?fit=650%2C650&resize=350%2C200","width":350,"height":200},"classes":[]},{"id":19585,"url":"http:\/\/www.moda.es\/blog\/los-calcetines-de-rihanna\/","url_meta":{"origin":18641,"position":1},"title":"Los calcetines de Rihanna","date":"julio 18, 2015","format":false,"excerpt":"Rihanna ssumerge literalmente otro dedo del pie en el mundo del dise\u00f1o de moda mediante su colaboraci\u00f3n como directora creativa de Stance, una\u00a0marca de calcetines con sede en Estados Unidos. Los primeros frutos de su colaboraci\u00f3n ya se ha puesto de manifiesto, con un lanzamiento de dos series de edici\u00f3n\u2026","rel":"","context":"En \u00abAccesorios\u00bb","img":{"alt_text":"","src":"https:\/\/i0.wp.com\/www.moda.es\/blog\/wp-content\/uploads\/2015\/07\/Captura-de-pantalla-2015-07-18-a-las-12.52.07.png?fit=531%2C755&resize=350%2C200","width":350,"height":200},"classes":[]},{"id":19956,"url":"http:\/\/www.moda.es\/blog\/rihanna-puede-remontar-tu-negocio\/","url_meta":{"origin":18641,"position":2},"title":"Rihanna puede remontar tu negocio","date":"noviembre 9, 2015","format":false,"excerpt":"O al menos hacer subir las ventas. A pesar de la gran ca\u00edda de ganancias en el tercer trimestre (m\u00e1s de un tercio), el balance final de Puma fue ayudado considerablemente en una creciente categor\u00eda \u00a0de calzado femenino, que se ha visto impulsada significativamente por la colaboraci\u00f3n creativa con Rihanna,\u2026","rel":"","context":"En \u00abActualidad\u00bb","img":{"alt_text":"","src":"https:\/\/i0.wp.com\/www.moda.es\/blog\/wp-content\/uploads\/2015\/11\/Captura-de-pantalla-2015-11-09-a-las-20.28.58.png?fit=319%2C484&resize=350%2C200","width":350,"height":200},"classes":[]},{"id":22121,"url":"http:\/\/www.moda.es\/blog\/descubre-la-nueva-coleccion-fenty-x-puma-de-rihanna\/","url_meta":{"origin":18641,"position":3},"title":"Descubre la nueva colecci\u00f3n Fenty x Puma de Rihanna","date":"mayo 9, 2017","format":false,"excerpt":"Rihanna est\u00e1 de vuelta con otro lanzamiento de su colecci\u00f3n Fenty x Puma, y tenemos claro que\u00a0va a ser su zapato para los meses m\u00e1s c\u00e1lidos. La sandalia Creeper Bow da\u00a0un giro estacional a\u00a0las zapatillas \u00a0Creeper Sneakers, dise\u00f1ando la suela de goma del zapato con una envoltura con cordones alrededor\u2026","rel":"","context":"En \u00abColecciones\u00bb","img":{"alt_text":"","src":"https:\/\/i0.wp.com\/www.moda.es\/blog\/wp-content\/uploads\/2017\/05\/Captura-de-pantalla-2017-05-09-a-las-23.55.35.png?fit=408%2C389&resize=350%2C200","width":350,"height":200},"classes":[]},{"id":20530,"url":"http:\/\/www.moda.es\/blog\/rihanna-se-atreve-con-el-mundo-de-la-cosmetica\/","url_meta":{"origin":18641,"position":4},"title":"Rihanna se atreve con el mundo de la cosm\u00e9tica","date":"abril 16, 2016","format":false,"excerpt":"Fenty Beauty, es el nombre de la \u00a0marca de maquillaje creada por Rihanna,\u00a0la primera de su nuevo proyecto cosm\u00e9tico. La cantante ha firmado un acuerdo con la divisi\u00f3n de Kendo de LVMH (que tambi\u00e9n produce Marc Jacobs Beauty) para crear una colecci\u00f3n completa de cosm\u00e9ticos que se pondr\u00e1\u00a0en marcha en\u2026","rel":"","context":"En \u00abActualidad\u00bb","img":{"alt_text":"","src":"https:\/\/i0.wp.com\/www.moda.es\/blog\/wp-content\/uploads\/2016\/04\/Captura-de-pantalla-2016-04-16-a-las-13.36.59.png?fit=294%2C434&resize=350%2C200","width":350,"height":200},"classes":[]},{"id":21100,"url":"http:\/\/www.moda.es\/blog\/anuncio-que-se-retiraba-del-mundo-de-la-moda\/","url_meta":{"origin":18641,"position":5},"title":"Anunci\u00f3 que se retiraba del mundo de la moda&#8230;","date":"septiembre 23, 2016","format":false,"excerpt":"...sin embargo Cara Delevingne sigue protagonizando campa\u00f1as publicitarias, la \u00faltima con Puma. Y es que en el mercado ultra-competitivo de la de ropa deportiva es cada vez m\u00e1s importante que nunca que las colecciones las defiendan los abdominales de algunas celebridades. En Under Armour tienen a\u00a0Gisele B\u00fcndchen y Misty Copeland\u2026","rel":"","context":"En \u00abActualidad\u00bb","img":{"alt_text":"","src":"https:\/\/i0.wp.com\/www.moda.es\/blog\/wp-content\/uploads\/2016\/09\/Captura-de-pantalla-2016-09-23-a-las-17.19.49.png?fit=609%2C320&resize=350%2C200","width":350,"height":200},"classes":[]}],"_links":{"self":[{"href":"http:\/\/www.moda.es\/blog\/wp-json\/wp\/v2\/posts\/18641"}],"collection":[{"href":"http:\/\/www.moda.es\/blog\/wp-json\/wp\/v2\/posts"}],"about":[{"href":"http:\/\/www.moda.es\/blog\/wp-json\/wp\/v2\/types\/post"}],"author":[{"embeddable":true,"href":"http:\/\/www.moda.es\/blog\/wp-json\/wp\/v2\/users\/3"}],"replies":[{"embeddable":true,"href":"http:\/\/www.moda.es\/blog\/wp-json\/wp\/v2\/comments?post=18641"}],"version-history":[{"count":7,"href":"http:\/\/www.moda.es\/blog\/wp-json\/wp\/v2\/posts\/18641\/revisions"}],"predecessor-version":[{"id":36231,"href":"http:\/\/www.moda.es\/blog\/wp-json\/wp\/v2\/posts\/18641\/revisions\/36231"}],"wp:featuredmedia":[{"embeddable":true,"href":"http:\/\/www.moda.es\/blog\/wp-json\/wp\/v2\/media\/18642"}],"wp:attachment":[{"href":"http:\/\/www.moda.es\/blog\/wp-json\/wp\/v2\/media?parent=18641"}],"wp:term":[{"taxonomy":"category","embeddable":true,"href":"http:\/\/www.moda.es\/blog\/wp-json\/wp\/v2\/categories?post=18641"},{"taxonomy":"post_tag","embeddable":true,"href":"http:\/\/www.moda.es\/blog\/wp-json\/wp\/v2\/tags?post=18641"}],"curies":[{"name":"wp","href":"https:\/\/api.w.org\/{rel}","templated":true}]}}